{"id":1187,"date":"2020-09-07T15:21:44","date_gmt":"2020-09-07T14:21:44","guid":{"rendered":"https:\/\/algarve7.pt\/?p=1187"},"modified":"2020-09-07T15:27:27","modified_gmt":"2020-09-07T14:27:27","slug":"42-vagas-para-recrutamento-de-medicos-no-centro-hospitalar-universitario-do-algarve","status":"publish","type":"post","link":"https:\/\/algarve7.pt\/index.php\/2020\/09\/42-vagas-para-recrutamento-de-medicos-no-centro-hospitalar-universitario-do-algarve\/saude\/15\/21\/","title":{"rendered":"42 vagas para recrutamento de m\u00e9dicos no Centro Hospitalar Universit\u00e1rio do Algarve"},"content":{"rendered":"\n<p>O Centro Hospitalar Universit\u00e1rio do Algarve (CHUA) conta com 42 vagas para a contrata\u00e7\u00e3o de m\u00e9dicos, em diversas especialidades, no \u00e2mbito do concurso nacional publicado no dia 4 de setembro em Di\u00e1rio da Rep\u00fablica com o objetivo de refor\u00e7ar o Servi\u00e7o Nacional de Sa\u00fade (SNS) com mais 950 profissionais da \u00e1rea m\u00e9dica.<\/p>\n\n\n\n<p>Considerado de extrema import\u00e2ncia para o Centro Hospitalar Universit\u00e1rio do Algarve, este concurso lan\u00e7ado pelo Governo, atrav\u00e9s do Minist\u00e9rio da Sa\u00fade, permitir\u00e1 criar condi\u00e7\u00f5es para dotar as unidades hospitalares algarvias com mais m\u00e9dicos especialistas, resolvendo assim, caso as vagas sejam totalmente preenchidas, alguns dos principais constrangimentos sentidos ao longo dos anos.<\/p>\n\n\n\n<p>O despacho com a distribui\u00e7\u00e3o do contingente das 950 vagas do concurso de 1\u00aa \u00e9poca dos rec\u00e9m-especialistas nas \u00e1reas hospitalares (911) e de sa\u00fade p\u00fablica (39) foi publicado na passada sexta-feira em Di\u00e1rio da Rep\u00fablica. Ainda no mesmo dia foi publicado o aviso com a abertura do procedimento concursal conducente ao recrutamento de pessoal m\u00e9dico para a categoria de assistente \u2013 \u00e1reas hospitalares e sa\u00fade p\u00fablica \u2013 da carreira especial m\u00e9dica e da carreira m\u00e9dica dos estabelecimentos de sa\u00fade com a natureza de entidade p\u00fablica empresarial integrados no SNS, tendo em vista a constitui\u00e7\u00e3o das 950 rela\u00e7\u00f5es jur\u00eddicas de emprego.<\/p>\n\n\n\n<p class=\"MsoNormal\">Vagas atribu\u00eddas ao CHUA&nbsp;<\/p>\n\n\n\n<p class=\"MsoNormal\">Anatomia Patol\u00f3gica&nbsp;&nbsp;<\/p>\n\n\n\n<p class=\"MsoNormal\">1&nbsp;<\/p>\n\n\n\n<p class=\"MsoNormal\">Anestesiologia&nbsp;<\/p>\n\n\n\n<p class=\"MsoNormal\">1&nbsp;<\/p>\n\n\n\n<p class=\"MsoNormal\">Cardiologia&nbsp;<\/p>\n\n\n\n<p class=\"MsoNormal\">1&nbsp;<\/p>\n\n\n\n<p class=\"MsoNormal\">Cirurgia Geral&nbsp;<\/p>\n\n\n\n<p class=\"MsoNormal\">2&nbsp;<\/p>\n\n\n\n<p class=\"MsoNormal\">Dermatovenereologia&nbsp;<\/p>\n\n\n\n<p class=\"MsoNormal\">1&nbsp;<\/p>\n\n\n\n<p class=\"MsoNormal\">Doen\u00e7as Infecciosas&nbsp;&nbsp;<\/p>\n\n\n\n<p class=\"MsoNormal\">1&nbsp;<\/p>\n\n\n\n<p class=\"MsoNormal\">Endocrinologia e Nutri\u00e7\u00e3o&nbsp;&nbsp;<\/p>\n\n\n\n<p class=\"MsoNormal\">1&nbsp;<\/p>\n\n\n\n<p class=\"MsoNormal\">Estomatologia&nbsp;&nbsp;<\/p>\n\n\n\n<p class=\"MsoNormal\">1&nbsp;<\/p>\n\n\n\n<p class=\"MsoNormal\">Ginecologia\/Obstetr\u00edcia&nbsp;&nbsp;<\/p>\n\n\n\n<p class=\"MsoNormal\">1&nbsp;<\/p>\n\n\n\n<p class=\"MsoNormal\">Hematologia Cl\u00ednica&nbsp;&nbsp;<\/p>\n\n\n\n<p class=\"MsoNormal\">1&nbsp;<\/p>\n\n\n\n<p class=\"MsoNormal\">Medicina do Trabalho&nbsp;&nbsp;<\/p>\n\n\n\n<p class=\"MsoNormal\">1&nbsp;<\/p>\n\n\n\n<p class=\"MsoNormal\">Medicina F\u00edsica e de Reabilita\u00e7\u00e3o&nbsp;&nbsp;<\/p>\n\n\n\n<p class=\"MsoNormal\">1&nbsp;<\/p>\n\n\n\n<p class=\"MsoNormal\">Medicina Interna&nbsp;&nbsp;<\/p>\n\n\n\n<p class=\"MsoNormal\">4&nbsp;<\/p>\n\n\n\n<p class=\"MsoNormal\">Nefrologia&nbsp;&nbsp;<\/p>\n\n\n\n<p class=\"MsoNormal\">1&nbsp;<\/p>\n\n\n\n<p class=\"MsoNormal\">Neurocirurgia&nbsp;&nbsp;<\/p>\n\n\n\n<p class=\"MsoNormal\">1&nbsp;<\/p>\n\n\n\n<p class=\"MsoNormal\">Neurologia&nbsp;&nbsp;<\/p>\n\n\n\n<p class=\"MsoNormal\">1&nbsp;<\/p>\n\n\n\n<p class=\"MsoNormal\">Oftalmologia&nbsp;&nbsp;<\/p>\n\n\n\n<p class=\"MsoNormal\">1&nbsp;<\/p>\n\n\n\n<p class=\"MsoNormal\">Oncologia M\u00e9dica&nbsp;&nbsp;<\/p>\n\n\n\n<p class=\"MsoNormal\">1&nbsp;<\/p>\n\n\n\n<p class=\"MsoNormal\">Ortopedia&nbsp;&nbsp;<\/p>\n\n\n\n<p class=\"MsoNormal\">2&nbsp;<\/p>\n\n\n\n<p class=\"MsoNormal\">Patologia Cl\u00ednica&nbsp;&nbsp;<\/p>\n\n\n\n<p class=\"MsoNormal\">2&nbsp;<\/p>\n\n\n\n<p class=\"MsoNormal\">Pediatria M\u00e9dica&nbsp;&nbsp;<\/p>\n\n\n\n<p class=\"MsoNormal\">5&nbsp;<\/p>\n\n\n\n<p class=\"MsoNormal\">Pneumologia&nbsp;&nbsp;<\/p>\n\n\n\n<p class=\"MsoNormal\">2&nbsp;<\/p>\n\n\n\n<p class=\"MsoNormal\">Psiquiatria&nbsp;&nbsp;<\/p>\n\n\n\n<p class=\"MsoNormal\">4&nbsp;<\/p>\n\n\n\n<p class=\"MsoNormal\">Psiquiatria da Inf\u00e2ncia e da Adolesc\u00eancia&nbsp;&nbsp;<\/p>\n\n\n\n<p class=\"MsoNormal\">1&nbsp;<\/p>\n\n\n\n<p class=\"MsoNormal\">Radiologia&nbsp;&nbsp;<\/p>\n\n\n\n<p class=\"MsoNormal\">2&nbsp;<\/p>\n\n\n\n<p class=\"MsoNormal\">Reumatologia&nbsp;&nbsp;<\/p>\n\n\n\n<p class=\"MsoNormal\">1&nbsp;<\/p>\n\n\n\n<p class=\"MsoNormal\">Urologia  <\/p>\n\n\n\n<p class=\"has-text-align-left\">1<\/p>\n\n\n\n<p>O concurso tem um prazo de 5 dias, a contar da data de publica\u00e7\u00e3o no Di\u00e1rio da Rep\u00fablica. Para mais informa\u00e7\u00f5es consultar o <a href=\"https:\/\/dre.pt\/application\/conteudo\/142124839\">Aviso n.\u00ba 13200-E\/2020<\/a>, de 4 de setembro de 2020.<\/p>\n","protected":false},"excerpt":{"rendered":"<p>O Centro Hospitalar Universit\u00e1rio do Algarve (CHUA) conta com 42 vagas para a contrata\u00e7\u00e3o de m\u00e9dicos, em diversas especialidades, no<\/p>\n","protected":false},"author":1,"featured_media":1189,"comment_status":"open","ping_status":"open","sticky":false,"template":"","format":"standard","meta":{"colormag_page_container_layout":"default_layout","colormag_page_sidebar_layout":"default_layout","_monsterinsights_skip_tracking":false,"_monsterinsights_sitenote_active":false,"_monsterinsights_sitenote_note":"","_monsterinsights_sitenote_category":0,"jetpack_post_was_ever_published":false,"_jetpack_newsletter_access":"","_jetpack_dont_email_post_to_subs":false,"_jetpack_newsletter_tier_id":0,"_jetpack_memberships_contains_paywalled_content":false,"_jetpack_memberships_contains_paid_content":false,"footnotes":"","jetpack_publicize_message":"","jetpack_publicize_feature_enabled":true,"jetpack_social_post_already_shared":true,"jetpack_social_options":{"image_generator_settings":{"template":"highway","default_image_id":0,"font":"","enabled":false},"version":2}},"categories":[59],"tags":[58],"class_list":["post-1187","post","type-post","status-publish","format-standard","has-post-thumbnail","hentry","category-saude","tag-saude"],"yoast_head":"<!-- This site is optimized with the Yoast SEO plugin v27.4 - https:\/\/yoast.com\/product\/yoast-seo-wordpress\/ -->\n<title>42 vagas para recrutamento de m\u00e9dicos no Centro Hospitalar Universit\u00e1rio do Algarve - Algarve 7<\/title>\n<meta name=\"description\" content=\"42 vagas para recrutamento de m\u00e9dicos no Centro Hospitalar Universit\u00e1rio do Algarve\" \/>\n<meta name=\"robots\" content=\"index, follow, max-snippet:-1, max-image-preview:large, max-video-preview:-1\" \/>\n<link rel=\"canonical\" href=\"https:\/\/algarve7.pt\/index.php\/2020\/09\/42-vagas-para-recrutamento-de-medicos-no-centro-hospitalar-universitario-do-algarve\/saude\/15\/21\/\" \/>\n<meta property=\"og:locale\" content=\"pt_PT\" \/>\n<meta property=\"og:type\" content=\"article\" \/>\n<meta property=\"og:title\" content=\"42 vagas para recrutamento de m\u00e9dicos no Centro Hospitalar Universit\u00e1rio do Algarve - Algarve 7\" \/>\n<meta property=\"og:description\" content=\"42 vagas para recrutamento de m\u00e9dicos no Centro Hospitalar Universit\u00e1rio do Algarve\" \/>\n<meta property=\"og:url\" content=\"https:\/\/algarve7.pt\/index.php\/2020\/09\/42-vagas-para-recrutamento-de-medicos-no-centro-hospitalar-universitario-do-algarve\/saude\/15\/21\/\" \/>\n<meta property=\"og:site_name\" content=\"Algarve 7\" \/>\n<meta property=\"article:publisher\" content=\"https:\/\/www.facebook.com\/algarve7\" \/>\n<meta property=\"article:author\" content=\"https:\/\/www.facebook.com\/algarve7\" \/>\n<meta property=\"article:published_time\" content=\"2020-09-07T14:21:44+00:00\" \/>\n<meta property=\"article:modified_time\" content=\"2020-09-07T14:27:27+00:00\" \/>\n<meta property=\"og:image\" content=\"https:\/\/algarve7.pt\/wp-content\/uploads\/2020\/09\/img_0010.jpg\" \/>\n\t<meta property=\"og:image:width\" content=\"344\" \/>\n\t<meta property=\"og:image:height\" content=\"146\" \/>\n\t<meta property=\"og:image:type\" content=\"image\/jpeg\" \/>\n<meta name=\"author\" content=\"Algarve 7\" \/>\n<meta name=\"twitter:card\" content=\"summary_large_image\" \/>\n<meta name=\"twitter:creator\" content=\"@Algarvesete\" \/>\n<meta name=\"twitter:site\" content=\"@Algarvesete\" \/>\n<meta name=\"twitter:label1\" content=\"Escrito por\" \/>\n\t<meta name=\"twitter:data1\" content=\"Algarve 7\" \/>\n\t<meta name=\"twitter:label2\" content=\"Tempo estimado de leitura\" \/>\n\t<meta name=\"twitter:data2\" content=\"2 minutos\" \/>\n<script type=\"application\/ld+json\" class=\"yoast-schema-graph\">{\"@context\":\"https:\\\/\\\/schema.org\",\"@graph\":[{\"@type\":\"Article\",\"@id\":\"https:\\\/\\\/algarve7.pt\\\/index.php\\\/2020\\\/09\\\/42-vagas-para-recrutamento-de-medicos-no-centro-hospitalar-universitario-do-algarve\\\/saude\\\/15\\\/21\\\/#article\",\"isPartOf\":{\"@id\":\"https:\\\/\\\/algarve7.pt\\\/index.php\\\/2020\\\/09\\\/42-vagas-para-recrutamento-de-medicos-no-centro-hospitalar-universitario-do-algarve\\\/saude\\\/15\\\/21\\\/\"},\"author\":{\"name\":\"Algarve 7\",\"@id\":\"https:\\\/\\\/algarve7.pt\\\/#\\\/schema\\\/person\\\/23fa70681308e7b319a3204bcea45e0c\"},\"headline\":\"42 vagas para recrutamento de m\u00e9dicos no Centro Hospitalar Universit\u00e1rio do Algarve\",\"datePublished\":\"2020-09-07T14:21:44+00:00\",\"dateModified\":\"2020-09-07T14:27:27+00:00\",\"mainEntityOfPage\":{\"@id\":\"https:\\\/\\\/algarve7.pt\\\/index.php\\\/2020\\\/09\\\/42-vagas-para-recrutamento-de-medicos-no-centro-hospitalar-universitario-do-algarve\\\/saude\\\/15\\\/21\\\/\"},\"wordCount\":413,\"commentCount\":0,\"publisher\":{\"@id\":\"https:\\\/\\\/algarve7.pt\\\/#organization\"},\"image\":{\"@id\":\"https:\\\/\\\/algarve7.pt\\\/index.php\\\/2020\\\/09\\\/42-vagas-para-recrutamento-de-medicos-no-centro-hospitalar-universitario-do-algarve\\\/saude\\\/15\\\/21\\\/#primaryimage\"},\"thumbnailUrl\":\"https:\\\/\\\/algarve7.pt\\\/wp-content\\\/uploads\\\/2020\\\/09\\\/img_0010.jpg\",\"keywords\":[\"Sa\u00fade\"],\"articleSection\":[\"Sa\u00fade\"],\"inLanguage\":\"pt-PT\",\"potentialAction\":[{\"@type\":\"CommentAction\",\"name\":\"Comment\",\"target\":[\"https:\\\/\\\/algarve7.pt\\\/index.php\\\/2020\\\/09\\\/42-vagas-para-recrutamento-de-medicos-no-centro-hospitalar-universitario-do-algarve\\\/saude\\\/15\\\/21\\\/#respond\"]}]},{\"@type\":\"WebPage\",\"@id\":\"https:\\\/\\\/algarve7.pt\\\/index.php\\\/2020\\\/09\\\/42-vagas-para-recrutamento-de-medicos-no-centro-hospitalar-universitario-do-algarve\\\/saude\\\/15\\\/21\\\/\",\"url\":\"https:\\\/\\\/algarve7.pt\\\/index.php\\\/2020\\\/09\\\/42-vagas-para-recrutamento-de-medicos-no-centro-hospitalar-universitario-do-algarve\\\/saude\\\/15\\\/21\\\/\",\"name\":\"42 vagas para recrutamento de m\u00e9dicos no Centro Hospitalar Universit\u00e1rio do Algarve - Algarve 7\",\"isPartOf\":{\"@id\":\"https:\\\/\\\/algarve7.pt\\\/#website\"},\"primaryImageOfPage\":{\"@id\":\"https:\\\/\\\/algarve7.pt\\\/index.php\\\/2020\\\/09\\\/42-vagas-para-recrutamento-de-medicos-no-centro-hospitalar-universitario-do-algarve\\\/saude\\\/15\\\/21\\\/#primaryimage\"},\"image\":{\"@id\":\"https:\\\/\\\/algarve7.pt\\\/index.php\\\/2020\\\/09\\\/42-vagas-para-recrutamento-de-medicos-no-centro-hospitalar-universitario-do-algarve\\\/saude\\\/15\\\/21\\\/#primaryimage\"},\"thumbnailUrl\":\"https:\\\/\\\/algarve7.pt\\\/wp-content\\\/uploads\\\/2020\\\/09\\\/img_0010.jpg\",\"datePublished\":\"2020-09-07T14:21:44+00:00\",\"dateModified\":\"2020-09-07T14:27:27+00:00\",\"description\":\"42 vagas para recrutamento de m\u00e9dicos no Centro Hospitalar Universit\u00e1rio do Algarve\",\"breadcrumb\":{\"@id\":\"https:\\\/\\\/algarve7.pt\\\/index.php\\\/2020\\\/09\\\/42-vagas-para-recrutamento-de-medicos-no-centro-hospitalar-universitario-do-algarve\\\/saude\\\/15\\\/21\\\/#breadcrumb\"},\"inLanguage\":\"pt-PT\",\"potentialAction\":[{\"@type\":\"ReadAction\",\"target\":[\"https:\\\/\\\/algarve7.pt\\\/index.php\\\/2020\\\/09\\\/42-vagas-para-recrutamento-de-medicos-no-centro-hospitalar-universitario-do-algarve\\\/saude\\\/15\\\/21\\\/\"]}]},{\"@type\":\"ImageObject\",\"inLanguage\":\"pt-PT\",\"@id\":\"https:\\\/\\\/algarve7.pt\\\/index.php\\\/2020\\\/09\\\/42-vagas-para-recrutamento-de-medicos-no-centro-hospitalar-universitario-do-algarve\\\/saude\\\/15\\\/21\\\/#primaryimage\",\"url\":\"https:\\\/\\\/algarve7.pt\\\/wp-content\\\/uploads\\\/2020\\\/09\\\/img_0010.jpg\",\"contentUrl\":\"https:\\\/\\\/algarve7.pt\\\/wp-content\\\/uploads\\\/2020\\\/09\\\/img_0010.jpg\",\"width\":344,\"height\":146},{\"@type\":\"BreadcrumbList\",\"@id\":\"https:\\\/\\\/algarve7.pt\\\/index.php\\\/2020\\\/09\\\/42-vagas-para-recrutamento-de-medicos-no-centro-hospitalar-universitario-do-algarve\\\/saude\\\/15\\\/21\\\/#breadcrumb\",\"itemListElement\":[{\"@type\":\"ListItem\",\"position\":1,\"name\":\"In\u00edcio\",\"item\":\"https:\\\/\\\/algarve7.pt\\\/\"},{\"@type\":\"ListItem\",\"position\":2,\"name\":\"42 vagas para recrutamento de m\u00e9dicos no Centro Hospitalar Universit\u00e1rio do Algarve\"}]},{\"@type\":\"WebSite\",\"@id\":\"https:\\\/\\\/algarve7.pt\\\/#website\",\"url\":\"https:\\\/\\\/algarve7.pt\\\/\",\"name\":\"Algarve 7\",\"description\":\"Informa\u00e7\u00e3o sobre o Algarve\",\"publisher\":{\"@id\":\"https:\\\/\\\/algarve7.pt\\\/#organization\"},\"potentialAction\":[{\"@type\":\"SearchAction\",\"target\":{\"@type\":\"EntryPoint\",\"urlTemplate\":\"https:\\\/\\\/algarve7.pt\\\/?s={search_term_string}\"},\"query-input\":{\"@type\":\"PropertyValueSpecification\",\"valueRequired\":true,\"valueName\":\"search_term_string\"}}],\"inLanguage\":\"pt-PT\"},{\"@type\":\"Organization\",\"@id\":\"https:\\\/\\\/algarve7.pt\\\/#organization\",\"name\":\"Algarve 7\",\"url\":\"https:\\\/\\\/algarve7.pt\\\/\",\"logo\":{\"@type\":\"ImageObject\",\"inLanguage\":\"pt-PT\",\"@id\":\"https:\\\/\\\/algarve7.pt\\\/#\\\/schema\\\/logo\\\/image\\\/\",\"url\":\"https:\\\/\\\/algarve7.pt\\\/wp-content\\\/uploads\\\/2020\\\/10\\\/Logo-8.jpg\",\"contentUrl\":\"https:\\\/\\\/algarve7.pt\\\/wp-content\\\/uploads\\\/2020\\\/10\\\/Logo-8.jpg\",\"width\":1680,\"height\":1186,\"caption\":\"Algarve 7\"},\"image\":{\"@id\":\"https:\\\/\\\/algarve7.pt\\\/#\\\/schema\\\/logo\\\/image\\\/\"},\"sameAs\":[\"https:\\\/\\\/www.facebook.com\\\/algarve7\",\"https:\\\/\\\/x.com\\\/Algarvesete\",\"https:\\\/\\\/www.instagram.com\\\/jornalalgarve7\\\/\",\"https:\\\/\\\/www.linkedin.com\\\/company\\\/algarve7\",\"https:\\\/\\\/www.pinterest.pt\\\/geral0939\\\/_created\\\/\"]},{\"@type\":\"Person\",\"@id\":\"https:\\\/\\\/algarve7.pt\\\/#\\\/schema\\\/person\\\/23fa70681308e7b319a3204bcea45e0c\",\"name\":\"Algarve 7\",\"sameAs\":[\"https:\\\/\\\/algarve7.pt\",\"https:\\\/\\\/www.facebook.com\\\/algarve7\"],\"url\":\"https:\\\/\\\/algarve7.pt\\\/index.php\\\/author\\\/geralalgarve7-pt\\\/\"}]}<\/script>\n<!-- \/ Yoast SEO plugin. -->","yoast_head_json":{"title":"42 vagas para recrutamento de m\u00e9dicos no Centro Hospitalar Universit\u00e1rio do Algarve - Algarve 7","description":"42 vagas para recrutamento de m\u00e9dicos no Centro Hospitalar Universit\u00e1rio do Algarve","robots":{"index":"index","follow":"follow","max-snippet":"max-snippet:-1","max-image-preview":"max-image-preview:large","max-video-preview":"max-video-preview:-1"},"canonical":"https:\/\/algarve7.pt\/index.php\/2020\/09\/42-vagas-para-recrutamento-de-medicos-no-centro-hospitalar-universitario-do-algarve\/saude\/15\/21\/","og_locale":"pt_PT","og_type":"article","og_title":"42 vagas para recrutamento de m\u00e9dicos no Centro Hospitalar Universit\u00e1rio do Algarve - Algarve 7","og_description":"42 vagas para recrutamento de m\u00e9dicos no Centro Hospitalar Universit\u00e1rio do Algarve","og_url":"https:\/\/algarve7.pt\/index.php\/2020\/09\/42-vagas-para-recrutamento-de-medicos-no-centro-hospitalar-universitario-do-algarve\/saude\/15\/21\/","og_site_name":"Algarve 7","article_publisher":"https:\/\/www.facebook.com\/algarve7","article_author":"https:\/\/www.facebook.com\/algarve7","article_published_time":"2020-09-07T14:21:44+00:00","article_modified_time":"2020-09-07T14:27:27+00:00","og_image":[{"width":344,"height":146,"url":"https:\/\/algarve7.pt\/wp-content\/uploads\/2020\/09\/img_0010.jpg","type":"image\/jpeg"}],"author":"Algarve 7","twitter_card":"summary_large_image","twitter_creator":"@Algarvesete","twitter_site":"@Algarvesete","twitter_misc":{"Escrito por":"Algarve 7","Tempo estimado de leitura":"2 minutos"},"schema":{"@context":"https:\/\/schema.org","@graph":[{"@type":"Article","@id":"https:\/\/algarve7.pt\/index.php\/2020\/09\/42-vagas-para-recrutamento-de-medicos-no-centro-hospitalar-universitario-do-algarve\/saude\/15\/21\/#article","isPartOf":{"@id":"https:\/\/algarve7.pt\/index.php\/2020\/09\/42-vagas-para-recrutamento-de-medicos-no-centro-hospitalar-universitario-do-algarve\/saude\/15\/21\/"},"author":{"name":"Algarve 7","@id":"https:\/\/algarve7.pt\/#\/schema\/person\/23fa70681308e7b319a3204bcea45e0c"},"headline":"42 vagas para recrutamento de m\u00e9dicos no Centro Hospitalar Universit\u00e1rio do Algarve","datePublished":"2020-09-07T14:21:44+00:00","dateModified":"2020-09-07T14:27:27+00:00","mainEntityOfPage":{"@id":"https:\/\/algarve7.pt\/index.php\/2020\/09\/42-vagas-para-recrutamento-de-medicos-no-centro-hospitalar-universitario-do-algarve\/saude\/15\/21\/"},"wordCount":413,"commentCount":0,"publisher":{"@id":"https:\/\/algarve7.pt\/#organization"},"image":{"@id":"https:\/\/algarve7.pt\/index.php\/2020\/09\/42-vagas-para-recrutamento-de-medicos-no-centro-hospitalar-universitario-do-algarve\/saude\/15\/21\/#primaryimage"},"thumbnailUrl":"https:\/\/algarve7.pt\/wp-content\/uploads\/2020\/09\/img_0010.jpg","keywords":["Sa\u00fade"],"articleSection":["Sa\u00fade"],"inLanguage":"pt-PT","potentialAction":[{"@type":"CommentAction","name":"Comment","target":["https:\/\/algarve7.pt\/index.php\/2020\/09\/42-vagas-para-recrutamento-de-medicos-no-centro-hospitalar-universitario-do-algarve\/saude\/15\/21\/#respond"]}]},{"@type":"WebPage","@id":"https:\/\/algarve7.pt\/index.php\/2020\/09\/42-vagas-para-recrutamento-de-medicos-no-centro-hospitalar-universitario-do-algarve\/saude\/15\/21\/","url":"https:\/\/algarve7.pt\/index.php\/2020\/09\/42-vagas-para-recrutamento-de-medicos-no-centro-hospitalar-universitario-do-algarve\/saude\/15\/21\/","name":"42 vagas para recrutamento de m\u00e9dicos no Centro Hospitalar Universit\u00e1rio do Algarve - Algarve 7","isPartOf":{"@id":"https:\/\/algarve7.pt\/#website"},"primaryImageOfPage":{"@id":"https:\/\/algarve7.pt\/index.php\/2020\/09\/42-vagas-para-recrutamento-de-medicos-no-centro-hospitalar-universitario-do-algarve\/saude\/15\/21\/#primaryimage"},"image":{"@id":"https:\/\/algarve7.pt\/index.php\/2020\/09\/42-vagas-para-recrutamento-de-medicos-no-centro-hospitalar-universitario-do-algarve\/saude\/15\/21\/#primaryimage"},"thumbnailUrl":"https:\/\/algarve7.pt\/wp-content\/uploads\/2020\/09\/img_0010.jpg","datePublished":"2020-09-07T14:21:44+00:00","dateModified":"2020-09-07T14:27:27+00:00","description":"42 vagas para recrutamento de m\u00e9dicos no Centro Hospitalar Universit\u00e1rio do Algarve","breadcrumb":{"@id":"https:\/\/algarve7.pt\/index.php\/2020\/09\/42-vagas-para-recrutamento-de-medicos-no-centro-hospitalar-universitario-do-algarve\/saude\/15\/21\/#breadcrumb"},"inLanguage":"pt-PT","potentialAction":[{"@type":"ReadAction","target":["https:\/\/algarve7.pt\/index.php\/2020\/09\/42-vagas-para-recrutamento-de-medicos-no-centro-hospitalar-universitario-do-algarve\/saude\/15\/21\/"]}]},{"@type":"ImageObject","inLanguage":"pt-PT","@id":"https:\/\/algarve7.pt\/index.php\/2020\/09\/42-vagas-para-recrutamento-de-medicos-no-centro-hospitalar-universitario-do-algarve\/saude\/15\/21\/#primaryimage","url":"https:\/\/algarve7.pt\/wp-content\/uploads\/2020\/09\/img_0010.jpg","contentUrl":"https:\/\/algarve7.pt\/wp-content\/uploads\/2020\/09\/img_0010.jpg","width":344,"height":146},{"@type":"BreadcrumbList","@id":"https:\/\/algarve7.pt\/index.php\/2020\/09\/42-vagas-para-recrutamento-de-medicos-no-centro-hospitalar-universitario-do-algarve\/saude\/15\/21\/#breadcrumb","itemListElement":[{"@type":"ListItem","position":1,"name":"In\u00edcio","item":"https:\/\/algarve7.pt\/"},{"@type":"ListItem","position":2,"name":"42 vagas para recrutamento de m\u00e9dicos no Centro Hospitalar Universit\u00e1rio do Algarve"}]},{"@type":"WebSite","@id":"https:\/\/algarve7.pt\/#website","url":"https:\/\/algarve7.pt\/","name":"Algarve 7","description":"Informa\u00e7\u00e3o sobre o Algarve","publisher":{"@id":"https:\/\/algarve7.pt\/#organization"},"potentialAction":[{"@type":"SearchAction","target":{"@type":"EntryPoint","urlTemplate":"https:\/\/algarve7.pt\/?s={search_term_string}"},"query-input":{"@type":"PropertyValueSpecification","valueRequired":true,"valueName":"search_term_string"}}],"inLanguage":"pt-PT"},{"@type":"Organization","@id":"https:\/\/algarve7.pt\/#organization","name":"Algarve 7","url":"https:\/\/algarve7.pt\/","logo":{"@type":"ImageObject","inLanguage":"pt-PT","@id":"https:\/\/algarve7.pt\/#\/schema\/logo\/image\/","url":"https:\/\/algarve7.pt\/wp-content\/uploads\/2020\/10\/Logo-8.jpg","contentUrl":"https:\/\/algarve7.pt\/wp-content\/uploads\/2020\/10\/Logo-8.jpg","width":1680,"height":1186,"caption":"Algarve 7"},"image":{"@id":"https:\/\/algarve7.pt\/#\/schema\/logo\/image\/"},"sameAs":["https:\/\/www.facebook.com\/algarve7","https:\/\/x.com\/Algarvesete","https:\/\/www.instagram.com\/jornalalgarve7\/","https:\/\/www.linkedin.com\/company\/algarve7","https:\/\/www.pinterest.pt\/geral0939\/_created\/"]},{"@type":"Person","@id":"https:\/\/algarve7.pt\/#\/schema\/person\/23fa70681308e7b319a3204bcea45e0c","name":"Algarve 7","sameAs":["https:\/\/algarve7.pt","https:\/\/www.facebook.com\/algarve7"],"url":"https:\/\/algarve7.pt\/index.php\/author\/geralalgarve7-pt\/"}]}},"jetpack_publicize_connections":[],"jetpack_featured_media_url":"https:\/\/algarve7.pt\/wp-content\/uploads\/2020\/09\/img_0010.jpg","jetpack_shortlink":"https:\/\/wp.me\/pcezmW-j9","jetpack_sharing_enabled":true,"_links":{"self":[{"href":"https:\/\/algarve7.pt\/index.php\/wp-json\/wp\/v2\/posts\/1187","targetHints":{"allow":["GET"]}}],"collection":[{"href":"https:\/\/algarve7.pt\/index.php\/wp-json\/wp\/v2\/posts"}],"about":[{"href":"https:\/\/algarve7.pt\/index.php\/wp-json\/wp\/v2\/types\/post"}],"author":[{"embeddable":true,"href":"https:\/\/algarve7.pt\/index.php\/wp-json\/wp\/v2\/users\/1"}],"replies":[{"embeddable":true,"href":"https:\/\/algarve7.pt\/index.php\/wp-json\/wp\/v2\/comments?post=1187"}],"version-history":[{"count":0,"href":"https:\/\/algarve7.pt\/index.php\/wp-json\/wp\/v2\/posts\/1187\/revisions"}],"wp:featuredmedia":[{"embeddable":true,"href":"https:\/\/algarve7.pt\/index.php\/wp-json\/wp\/v2\/media\/1189"}],"wp:attachment":[{"href":"https:\/\/algarve7.pt\/index.php\/wp-json\/wp\/v2\/media?parent=1187"}],"wp:term":[{"taxonomy":"category","embeddable":true,"href":"https:\/\/algarve7.pt\/index.php\/wp-json\/wp\/v2\/categories?post=1187"},{"taxonomy":"post_tag","embeddable":true,"href":"https:\/\/algarve7.pt\/index.php\/wp-json\/wp\/v2\/tags?post=1187"}],"curies":[{"name":"wp","href":"https:\/\/api.w.org\/{rel}","templated":true}]}}