{"id":11855,"date":"2021-10-04T17:52:00","date_gmt":"2021-10-04T16:52:00","guid":{"rendered":"https:\/\/algarve7.pt\/?p=11855"},"modified":"2021-10-04T15:52:48","modified_gmt":"2021-10-04T14:52:48","slug":"lucia-festival-de-guitarras-no-revelim-de-santo-antonio-em-castro-marim","status":"publish","type":"post","link":"https:\/\/algarve7.pt\/index.php\/2021\/10\/lucia-festival-de-guitarras-no-revelim-de-santo-antonio-em-castro-marim\/cultura\/17\/52\/","title":{"rendered":"Luc\u00eda \u2013 Festival de Guitarras no Revelim de Santo Ant\u00f3nio em Castro Marim"},"content":{"rendered":"\n<p>Nos pr\u00f3ximos dias 08 e 09 de outubro, no Revelim de Santo Ant\u00f3nio, depois deste per\u00edodo de sil\u00eancio e distanciamento impostos pela pandemia, ouvir-se-\u00e3o de novo as cordas das guitarras em mais uma homenagem que Castro Marim se orgulha de prestar ao mestre do flamenco, Paco de Luc\u00eda.<\/p>\n\n\n\n<p>Como se sabe, Paco de Luc\u00eda, figura incontorn\u00e1vel da hist\u00f3ria mundial da m\u00fasica flamenca, tinha em Castro Marim as suas ra\u00edzes, mais concretamente em Monte Francisco, terra que viu a sua m\u00e3e (Lucia Gomes) nascer.<\/p>\n\n\n\n<p>A associa\u00e7\u00e3o do nome do artista Paco de Luc\u00eda \u00e0 programa\u00e7\u00e3o cultural de Castro Marim \u00e9 j\u00e1 um marco da mesma, sendo j\u00e1 uma refer\u00eancia nacional e internacional.<\/p>\n\n\n\n<p>Nesta senda, o Munic\u00edpio de Castro Marim promove, durante 2 dias, \u201cLuc\u00eda &#8211; Festival de Guitarras\u201d, cuja g\u00e9nese reporta ao Festival de Luc\u00eda. O evento utiliza a vis\u00e3o do artista Paco de Luc\u00eda, num cruzamento de culturas e g\u00e9neros com a guitarra, promovendo a arte e o territ\u00f3rio.<\/p>\n\n\n\n<p>O evento especial guitarras 2021, no dia 08 de outubro, pelas 21h00, promove o territ\u00f3rio local e nacional com os guitarristas Andr\u00e9 Ramos e Lu\u00eds Fialho, seguido pelo grupo portugu\u00eas Sangre Ib\u00e9rico, onde se aliam din\u00e2micas incr\u00edveis de ritmos entre o Fado, o Flamenco e ritmos latinos.<\/p>\n\n\n\n<p>No dia 09 de outubro, pelas 21h30, o cartaz transp\u00f5e a fronteira com o artista Ni\u00f1o Josele e Quarteto, guitarrista de of\u00edcio, desenvolveu essa arte com os grandes mestres do flamenco, incluindo digress\u00f5es com Paco de Luc\u00eda.&nbsp;<\/p>\n\n\n\n<p>\u201cLuc\u00eda &#8211; Festival de Guitarras\u201d pretende-se, mais uma vez, um festival de m\u00fasica que recorde e homenageie o g\u00e9nio da guitarra flamenca, conforme vem sucedendo desde 2016, sem perder a sua ess\u00eancia, dando a conhecer sonoridades e artistas cuja inspira\u00e7\u00e3o \u00e9 Paco de Luc\u00eda.<\/p>\n\n\n\n<p>A entrada no recinto \u00e9 livre, cumprindo-se as normas da DGS adequadas ao espa\u00e7o.<\/p>\n\n\n\n<p>O palco do Revelim de Santo Ant\u00f3nio volta a receber grandes nomes da m\u00fasica flamenca para grande regozijo dos amantes da m\u00fasica.<\/p>\n\n\n\n<p>\u201cLuc\u00eda &#8211; Festival de Guitarras\u201d tem enquadramento no Projeto 0193_UADITURS_II_5_E, aprovado no \u00e2mbito do Programa INTERREG V-A Espanha \u2013 Portugal 2014-2020, com uma taxa de comparticipa\u00e7\u00e3o do FEDER a 75 %.<\/p>\n","protected":false},"excerpt":{"rendered":"<p>Nos pr\u00f3ximos dias 08 e 09 de outubro, no Revelim de Santo Ant\u00f3nio, depois deste per\u00edodo de sil\u00eancio e distanciamento<\/p>\n","protected":false},"author":1,"featured_media":11856,"comment_status":"closed","ping_status":"open","sticky":false,"template":"","format":"standard","meta":{"colormag_page_container_layout":"default_layout","colormag_page_sidebar_layout":"default_layout","_monsterinsights_skip_tracking":false,"_monsterinsights_sitenote_active":false,"_monsterinsights_sitenote_note":"","_monsterinsights_sitenote_category":0,"jetpack_post_was_ever_published":false,"_jetpack_newsletter_access":"","_jetpack_dont_email_post_to_subs":false,"_jetpack_newsletter_tier_id":0,"_jetpack_memberships_contains_paywalled_content":false,"_jetpack_memberships_contains_paid_content":false,"footnotes":"","jetpack_publicize_message":"","jetpack_publicize_feature_enabled":true,"jetpack_social_post_already_shared":true,"jetpack_social_options":{"image_generator_settings":{"template":"highway","default_image_id":0,"font":"","enabled":false},"version":2}},"categories":[14],"tags":[36,136,52,35,71],"class_list":["post-11855","post","type-post","status-publish","format-standard","has-post-thumbnail","hentry","category-cultura","tag-algarve","tag-castro-marim","tag-concerto","tag-cultura","tag-festival"],"yoast_head":"<!-- This site is optimized with the Yoast SEO plugin v27.5 - https:\/\/yoast.com\/product\/yoast-seo-wordpress\/ -->\n<title>Luc\u00eda \u2013 Festival de Guitarras no Revelim de Santo Ant\u00f3nio em Castro Marim - Algarve 7<\/title>\n<meta name=\"description\" content=\"Luc\u00eda \u2013 Festival de Guitarras no Revelim de Santo Ant\u00f3nio em Castro Marim Cultura\" \/>\n<meta name=\"robots\" content=\"index, follow, max-snippet:-1, max-image-preview:large, max-video-preview:-1\" \/>\n<link rel=\"canonical\" href=\"https:\/\/algarve7.pt\/index.php\/2021\/10\/lucia-festival-de-guitarras-no-revelim-de-santo-antonio-em-castro-marim\/cultura\/17\/52\/\" \/>\n<meta property=\"og:locale\" content=\"pt_PT\" \/>\n<meta property=\"og:type\" content=\"article\" \/>\n<meta property=\"og:title\" content=\"Luc\u00eda \u2013 Festival de Guitarras no Revelim de Santo Ant\u00f3nio em Castro Marim - Algarve 7\" \/>\n<meta property=\"og:description\" content=\"Luc\u00eda \u2013 Festival de Guitarras no Revelim de Santo Ant\u00f3nio em Castro Marim Cultura\" \/>\n<meta property=\"og:url\" content=\"https:\/\/algarve7.pt\/index.php\/2021\/10\/lucia-festival-de-guitarras-no-revelim-de-santo-antonio-em-castro-marim\/cultura\/17\/52\/\" \/>\n<meta property=\"og:site_name\" content=\"Algarve 7\" \/>\n<meta property=\"article:publisher\" content=\"https:\/\/www.facebook.com\/algarve7\" \/>\n<meta property=\"article:author\" content=\"https:\/\/www.facebook.com\/algarve7\" \/>\n<meta property=\"article:published_time\" content=\"2021-10-04T16:52:00+00:00\" \/>\n<meta property=\"og:image\" content=\"https:\/\/algarve7.pt\/wp-content\/uploads\/2021\/10\/EMZh99Xg.png\" \/>\n\t<meta property=\"og:image:width\" content=\"1660\" \/>\n\t<meta property=\"og:image:height\" content=\"1274\" \/>\n\t<meta property=\"og:image:type\" content=\"image\/png\" \/>\n<meta name=\"author\" content=\"Algarve 7\" \/>\n<meta name=\"twitter:card\" content=\"summary_large_image\" \/>\n<meta name=\"twitter:creator\" content=\"@Algarvesete\" \/>\n<meta name=\"twitter:site\" content=\"@Algarvesete\" \/>\n<meta name=\"twitter:label1\" content=\"Escrito por\" \/>\n\t<meta name=\"twitter:data1\" content=\"Algarve 7\" \/>\n\t<meta name=\"twitter:label2\" content=\"Tempo estimado de leitura\" \/>\n\t<meta name=\"twitter:data2\" content=\"2 minutos\" \/>\n<script type=\"application\/ld+json\" class=\"yoast-schema-graph\">{\"@context\":\"https:\\\/\\\/schema.org\",\"@graph\":[{\"@type\":\"Article\",\"@id\":\"https:\\\/\\\/algarve7.pt\\\/index.php\\\/2021\\\/10\\\/lucia-festival-de-guitarras-no-revelim-de-santo-antonio-em-castro-marim\\\/cultura\\\/17\\\/52\\\/#article\",\"isPartOf\":{\"@id\":\"https:\\\/\\\/algarve7.pt\\\/index.php\\\/2021\\\/10\\\/lucia-festival-de-guitarras-no-revelim-de-santo-antonio-em-castro-marim\\\/cultura\\\/17\\\/52\\\/\"},\"author\":{\"name\":\"Algarve 7\",\"@id\":\"https:\\\/\\\/algarve7.pt\\\/#\\\/schema\\\/person\\\/23fa70681308e7b319a3204bcea45e0c\"},\"headline\":\"Luc\u00eda \u2013 Festival de Guitarras no Revelim de Santo Ant\u00f3nio em Castro Marim\",\"datePublished\":\"2021-10-04T16:52:00+00:00\",\"mainEntityOfPage\":{\"@id\":\"https:\\\/\\\/algarve7.pt\\\/index.php\\\/2021\\\/10\\\/lucia-festival-de-guitarras-no-revelim-de-santo-antonio-em-castro-marim\\\/cultura\\\/17\\\/52\\\/\"},\"wordCount\":404,\"publisher\":{\"@id\":\"https:\\\/\\\/algarve7.pt\\\/#organization\"},\"image\":{\"@id\":\"https:\\\/\\\/algarve7.pt\\\/index.php\\\/2021\\\/10\\\/lucia-festival-de-guitarras-no-revelim-de-santo-antonio-em-castro-marim\\\/cultura\\\/17\\\/52\\\/#primaryimage\"},\"thumbnailUrl\":\"https:\\\/\\\/algarve7.pt\\\/wp-content\\\/uploads\\\/2021\\\/10\\\/EMZh99Xg.png\",\"keywords\":[\"Algarve\",\"Castro Marim\",\"Concerto\",\"Cultura\",\"Festival\"],\"articleSection\":[\"Cultura\"],\"inLanguage\":\"pt-PT\"},{\"@type\":\"WebPage\",\"@id\":\"https:\\\/\\\/algarve7.pt\\\/index.php\\\/2021\\\/10\\\/lucia-festival-de-guitarras-no-revelim-de-santo-antonio-em-castro-marim\\\/cultura\\\/17\\\/52\\\/\",\"url\":\"https:\\\/\\\/algarve7.pt\\\/index.php\\\/2021\\\/10\\\/lucia-festival-de-guitarras-no-revelim-de-santo-antonio-em-castro-marim\\\/cultura\\\/17\\\/52\\\/\",\"name\":\"Luc\u00eda \u2013 Festival de Guitarras no Revelim de Santo Ant\u00f3nio em Castro Marim - Algarve 7\",\"isPartOf\":{\"@id\":\"https:\\\/\\\/algarve7.pt\\\/#website\"},\"primaryImageOfPage\":{\"@id\":\"https:\\\/\\\/algarve7.pt\\\/index.php\\\/2021\\\/10\\\/lucia-festival-de-guitarras-no-revelim-de-santo-antonio-em-castro-marim\\\/cultura\\\/17\\\/52\\\/#primaryimage\"},\"image\":{\"@id\":\"https:\\\/\\\/algarve7.pt\\\/index.php\\\/2021\\\/10\\\/lucia-festival-de-guitarras-no-revelim-de-santo-antonio-em-castro-marim\\\/cultura\\\/17\\\/52\\\/#primaryimage\"},\"thumbnailUrl\":\"https:\\\/\\\/algarve7.pt\\\/wp-content\\\/uploads\\\/2021\\\/10\\\/EMZh99Xg.png\",\"datePublished\":\"2021-10-04T16:52:00+00:00\",\"description\":\"Luc\u00eda \u2013 Festival de Guitarras no Revelim de Santo Ant\u00f3nio em Castro Marim Cultura\",\"breadcrumb\":{\"@id\":\"https:\\\/\\\/algarve7.pt\\\/index.php\\\/2021\\\/10\\\/lucia-festival-de-guitarras-no-revelim-de-santo-antonio-em-castro-marim\\\/cultura\\\/17\\\/52\\\/#breadcrumb\"},\"inLanguage\":\"pt-PT\",\"potentialAction\":[{\"@type\":\"ReadAction\",\"target\":[\"https:\\\/\\\/algarve7.pt\\\/index.php\\\/2021\\\/10\\\/lucia-festival-de-guitarras-no-revelim-de-santo-antonio-em-castro-marim\\\/cultura\\\/17\\\/52\\\/\"]}]},{\"@type\":\"ImageObject\",\"inLanguage\":\"pt-PT\",\"@id\":\"https:\\\/\\\/algarve7.pt\\\/index.php\\\/2021\\\/10\\\/lucia-festival-de-guitarras-no-revelim-de-santo-antonio-em-castro-marim\\\/cultura\\\/17\\\/52\\\/#primaryimage\",\"url\":\"https:\\\/\\\/algarve7.pt\\\/wp-content\\\/uploads\\\/2021\\\/10\\\/EMZh99Xg.png\",\"contentUrl\":\"https:\\\/\\\/algarve7.pt\\\/wp-content\\\/uploads\\\/2021\\\/10\\\/EMZh99Xg.png\",\"width\":1660,\"height\":1274},{\"@type\":\"BreadcrumbList\",\"@id\":\"https:\\\/\\\/algarve7.pt\\\/index.php\\\/2021\\\/10\\\/lucia-festival-de-guitarras-no-revelim-de-santo-antonio-em-castro-marim\\\/cultura\\\/17\\\/52\\\/#breadcrumb\",\"itemListElement\":[{\"@type\":\"ListItem\",\"position\":1,\"name\":\"In\u00edcio\",\"item\":\"https:\\\/\\\/algarve7.pt\\\/\"},{\"@type\":\"ListItem\",\"position\":2,\"name\":\"Luc\u00eda \u2013 Festival de Guitarras no Revelim de Santo Ant\u00f3nio em Castro Marim\"}]},{\"@type\":\"WebSite\",\"@id\":\"https:\\\/\\\/algarve7.pt\\\/#website\",\"url\":\"https:\\\/\\\/algarve7.pt\\\/\",\"name\":\"Algarve 7\",\"description\":\"Informa\u00e7\u00e3o sobre o Algarve\",\"publisher\":{\"@id\":\"https:\\\/\\\/algarve7.pt\\\/#organization\"},\"potentialAction\":[{\"@type\":\"SearchAction\",\"target\":{\"@type\":\"EntryPoint\",\"urlTemplate\":\"https:\\\/\\\/algarve7.pt\\\/?s={search_term_string}\"},\"query-input\":{\"@type\":\"PropertyValueSpecification\",\"valueRequired\":true,\"valueName\":\"search_term_string\"}}],\"inLanguage\":\"pt-PT\"},{\"@type\":\"Organization\",\"@id\":\"https:\\\/\\\/algarve7.pt\\\/#organization\",\"name\":\"Algarve 7\",\"url\":\"https:\\\/\\\/algarve7.pt\\\/\",\"logo\":{\"@type\":\"ImageObject\",\"inLanguage\":\"pt-PT\",\"@id\":\"https:\\\/\\\/algarve7.pt\\\/#\\\/schema\\\/logo\\\/image\\\/\",\"url\":\"https:\\\/\\\/algarve7.pt\\\/wp-content\\\/uploads\\\/2020\\\/10\\\/Logo-8.jpg\",\"contentUrl\":\"https:\\\/\\\/algarve7.pt\\\/wp-content\\\/uploads\\\/2020\\\/10\\\/Logo-8.jpg\",\"width\":1680,\"height\":1186,\"caption\":\"Algarve 7\"},\"image\":{\"@id\":\"https:\\\/\\\/algarve7.pt\\\/#\\\/schema\\\/logo\\\/image\\\/\"},\"sameAs\":[\"https:\\\/\\\/www.facebook.com\\\/algarve7\",\"https:\\\/\\\/x.com\\\/Algarvesete\",\"https:\\\/\\\/www.instagram.com\\\/jornalalgarve7\\\/\",\"https:\\\/\\\/www.linkedin.com\\\/company\\\/algarve7\",\"https:\\\/\\\/www.pinterest.pt\\\/geral0939\\\/_created\\\/\"]},{\"@type\":\"Person\",\"@id\":\"https:\\\/\\\/algarve7.pt\\\/#\\\/schema\\\/person\\\/23fa70681308e7b319a3204bcea45e0c\",\"name\":\"Algarve 7\",\"sameAs\":[\"https:\\\/\\\/algarve7.pt\",\"https:\\\/\\\/www.facebook.com\\\/algarve7\"],\"url\":\"https:\\\/\\\/algarve7.pt\\\/index.php\\\/author\\\/geralalgarve7-pt\\\/\"}]}<\/script>\n<!-- \/ Yoast SEO plugin. -->","yoast_head_json":{"title":"Luc\u00eda \u2013 Festival de Guitarras no Revelim de Santo Ant\u00f3nio em Castro Marim - Algarve 7","description":"Luc\u00eda \u2013 Festival de Guitarras no Revelim de Santo Ant\u00f3nio em Castro Marim Cultura","robots":{"index":"index","follow":"follow","max-snippet":"max-snippet:-1","max-image-preview":"max-image-preview:large","max-video-preview":"max-video-preview:-1"},"canonical":"https:\/\/algarve7.pt\/index.php\/2021\/10\/lucia-festival-de-guitarras-no-revelim-de-santo-antonio-em-castro-marim\/cultura\/17\/52\/","og_locale":"pt_PT","og_type":"article","og_title":"Luc\u00eda \u2013 Festival de Guitarras no Revelim de Santo Ant\u00f3nio em Castro Marim - Algarve 7","og_description":"Luc\u00eda \u2013 Festival de Guitarras no Revelim de Santo Ant\u00f3nio em Castro Marim Cultura","og_url":"https:\/\/algarve7.pt\/index.php\/2021\/10\/lucia-festival-de-guitarras-no-revelim-de-santo-antonio-em-castro-marim\/cultura\/17\/52\/","og_site_name":"Algarve 7","article_publisher":"https:\/\/www.facebook.com\/algarve7","article_author":"https:\/\/www.facebook.com\/algarve7","article_published_time":"2021-10-04T16:52:00+00:00","og_image":[{"width":1660,"height":1274,"url":"https:\/\/algarve7.pt\/wp-content\/uploads\/2021\/10\/EMZh99Xg.png","type":"image\/png"}],"author":"Algarve 7","twitter_card":"summary_large_image","twitter_creator":"@Algarvesete","twitter_site":"@Algarvesete","twitter_misc":{"Escrito por":"Algarve 7","Tempo estimado de leitura":"2 minutos"},"schema":{"@context":"https:\/\/schema.org","@graph":[{"@type":"Article","@id":"https:\/\/algarve7.pt\/index.php\/2021\/10\/lucia-festival-de-guitarras-no-revelim-de-santo-antonio-em-castro-marim\/cultura\/17\/52\/#article","isPartOf":{"@id":"https:\/\/algarve7.pt\/index.php\/2021\/10\/lucia-festival-de-guitarras-no-revelim-de-santo-antonio-em-castro-marim\/cultura\/17\/52\/"},"author":{"name":"Algarve 7","@id":"https:\/\/algarve7.pt\/#\/schema\/person\/23fa70681308e7b319a3204bcea45e0c"},"headline":"Luc\u00eda \u2013 Festival de Guitarras no Revelim de Santo Ant\u00f3nio em Castro Marim","datePublished":"2021-10-04T16:52:00+00:00","mainEntityOfPage":{"@id":"https:\/\/algarve7.pt\/index.php\/2021\/10\/lucia-festival-de-guitarras-no-revelim-de-santo-antonio-em-castro-marim\/cultura\/17\/52\/"},"wordCount":404,"publisher":{"@id":"https:\/\/algarve7.pt\/#organization"},"image":{"@id":"https:\/\/algarve7.pt\/index.php\/2021\/10\/lucia-festival-de-guitarras-no-revelim-de-santo-antonio-em-castro-marim\/cultura\/17\/52\/#primaryimage"},"thumbnailUrl":"https:\/\/algarve7.pt\/wp-content\/uploads\/2021\/10\/EMZh99Xg.png","keywords":["Algarve","Castro Marim","Concerto","Cultura","Festival"],"articleSection":["Cultura"],"inLanguage":"pt-PT"},{"@type":"WebPage","@id":"https:\/\/algarve7.pt\/index.php\/2021\/10\/lucia-festival-de-guitarras-no-revelim-de-santo-antonio-em-castro-marim\/cultura\/17\/52\/","url":"https:\/\/algarve7.pt\/index.php\/2021\/10\/lucia-festival-de-guitarras-no-revelim-de-santo-antonio-em-castro-marim\/cultura\/17\/52\/","name":"Luc\u00eda \u2013 Festival de Guitarras no Revelim de Santo Ant\u00f3nio em Castro Marim - Algarve 7","isPartOf":{"@id":"https:\/\/algarve7.pt\/#website"},"primaryImageOfPage":{"@id":"https:\/\/algarve7.pt\/index.php\/2021\/10\/lucia-festival-de-guitarras-no-revelim-de-santo-antonio-em-castro-marim\/cultura\/17\/52\/#primaryimage"},"image":{"@id":"https:\/\/algarve7.pt\/index.php\/2021\/10\/lucia-festival-de-guitarras-no-revelim-de-santo-antonio-em-castro-marim\/cultura\/17\/52\/#primaryimage"},"thumbnailUrl":"https:\/\/algarve7.pt\/wp-content\/uploads\/2021\/10\/EMZh99Xg.png","datePublished":"2021-10-04T16:52:00+00:00","description":"Luc\u00eda \u2013 Festival de Guitarras no Revelim de Santo Ant\u00f3nio em Castro Marim Cultura","breadcrumb":{"@id":"https:\/\/algarve7.pt\/index.php\/2021\/10\/lucia-festival-de-guitarras-no-revelim-de-santo-antonio-em-castro-marim\/cultura\/17\/52\/#breadcrumb"},"inLanguage":"pt-PT","potentialAction":[{"@type":"ReadAction","target":["https:\/\/algarve7.pt\/index.php\/2021\/10\/lucia-festival-de-guitarras-no-revelim-de-santo-antonio-em-castro-marim\/cultura\/17\/52\/"]}]},{"@type":"ImageObject","inLanguage":"pt-PT","@id":"https:\/\/algarve7.pt\/index.php\/2021\/10\/lucia-festival-de-guitarras-no-revelim-de-santo-antonio-em-castro-marim\/cultura\/17\/52\/#primaryimage","url":"https:\/\/algarve7.pt\/wp-content\/uploads\/2021\/10\/EMZh99Xg.png","contentUrl":"https:\/\/algarve7.pt\/wp-content\/uploads\/2021\/10\/EMZh99Xg.png","width":1660,"height":1274},{"@type":"BreadcrumbList","@id":"https:\/\/algarve7.pt\/index.php\/2021\/10\/lucia-festival-de-guitarras-no-revelim-de-santo-antonio-em-castro-marim\/cultura\/17\/52\/#breadcrumb","itemListElement":[{"@type":"ListItem","position":1,"name":"In\u00edcio","item":"https:\/\/algarve7.pt\/"},{"@type":"ListItem","position":2,"name":"Luc\u00eda \u2013 Festival de Guitarras no Revelim de Santo Ant\u00f3nio em Castro Marim"}]},{"@type":"WebSite","@id":"https:\/\/algarve7.pt\/#website","url":"https:\/\/algarve7.pt\/","name":"Algarve 7","description":"Informa\u00e7\u00e3o sobre o Algarve","publisher":{"@id":"https:\/\/algarve7.pt\/#organization"},"potentialAction":[{"@type":"SearchAction","target":{"@type":"EntryPoint","urlTemplate":"https:\/\/algarve7.pt\/?s={search_term_string}"},"query-input":{"@type":"PropertyValueSpecification","valueRequired":true,"valueName":"search_term_string"}}],"inLanguage":"pt-PT"},{"@type":"Organization","@id":"https:\/\/algarve7.pt\/#organization","name":"Algarve 7","url":"https:\/\/algarve7.pt\/","logo":{"@type":"ImageObject","inLanguage":"pt-PT","@id":"https:\/\/algarve7.pt\/#\/schema\/logo\/image\/","url":"https:\/\/algarve7.pt\/wp-content\/uploads\/2020\/10\/Logo-8.jpg","contentUrl":"https:\/\/algarve7.pt\/wp-content\/uploads\/2020\/10\/Logo-8.jpg","width":1680,"height":1186,"caption":"Algarve 7"},"image":{"@id":"https:\/\/algarve7.pt\/#\/schema\/logo\/image\/"},"sameAs":["https:\/\/www.facebook.com\/algarve7","https:\/\/x.com\/Algarvesete","https:\/\/www.instagram.com\/jornalalgarve7\/","https:\/\/www.linkedin.com\/company\/algarve7","https:\/\/www.pinterest.pt\/geral0939\/_created\/"]},{"@type":"Person","@id":"https:\/\/algarve7.pt\/#\/schema\/person\/23fa70681308e7b319a3204bcea45e0c","name":"Algarve 7","sameAs":["https:\/\/algarve7.pt","https:\/\/www.facebook.com\/algarve7"],"url":"https:\/\/algarve7.pt\/index.php\/author\/geralalgarve7-pt\/"}]}},"jetpack_publicize_connections":[],"jetpack_featured_media_url":"https:\/\/algarve7.pt\/wp-content\/uploads\/2021\/10\/EMZh99Xg.png","jetpack_shortlink":"https:\/\/wp.me\/pcezmW-35d","jetpack_sharing_enabled":true,"_links":{"self":[{"href":"https:\/\/algarve7.pt\/index.php\/wp-json\/wp\/v2\/posts\/11855","targetHints":{"allow":["GET"]}}],"collection":[{"href":"https:\/\/algarve7.pt\/index.php\/wp-json\/wp\/v2\/posts"}],"about":[{"href":"https:\/\/algarve7.pt\/index.php\/wp-json\/wp\/v2\/types\/post"}],"author":[{"embeddable":true,"href":"https:\/\/algarve7.pt\/index.php\/wp-json\/wp\/v2\/users\/1"}],"replies":[{"embeddable":true,"href":"https:\/\/algarve7.pt\/index.php\/wp-json\/wp\/v2\/comments?post=11855"}],"version-history":[{"count":0,"href":"https:\/\/algarve7.pt\/index.php\/wp-json\/wp\/v2\/posts\/11855\/revisions"}],"wp:featuredmedia":[{"embeddable":true,"href":"https:\/\/algarve7.pt\/index.php\/wp-json\/wp\/v2\/media\/11856"}],"wp:attachment":[{"href":"https:\/\/algarve7.pt\/index.php\/wp-json\/wp\/v2\/media?parent=11855"}],"wp:term":[{"taxonomy":"category","embeddable":true,"href":"https:\/\/algarve7.pt\/index.php\/wp-json\/wp\/v2\/categories?post=11855"},{"taxonomy":"post_tag","embeddable":true,"href":"https:\/\/algarve7.pt\/index.php\/wp-json\/wp\/v2\/tags?post=11855"}],"curies":[{"name":"wp","href":"https:\/\/api.w.org\/{rel}","templated":true}]}}