{"id":11852,"date":"2021-10-04T16:20:00","date_gmt":"2021-10-04T15:20:00","guid":{"rendered":"https:\/\/algarve7.pt\/?p=11852"},"modified":"2021-10-04T15:39:47","modified_gmt":"2021-10-04T14:39:47","slug":"academia-de-xadrez-do-algarve-axal-conquista-subida-a-2a-divisao-do-xadrez-nacional","status":"publish","type":"post","link":"https:\/\/algarve7.pt\/index.php\/2021\/10\/academia-de-xadrez-do-algarve-axal-conquista-subida-a-2a-divisao-do-xadrez-nacional\/desporto\/16\/20\/","title":{"rendered":"Academia de Xadrez do Algarve (AXAL) conquista subida \u00e0 2\u00aa Divis\u00e3o do Xadrez Nacional"},"content":{"rendered":"\n<p>Em ano de celebra\u00e7\u00e3o do 15\u00ba anivers\u00e1rio, a equipa de Xadrez da AXAL (Faro), consegue in\u00e9dita subida ao 2\u00ba escal\u00e3o do Campeonato Nacional de Equipas.<\/p>\n\n\n\n<p>Terminou dia 02 de Outubro, a edi\u00e7\u00e3o 2020-2021 do Campeonato Nacional de Equipas da 3\u00aa Divis\u00e3o de Xadrez, organizado pela Federa\u00e7\u00e3o Portuguesa de Xadrez (FPX), onde a AXAL participou inserida na S\u00e9rie F.<\/p>\n\n\n\n<p>Na 7\u00aa e \u00faltima ronda, a AXAL recebeu o Independente FC Torrense (Seixal), jogo realizado no Instituto Portugu\u00eas do Desporto e da Juventude (IPDJ) em Faro, que terminou num empate 2-2.<\/p>\n\n\n\n<p>O Xadrez por equipas \u00e9 disputado a 4 tabuleiros, contabilizando-se os parciais individuais para estabelecer o resultado final do jogo.<\/p>\n\n\n\n<p>Com este empate, a equipa farense manteve a invencibilidade no Campeonato (6 vit\u00f3rias e 1 empate), contabilizando 20 pontos, que permitiram a vit\u00f3ria destacada na S\u00e9rie F e a respetiva promo\u00e7\u00e3o \u00e0 2\u00aa divis\u00e3o nacional, pela primeira vez na sua hist\u00f3ria.<\/p>\n\n\n\n<p>Contribu\u00edram para o feito, 6 jogadores ao longo das 7 jornadas da prova: Dinis Lib\u00f3rio (3,5pt \/ 7 jogos); Ricardo Duarte (4pt \/ 5 jogos), Tadeu Sousa (4pt \/ 5 jogos), Lu\u00eds Sousa (4,5pt \/ 5 jogos), Ricardo Aderneira (2pt \/ 3 jogos) e F\u00e1bio Gon\u00e7alves (2pt \/ 3 jogos).<\/p>\n\n\n\n<p>Para al\u00e9m do direito de participa\u00e7\u00e3o na 2\u00aa Divis\u00e3o Nacional na \u00e9poca 2021-2022, a AXAL disputar\u00e1 agora dia 9 de Outubro, o <em>playoff <\/em>de acesso \u00e0 fase final de atribui\u00e7\u00e3o do t\u00edtulo de campe\u00e3o da 3\u00aa Divis\u00e3o Nacional.<\/p>\n\n\n\n<p>Esta conquista, v\u00eam dar brilho \u00e0 celebra\u00e7\u00e3o dos 15 anos de exist\u00eancia da Academia de Xadrez do Algarve, dedicados n\u00e3o s\u00f3 \u00e0 competi\u00e7\u00e3o distrital e nacional federada, mas principalmente \u00e0 promo\u00e7\u00e3o da modalidade do Xadrez, \u00e9 a forma\u00e7\u00e3o desportiva junto de crian\u00e7as e jovens.<\/p>\n","protected":false},"excerpt":{"rendered":"<p>Em ano de celebra\u00e7\u00e3o do 15\u00ba anivers\u00e1rio, a equipa de Xadrez da AXAL (Faro), consegue in\u00e9dita subida ao 2\u00ba escal\u00e3o<\/p>\n","protected":false},"author":1,"featured_media":11853,"comment_status":"closed","ping_status":"open","sticky":false,"template":"","format":"standard","meta":{"colormag_page_container_layout":"default_layout","colormag_page_sidebar_layout":"default_layout","_monsterinsights_skip_tracking":false,"_monsterinsights_sitenote_active":false,"_monsterinsights_sitenote_note":"","_monsterinsights_sitenote_category":0,"jetpack_post_was_ever_published":false,"_jetpack_newsletter_access":"","_jetpack_dont_email_post_to_subs":false,"_jetpack_newsletter_tier_id":0,"_jetpack_memberships_contains_paywalled_content":false,"_jetpack_memberships_contains_paid_content":false,"footnotes":"","jetpack_publicize_message":"","jetpack_publicize_feature_enabled":true,"jetpack_social_post_already_shared":true,"jetpack_social_options":{"image_generator_settings":{"template":"highway","default_image_id":0,"font":"","enabled":false},"version":2}},"categories":[15],"tags":[36,40,454],"class_list":["post-11852","post","type-post","status-publish","format-standard","has-post-thumbnail","hentry","category-desporto","tag-algarve","tag-desporto","tag-xadrez"],"yoast_head":"<!-- This site is optimized with the Yoast SEO plugin v27.5 - https:\/\/yoast.com\/product\/yoast-seo-wordpress\/ -->\n<title>Academia de Xadrez do Algarve (AXAL) conquista subida \u00e0 2\u00aa Divis\u00e3o do Xadrez Nacional - Algarve 7<\/title>\n<meta name=\"description\" content=\"Academia de Xadrez do Algarve (AXAL) conquista subida \u00e0 2\u00aa Divis\u00e3o do Xadrez Nacional Desporto\" \/>\n<meta name=\"robots\" content=\"index, follow, max-snippet:-1, max-image-preview:large, max-video-preview:-1\" \/>\n<link rel=\"canonical\" href=\"https:\/\/algarve7.pt\/index.php\/2021\/10\/academia-de-xadrez-do-algarve-axal-conquista-subida-a-2a-divisao-do-xadrez-nacional\/desporto\/16\/20\/\" \/>\n<meta property=\"og:locale\" content=\"pt_PT\" \/>\n<meta property=\"og:type\" content=\"article\" \/>\n<meta property=\"og:title\" content=\"Academia de Xadrez do Algarve (AXAL) conquista subida \u00e0 2\u00aa Divis\u00e3o do Xadrez Nacional - Algarve 7\" \/>\n<meta property=\"og:description\" content=\"Academia de Xadrez do Algarve (AXAL) conquista subida \u00e0 2\u00aa Divis\u00e3o do Xadrez Nacional Desporto\" \/>\n<meta property=\"og:url\" content=\"https:\/\/algarve7.pt\/index.php\/2021\/10\/academia-de-xadrez-do-algarve-axal-conquista-subida-a-2a-divisao-do-xadrez-nacional\/desporto\/16\/20\/\" \/>\n<meta property=\"og:site_name\" content=\"Algarve 7\" \/>\n<meta property=\"article:publisher\" content=\"https:\/\/www.facebook.com\/algarve7\" \/>\n<meta property=\"article:author\" content=\"https:\/\/www.facebook.com\/algarve7\" \/>\n<meta property=\"article:published_time\" content=\"2021-10-04T15:20:00+00:00\" \/>\n<meta property=\"og:image\" content=\"https:\/\/algarve7.pt\/wp-content\/uploads\/2021\/10\/1_foto-encontro-AXAL-vs-IFC-Torrense-02-10-2021-IPDJ.jpg\" \/>\n\t<meta property=\"og:image:width\" content=\"1920\" \/>\n\t<meta property=\"og:image:height\" content=\"1237\" \/>\n\t<meta property=\"og:image:type\" content=\"image\/jpeg\" \/>\n<meta name=\"author\" content=\"Algarve 7\" \/>\n<meta name=\"twitter:card\" content=\"summary_large_image\" \/>\n<meta name=\"twitter:creator\" content=\"@Algarvesete\" \/>\n<meta name=\"twitter:site\" content=\"@Algarvesete\" \/>\n<meta name=\"twitter:label1\" content=\"Escrito por\" \/>\n\t<meta name=\"twitter:data1\" content=\"Algarve 7\" \/>\n\t<meta name=\"twitter:label2\" content=\"Tempo estimado de leitura\" \/>\n\t<meta name=\"twitter:data2\" content=\"2 minutos\" \/>\n<script type=\"application\/ld+json\" class=\"yoast-schema-graph\">{\"@context\":\"https:\\\/\\\/schema.org\",\"@graph\":[{\"@type\":\"Article\",\"@id\":\"https:\\\/\\\/algarve7.pt\\\/index.php\\\/2021\\\/10\\\/academia-de-xadrez-do-algarve-axal-conquista-subida-a-2a-divisao-do-xadrez-nacional\\\/desporto\\\/16\\\/20\\\/#article\",\"isPartOf\":{\"@id\":\"https:\\\/\\\/algarve7.pt\\\/index.php\\\/2021\\\/10\\\/academia-de-xadrez-do-algarve-axal-conquista-subida-a-2a-divisao-do-xadrez-nacional\\\/desporto\\\/16\\\/20\\\/\"},\"author\":{\"name\":\"Algarve 7\",\"@id\":\"https:\\\/\\\/algarve7.pt\\\/#\\\/schema\\\/person\\\/23fa70681308e7b319a3204bcea45e0c\"},\"headline\":\"Academia de Xadrez do Algarve (AXAL) conquista subida \u00e0 2\u00aa Divis\u00e3o do Xadrez Nacional\",\"datePublished\":\"2021-10-04T15:20:00+00:00\",\"mainEntityOfPage\":{\"@id\":\"https:\\\/\\\/algarve7.pt\\\/index.php\\\/2021\\\/10\\\/academia-de-xadrez-do-algarve-axal-conquista-subida-a-2a-divisao-do-xadrez-nacional\\\/desporto\\\/16\\\/20\\\/\"},\"wordCount\":295,\"publisher\":{\"@id\":\"https:\\\/\\\/algarve7.pt\\\/#organization\"},\"image\":{\"@id\":\"https:\\\/\\\/algarve7.pt\\\/index.php\\\/2021\\\/10\\\/academia-de-xadrez-do-algarve-axal-conquista-subida-a-2a-divisao-do-xadrez-nacional\\\/desporto\\\/16\\\/20\\\/#primaryimage\"},\"thumbnailUrl\":\"https:\\\/\\\/algarve7.pt\\\/wp-content\\\/uploads\\\/2021\\\/10\\\/1_foto-encontro-AXAL-vs-IFC-Torrense-02-10-2021-IPDJ.jpg\",\"keywords\":[\"Algarve\",\"Desporto\",\"Xadrez\"],\"articleSection\":[\"Desporto\"],\"inLanguage\":\"pt-PT\"},{\"@type\":\"WebPage\",\"@id\":\"https:\\\/\\\/algarve7.pt\\\/index.php\\\/2021\\\/10\\\/academia-de-xadrez-do-algarve-axal-conquista-subida-a-2a-divisao-do-xadrez-nacional\\\/desporto\\\/16\\\/20\\\/\",\"url\":\"https:\\\/\\\/algarve7.pt\\\/index.php\\\/2021\\\/10\\\/academia-de-xadrez-do-algarve-axal-conquista-subida-a-2a-divisao-do-xadrez-nacional\\\/desporto\\\/16\\\/20\\\/\",\"name\":\"Academia de Xadrez do Algarve (AXAL) conquista subida \u00e0 2\u00aa Divis\u00e3o do Xadrez Nacional - Algarve 7\",\"isPartOf\":{\"@id\":\"https:\\\/\\\/algarve7.pt\\\/#website\"},\"primaryImageOfPage\":{\"@id\":\"https:\\\/\\\/algarve7.pt\\\/index.php\\\/2021\\\/10\\\/academia-de-xadrez-do-algarve-axal-conquista-subida-a-2a-divisao-do-xadrez-nacional\\\/desporto\\\/16\\\/20\\\/#primaryimage\"},\"image\":{\"@id\":\"https:\\\/\\\/algarve7.pt\\\/index.php\\\/2021\\\/10\\\/academia-de-xadrez-do-algarve-axal-conquista-subida-a-2a-divisao-do-xadrez-nacional\\\/desporto\\\/16\\\/20\\\/#primaryimage\"},\"thumbnailUrl\":\"https:\\\/\\\/algarve7.pt\\\/wp-content\\\/uploads\\\/2021\\\/10\\\/1_foto-encontro-AXAL-vs-IFC-Torrense-02-10-2021-IPDJ.jpg\",\"datePublished\":\"2021-10-04T15:20:00+00:00\",\"description\":\"Academia de Xadrez do Algarve (AXAL) conquista subida \u00e0 2\u00aa Divis\u00e3o do Xadrez Nacional Desporto\",\"breadcrumb\":{\"@id\":\"https:\\\/\\\/algarve7.pt\\\/index.php\\\/2021\\\/10\\\/academia-de-xadrez-do-algarve-axal-conquista-subida-a-2a-divisao-do-xadrez-nacional\\\/desporto\\\/16\\\/20\\\/#breadcrumb\"},\"inLanguage\":\"pt-PT\",\"potentialAction\":[{\"@type\":\"ReadAction\",\"target\":[\"https:\\\/\\\/algarve7.pt\\\/index.php\\\/2021\\\/10\\\/academia-de-xadrez-do-algarve-axal-conquista-subida-a-2a-divisao-do-xadrez-nacional\\\/desporto\\\/16\\\/20\\\/\"]}]},{\"@type\":\"ImageObject\",\"inLanguage\":\"pt-PT\",\"@id\":\"https:\\\/\\\/algarve7.pt\\\/index.php\\\/2021\\\/10\\\/academia-de-xadrez-do-algarve-axal-conquista-subida-a-2a-divisao-do-xadrez-nacional\\\/desporto\\\/16\\\/20\\\/#primaryimage\",\"url\":\"https:\\\/\\\/algarve7.pt\\\/wp-content\\\/uploads\\\/2021\\\/10\\\/1_foto-encontro-AXAL-vs-IFC-Torrense-02-10-2021-IPDJ.jpg\",\"contentUrl\":\"https:\\\/\\\/algarve7.pt\\\/wp-content\\\/uploads\\\/2021\\\/10\\\/1_foto-encontro-AXAL-vs-IFC-Torrense-02-10-2021-IPDJ.jpg\",\"width\":1920,\"height\":1237},{\"@type\":\"BreadcrumbList\",\"@id\":\"https:\\\/\\\/algarve7.pt\\\/index.php\\\/2021\\\/10\\\/academia-de-xadrez-do-algarve-axal-conquista-subida-a-2a-divisao-do-xadrez-nacional\\\/desporto\\\/16\\\/20\\\/#breadcrumb\",\"itemListElement\":[{\"@type\":\"ListItem\",\"position\":1,\"name\":\"In\u00edcio\",\"item\":\"https:\\\/\\\/algarve7.pt\\\/\"},{\"@type\":\"ListItem\",\"position\":2,\"name\":\"Academia de Xadrez do Algarve (AXAL) conquista subida \u00e0 2\u00aa Divis\u00e3o do Xadrez Nacional\"}]},{\"@type\":\"WebSite\",\"@id\":\"https:\\\/\\\/algarve7.pt\\\/#website\",\"url\":\"https:\\\/\\\/algarve7.pt\\\/\",\"name\":\"Algarve 7\",\"description\":\"Informa\u00e7\u00e3o sobre o Algarve\",\"publisher\":{\"@id\":\"https:\\\/\\\/algarve7.pt\\\/#organization\"},\"potentialAction\":[{\"@type\":\"SearchAction\",\"target\":{\"@type\":\"EntryPoint\",\"urlTemplate\":\"https:\\\/\\\/algarve7.pt\\\/?s={search_term_string}\"},\"query-input\":{\"@type\":\"PropertyValueSpecification\",\"valueRequired\":true,\"valueName\":\"search_term_string\"}}],\"inLanguage\":\"pt-PT\"},{\"@type\":\"Organization\",\"@id\":\"https:\\\/\\\/algarve7.pt\\\/#organization\",\"name\":\"Algarve 7\",\"url\":\"https:\\\/\\\/algarve7.pt\\\/\",\"logo\":{\"@type\":\"ImageObject\",\"inLanguage\":\"pt-PT\",\"@id\":\"https:\\\/\\\/algarve7.pt\\\/#\\\/schema\\\/logo\\\/image\\\/\",\"url\":\"https:\\\/\\\/algarve7.pt\\\/wp-content\\\/uploads\\\/2020\\\/10\\\/Logo-8.jpg\",\"contentUrl\":\"https:\\\/\\\/algarve7.pt\\\/wp-content\\\/uploads\\\/2020\\\/10\\\/Logo-8.jpg\",\"width\":1680,\"height\":1186,\"caption\":\"Algarve 7\"},\"image\":{\"@id\":\"https:\\\/\\\/algarve7.pt\\\/#\\\/schema\\\/logo\\\/image\\\/\"},\"sameAs\":[\"https:\\\/\\\/www.facebook.com\\\/algarve7\",\"https:\\\/\\\/x.com\\\/Algarvesete\",\"https:\\\/\\\/www.instagram.com\\\/jornalalgarve7\\\/\",\"https:\\\/\\\/www.linkedin.com\\\/company\\\/algarve7\",\"https:\\\/\\\/www.pinterest.pt\\\/geral0939\\\/_created\\\/\"]},{\"@type\":\"Person\",\"@id\":\"https:\\\/\\\/algarve7.pt\\\/#\\\/schema\\\/person\\\/23fa70681308e7b319a3204bcea45e0c\",\"name\":\"Algarve 7\",\"sameAs\":[\"https:\\\/\\\/algarve7.pt\",\"https:\\\/\\\/www.facebook.com\\\/algarve7\"],\"url\":\"https:\\\/\\\/algarve7.pt\\\/index.php\\\/author\\\/geralalgarve7-pt\\\/\"}]}<\/script>\n<!-- \/ Yoast SEO plugin. -->","yoast_head_json":{"title":"Academia de Xadrez do Algarve (AXAL) conquista subida \u00e0 2\u00aa Divis\u00e3o do Xadrez Nacional - Algarve 7","description":"Academia de Xadrez do Algarve (AXAL) conquista subida \u00e0 2\u00aa Divis\u00e3o do Xadrez Nacional Desporto","robots":{"index":"index","follow":"follow","max-snippet":"max-snippet:-1","max-image-preview":"max-image-preview:large","max-video-preview":"max-video-preview:-1"},"canonical":"https:\/\/algarve7.pt\/index.php\/2021\/10\/academia-de-xadrez-do-algarve-axal-conquista-subida-a-2a-divisao-do-xadrez-nacional\/desporto\/16\/20\/","og_locale":"pt_PT","og_type":"article","og_title":"Academia de Xadrez do Algarve (AXAL) conquista subida \u00e0 2\u00aa Divis\u00e3o do Xadrez Nacional - Algarve 7","og_description":"Academia de Xadrez do Algarve (AXAL) conquista subida \u00e0 2\u00aa Divis\u00e3o do Xadrez Nacional Desporto","og_url":"https:\/\/algarve7.pt\/index.php\/2021\/10\/academia-de-xadrez-do-algarve-axal-conquista-subida-a-2a-divisao-do-xadrez-nacional\/desporto\/16\/20\/","og_site_name":"Algarve 7","article_publisher":"https:\/\/www.facebook.com\/algarve7","article_author":"https:\/\/www.facebook.com\/algarve7","article_published_time":"2021-10-04T15:20:00+00:00","og_image":[{"width":1920,"height":1237,"url":"https:\/\/algarve7.pt\/wp-content\/uploads\/2021\/10\/1_foto-encontro-AXAL-vs-IFC-Torrense-02-10-2021-IPDJ.jpg","type":"image\/jpeg"}],"author":"Algarve 7","twitter_card":"summary_large_image","twitter_creator":"@Algarvesete","twitter_site":"@Algarvesete","twitter_misc":{"Escrito por":"Algarve 7","Tempo estimado de leitura":"2 minutos"},"schema":{"@context":"https:\/\/schema.org","@graph":[{"@type":"Article","@id":"https:\/\/algarve7.pt\/index.php\/2021\/10\/academia-de-xadrez-do-algarve-axal-conquista-subida-a-2a-divisao-do-xadrez-nacional\/desporto\/16\/20\/#article","isPartOf":{"@id":"https:\/\/algarve7.pt\/index.php\/2021\/10\/academia-de-xadrez-do-algarve-axal-conquista-subida-a-2a-divisao-do-xadrez-nacional\/desporto\/16\/20\/"},"author":{"name":"Algarve 7","@id":"https:\/\/algarve7.pt\/#\/schema\/person\/23fa70681308e7b319a3204bcea45e0c"},"headline":"Academia de Xadrez do Algarve (AXAL) conquista subida \u00e0 2\u00aa Divis\u00e3o do Xadrez Nacional","datePublished":"2021-10-04T15:20:00+00:00","mainEntityOfPage":{"@id":"https:\/\/algarve7.pt\/index.php\/2021\/10\/academia-de-xadrez-do-algarve-axal-conquista-subida-a-2a-divisao-do-xadrez-nacional\/desporto\/16\/20\/"},"wordCount":295,"publisher":{"@id":"https:\/\/algarve7.pt\/#organization"},"image":{"@id":"https:\/\/algarve7.pt\/index.php\/2021\/10\/academia-de-xadrez-do-algarve-axal-conquista-subida-a-2a-divisao-do-xadrez-nacional\/desporto\/16\/20\/#primaryimage"},"thumbnailUrl":"https:\/\/algarve7.pt\/wp-content\/uploads\/2021\/10\/1_foto-encontro-AXAL-vs-IFC-Torrense-02-10-2021-IPDJ.jpg","keywords":["Algarve","Desporto","Xadrez"],"articleSection":["Desporto"],"inLanguage":"pt-PT"},{"@type":"WebPage","@id":"https:\/\/algarve7.pt\/index.php\/2021\/10\/academia-de-xadrez-do-algarve-axal-conquista-subida-a-2a-divisao-do-xadrez-nacional\/desporto\/16\/20\/","url":"https:\/\/algarve7.pt\/index.php\/2021\/10\/academia-de-xadrez-do-algarve-axal-conquista-subida-a-2a-divisao-do-xadrez-nacional\/desporto\/16\/20\/","name":"Academia de Xadrez do Algarve (AXAL) conquista subida \u00e0 2\u00aa Divis\u00e3o do Xadrez Nacional - Algarve 7","isPartOf":{"@id":"https:\/\/algarve7.pt\/#website"},"primaryImageOfPage":{"@id":"https:\/\/algarve7.pt\/index.php\/2021\/10\/academia-de-xadrez-do-algarve-axal-conquista-subida-a-2a-divisao-do-xadrez-nacional\/desporto\/16\/20\/#primaryimage"},"image":{"@id":"https:\/\/algarve7.pt\/index.php\/2021\/10\/academia-de-xadrez-do-algarve-axal-conquista-subida-a-2a-divisao-do-xadrez-nacional\/desporto\/16\/20\/#primaryimage"},"thumbnailUrl":"https:\/\/algarve7.pt\/wp-content\/uploads\/2021\/10\/1_foto-encontro-AXAL-vs-IFC-Torrense-02-10-2021-IPDJ.jpg","datePublished":"2021-10-04T15:20:00+00:00","description":"Academia de Xadrez do Algarve (AXAL) conquista subida \u00e0 2\u00aa Divis\u00e3o do Xadrez Nacional Desporto","breadcrumb":{"@id":"https:\/\/algarve7.pt\/index.php\/2021\/10\/academia-de-xadrez-do-algarve-axal-conquista-subida-a-2a-divisao-do-xadrez-nacional\/desporto\/16\/20\/#breadcrumb"},"inLanguage":"pt-PT","potentialAction":[{"@type":"ReadAction","target":["https:\/\/algarve7.pt\/index.php\/2021\/10\/academia-de-xadrez-do-algarve-axal-conquista-subida-a-2a-divisao-do-xadrez-nacional\/desporto\/16\/20\/"]}]},{"@type":"ImageObject","inLanguage":"pt-PT","@id":"https:\/\/algarve7.pt\/index.php\/2021\/10\/academia-de-xadrez-do-algarve-axal-conquista-subida-a-2a-divisao-do-xadrez-nacional\/desporto\/16\/20\/#primaryimage","url":"https:\/\/algarve7.pt\/wp-content\/uploads\/2021\/10\/1_foto-encontro-AXAL-vs-IFC-Torrense-02-10-2021-IPDJ.jpg","contentUrl":"https:\/\/algarve7.pt\/wp-content\/uploads\/2021\/10\/1_foto-encontro-AXAL-vs-IFC-Torrense-02-10-2021-IPDJ.jpg","width":1920,"height":1237},{"@type":"BreadcrumbList","@id":"https:\/\/algarve7.pt\/index.php\/2021\/10\/academia-de-xadrez-do-algarve-axal-conquista-subida-a-2a-divisao-do-xadrez-nacional\/desporto\/16\/20\/#breadcrumb","itemListElement":[{"@type":"ListItem","position":1,"name":"In\u00edcio","item":"https:\/\/algarve7.pt\/"},{"@type":"ListItem","position":2,"name":"Academia de Xadrez do Algarve (AXAL) conquista subida \u00e0 2\u00aa Divis\u00e3o do Xadrez Nacional"}]},{"@type":"WebSite","@id":"https:\/\/algarve7.pt\/#website","url":"https:\/\/algarve7.pt\/","name":"Algarve 7","description":"Informa\u00e7\u00e3o sobre o Algarve","publisher":{"@id":"https:\/\/algarve7.pt\/#organization"},"potentialAction":[{"@type":"SearchAction","target":{"@type":"EntryPoint","urlTemplate":"https:\/\/algarve7.pt\/?s={search_term_string}"},"query-input":{"@type":"PropertyValueSpecification","valueRequired":true,"valueName":"search_term_string"}}],"inLanguage":"pt-PT"},{"@type":"Organization","@id":"https:\/\/algarve7.pt\/#organization","name":"Algarve 7","url":"https:\/\/algarve7.pt\/","logo":{"@type":"ImageObject","inLanguage":"pt-PT","@id":"https:\/\/algarve7.pt\/#\/schema\/logo\/image\/","url":"https:\/\/algarve7.pt\/wp-content\/uploads\/2020\/10\/Logo-8.jpg","contentUrl":"https:\/\/algarve7.pt\/wp-content\/uploads\/2020\/10\/Logo-8.jpg","width":1680,"height":1186,"caption":"Algarve 7"},"image":{"@id":"https:\/\/algarve7.pt\/#\/schema\/logo\/image\/"},"sameAs":["https:\/\/www.facebook.com\/algarve7","https:\/\/x.com\/Algarvesete","https:\/\/www.instagram.com\/jornalalgarve7\/","https:\/\/www.linkedin.com\/company\/algarve7","https:\/\/www.pinterest.pt\/geral0939\/_created\/"]},{"@type":"Person","@id":"https:\/\/algarve7.pt\/#\/schema\/person\/23fa70681308e7b319a3204bcea45e0c","name":"Algarve 7","sameAs":["https:\/\/algarve7.pt","https:\/\/www.facebook.com\/algarve7"],"url":"https:\/\/algarve7.pt\/index.php\/author\/geralalgarve7-pt\/"}]}},"jetpack_publicize_connections":[],"jetpack_featured_media_url":"https:\/\/algarve7.pt\/wp-content\/uploads\/2021\/10\/1_foto-encontro-AXAL-vs-IFC-Torrense-02-10-2021-IPDJ.jpg","jetpack_shortlink":"https:\/\/wp.me\/pcezmW-35a","jetpack_sharing_enabled":true,"_links":{"self":[{"href":"https:\/\/algarve7.pt\/index.php\/wp-json\/wp\/v2\/posts\/11852","targetHints":{"allow":["GET"]}}],"collection":[{"href":"https:\/\/algarve7.pt\/index.php\/wp-json\/wp\/v2\/posts"}],"about":[{"href":"https:\/\/algarve7.pt\/index.php\/wp-json\/wp\/v2\/types\/post"}],"author":[{"embeddable":true,"href":"https:\/\/algarve7.pt\/index.php\/wp-json\/wp\/v2\/users\/1"}],"replies":[{"embeddable":true,"href":"https:\/\/algarve7.pt\/index.php\/wp-json\/wp\/v2\/comments?post=11852"}],"version-history":[{"count":0,"href":"https:\/\/algarve7.pt\/index.php\/wp-json\/wp\/v2\/posts\/11852\/revisions"}],"wp:featuredmedia":[{"embeddable":true,"href":"https:\/\/algarve7.pt\/index.php\/wp-json\/wp\/v2\/media\/11853"}],"wp:attachment":[{"href":"https:\/\/algarve7.pt\/index.php\/wp-json\/wp\/v2\/media?parent=11852"}],"wp:term":[{"taxonomy":"category","embeddable":true,"href":"https:\/\/algarve7.pt\/index.php\/wp-json\/wp\/v2\/categories?post=11852"},{"taxonomy":"post_tag","embeddable":true,"href":"https:\/\/algarve7.pt\/index.php\/wp-json\/wp\/v2\/tags?post=11852"}],"curies":[{"name":"wp","href":"https:\/\/api.w.org\/{rel}","templated":true}]}}