{"id":11659,"date":"2021-09-28T11:23:24","date_gmt":"2021-09-28T10:23:24","guid":{"rendered":"https:\/\/algarve7.pt\/?p=11659"},"modified":"2021-09-28T11:23:27","modified_gmt":"2021-09-28T10:23:27","slug":"mercado-de-almancil-promove-saber-fazer-com-oficinas-para-visitantes","status":"publish","type":"post","link":"https:\/\/algarve7.pt\/index.php\/2021\/09\/mercado-de-almancil-promove-saber-fazer-com-oficinas-para-visitantes\/cultura\/11\/23\/","title":{"rendered":"Mercado de Almancil promove \u201csaber fazer\u201d com oficinas para visitantes"},"content":{"rendered":"\n<p>O Mercado Local de Produtores que se realiza na vila de Almancil, \u00e0s quintas-feiras, das 7h00 \u00e0s 13h00, junto \u00e0 ASCA- Associa\u00e7\u00e3o Social e Cultural de Almancil, inicia esta semana, dia 30 de setembro, um ciclo de a\u00e7\u00f5es de demonstra\u00e7\u00e3o e pr\u00e1ticas relacionadas com as tem\u00e1ticas do mercado: frutas, legumes, produtos agroalimentares e artesanato.<\/p>\n\n\n\n<p>Jos\u00e9 Amendoeira, artes\u00e3o da freguesia de Almancil que trabalha a cestaria e participa neste mercado, vai realizar duas oficinas, &#8211; \u00e0s 9h00 e outras \u00e0s 11h00 -, com o n\u00famero m\u00e1ximo de cinco participantes em cada uma, para demonstrar e transmitir t\u00e9cnicas do seu trabalho.&nbsp;<\/p>\n\n\n\n<p>Cada participante levar\u00e1 consigo o resultado desta experi\u00eancia, uma base de tacho, t\u00e3o perfeita quanto a mestria das suas m\u00e3os.<\/p>\n\n\n\n<p>As inscri\u00e7\u00f5es para participa\u00e7\u00e3o nas oficinas dever\u00e3o ser efetuadas junto da\u00a0Divis\u00e3o de Economia Local, Com\u00e9rcio e Turismo da C\u00e2mara Municipal de Loul\u00e9,\u00a0atrav\u00e9s do email\u00a0<a href=\"mailto:gae@cm-loule.pt\" target=\"_blank\" rel=\"noreferrer noopener\">gae@cm-loule.pt<\/a>\u00a0ou pelo telefone 289 400 829.\u00a0\u00a0<\/p>\n\n\n\n<p>O Mercado de Produtores de Almancil \u00e9 uma iniciativa do Munic\u00edpio de Loul\u00e9, em parceria com a Junta de Freguesia de Almancil e as empresas municipais Infraquinta e Infralobo, e destina-se \u00e0 comercializa\u00e7\u00e3o da produ\u00e7\u00e3o local pelos agricultores e transformadores. Contribui para a viabiliza\u00e7\u00e3o de cadeias curtas agroalimentares e para estimular a economia de proximidade, reter valor e popula\u00e7\u00e3o no territ\u00f3rio e, simultaneamente, aproximar produtores de consumidores, refor\u00e7ando a autonomia e sustentabilidade das comunidades.<\/p>\n","protected":false},"excerpt":{"rendered":"<p>O Mercado Local de Produtores que se realiza na vila de Almancil, \u00e0s quintas-feiras, das 7h00 \u00e0s 13h00, junto \u00e0<\/p>\n","protected":false},"author":1,"featured_media":11660,"comment_status":"closed","ping_status":"open","sticky":false,"template":"","format":"standard","meta":{"colormag_page_container_layout":"default_layout","colormag_page_sidebar_layout":"default_layout","_monsterinsights_skip_tracking":false,"_monsterinsights_sitenote_active":false,"_monsterinsights_sitenote_note":"","_monsterinsights_sitenote_category":0,"jetpack_post_was_ever_published":false,"_jetpack_newsletter_access":"","_jetpack_dont_email_post_to_subs":false,"_jetpack_newsletter_tier_id":0,"_jetpack_memberships_contains_paywalled_content":false,"_jetpack_memberships_contains_paid_content":false,"footnotes":"","jetpack_publicize_message":"","jetpack_publicize_feature_enabled":true,"jetpack_social_post_already_shared":true,"jetpack_social_options":{"image_generator_settings":{"template":"highway","default_image_id":0,"font":"","enabled":false},"version":2}},"categories":[14],"tags":[36,86,35,31,273],"class_list":["post-11659","post","type-post","status-publish","format-standard","has-post-thumbnail","hentry","category-cultura","tag-algarve","tag-almancil","tag-cultura","tag-loule","tag-mercado"],"yoast_head":"<!-- This site is optimized with the Yoast SEO plugin v27.5 - https:\/\/yoast.com\/product\/yoast-seo-wordpress\/ -->\n<title>Mercado de Almancil promove \u201csaber fazer\u201d com oficinas para visitantes - Algarve 7<\/title>\n<meta name=\"description\" content=\"Mercado de Almancil promove \u201csaber fazer\u201d com oficinas para visitantes Cultura\" \/>\n<meta name=\"robots\" content=\"index, follow, max-snippet:-1, max-image-preview:large, max-video-preview:-1\" \/>\n<link rel=\"canonical\" href=\"https:\/\/algarve7.pt\/index.php\/2021\/09\/mercado-de-almancil-promove-saber-fazer-com-oficinas-para-visitantes\/cultura\/11\/23\/\" \/>\n<meta property=\"og:locale\" content=\"pt_PT\" \/>\n<meta property=\"og:type\" content=\"article\" \/>\n<meta property=\"og:title\" content=\"Mercado de Almancil promove \u201csaber fazer\u201d com oficinas para visitantes - Algarve 7\" \/>\n<meta property=\"og:description\" content=\"Mercado de Almancil promove \u201csaber fazer\u201d com oficinas para visitantes Cultura\" \/>\n<meta property=\"og:url\" content=\"https:\/\/algarve7.pt\/index.php\/2021\/09\/mercado-de-almancil-promove-saber-fazer-com-oficinas-para-visitantes\/cultura\/11\/23\/\" \/>\n<meta property=\"og:site_name\" content=\"Algarve 7\" \/>\n<meta property=\"article:publisher\" content=\"https:\/\/www.facebook.com\/algarve7\" \/>\n<meta property=\"article:author\" content=\"https:\/\/www.facebook.com\/algarve7\" \/>\n<meta property=\"article:published_time\" content=\"2021-09-28T10:23:24+00:00\" \/>\n<meta property=\"article:modified_time\" content=\"2021-09-28T10:23:27+00:00\" \/>\n<meta property=\"og:image\" content=\"https:\/\/algarve7.pt\/wp-content\/uploads\/2021\/09\/Jose-Amendoeira-Cestaria-1.jpg\" \/>\n\t<meta property=\"og:image:width\" content=\"1361\" \/>\n\t<meta property=\"og:image:height\" content=\"1815\" \/>\n\t<meta property=\"og:image:type\" content=\"image\/jpeg\" \/>\n<meta name=\"author\" content=\"Algarve 7\" \/>\n<meta name=\"twitter:card\" content=\"summary_large_image\" \/>\n<meta name=\"twitter:creator\" content=\"@Algarvesete\" \/>\n<meta name=\"twitter:site\" content=\"@Algarvesete\" \/>\n<meta name=\"twitter:label1\" content=\"Escrito por\" \/>\n\t<meta name=\"twitter:data1\" content=\"Algarve 7\" \/>\n\t<meta name=\"twitter:label2\" content=\"Tempo estimado de leitura\" \/>\n\t<meta name=\"twitter:data2\" content=\"1 minuto\" \/>\n<script type=\"application\/ld+json\" class=\"yoast-schema-graph\">{\"@context\":\"https:\\\/\\\/schema.org\",\"@graph\":[{\"@type\":\"Article\",\"@id\":\"https:\\\/\\\/algarve7.pt\\\/index.php\\\/2021\\\/09\\\/mercado-de-almancil-promove-saber-fazer-com-oficinas-para-visitantes\\\/cultura\\\/11\\\/23\\\/#article\",\"isPartOf\":{\"@id\":\"https:\\\/\\\/algarve7.pt\\\/index.php\\\/2021\\\/09\\\/mercado-de-almancil-promove-saber-fazer-com-oficinas-para-visitantes\\\/cultura\\\/11\\\/23\\\/\"},\"author\":{\"name\":\"Algarve 7\",\"@id\":\"https:\\\/\\\/algarve7.pt\\\/#\\\/schema\\\/person\\\/23fa70681308e7b319a3204bcea45e0c\"},\"headline\":\"Mercado de Almancil promove \u201csaber fazer\u201d com oficinas para visitantes\",\"datePublished\":\"2021-09-28T10:23:24+00:00\",\"dateModified\":\"2021-09-28T10:23:27+00:00\",\"mainEntityOfPage\":{\"@id\":\"https:\\\/\\\/algarve7.pt\\\/index.php\\\/2021\\\/09\\\/mercado-de-almancil-promove-saber-fazer-com-oficinas-para-visitantes\\\/cultura\\\/11\\\/23\\\/\"},\"wordCount\":258,\"publisher\":{\"@id\":\"https:\\\/\\\/algarve7.pt\\\/#organization\"},\"image\":{\"@id\":\"https:\\\/\\\/algarve7.pt\\\/index.php\\\/2021\\\/09\\\/mercado-de-almancil-promove-saber-fazer-com-oficinas-para-visitantes\\\/cultura\\\/11\\\/23\\\/#primaryimage\"},\"thumbnailUrl\":\"https:\\\/\\\/algarve7.pt\\\/wp-content\\\/uploads\\\/2021\\\/09\\\/Jose-Amendoeira-Cestaria-1.jpg\",\"keywords\":[\"Algarve\",\"Almancil\",\"Cultura\",\"Loul\u00e9\",\"Mercado\"],\"articleSection\":[\"Cultura\"],\"inLanguage\":\"pt-PT\"},{\"@type\":\"WebPage\",\"@id\":\"https:\\\/\\\/algarve7.pt\\\/index.php\\\/2021\\\/09\\\/mercado-de-almancil-promove-saber-fazer-com-oficinas-para-visitantes\\\/cultura\\\/11\\\/23\\\/\",\"url\":\"https:\\\/\\\/algarve7.pt\\\/index.php\\\/2021\\\/09\\\/mercado-de-almancil-promove-saber-fazer-com-oficinas-para-visitantes\\\/cultura\\\/11\\\/23\\\/\",\"name\":\"Mercado de Almancil promove \u201csaber fazer\u201d com oficinas para visitantes - Algarve 7\",\"isPartOf\":{\"@id\":\"https:\\\/\\\/algarve7.pt\\\/#website\"},\"primaryImageOfPage\":{\"@id\":\"https:\\\/\\\/algarve7.pt\\\/index.php\\\/2021\\\/09\\\/mercado-de-almancil-promove-saber-fazer-com-oficinas-para-visitantes\\\/cultura\\\/11\\\/23\\\/#primaryimage\"},\"image\":{\"@id\":\"https:\\\/\\\/algarve7.pt\\\/index.php\\\/2021\\\/09\\\/mercado-de-almancil-promove-saber-fazer-com-oficinas-para-visitantes\\\/cultura\\\/11\\\/23\\\/#primaryimage\"},\"thumbnailUrl\":\"https:\\\/\\\/algarve7.pt\\\/wp-content\\\/uploads\\\/2021\\\/09\\\/Jose-Amendoeira-Cestaria-1.jpg\",\"datePublished\":\"2021-09-28T10:23:24+00:00\",\"dateModified\":\"2021-09-28T10:23:27+00:00\",\"description\":\"Mercado de Almancil promove \u201csaber fazer\u201d com oficinas para visitantes Cultura\",\"breadcrumb\":{\"@id\":\"https:\\\/\\\/algarve7.pt\\\/index.php\\\/2021\\\/09\\\/mercado-de-almancil-promove-saber-fazer-com-oficinas-para-visitantes\\\/cultura\\\/11\\\/23\\\/#breadcrumb\"},\"inLanguage\":\"pt-PT\",\"potentialAction\":[{\"@type\":\"ReadAction\",\"target\":[\"https:\\\/\\\/algarve7.pt\\\/index.php\\\/2021\\\/09\\\/mercado-de-almancil-promove-saber-fazer-com-oficinas-para-visitantes\\\/cultura\\\/11\\\/23\\\/\"]}]},{\"@type\":\"ImageObject\",\"inLanguage\":\"pt-PT\",\"@id\":\"https:\\\/\\\/algarve7.pt\\\/index.php\\\/2021\\\/09\\\/mercado-de-almancil-promove-saber-fazer-com-oficinas-para-visitantes\\\/cultura\\\/11\\\/23\\\/#primaryimage\",\"url\":\"https:\\\/\\\/algarve7.pt\\\/wp-content\\\/uploads\\\/2021\\\/09\\\/Jose-Amendoeira-Cestaria-1.jpg\",\"contentUrl\":\"https:\\\/\\\/algarve7.pt\\\/wp-content\\\/uploads\\\/2021\\\/09\\\/Jose-Amendoeira-Cestaria-1.jpg\",\"width\":1361,\"height\":1815},{\"@type\":\"BreadcrumbList\",\"@id\":\"https:\\\/\\\/algarve7.pt\\\/index.php\\\/2021\\\/09\\\/mercado-de-almancil-promove-saber-fazer-com-oficinas-para-visitantes\\\/cultura\\\/11\\\/23\\\/#breadcrumb\",\"itemListElement\":[{\"@type\":\"ListItem\",\"position\":1,\"name\":\"In\u00edcio\",\"item\":\"https:\\\/\\\/algarve7.pt\\\/\"},{\"@type\":\"ListItem\",\"position\":2,\"name\":\"Mercado de Almancil promove \u201csaber fazer\u201d com oficinas para visitantes\"}]},{\"@type\":\"WebSite\",\"@id\":\"https:\\\/\\\/algarve7.pt\\\/#website\",\"url\":\"https:\\\/\\\/algarve7.pt\\\/\",\"name\":\"Algarve 7\",\"description\":\"Informa\u00e7\u00e3o sobre o Algarve\",\"publisher\":{\"@id\":\"https:\\\/\\\/algarve7.pt\\\/#organization\"},\"potentialAction\":[{\"@type\":\"SearchAction\",\"target\":{\"@type\":\"EntryPoint\",\"urlTemplate\":\"https:\\\/\\\/algarve7.pt\\\/?s={search_term_string}\"},\"query-input\":{\"@type\":\"PropertyValueSpecification\",\"valueRequired\":true,\"valueName\":\"search_term_string\"}}],\"inLanguage\":\"pt-PT\"},{\"@type\":\"Organization\",\"@id\":\"https:\\\/\\\/algarve7.pt\\\/#organization\",\"name\":\"Algarve 7\",\"url\":\"https:\\\/\\\/algarve7.pt\\\/\",\"logo\":{\"@type\":\"ImageObject\",\"inLanguage\":\"pt-PT\",\"@id\":\"https:\\\/\\\/algarve7.pt\\\/#\\\/schema\\\/logo\\\/image\\\/\",\"url\":\"https:\\\/\\\/algarve7.pt\\\/wp-content\\\/uploads\\\/2020\\\/10\\\/Logo-8.jpg\",\"contentUrl\":\"https:\\\/\\\/algarve7.pt\\\/wp-content\\\/uploads\\\/2020\\\/10\\\/Logo-8.jpg\",\"width\":1680,\"height\":1186,\"caption\":\"Algarve 7\"},\"image\":{\"@id\":\"https:\\\/\\\/algarve7.pt\\\/#\\\/schema\\\/logo\\\/image\\\/\"},\"sameAs\":[\"https:\\\/\\\/www.facebook.com\\\/algarve7\",\"https:\\\/\\\/x.com\\\/Algarvesete\",\"https:\\\/\\\/www.instagram.com\\\/jornalalgarve7\\\/\",\"https:\\\/\\\/www.linkedin.com\\\/company\\\/algarve7\",\"https:\\\/\\\/www.pinterest.pt\\\/geral0939\\\/_created\\\/\"]},{\"@type\":\"Person\",\"@id\":\"https:\\\/\\\/algarve7.pt\\\/#\\\/schema\\\/person\\\/23fa70681308e7b319a3204bcea45e0c\",\"name\":\"Algarve 7\",\"sameAs\":[\"https:\\\/\\\/algarve7.pt\",\"https:\\\/\\\/www.facebook.com\\\/algarve7\"],\"url\":\"https:\\\/\\\/algarve7.pt\\\/index.php\\\/author\\\/geralalgarve7-pt\\\/\"}]}<\/script>\n<!-- \/ Yoast SEO plugin. -->","yoast_head_json":{"title":"Mercado de Almancil promove \u201csaber fazer\u201d com oficinas para visitantes - Algarve 7","description":"Mercado de Almancil promove \u201csaber fazer\u201d com oficinas para visitantes Cultura","robots":{"index":"index","follow":"follow","max-snippet":"max-snippet:-1","max-image-preview":"max-image-preview:large","max-video-preview":"max-video-preview:-1"},"canonical":"https:\/\/algarve7.pt\/index.php\/2021\/09\/mercado-de-almancil-promove-saber-fazer-com-oficinas-para-visitantes\/cultura\/11\/23\/","og_locale":"pt_PT","og_type":"article","og_title":"Mercado de Almancil promove \u201csaber fazer\u201d com oficinas para visitantes - Algarve 7","og_description":"Mercado de Almancil promove \u201csaber fazer\u201d com oficinas para visitantes Cultura","og_url":"https:\/\/algarve7.pt\/index.php\/2021\/09\/mercado-de-almancil-promove-saber-fazer-com-oficinas-para-visitantes\/cultura\/11\/23\/","og_site_name":"Algarve 7","article_publisher":"https:\/\/www.facebook.com\/algarve7","article_author":"https:\/\/www.facebook.com\/algarve7","article_published_time":"2021-09-28T10:23:24+00:00","article_modified_time":"2021-09-28T10:23:27+00:00","og_image":[{"width":1361,"height":1815,"url":"https:\/\/algarve7.pt\/wp-content\/uploads\/2021\/09\/Jose-Amendoeira-Cestaria-1.jpg","type":"image\/jpeg"}],"author":"Algarve 7","twitter_card":"summary_large_image","twitter_creator":"@Algarvesete","twitter_site":"@Algarvesete","twitter_misc":{"Escrito por":"Algarve 7","Tempo estimado de leitura":"1 minuto"},"schema":{"@context":"https:\/\/schema.org","@graph":[{"@type":"Article","@id":"https:\/\/algarve7.pt\/index.php\/2021\/09\/mercado-de-almancil-promove-saber-fazer-com-oficinas-para-visitantes\/cultura\/11\/23\/#article","isPartOf":{"@id":"https:\/\/algarve7.pt\/index.php\/2021\/09\/mercado-de-almancil-promove-saber-fazer-com-oficinas-para-visitantes\/cultura\/11\/23\/"},"author":{"name":"Algarve 7","@id":"https:\/\/algarve7.pt\/#\/schema\/person\/23fa70681308e7b319a3204bcea45e0c"},"headline":"Mercado de Almancil promove \u201csaber fazer\u201d com oficinas para visitantes","datePublished":"2021-09-28T10:23:24+00:00","dateModified":"2021-09-28T10:23:27+00:00","mainEntityOfPage":{"@id":"https:\/\/algarve7.pt\/index.php\/2021\/09\/mercado-de-almancil-promove-saber-fazer-com-oficinas-para-visitantes\/cultura\/11\/23\/"},"wordCount":258,"publisher":{"@id":"https:\/\/algarve7.pt\/#organization"},"image":{"@id":"https:\/\/algarve7.pt\/index.php\/2021\/09\/mercado-de-almancil-promove-saber-fazer-com-oficinas-para-visitantes\/cultura\/11\/23\/#primaryimage"},"thumbnailUrl":"https:\/\/algarve7.pt\/wp-content\/uploads\/2021\/09\/Jose-Amendoeira-Cestaria-1.jpg","keywords":["Algarve","Almancil","Cultura","Loul\u00e9","Mercado"],"articleSection":["Cultura"],"inLanguage":"pt-PT"},{"@type":"WebPage","@id":"https:\/\/algarve7.pt\/index.php\/2021\/09\/mercado-de-almancil-promove-saber-fazer-com-oficinas-para-visitantes\/cultura\/11\/23\/","url":"https:\/\/algarve7.pt\/index.php\/2021\/09\/mercado-de-almancil-promove-saber-fazer-com-oficinas-para-visitantes\/cultura\/11\/23\/","name":"Mercado de Almancil promove \u201csaber fazer\u201d com oficinas para visitantes - Algarve 7","isPartOf":{"@id":"https:\/\/algarve7.pt\/#website"},"primaryImageOfPage":{"@id":"https:\/\/algarve7.pt\/index.php\/2021\/09\/mercado-de-almancil-promove-saber-fazer-com-oficinas-para-visitantes\/cultura\/11\/23\/#primaryimage"},"image":{"@id":"https:\/\/algarve7.pt\/index.php\/2021\/09\/mercado-de-almancil-promove-saber-fazer-com-oficinas-para-visitantes\/cultura\/11\/23\/#primaryimage"},"thumbnailUrl":"https:\/\/algarve7.pt\/wp-content\/uploads\/2021\/09\/Jose-Amendoeira-Cestaria-1.jpg","datePublished":"2021-09-28T10:23:24+00:00","dateModified":"2021-09-28T10:23:27+00:00","description":"Mercado de Almancil promove \u201csaber fazer\u201d com oficinas para visitantes Cultura","breadcrumb":{"@id":"https:\/\/algarve7.pt\/index.php\/2021\/09\/mercado-de-almancil-promove-saber-fazer-com-oficinas-para-visitantes\/cultura\/11\/23\/#breadcrumb"},"inLanguage":"pt-PT","potentialAction":[{"@type":"ReadAction","target":["https:\/\/algarve7.pt\/index.php\/2021\/09\/mercado-de-almancil-promove-saber-fazer-com-oficinas-para-visitantes\/cultura\/11\/23\/"]}]},{"@type":"ImageObject","inLanguage":"pt-PT","@id":"https:\/\/algarve7.pt\/index.php\/2021\/09\/mercado-de-almancil-promove-saber-fazer-com-oficinas-para-visitantes\/cultura\/11\/23\/#primaryimage","url":"https:\/\/algarve7.pt\/wp-content\/uploads\/2021\/09\/Jose-Amendoeira-Cestaria-1.jpg","contentUrl":"https:\/\/algarve7.pt\/wp-content\/uploads\/2021\/09\/Jose-Amendoeira-Cestaria-1.jpg","width":1361,"height":1815},{"@type":"BreadcrumbList","@id":"https:\/\/algarve7.pt\/index.php\/2021\/09\/mercado-de-almancil-promove-saber-fazer-com-oficinas-para-visitantes\/cultura\/11\/23\/#breadcrumb","itemListElement":[{"@type":"ListItem","position":1,"name":"In\u00edcio","item":"https:\/\/algarve7.pt\/"},{"@type":"ListItem","position":2,"name":"Mercado de Almancil promove \u201csaber fazer\u201d com oficinas para visitantes"}]},{"@type":"WebSite","@id":"https:\/\/algarve7.pt\/#website","url":"https:\/\/algarve7.pt\/","name":"Algarve 7","description":"Informa\u00e7\u00e3o sobre o Algarve","publisher":{"@id":"https:\/\/algarve7.pt\/#organization"},"potentialAction":[{"@type":"SearchAction","target":{"@type":"EntryPoint","urlTemplate":"https:\/\/algarve7.pt\/?s={search_term_string}"},"query-input":{"@type":"PropertyValueSpecification","valueRequired":true,"valueName":"search_term_string"}}],"inLanguage":"pt-PT"},{"@type":"Organization","@id":"https:\/\/algarve7.pt\/#organization","name":"Algarve 7","url":"https:\/\/algarve7.pt\/","logo":{"@type":"ImageObject","inLanguage":"pt-PT","@id":"https:\/\/algarve7.pt\/#\/schema\/logo\/image\/","url":"https:\/\/algarve7.pt\/wp-content\/uploads\/2020\/10\/Logo-8.jpg","contentUrl":"https:\/\/algarve7.pt\/wp-content\/uploads\/2020\/10\/Logo-8.jpg","width":1680,"height":1186,"caption":"Algarve 7"},"image":{"@id":"https:\/\/algarve7.pt\/#\/schema\/logo\/image\/"},"sameAs":["https:\/\/www.facebook.com\/algarve7","https:\/\/x.com\/Algarvesete","https:\/\/www.instagram.com\/jornalalgarve7\/","https:\/\/www.linkedin.com\/company\/algarve7","https:\/\/www.pinterest.pt\/geral0939\/_created\/"]},{"@type":"Person","@id":"https:\/\/algarve7.pt\/#\/schema\/person\/23fa70681308e7b319a3204bcea45e0c","name":"Algarve 7","sameAs":["https:\/\/algarve7.pt","https:\/\/www.facebook.com\/algarve7"],"url":"https:\/\/algarve7.pt\/index.php\/author\/geralalgarve7-pt\/"}]}},"jetpack_publicize_connections":[],"jetpack_featured_media_url":"https:\/\/algarve7.pt\/wp-content\/uploads\/2021\/09\/Jose-Amendoeira-Cestaria-1.jpg","jetpack_shortlink":"https:\/\/wp.me\/pcezmW-323","jetpack_sharing_enabled":true,"_links":{"self":[{"href":"https:\/\/algarve7.pt\/index.php\/wp-json\/wp\/v2\/posts\/11659","targetHints":{"allow":["GET"]}}],"collection":[{"href":"https:\/\/algarve7.pt\/index.php\/wp-json\/wp\/v2\/posts"}],"about":[{"href":"https:\/\/algarve7.pt\/index.php\/wp-json\/wp\/v2\/types\/post"}],"author":[{"embeddable":true,"href":"https:\/\/algarve7.pt\/index.php\/wp-json\/wp\/v2\/users\/1"}],"replies":[{"embeddable":true,"href":"https:\/\/algarve7.pt\/index.php\/wp-json\/wp\/v2\/comments?post=11659"}],"version-history":[{"count":0,"href":"https:\/\/algarve7.pt\/index.php\/wp-json\/wp\/v2\/posts\/11659\/revisions"}],"wp:featuredmedia":[{"embeddable":true,"href":"https:\/\/algarve7.pt\/index.php\/wp-json\/wp\/v2\/media\/11660"}],"wp:attachment":[{"href":"https:\/\/algarve7.pt\/index.php\/wp-json\/wp\/v2\/media?parent=11659"}],"wp:term":[{"taxonomy":"category","embeddable":true,"href":"https:\/\/algarve7.pt\/index.php\/wp-json\/wp\/v2\/categories?post=11659"},{"taxonomy":"post_tag","embeddable":true,"href":"https:\/\/algarve7.pt\/index.php\/wp-json\/wp\/v2\/tags?post=11659"}],"curies":[{"name":"wp","href":"https:\/\/api.w.org\/{rel}","templated":true}]}}