{"id":11656,"date":"2021-09-27T19:01:12","date_gmt":"2021-09-27T18:01:12","guid":{"rendered":"https:\/\/algarve7.pt\/?p=11656"},"modified":"2021-09-27T19:01:14","modified_gmt":"2021-09-27T18:01:14","slug":"estacao-nautica-de-faro-lanca-plataforma-digital-no-dia-mundial-do-turismo","status":"publish","type":"post","link":"https:\/\/algarve7.pt\/index.php\/2021\/09\/estacao-nautica-de-faro-lanca-plataforma-digital-no-dia-mundial-do-turismo\/turismo\/19\/01\/","title":{"rendered":"Esta\u00e7\u00e3o n\u00e1utica de Faro lan\u00e7a plataforma digital no dia mundial do turismo"},"content":{"rendered":"\n<p>Associando-se \u00e0 efem\u00e9ride do Dia Mundial de Turismo, que se assinala hoje, dia 27 de setembro, sob o tema designado pela Organiza\u00e7\u00e3o Mundial do Turismo (OMT) para 2021 &#8211;\u00a0<strong><em>Turismo para um crescimento inclusivo &#8211;\u00a0<\/em><\/strong>a rede de parceiros da Esta\u00e7\u00e3o N\u00e1utica de Faro lan\u00e7a\u00a0<em>online<\/em>\u00a0neste dia a sua nova plataforma digital, que poder\u00e1 ser acedida em\u00a0<a href=\"http:\/\/www.nauticalfaro.com\/\" target=\"_blank\" rel=\"noreferrer noopener\">www.nauticalfaro.com<\/a><\/p>\n\n\n\n<p>Esta rede de entidades, que tem o Munic\u00edpio de Faro como entidade coordenadora, &nbsp;conta atualmente com cerca de 50 parceiros, estado aberta \u00e0 ades\u00e3o de novos, mediante pedido.&nbsp;<\/p>\n\n\n\n<p>A plataforma agora lan\u00e7ada disponibiliza, de forma intuitiva e acess\u00edvel, informa\u00e7\u00e3o gen\u00e9rica sobre o destino Faro,&nbsp;sua oferta tur\u00edstica&nbsp;e empresas, com destaque para a n\u00e1utica,&nbsp;mas tamb\u00e9m apresentando&nbsp;oferta de alojamento, restaura\u00e7\u00e3o, anima\u00e7\u00e3o tur\u00edstica, ensino, sa\u00fade e bem-estar, cultura, desporto e outras atividades e servi\u00e7os de apoio \u00e0 n\u00e1utica.<\/p>\n\n\n\n<p>Entre outras funcionalidades, permite elencar a oferta de actividades das entidades parceiras, e seu agendamento.&nbsp;<\/p>\n\n\n\n<p>A cria\u00e7\u00e3o desta plataforma surge na sequ\u00eancia do reconhecimento de Faro enquanto destino n\u00e1utico, certificado atribu\u00eddo pela F\u00f3rum Oceano.<\/p>\n\n\n\n<p>Este reconhecimento resultou da candidatura apresentada, que teve na Ria Formosa, sua actividades e produtos, suas ilhas barreira, estruturas de apoio \u00e0 n\u00e1utica e oferta de actividades de lazer existentes, os seus pontos fortes.&nbsp;<\/p>\n\n\n\n<p>Tendo sido financiada pelo GAL Pesca do Sotavento do Algarve, tem o Munic\u00edpio de Faro como entidade coordenadora e com o seu lan\u00e7amento pretende-se dar maior visibilidade \u00e0s atividades n\u00e1uticas no concelho, desenvolvidas ao longo de todo o ano, procurando contribuir para o aumento de turistas e visitantes, bem como para o aumento do tempo m\u00e9dio de estada dos turistas em Faro.&nbsp;<\/p>\n","protected":false},"excerpt":{"rendered":"<p>Associando-se \u00e0 efem\u00e9ride do Dia Mundial de Turismo, que se assinala hoje, dia 27 de setembro, sob o tema designado<\/p>\n","protected":false},"author":1,"featured_media":11657,"comment_status":"closed","ping_status":"open","sticky":false,"template":"","format":"standard","meta":{"colormag_page_container_layout":"default_layout","colormag_page_sidebar_layout":"default_layout","_monsterinsights_skip_tracking":false,"_monsterinsights_sitenote_active":false,"_monsterinsights_sitenote_note":"","_monsterinsights_sitenote_category":0,"jetpack_post_was_ever_published":false,"_jetpack_newsletter_access":"","_jetpack_dont_email_post_to_subs":false,"_jetpack_newsletter_tier_id":0,"_jetpack_memberships_contains_paywalled_content":false,"_jetpack_memberships_contains_paid_content":false,"footnotes":"","jetpack_publicize_message":"","jetpack_publicize_feature_enabled":true,"jetpack_social_post_already_shared":true,"jetpack_social_options":{"image_generator_settings":{"template":"highway","default_image_id":0,"font":"","enabled":false},"version":2}},"categories":[17],"tags":[36,57,45],"class_list":["post-11656","post","type-post","status-publish","format-standard","has-post-thumbnail","hentry","category-turismo","tag-algarve","tag-faro","tag-turismo"],"yoast_head":"<!-- This site is optimized with the Yoast SEO plugin v27.5 - https:\/\/yoast.com\/product\/yoast-seo-wordpress\/ -->\n<title>Esta\u00e7\u00e3o n\u00e1utica de Faro lan\u00e7a plataforma digital no dia mundial do turismo - Algarve 7<\/title>\n<meta name=\"description\" content=\"Esta\u00e7\u00e3o n\u00e1utica de Faro lan\u00e7a plataforma digital no dia mundial do turismo Turismo\" \/>\n<meta name=\"robots\" content=\"index, follow, max-snippet:-1, max-image-preview:large, max-video-preview:-1\" \/>\n<link rel=\"canonical\" href=\"https:\/\/algarve7.pt\/index.php\/2021\/09\/estacao-nautica-de-faro-lanca-plataforma-digital-no-dia-mundial-do-turismo\/turismo\/19\/01\/\" \/>\n<meta property=\"og:locale\" content=\"pt_PT\" \/>\n<meta property=\"og:type\" content=\"article\" \/>\n<meta property=\"og:title\" content=\"Esta\u00e7\u00e3o n\u00e1utica de Faro lan\u00e7a plataforma digital no dia mundial do turismo - Algarve 7\" \/>\n<meta property=\"og:description\" content=\"Esta\u00e7\u00e3o n\u00e1utica de Faro lan\u00e7a plataforma digital no dia mundial do turismo Turismo\" \/>\n<meta property=\"og:url\" content=\"https:\/\/algarve7.pt\/index.php\/2021\/09\/estacao-nautica-de-faro-lanca-plataforma-digital-no-dia-mundial-do-turismo\/turismo\/19\/01\/\" \/>\n<meta property=\"og:site_name\" content=\"Algarve 7\" \/>\n<meta property=\"article:publisher\" content=\"https:\/\/www.facebook.com\/algarve7\" \/>\n<meta property=\"article:author\" content=\"https:\/\/www.facebook.com\/algarve7\" \/>\n<meta property=\"article:published_time\" content=\"2021-09-27T18:01:12+00:00\" \/>\n<meta property=\"article:modified_time\" content=\"2021-09-27T18:01:14+00:00\" \/>\n<meta property=\"og:image\" content=\"https:\/\/algarve7.pt\/wp-content\/uploads\/2021\/09\/Captura-de-ecra-2021-09-27-as-18.58.47-1024x690.png\" \/>\n\t<meta property=\"og:image:width\" content=\"1024\" \/>\n\t<meta property=\"og:image:height\" content=\"690\" \/>\n\t<meta property=\"og:image:type\" content=\"image\/png\" \/>\n<meta name=\"author\" content=\"Algarve 7\" \/>\n<meta name=\"twitter:card\" content=\"summary_large_image\" \/>\n<meta name=\"twitter:creator\" content=\"@Algarvesete\" \/>\n<meta name=\"twitter:site\" content=\"@Algarvesete\" \/>\n<meta name=\"twitter:label1\" content=\"Escrito por\" \/>\n\t<meta name=\"twitter:data1\" content=\"Algarve 7\" \/>\n\t<meta name=\"twitter:label2\" content=\"Tempo estimado de leitura\" \/>\n\t<meta name=\"twitter:data2\" content=\"2 minutos\" \/>\n<script type=\"application\/ld+json\" class=\"yoast-schema-graph\">{\"@context\":\"https:\\\/\\\/schema.org\",\"@graph\":[{\"@type\":\"Article\",\"@id\":\"https:\\\/\\\/algarve7.pt\\\/index.php\\\/2021\\\/09\\\/estacao-nautica-de-faro-lanca-plataforma-digital-no-dia-mundial-do-turismo\\\/turismo\\\/19\\\/01\\\/#article\",\"isPartOf\":{\"@id\":\"https:\\\/\\\/algarve7.pt\\\/index.php\\\/2021\\\/09\\\/estacao-nautica-de-faro-lanca-plataforma-digital-no-dia-mundial-do-turismo\\\/turismo\\\/19\\\/01\\\/\"},\"author\":{\"name\":\"Algarve 7\",\"@id\":\"https:\\\/\\\/algarve7.pt\\\/#\\\/schema\\\/person\\\/23fa70681308e7b319a3204bcea45e0c\"},\"headline\":\"Esta\u00e7\u00e3o n\u00e1utica de Faro lan\u00e7a plataforma digital no dia mundial do turismo\",\"datePublished\":\"2021-09-27T18:01:12+00:00\",\"dateModified\":\"2021-09-27T18:01:14+00:00\",\"mainEntityOfPage\":{\"@id\":\"https:\\\/\\\/algarve7.pt\\\/index.php\\\/2021\\\/09\\\/estacao-nautica-de-faro-lanca-plataforma-digital-no-dia-mundial-do-turismo\\\/turismo\\\/19\\\/01\\\/\"},\"wordCount\":316,\"publisher\":{\"@id\":\"https:\\\/\\\/algarve7.pt\\\/#organization\"},\"image\":{\"@id\":\"https:\\\/\\\/algarve7.pt\\\/index.php\\\/2021\\\/09\\\/estacao-nautica-de-faro-lanca-plataforma-digital-no-dia-mundial-do-turismo\\\/turismo\\\/19\\\/01\\\/#primaryimage\"},\"thumbnailUrl\":\"https:\\\/\\\/algarve7.pt\\\/wp-content\\\/uploads\\\/2021\\\/09\\\/Captura-de-ecra-2021-09-27-as-18.58.47.png\",\"keywords\":[\"Algarve\",\"Faro\",\"Turismo\"],\"articleSection\":[\"Turismo\"],\"inLanguage\":\"pt-PT\"},{\"@type\":\"WebPage\",\"@id\":\"https:\\\/\\\/algarve7.pt\\\/index.php\\\/2021\\\/09\\\/estacao-nautica-de-faro-lanca-plataforma-digital-no-dia-mundial-do-turismo\\\/turismo\\\/19\\\/01\\\/\",\"url\":\"https:\\\/\\\/algarve7.pt\\\/index.php\\\/2021\\\/09\\\/estacao-nautica-de-faro-lanca-plataforma-digital-no-dia-mundial-do-turismo\\\/turismo\\\/19\\\/01\\\/\",\"name\":\"Esta\u00e7\u00e3o n\u00e1utica de Faro lan\u00e7a plataforma digital no dia mundial do turismo - Algarve 7\",\"isPartOf\":{\"@id\":\"https:\\\/\\\/algarve7.pt\\\/#website\"},\"primaryImageOfPage\":{\"@id\":\"https:\\\/\\\/algarve7.pt\\\/index.php\\\/2021\\\/09\\\/estacao-nautica-de-faro-lanca-plataforma-digital-no-dia-mundial-do-turismo\\\/turismo\\\/19\\\/01\\\/#primaryimage\"},\"image\":{\"@id\":\"https:\\\/\\\/algarve7.pt\\\/index.php\\\/2021\\\/09\\\/estacao-nautica-de-faro-lanca-plataforma-digital-no-dia-mundial-do-turismo\\\/turismo\\\/19\\\/01\\\/#primaryimage\"},\"thumbnailUrl\":\"https:\\\/\\\/algarve7.pt\\\/wp-content\\\/uploads\\\/2021\\\/09\\\/Captura-de-ecra-2021-09-27-as-18.58.47.png\",\"datePublished\":\"2021-09-27T18:01:12+00:00\",\"dateModified\":\"2021-09-27T18:01:14+00:00\",\"description\":\"Esta\u00e7\u00e3o n\u00e1utica de Faro lan\u00e7a plataforma digital no dia mundial do turismo Turismo\",\"breadcrumb\":{\"@id\":\"https:\\\/\\\/algarve7.pt\\\/index.php\\\/2021\\\/09\\\/estacao-nautica-de-faro-lanca-plataforma-digital-no-dia-mundial-do-turismo\\\/turismo\\\/19\\\/01\\\/#breadcrumb\"},\"inLanguage\":\"pt-PT\",\"potentialAction\":[{\"@type\":\"ReadAction\",\"target\":[\"https:\\\/\\\/algarve7.pt\\\/index.php\\\/2021\\\/09\\\/estacao-nautica-de-faro-lanca-plataforma-digital-no-dia-mundial-do-turismo\\\/turismo\\\/19\\\/01\\\/\"]}]},{\"@type\":\"ImageObject\",\"inLanguage\":\"pt-PT\",\"@id\":\"https:\\\/\\\/algarve7.pt\\\/index.php\\\/2021\\\/09\\\/estacao-nautica-de-faro-lanca-plataforma-digital-no-dia-mundial-do-turismo\\\/turismo\\\/19\\\/01\\\/#primaryimage\",\"url\":\"https:\\\/\\\/algarve7.pt\\\/wp-content\\\/uploads\\\/2021\\\/09\\\/Captura-de-ecra-2021-09-27-as-18.58.47.png\",\"contentUrl\":\"https:\\\/\\\/algarve7.pt\\\/wp-content\\\/uploads\\\/2021\\\/09\\\/Captura-de-ecra-2021-09-27-as-18.58.47.png\",\"width\":1868,\"height\":1258},{\"@type\":\"BreadcrumbList\",\"@id\":\"https:\\\/\\\/algarve7.pt\\\/index.php\\\/2021\\\/09\\\/estacao-nautica-de-faro-lanca-plataforma-digital-no-dia-mundial-do-turismo\\\/turismo\\\/19\\\/01\\\/#breadcrumb\",\"itemListElement\":[{\"@type\":\"ListItem\",\"position\":1,\"name\":\"In\u00edcio\",\"item\":\"https:\\\/\\\/algarve7.pt\\\/\"},{\"@type\":\"ListItem\",\"position\":2,\"name\":\"Esta\u00e7\u00e3o n\u00e1utica de Faro lan\u00e7a plataforma digital no dia mundial do turismo\"}]},{\"@type\":\"WebSite\",\"@id\":\"https:\\\/\\\/algarve7.pt\\\/#website\",\"url\":\"https:\\\/\\\/algarve7.pt\\\/\",\"name\":\"Algarve 7\",\"description\":\"Informa\u00e7\u00e3o sobre o Algarve\",\"publisher\":{\"@id\":\"https:\\\/\\\/algarve7.pt\\\/#organization\"},\"potentialAction\":[{\"@type\":\"SearchAction\",\"target\":{\"@type\":\"EntryPoint\",\"urlTemplate\":\"https:\\\/\\\/algarve7.pt\\\/?s={search_term_string}\"},\"query-input\":{\"@type\":\"PropertyValueSpecification\",\"valueRequired\":true,\"valueName\":\"search_term_string\"}}],\"inLanguage\":\"pt-PT\"},{\"@type\":\"Organization\",\"@id\":\"https:\\\/\\\/algarve7.pt\\\/#organization\",\"name\":\"Algarve 7\",\"url\":\"https:\\\/\\\/algarve7.pt\\\/\",\"logo\":{\"@type\":\"ImageObject\",\"inLanguage\":\"pt-PT\",\"@id\":\"https:\\\/\\\/algarve7.pt\\\/#\\\/schema\\\/logo\\\/image\\\/\",\"url\":\"https:\\\/\\\/algarve7.pt\\\/wp-content\\\/uploads\\\/2020\\\/10\\\/Logo-8.jpg\",\"contentUrl\":\"https:\\\/\\\/algarve7.pt\\\/wp-content\\\/uploads\\\/2020\\\/10\\\/Logo-8.jpg\",\"width\":1680,\"height\":1186,\"caption\":\"Algarve 7\"},\"image\":{\"@id\":\"https:\\\/\\\/algarve7.pt\\\/#\\\/schema\\\/logo\\\/image\\\/\"},\"sameAs\":[\"https:\\\/\\\/www.facebook.com\\\/algarve7\",\"https:\\\/\\\/x.com\\\/Algarvesete\",\"https:\\\/\\\/www.instagram.com\\\/jornalalgarve7\\\/\",\"https:\\\/\\\/www.linkedin.com\\\/company\\\/algarve7\",\"https:\\\/\\\/www.pinterest.pt\\\/geral0939\\\/_created\\\/\"]},{\"@type\":\"Person\",\"@id\":\"https:\\\/\\\/algarve7.pt\\\/#\\\/schema\\\/person\\\/23fa70681308e7b319a3204bcea45e0c\",\"name\":\"Algarve 7\",\"sameAs\":[\"https:\\\/\\\/algarve7.pt\",\"https:\\\/\\\/www.facebook.com\\\/algarve7\"],\"url\":\"https:\\\/\\\/algarve7.pt\\\/index.php\\\/author\\\/geralalgarve7-pt\\\/\"}]}<\/script>\n<!-- \/ Yoast SEO plugin. -->","yoast_head_json":{"title":"Esta\u00e7\u00e3o n\u00e1utica de Faro lan\u00e7a plataforma digital no dia mundial do turismo - Algarve 7","description":"Esta\u00e7\u00e3o n\u00e1utica de Faro lan\u00e7a plataforma digital no dia mundial do turismo Turismo","robots":{"index":"index","follow":"follow","max-snippet":"max-snippet:-1","max-image-preview":"max-image-preview:large","max-video-preview":"max-video-preview:-1"},"canonical":"https:\/\/algarve7.pt\/index.php\/2021\/09\/estacao-nautica-de-faro-lanca-plataforma-digital-no-dia-mundial-do-turismo\/turismo\/19\/01\/","og_locale":"pt_PT","og_type":"article","og_title":"Esta\u00e7\u00e3o n\u00e1utica de Faro lan\u00e7a plataforma digital no dia mundial do turismo - Algarve 7","og_description":"Esta\u00e7\u00e3o n\u00e1utica de Faro lan\u00e7a plataforma digital no dia mundial do turismo Turismo","og_url":"https:\/\/algarve7.pt\/index.php\/2021\/09\/estacao-nautica-de-faro-lanca-plataforma-digital-no-dia-mundial-do-turismo\/turismo\/19\/01\/","og_site_name":"Algarve 7","article_publisher":"https:\/\/www.facebook.com\/algarve7","article_author":"https:\/\/www.facebook.com\/algarve7","article_published_time":"2021-09-27T18:01:12+00:00","article_modified_time":"2021-09-27T18:01:14+00:00","og_image":[{"width":1024,"height":690,"url":"https:\/\/algarve7.pt\/wp-content\/uploads\/2021\/09\/Captura-de-ecra-2021-09-27-as-18.58.47-1024x690.png","type":"image\/png"}],"author":"Algarve 7","twitter_card":"summary_large_image","twitter_creator":"@Algarvesete","twitter_site":"@Algarvesete","twitter_misc":{"Escrito por":"Algarve 7","Tempo estimado de leitura":"2 minutos"},"schema":{"@context":"https:\/\/schema.org","@graph":[{"@type":"Article","@id":"https:\/\/algarve7.pt\/index.php\/2021\/09\/estacao-nautica-de-faro-lanca-plataforma-digital-no-dia-mundial-do-turismo\/turismo\/19\/01\/#article","isPartOf":{"@id":"https:\/\/algarve7.pt\/index.php\/2021\/09\/estacao-nautica-de-faro-lanca-plataforma-digital-no-dia-mundial-do-turismo\/turismo\/19\/01\/"},"author":{"name":"Algarve 7","@id":"https:\/\/algarve7.pt\/#\/schema\/person\/23fa70681308e7b319a3204bcea45e0c"},"headline":"Esta\u00e7\u00e3o n\u00e1utica de Faro lan\u00e7a plataforma digital no dia mundial do turismo","datePublished":"2021-09-27T18:01:12+00:00","dateModified":"2021-09-27T18:01:14+00:00","mainEntityOfPage":{"@id":"https:\/\/algarve7.pt\/index.php\/2021\/09\/estacao-nautica-de-faro-lanca-plataforma-digital-no-dia-mundial-do-turismo\/turismo\/19\/01\/"},"wordCount":316,"publisher":{"@id":"https:\/\/algarve7.pt\/#organization"},"image":{"@id":"https:\/\/algarve7.pt\/index.php\/2021\/09\/estacao-nautica-de-faro-lanca-plataforma-digital-no-dia-mundial-do-turismo\/turismo\/19\/01\/#primaryimage"},"thumbnailUrl":"https:\/\/algarve7.pt\/wp-content\/uploads\/2021\/09\/Captura-de-ecra-2021-09-27-as-18.58.47.png","keywords":["Algarve","Faro","Turismo"],"articleSection":["Turismo"],"inLanguage":"pt-PT"},{"@type":"WebPage","@id":"https:\/\/algarve7.pt\/index.php\/2021\/09\/estacao-nautica-de-faro-lanca-plataforma-digital-no-dia-mundial-do-turismo\/turismo\/19\/01\/","url":"https:\/\/algarve7.pt\/index.php\/2021\/09\/estacao-nautica-de-faro-lanca-plataforma-digital-no-dia-mundial-do-turismo\/turismo\/19\/01\/","name":"Esta\u00e7\u00e3o n\u00e1utica de Faro lan\u00e7a plataforma digital no dia mundial do turismo - Algarve 7","isPartOf":{"@id":"https:\/\/algarve7.pt\/#website"},"primaryImageOfPage":{"@id":"https:\/\/algarve7.pt\/index.php\/2021\/09\/estacao-nautica-de-faro-lanca-plataforma-digital-no-dia-mundial-do-turismo\/turismo\/19\/01\/#primaryimage"},"image":{"@id":"https:\/\/algarve7.pt\/index.php\/2021\/09\/estacao-nautica-de-faro-lanca-plataforma-digital-no-dia-mundial-do-turismo\/turismo\/19\/01\/#primaryimage"},"thumbnailUrl":"https:\/\/algarve7.pt\/wp-content\/uploads\/2021\/09\/Captura-de-ecra-2021-09-27-as-18.58.47.png","datePublished":"2021-09-27T18:01:12+00:00","dateModified":"2021-09-27T18:01:14+00:00","description":"Esta\u00e7\u00e3o n\u00e1utica de Faro lan\u00e7a plataforma digital no dia mundial do turismo Turismo","breadcrumb":{"@id":"https:\/\/algarve7.pt\/index.php\/2021\/09\/estacao-nautica-de-faro-lanca-plataforma-digital-no-dia-mundial-do-turismo\/turismo\/19\/01\/#breadcrumb"},"inLanguage":"pt-PT","potentialAction":[{"@type":"ReadAction","target":["https:\/\/algarve7.pt\/index.php\/2021\/09\/estacao-nautica-de-faro-lanca-plataforma-digital-no-dia-mundial-do-turismo\/turismo\/19\/01\/"]}]},{"@type":"ImageObject","inLanguage":"pt-PT","@id":"https:\/\/algarve7.pt\/index.php\/2021\/09\/estacao-nautica-de-faro-lanca-plataforma-digital-no-dia-mundial-do-turismo\/turismo\/19\/01\/#primaryimage","url":"https:\/\/algarve7.pt\/wp-content\/uploads\/2021\/09\/Captura-de-ecra-2021-09-27-as-18.58.47.png","contentUrl":"https:\/\/algarve7.pt\/wp-content\/uploads\/2021\/09\/Captura-de-ecra-2021-09-27-as-18.58.47.png","width":1868,"height":1258},{"@type":"BreadcrumbList","@id":"https:\/\/algarve7.pt\/index.php\/2021\/09\/estacao-nautica-de-faro-lanca-plataforma-digital-no-dia-mundial-do-turismo\/turismo\/19\/01\/#breadcrumb","itemListElement":[{"@type":"ListItem","position":1,"name":"In\u00edcio","item":"https:\/\/algarve7.pt\/"},{"@type":"ListItem","position":2,"name":"Esta\u00e7\u00e3o n\u00e1utica de Faro lan\u00e7a plataforma digital no dia mundial do turismo"}]},{"@type":"WebSite","@id":"https:\/\/algarve7.pt\/#website","url":"https:\/\/algarve7.pt\/","name":"Algarve 7","description":"Informa\u00e7\u00e3o sobre o Algarve","publisher":{"@id":"https:\/\/algarve7.pt\/#organization"},"potentialAction":[{"@type":"SearchAction","target":{"@type":"EntryPoint","urlTemplate":"https:\/\/algarve7.pt\/?s={search_term_string}"},"query-input":{"@type":"PropertyValueSpecification","valueRequired":true,"valueName":"search_term_string"}}],"inLanguage":"pt-PT"},{"@type":"Organization","@id":"https:\/\/algarve7.pt\/#organization","name":"Algarve 7","url":"https:\/\/algarve7.pt\/","logo":{"@type":"ImageObject","inLanguage":"pt-PT","@id":"https:\/\/algarve7.pt\/#\/schema\/logo\/image\/","url":"https:\/\/algarve7.pt\/wp-content\/uploads\/2020\/10\/Logo-8.jpg","contentUrl":"https:\/\/algarve7.pt\/wp-content\/uploads\/2020\/10\/Logo-8.jpg","width":1680,"height":1186,"caption":"Algarve 7"},"image":{"@id":"https:\/\/algarve7.pt\/#\/schema\/logo\/image\/"},"sameAs":["https:\/\/www.facebook.com\/algarve7","https:\/\/x.com\/Algarvesete","https:\/\/www.instagram.com\/jornalalgarve7\/","https:\/\/www.linkedin.com\/company\/algarve7","https:\/\/www.pinterest.pt\/geral0939\/_created\/"]},{"@type":"Person","@id":"https:\/\/algarve7.pt\/#\/schema\/person\/23fa70681308e7b319a3204bcea45e0c","name":"Algarve 7","sameAs":["https:\/\/algarve7.pt","https:\/\/www.facebook.com\/algarve7"],"url":"https:\/\/algarve7.pt\/index.php\/author\/geralalgarve7-pt\/"}]}},"jetpack_publicize_connections":[],"jetpack_featured_media_url":"https:\/\/algarve7.pt\/wp-content\/uploads\/2021\/09\/Captura-de-ecra-2021-09-27-as-18.58.47.png","jetpack_shortlink":"https:\/\/wp.me\/pcezmW-320","jetpack_sharing_enabled":true,"_links":{"self":[{"href":"https:\/\/algarve7.pt\/index.php\/wp-json\/wp\/v2\/posts\/11656","targetHints":{"allow":["GET"]}}],"collection":[{"href":"https:\/\/algarve7.pt\/index.php\/wp-json\/wp\/v2\/posts"}],"about":[{"href":"https:\/\/algarve7.pt\/index.php\/wp-json\/wp\/v2\/types\/post"}],"author":[{"embeddable":true,"href":"https:\/\/algarve7.pt\/index.php\/wp-json\/wp\/v2\/users\/1"}],"replies":[{"embeddable":true,"href":"https:\/\/algarve7.pt\/index.php\/wp-json\/wp\/v2\/comments?post=11656"}],"version-history":[{"count":0,"href":"https:\/\/algarve7.pt\/index.php\/wp-json\/wp\/v2\/posts\/11656\/revisions"}],"wp:featuredmedia":[{"embeddable":true,"href":"https:\/\/algarve7.pt\/index.php\/wp-json\/wp\/v2\/media\/11657"}],"wp:attachment":[{"href":"https:\/\/algarve7.pt\/index.php\/wp-json\/wp\/v2\/media?parent=11656"}],"wp:term":[{"taxonomy":"category","embeddable":true,"href":"https:\/\/algarve7.pt\/index.php\/wp-json\/wp\/v2\/categories?post=11656"},{"taxonomy":"post_tag","embeddable":true,"href":"https:\/\/algarve7.pt\/index.php\/wp-json\/wp\/v2\/tags?post=11656"}],"curies":[{"name":"wp","href":"https:\/\/api.w.org\/{rel}","templated":true}]}}