{"id":11615,"date":"2021-09-26T14:38:00","date_gmt":"2021-09-26T13:38:00","guid":{"rendered":"https:\/\/algarve7.pt\/?p=11615"},"modified":"2021-09-25T11:40:49","modified_gmt":"2021-09-25T10:40:49","slug":"in-loco-abre-concurso-de-apoio-para-o-aumento-de-capacidade-de-armazenagem-do-vinho","status":"publish","type":"post","link":"https:\/\/algarve7.pt\/index.php\/2021\/09\/in-loco-abre-concurso-de-apoio-para-o-aumento-de-capacidade-de-armazenagem-do-vinho\/economia\/14\/38\/","title":{"rendered":"In Loco abre concurso de apoio para o aumento de capacidade de armazenagem do vinho"},"content":{"rendered":"\n<p>A Associa\u00e7\u00e3o IN LOCO, a par do que se passa a n\u00edvel nacional, abriu concurso para apresenta\u00e7\u00e3o de candidaturas que visam aumentar a capacidade de armazenamento do vinho.<\/p>\n\n\n\n<p>Este apoio \u00e9 no \u00e2mbito da&nbsp;opera\u00e7\u00e3o &#8220;Pequenos investimentos na transforma\u00e7\u00e3o e comercializa\u00e7\u00e3o&#8221; da Medida 10 &#8211; LEADER do PDR2020.&nbsp;<\/p>\n\n\n\n<p>As candidaturas devem contribuir para o processo de moderniza\u00e7\u00e3o e capacita\u00e7\u00e3o das empresas de transforma\u00e7\u00e3o e comercializa\u00e7\u00e3o de produtos agr\u00edcolas e promover o aumento da capacidade de armazenagem de vinho.<\/p>\n\n\n\n<p>Pretende-se apoiar a aquisi\u00e7\u00e3o de equipamentos destinados a aumentar a capacidade de armazenagem de vinho, designadamente,&nbsp;<strong>dep\u00f3sitos em a\u00e7o inox<\/strong>.<\/p>\n\n\n\n<p>O investimento eleg\u00edvel deve ser igual ou superior a 10 000 euros e inferior ou igual a 200 000 euros.<\/p>\n\n\n\n<p>Os&nbsp;<strong>apoios<\/strong>&nbsp;s\u00e3o concedidos sob a forma de subs\u00eddio n\u00e3o reembols\u00e1vel e assumem a modalidade de custos simplificados, podendo ir de 3 900 euros a 9 999 euros de apoio, de acordo com a capacidade do dep\u00f3sito.<\/p>\n\n\n\n<p>Tratando de um an\u00fancio em que o investimento eleg\u00edvel \u00e9 determinado com base numa tabela normalizada de custos unit\u00e1rios, n\u00e3o \u00e9 necess\u00e1rio apresentar or\u00e7amentos.<\/p>\n\n\n\n<p>Os investimentos devem estar localizados no territ\u00f3rio do Interior Algarve Central, que abrange as seguintes&nbsp;<strong>freguesias<\/strong>: Guia e Paderne, no Concelho de Albufeira; Santa B\u00e1rbara de Nexe, Concei\u00e7\u00e3o e Estoi, no Concelho de Faro; Alte, Ameixial, Boliqueime, Salir, S\u00e3o Sebasti\u00e3o e Queren\u00e7a, T\u00f4r e Benafim, no Concelho de Loul\u00e9; Pech\u00e3o e Moncarapacho e Fuseta, no Concelho de Olh\u00e3o; S\u00e3o Br\u00e1s de Alportel; S\u00e3o Bartolomeu de Messines e S\u00e3o Marcos da Serra, no Concelho de Silves; Cachopo, Santa Catarina da Fonte do Bispo e Luz de Tavira e Santo Est\u00eav\u00e3o, no Concelho de Tavira.<\/p>\n\n\n\n<p>Estes apoios inserem-se no \u00e2mbito da Estrat\u00e9gia de Desenvolvimento Local para o Interior do Algarve Central, da qual a Associa\u00e7\u00e3o In Loco \u00e9 a entidade gestora.<\/p>\n\n\n\n<p>Os An\u00fancios e demais informa\u00e7\u00e3o relevante, nomeadamente legisla\u00e7\u00e3o, formul\u00e1rios, orienta\u00e7\u00f5es t\u00e9cnicas que incluem as listas de documentos a apresentar, est\u00e3o dispon\u00edveis no portal do PORTUGAL 2020, em\u00a0<a href=\"http:\/\/www.pt-2020.pt\/\" target=\"_blank\" rel=\"noreferrer noopener\">www.pt-2020.pt<\/a>, no PDR 2020 em\u00a0<a href=\"http:\/\/www.pdr-2020.pt\/\" target=\"_blank\" rel=\"noreferrer noopener\">www.pdr-2020.pt<\/a>, ou no s\u00edtio do GAL \u201cInterior do Algarve Central\u201d em\u00a0<a href=\"http:\/\/www.in-loco.pt\/\" target=\"_blank\" rel=\"noreferrer noopener\">www.in-loco.pt<\/a>.<\/p>\n\n\n\n<p>Esclarecimentos junto do\u00a0<em>Contact Center<\/em>\u00a0do PDR2020, a contactar atrav\u00e9s do n.\u00ba 800 500\u00a0064, ou na Associa\u00e7\u00e3o IN LOCO atrav\u00e9s do telefone\u00a0289\u00a0840\u00a0860 ou correio eletr\u00f3nico\u00a0<a href=\"mailto:dlbc@in-loco.pt\" target=\"_blank\" rel=\"noreferrer noopener\">dlbc@in-loco.pt<\/a><\/p>\n","protected":false},"excerpt":{"rendered":"<p>A Associa\u00e7\u00e3o IN LOCO, a par do que se passa a n\u00edvel nacional, abriu concurso para apresenta\u00e7\u00e3o de candidaturas que<\/p>\n","protected":false},"author":1,"featured_media":2525,"comment_status":"closed","ping_status":"open","sticky":false,"template":"","format":"standard","meta":{"colormag_page_container_layout":"default_layout","colormag_page_sidebar_layout":"default_layout","_monsterinsights_skip_tracking":false,"_monsterinsights_sitenote_active":false,"_monsterinsights_sitenote_note":"","_monsterinsights_sitenote_category":0,"jetpack_post_was_ever_published":false,"_jetpack_newsletter_access":"","_jetpack_dont_email_post_to_subs":false,"_jetpack_newsletter_tier_id":0,"_jetpack_memberships_contains_paywalled_content":false,"_jetpack_memberships_contains_paid_content":false,"footnotes":"","jetpack_publicize_message":"","jetpack_publicize_feature_enabled":true,"jetpack_social_post_already_shared":true,"jetpack_social_options":{"image_generator_settings":{"template":"highway","default_image_id":0,"font":"","enabled":false},"version":2}},"categories":[151],"tags":[36,153,152,370],"class_list":["post-11615","post","type-post","status-publish","format-standard","has-post-thumbnail","hentry","category-economia","tag-algarve","tag-economia","tag-in-loco","tag-vinhos"],"yoast_head":"<!-- This site is optimized with the Yoast SEO plugin v27.5 - https:\/\/yoast.com\/product\/yoast-seo-wordpress\/ -->\n<title>In Loco abre concurso de apoio para o aumento de capacidade de armazenagem do vinho - Algarve 7<\/title>\n<meta name=\"description\" content=\"In Loco abre concurso de apoio para o aumento de capacidade de armazenagem do vinho Economia\" \/>\n<meta name=\"robots\" content=\"index, follow, max-snippet:-1, max-image-preview:large, max-video-preview:-1\" \/>\n<link rel=\"canonical\" href=\"https:\/\/algarve7.pt\/index.php\/2021\/09\/in-loco-abre-concurso-de-apoio-para-o-aumento-de-capacidade-de-armazenagem-do-vinho\/economia\/14\/38\/\" \/>\n<meta property=\"og:locale\" content=\"pt_PT\" \/>\n<meta property=\"og:type\" content=\"article\" \/>\n<meta property=\"og:title\" content=\"In Loco abre concurso de apoio para o aumento de capacidade de armazenagem do vinho - Algarve 7\" \/>\n<meta property=\"og:description\" content=\"In Loco abre concurso de apoio para o aumento de capacidade de armazenagem do vinho Economia\" \/>\n<meta property=\"og:url\" content=\"https:\/\/algarve7.pt\/index.php\/2021\/09\/in-loco-abre-concurso-de-apoio-para-o-aumento-de-capacidade-de-armazenagem-do-vinho\/economia\/14\/38\/\" \/>\n<meta property=\"og:site_name\" content=\"Algarve 7\" \/>\n<meta property=\"article:publisher\" content=\"https:\/\/www.facebook.com\/algarve7\" \/>\n<meta property=\"article:author\" content=\"https:\/\/www.facebook.com\/algarve7\" \/>\n<meta property=\"article:published_time\" content=\"2021-09-26T13:38:00+00:00\" \/>\n<meta property=\"og:image\" content=\"https:\/\/algarve7.pt\/wp-content\/uploads\/2020\/10\/INLoco-1.png\" \/>\n\t<meta property=\"og:image:width\" content=\"1200\" \/>\n\t<meta property=\"og:image:height\" content=\"628\" \/>\n\t<meta property=\"og:image:type\" content=\"image\/png\" \/>\n<meta name=\"author\" content=\"Algarve 7\" \/>\n<meta name=\"twitter:card\" content=\"summary_large_image\" \/>\n<meta name=\"twitter:creator\" content=\"@Algarvesete\" \/>\n<meta name=\"twitter:site\" content=\"@Algarvesete\" \/>\n<meta name=\"twitter:label1\" content=\"Escrito por\" \/>\n\t<meta name=\"twitter:data1\" content=\"Algarve 7\" \/>\n\t<meta name=\"twitter:label2\" content=\"Tempo estimado de leitura\" \/>\n\t<meta name=\"twitter:data2\" content=\"2 minutos\" \/>\n<script type=\"application\/ld+json\" class=\"yoast-schema-graph\">{\"@context\":\"https:\\\/\\\/schema.org\",\"@graph\":[{\"@type\":\"Article\",\"@id\":\"https:\\\/\\\/algarve7.pt\\\/index.php\\\/2021\\\/09\\\/in-loco-abre-concurso-de-apoio-para-o-aumento-de-capacidade-de-armazenagem-do-vinho\\\/economia\\\/14\\\/38\\\/#article\",\"isPartOf\":{\"@id\":\"https:\\\/\\\/algarve7.pt\\\/index.php\\\/2021\\\/09\\\/in-loco-abre-concurso-de-apoio-para-o-aumento-de-capacidade-de-armazenagem-do-vinho\\\/economia\\\/14\\\/38\\\/\"},\"author\":{\"name\":\"Algarve 7\",\"@id\":\"https:\\\/\\\/algarve7.pt\\\/#\\\/schema\\\/person\\\/23fa70681308e7b319a3204bcea45e0c\"},\"headline\":\"In Loco abre concurso de apoio para o aumento de capacidade de armazenagem do vinho\",\"datePublished\":\"2021-09-26T13:38:00+00:00\",\"mainEntityOfPage\":{\"@id\":\"https:\\\/\\\/algarve7.pt\\\/index.php\\\/2021\\\/09\\\/in-loco-abre-concurso-de-apoio-para-o-aumento-de-capacidade-de-armazenagem-do-vinho\\\/economia\\\/14\\\/38\\\/\"},\"wordCount\":436,\"publisher\":{\"@id\":\"https:\\\/\\\/algarve7.pt\\\/#organization\"},\"image\":{\"@id\":\"https:\\\/\\\/algarve7.pt\\\/index.php\\\/2021\\\/09\\\/in-loco-abre-concurso-de-apoio-para-o-aumento-de-capacidade-de-armazenagem-do-vinho\\\/economia\\\/14\\\/38\\\/#primaryimage\"},\"thumbnailUrl\":\"https:\\\/\\\/algarve7.pt\\\/wp-content\\\/uploads\\\/2020\\\/10\\\/INLoco-1.png\",\"keywords\":[\"Algarve\",\"Economia\",\"In Loco\",\"Vinhos\"],\"articleSection\":[\"Economia\"],\"inLanguage\":\"pt-PT\"},{\"@type\":\"WebPage\",\"@id\":\"https:\\\/\\\/algarve7.pt\\\/index.php\\\/2021\\\/09\\\/in-loco-abre-concurso-de-apoio-para-o-aumento-de-capacidade-de-armazenagem-do-vinho\\\/economia\\\/14\\\/38\\\/\",\"url\":\"https:\\\/\\\/algarve7.pt\\\/index.php\\\/2021\\\/09\\\/in-loco-abre-concurso-de-apoio-para-o-aumento-de-capacidade-de-armazenagem-do-vinho\\\/economia\\\/14\\\/38\\\/\",\"name\":\"In Loco abre concurso de apoio para o aumento de capacidade de armazenagem do vinho - Algarve 7\",\"isPartOf\":{\"@id\":\"https:\\\/\\\/algarve7.pt\\\/#website\"},\"primaryImageOfPage\":{\"@id\":\"https:\\\/\\\/algarve7.pt\\\/index.php\\\/2021\\\/09\\\/in-loco-abre-concurso-de-apoio-para-o-aumento-de-capacidade-de-armazenagem-do-vinho\\\/economia\\\/14\\\/38\\\/#primaryimage\"},\"image\":{\"@id\":\"https:\\\/\\\/algarve7.pt\\\/index.php\\\/2021\\\/09\\\/in-loco-abre-concurso-de-apoio-para-o-aumento-de-capacidade-de-armazenagem-do-vinho\\\/economia\\\/14\\\/38\\\/#primaryimage\"},\"thumbnailUrl\":\"https:\\\/\\\/algarve7.pt\\\/wp-content\\\/uploads\\\/2020\\\/10\\\/INLoco-1.png\",\"datePublished\":\"2021-09-26T13:38:00+00:00\",\"description\":\"In Loco abre concurso de apoio para o aumento de capacidade de armazenagem do vinho Economia\",\"breadcrumb\":{\"@id\":\"https:\\\/\\\/algarve7.pt\\\/index.php\\\/2021\\\/09\\\/in-loco-abre-concurso-de-apoio-para-o-aumento-de-capacidade-de-armazenagem-do-vinho\\\/economia\\\/14\\\/38\\\/#breadcrumb\"},\"inLanguage\":\"pt-PT\",\"potentialAction\":[{\"@type\":\"ReadAction\",\"target\":[\"https:\\\/\\\/algarve7.pt\\\/index.php\\\/2021\\\/09\\\/in-loco-abre-concurso-de-apoio-para-o-aumento-de-capacidade-de-armazenagem-do-vinho\\\/economia\\\/14\\\/38\\\/\"]}]},{\"@type\":\"ImageObject\",\"inLanguage\":\"pt-PT\",\"@id\":\"https:\\\/\\\/algarve7.pt\\\/index.php\\\/2021\\\/09\\\/in-loco-abre-concurso-de-apoio-para-o-aumento-de-capacidade-de-armazenagem-do-vinho\\\/economia\\\/14\\\/38\\\/#primaryimage\",\"url\":\"https:\\\/\\\/algarve7.pt\\\/wp-content\\\/uploads\\\/2020\\\/10\\\/INLoco-1.png\",\"contentUrl\":\"https:\\\/\\\/algarve7.pt\\\/wp-content\\\/uploads\\\/2020\\\/10\\\/INLoco-1.png\",\"width\":1200,\"height\":628},{\"@type\":\"BreadcrumbList\",\"@id\":\"https:\\\/\\\/algarve7.pt\\\/index.php\\\/2021\\\/09\\\/in-loco-abre-concurso-de-apoio-para-o-aumento-de-capacidade-de-armazenagem-do-vinho\\\/economia\\\/14\\\/38\\\/#breadcrumb\",\"itemListElement\":[{\"@type\":\"ListItem\",\"position\":1,\"name\":\"In\u00edcio\",\"item\":\"https:\\\/\\\/algarve7.pt\\\/\"},{\"@type\":\"ListItem\",\"position\":2,\"name\":\"In Loco abre concurso de apoio para o aumento de capacidade de armazenagem do vinho\"}]},{\"@type\":\"WebSite\",\"@id\":\"https:\\\/\\\/algarve7.pt\\\/#website\",\"url\":\"https:\\\/\\\/algarve7.pt\\\/\",\"name\":\"Algarve 7\",\"description\":\"Informa\u00e7\u00e3o sobre o Algarve\",\"publisher\":{\"@id\":\"https:\\\/\\\/algarve7.pt\\\/#organization\"},\"potentialAction\":[{\"@type\":\"SearchAction\",\"target\":{\"@type\":\"EntryPoint\",\"urlTemplate\":\"https:\\\/\\\/algarve7.pt\\\/?s={search_term_string}\"},\"query-input\":{\"@type\":\"PropertyValueSpecification\",\"valueRequired\":true,\"valueName\":\"search_term_string\"}}],\"inLanguage\":\"pt-PT\"},{\"@type\":\"Organization\",\"@id\":\"https:\\\/\\\/algarve7.pt\\\/#organization\",\"name\":\"Algarve 7\",\"url\":\"https:\\\/\\\/algarve7.pt\\\/\",\"logo\":{\"@type\":\"ImageObject\",\"inLanguage\":\"pt-PT\",\"@id\":\"https:\\\/\\\/algarve7.pt\\\/#\\\/schema\\\/logo\\\/image\\\/\",\"url\":\"https:\\\/\\\/algarve7.pt\\\/wp-content\\\/uploads\\\/2020\\\/10\\\/Logo-8.jpg\",\"contentUrl\":\"https:\\\/\\\/algarve7.pt\\\/wp-content\\\/uploads\\\/2020\\\/10\\\/Logo-8.jpg\",\"width\":1680,\"height\":1186,\"caption\":\"Algarve 7\"},\"image\":{\"@id\":\"https:\\\/\\\/algarve7.pt\\\/#\\\/schema\\\/logo\\\/image\\\/\"},\"sameAs\":[\"https:\\\/\\\/www.facebook.com\\\/algarve7\",\"https:\\\/\\\/x.com\\\/Algarvesete\",\"https:\\\/\\\/www.instagram.com\\\/jornalalgarve7\\\/\",\"https:\\\/\\\/www.linkedin.com\\\/company\\\/algarve7\",\"https:\\\/\\\/www.pinterest.pt\\\/geral0939\\\/_created\\\/\"]},{\"@type\":\"Person\",\"@id\":\"https:\\\/\\\/algarve7.pt\\\/#\\\/schema\\\/person\\\/23fa70681308e7b319a3204bcea45e0c\",\"name\":\"Algarve 7\",\"sameAs\":[\"https:\\\/\\\/algarve7.pt\",\"https:\\\/\\\/www.facebook.com\\\/algarve7\"],\"url\":\"https:\\\/\\\/algarve7.pt\\\/index.php\\\/author\\\/geralalgarve7-pt\\\/\"}]}<\/script>\n<!-- \/ Yoast SEO plugin. -->","yoast_head_json":{"title":"In Loco abre concurso de apoio para o aumento de capacidade de armazenagem do vinho - Algarve 7","description":"In Loco abre concurso de apoio para o aumento de capacidade de armazenagem do vinho Economia","robots":{"index":"index","follow":"follow","max-snippet":"max-snippet:-1","max-image-preview":"max-image-preview:large","max-video-preview":"max-video-preview:-1"},"canonical":"https:\/\/algarve7.pt\/index.php\/2021\/09\/in-loco-abre-concurso-de-apoio-para-o-aumento-de-capacidade-de-armazenagem-do-vinho\/economia\/14\/38\/","og_locale":"pt_PT","og_type":"article","og_title":"In Loco abre concurso de apoio para o aumento de capacidade de armazenagem do vinho - Algarve 7","og_description":"In Loco abre concurso de apoio para o aumento de capacidade de armazenagem do vinho Economia","og_url":"https:\/\/algarve7.pt\/index.php\/2021\/09\/in-loco-abre-concurso-de-apoio-para-o-aumento-de-capacidade-de-armazenagem-do-vinho\/economia\/14\/38\/","og_site_name":"Algarve 7","article_publisher":"https:\/\/www.facebook.com\/algarve7","article_author":"https:\/\/www.facebook.com\/algarve7","article_published_time":"2021-09-26T13:38:00+00:00","og_image":[{"width":1200,"height":628,"url":"https:\/\/algarve7.pt\/wp-content\/uploads\/2020\/10\/INLoco-1.png","type":"image\/png"}],"author":"Algarve 7","twitter_card":"summary_large_image","twitter_creator":"@Algarvesete","twitter_site":"@Algarvesete","twitter_misc":{"Escrito por":"Algarve 7","Tempo estimado de leitura":"2 minutos"},"schema":{"@context":"https:\/\/schema.org","@graph":[{"@type":"Article","@id":"https:\/\/algarve7.pt\/index.php\/2021\/09\/in-loco-abre-concurso-de-apoio-para-o-aumento-de-capacidade-de-armazenagem-do-vinho\/economia\/14\/38\/#article","isPartOf":{"@id":"https:\/\/algarve7.pt\/index.php\/2021\/09\/in-loco-abre-concurso-de-apoio-para-o-aumento-de-capacidade-de-armazenagem-do-vinho\/economia\/14\/38\/"},"author":{"name":"Algarve 7","@id":"https:\/\/algarve7.pt\/#\/schema\/person\/23fa70681308e7b319a3204bcea45e0c"},"headline":"In Loco abre concurso de apoio para o aumento de capacidade de armazenagem do vinho","datePublished":"2021-09-26T13:38:00+00:00","mainEntityOfPage":{"@id":"https:\/\/algarve7.pt\/index.php\/2021\/09\/in-loco-abre-concurso-de-apoio-para-o-aumento-de-capacidade-de-armazenagem-do-vinho\/economia\/14\/38\/"},"wordCount":436,"publisher":{"@id":"https:\/\/algarve7.pt\/#organization"},"image":{"@id":"https:\/\/algarve7.pt\/index.php\/2021\/09\/in-loco-abre-concurso-de-apoio-para-o-aumento-de-capacidade-de-armazenagem-do-vinho\/economia\/14\/38\/#primaryimage"},"thumbnailUrl":"https:\/\/algarve7.pt\/wp-content\/uploads\/2020\/10\/INLoco-1.png","keywords":["Algarve","Economia","In Loco","Vinhos"],"articleSection":["Economia"],"inLanguage":"pt-PT"},{"@type":"WebPage","@id":"https:\/\/algarve7.pt\/index.php\/2021\/09\/in-loco-abre-concurso-de-apoio-para-o-aumento-de-capacidade-de-armazenagem-do-vinho\/economia\/14\/38\/","url":"https:\/\/algarve7.pt\/index.php\/2021\/09\/in-loco-abre-concurso-de-apoio-para-o-aumento-de-capacidade-de-armazenagem-do-vinho\/economia\/14\/38\/","name":"In Loco abre concurso de apoio para o aumento de capacidade de armazenagem do vinho - Algarve 7","isPartOf":{"@id":"https:\/\/algarve7.pt\/#website"},"primaryImageOfPage":{"@id":"https:\/\/algarve7.pt\/index.php\/2021\/09\/in-loco-abre-concurso-de-apoio-para-o-aumento-de-capacidade-de-armazenagem-do-vinho\/economia\/14\/38\/#primaryimage"},"image":{"@id":"https:\/\/algarve7.pt\/index.php\/2021\/09\/in-loco-abre-concurso-de-apoio-para-o-aumento-de-capacidade-de-armazenagem-do-vinho\/economia\/14\/38\/#primaryimage"},"thumbnailUrl":"https:\/\/algarve7.pt\/wp-content\/uploads\/2020\/10\/INLoco-1.png","datePublished":"2021-09-26T13:38:00+00:00","description":"In Loco abre concurso de apoio para o aumento de capacidade de armazenagem do vinho Economia","breadcrumb":{"@id":"https:\/\/algarve7.pt\/index.php\/2021\/09\/in-loco-abre-concurso-de-apoio-para-o-aumento-de-capacidade-de-armazenagem-do-vinho\/economia\/14\/38\/#breadcrumb"},"inLanguage":"pt-PT","potentialAction":[{"@type":"ReadAction","target":["https:\/\/algarve7.pt\/index.php\/2021\/09\/in-loco-abre-concurso-de-apoio-para-o-aumento-de-capacidade-de-armazenagem-do-vinho\/economia\/14\/38\/"]}]},{"@type":"ImageObject","inLanguage":"pt-PT","@id":"https:\/\/algarve7.pt\/index.php\/2021\/09\/in-loco-abre-concurso-de-apoio-para-o-aumento-de-capacidade-de-armazenagem-do-vinho\/economia\/14\/38\/#primaryimage","url":"https:\/\/algarve7.pt\/wp-content\/uploads\/2020\/10\/INLoco-1.png","contentUrl":"https:\/\/algarve7.pt\/wp-content\/uploads\/2020\/10\/INLoco-1.png","width":1200,"height":628},{"@type":"BreadcrumbList","@id":"https:\/\/algarve7.pt\/index.php\/2021\/09\/in-loco-abre-concurso-de-apoio-para-o-aumento-de-capacidade-de-armazenagem-do-vinho\/economia\/14\/38\/#breadcrumb","itemListElement":[{"@type":"ListItem","position":1,"name":"In\u00edcio","item":"https:\/\/algarve7.pt\/"},{"@type":"ListItem","position":2,"name":"In Loco abre concurso de apoio para o aumento de capacidade de armazenagem do vinho"}]},{"@type":"WebSite","@id":"https:\/\/algarve7.pt\/#website","url":"https:\/\/algarve7.pt\/","name":"Algarve 7","description":"Informa\u00e7\u00e3o sobre o Algarve","publisher":{"@id":"https:\/\/algarve7.pt\/#organization"},"potentialAction":[{"@type":"SearchAction","target":{"@type":"EntryPoint","urlTemplate":"https:\/\/algarve7.pt\/?s={search_term_string}"},"query-input":{"@type":"PropertyValueSpecification","valueRequired":true,"valueName":"search_term_string"}}],"inLanguage":"pt-PT"},{"@type":"Organization","@id":"https:\/\/algarve7.pt\/#organization","name":"Algarve 7","url":"https:\/\/algarve7.pt\/","logo":{"@type":"ImageObject","inLanguage":"pt-PT","@id":"https:\/\/algarve7.pt\/#\/schema\/logo\/image\/","url":"https:\/\/algarve7.pt\/wp-content\/uploads\/2020\/10\/Logo-8.jpg","contentUrl":"https:\/\/algarve7.pt\/wp-content\/uploads\/2020\/10\/Logo-8.jpg","width":1680,"height":1186,"caption":"Algarve 7"},"image":{"@id":"https:\/\/algarve7.pt\/#\/schema\/logo\/image\/"},"sameAs":["https:\/\/www.facebook.com\/algarve7","https:\/\/x.com\/Algarvesete","https:\/\/www.instagram.com\/jornalalgarve7\/","https:\/\/www.linkedin.com\/company\/algarve7","https:\/\/www.pinterest.pt\/geral0939\/_created\/"]},{"@type":"Person","@id":"https:\/\/algarve7.pt\/#\/schema\/person\/23fa70681308e7b319a3204bcea45e0c","name":"Algarve 7","sameAs":["https:\/\/algarve7.pt","https:\/\/www.facebook.com\/algarve7"],"url":"https:\/\/algarve7.pt\/index.php\/author\/geralalgarve7-pt\/"}]}},"jetpack_publicize_connections":[],"jetpack_featured_media_url":"https:\/\/algarve7.pt\/wp-content\/uploads\/2020\/10\/INLoco-1.png","jetpack_shortlink":"https:\/\/wp.me\/pcezmW-31l","jetpack_sharing_enabled":true,"_links":{"self":[{"href":"https:\/\/algarve7.pt\/index.php\/wp-json\/wp\/v2\/posts\/11615","targetHints":{"allow":["GET"]}}],"collection":[{"href":"https:\/\/algarve7.pt\/index.php\/wp-json\/wp\/v2\/posts"}],"about":[{"href":"https:\/\/algarve7.pt\/index.php\/wp-json\/wp\/v2\/types\/post"}],"author":[{"embeddable":true,"href":"https:\/\/algarve7.pt\/index.php\/wp-json\/wp\/v2\/users\/1"}],"replies":[{"embeddable":true,"href":"https:\/\/algarve7.pt\/index.php\/wp-json\/wp\/v2\/comments?post=11615"}],"version-history":[{"count":0,"href":"https:\/\/algarve7.pt\/index.php\/wp-json\/wp\/v2\/posts\/11615\/revisions"}],"wp:featuredmedia":[{"embeddable":true,"href":"https:\/\/algarve7.pt\/index.php\/wp-json\/wp\/v2\/media\/2525"}],"wp:attachment":[{"href":"https:\/\/algarve7.pt\/index.php\/wp-json\/wp\/v2\/media?parent=11615"}],"wp:term":[{"taxonomy":"category","embeddable":true,"href":"https:\/\/algarve7.pt\/index.php\/wp-json\/wp\/v2\/categories?post=11615"},{"taxonomy":"post_tag","embeddable":true,"href":"https:\/\/algarve7.pt\/index.php\/wp-json\/wp\/v2\/tags?post=11615"}],"curies":[{"name":"wp","href":"https:\/\/api.w.org\/{rel}","templated":true}]}}