{"id":11598,"date":"2021-09-26T10:34:00","date_gmt":"2021-09-26T09:34:00","guid":{"rendered":"https:\/\/algarve7.pt\/?p=11598"},"modified":"2021-09-25T09:37:07","modified_gmt":"2021-09-25T08:37:07","slug":"chua-aposta-na-qualificacao-e-capacitacao-do-seu-capital-humano","status":"publish","type":"post","link":"https:\/\/algarve7.pt\/index.php\/2021\/09\/chua-aposta-na-qualificacao-e-capacitacao-do-seu-capital-humano\/saude\/10\/34\/","title":{"rendered":"CHUA aposta na qualifica\u00e7\u00e3o e capacita\u00e7\u00e3o do seu Capital Humano"},"content":{"rendered":"\n<p>Para promover a melhoria e a efici\u00eancia dos servi\u00e7os prestados ao cidad\u00e3o, o Centro Hospitalar Universit\u00e1rio do Algarve (CHUA) vai implementar um programa de forma\u00e7\u00e3o profissional dedicado \u00e0 qualifica\u00e7\u00e3o e capacita\u00e7\u00e3o do seu Capital Humano, cofinanciado por fundos europeus.<\/p>\n\n\n\n<p>Este novo programa de qualifica\u00e7\u00e3o e capacita\u00e7\u00e3o dos profissionais do CHUA visa a melhoria da efici\u00eancia nos servi\u00e7os e a qualidade do atendimento na sa\u00fade e inclui a\u00e7\u00f5es vocacionadas para a promo\u00e7\u00e3o para excel\u00eancia do atendimento e a gest\u00e3o de equipas multidisciplinares.<\/p>\n\n\n\n<p>Face \u00e0 atual transi\u00e7\u00e3o digital da sociedade, o programa de forma\u00e7\u00e3o tem ainda como objetivo fortalecer as compet\u00eancias digitais dos profissionais do CHUA e refor\u00e7ar a gest\u00e3o eficiente na Administra\u00e7\u00e3o Publica. O programa, que contempla 19 cursos num total de 51 a\u00e7\u00f5es de forma\u00e7\u00e3o, ir\u00e1 decorrer nas v\u00e1rias unidades que integram a institui\u00e7\u00e3o, apostar\u00e1 na capacita\u00e7\u00e3o de 568 profissionais e contribuir\u00e1 para a moderniza\u00e7\u00e3o da gest\u00e3o e dos processos administrativos na institui\u00e7\u00e3o.<\/p>\n\n\n\n<p>O projeto agora aprovado, denominado \u00abQualifica\u00e7\u00e3o e capacita\u00e7\u00e3o dos trabalhadores do CHUA\u00bb, encontra-se totalmente alinhado com as Opera\u00e7\u00f5es de Moderniza\u00e7\u00e3o Administrativa em curso e os Planos\/Referenciais Nacionais.<\/p>\n\n\n\n<p>Este investimento no Capital Humano do CHUA \u00e9 financiado pela UE, atrav\u00e9s do Fundo Social Europeu (FSE), no \u00e2mbito do Programa Operacional Algarve 2020. A opera\u00e7\u00e3o decorre at\u00e9 2022, totaliza quase 79 mil euros e \u00e9 financiada em mais de 63 mil euros pela UE, com contrapartida nacional de cerca de 16 mil euros, assegurada pelo CHUA, enquanto integrante do Servi\u00e7o Nacional de Sa\u00fade, financiado pelo Governo de Portugal, atrav\u00e9s do Minist\u00e9rio da Sa\u00fade.<\/p>\n\n\n\n<p>O primeiro curso de forma\u00e7\u00e3o, sob o tema \u00abC\u00f3digo do Procedimento Administrativo para n\u00e3o juristas\u00bb tem in\u00edcio j\u00e1 no dia 11 de outubro e decorrer\u00e1 na Unidade Hospitalar de Faro do CHUA..<\/p>\n","protected":false},"excerpt":{"rendered":"<p>Para promover a melhoria e a efici\u00eancia dos servi\u00e7os prestados ao cidad\u00e3o, o Centro Hospitalar Universit\u00e1rio do Algarve (CHUA) vai<\/p>\n","protected":false},"author":1,"featured_media":6873,"comment_status":"closed","ping_status":"open","sticky":false,"template":"","format":"standard","meta":{"colormag_page_container_layout":"default_layout","colormag_page_sidebar_layout":"default_layout","_monsterinsights_skip_tracking":false,"_monsterinsights_sitenote_active":false,"_monsterinsights_sitenote_note":"","_monsterinsights_sitenote_category":0,"jetpack_post_was_ever_published":false,"_jetpack_newsletter_access":"","_jetpack_dont_email_post_to_subs":false,"_jetpack_newsletter_tier_id":0,"_jetpack_memberships_contains_paywalled_content":false,"_jetpack_memberships_contains_paid_content":false,"footnotes":"","jetpack_publicize_message":"","jetpack_publicize_feature_enabled":true,"jetpack_social_post_already_shared":true,"jetpack_social_options":{"image_generator_settings":{"template":"highway","default_image_id":0,"font":"","enabled":false},"version":2}},"categories":[59],"tags":[36,181,360,58],"class_list":["post-11598","post","type-post","status-publish","format-standard","has-post-thumbnail","hentry","category-saude","tag-algarve","tag-chua","tag-formacao","tag-saude"],"yoast_head":"<!-- This site is optimized with the Yoast SEO plugin v27.5 - https:\/\/yoast.com\/product\/yoast-seo-wordpress\/ -->\n<title>CHUA aposta na qualifica\u00e7\u00e3o e capacita\u00e7\u00e3o do seu Capital Humano - Algarve 7<\/title>\n<meta name=\"description\" content=\"CHUA aposta na qualifica\u00e7\u00e3o e capacita\u00e7\u00e3o do seu Capital Humano Sa\u00fade\" \/>\n<meta name=\"robots\" content=\"index, follow, max-snippet:-1, max-image-preview:large, max-video-preview:-1\" \/>\n<link rel=\"canonical\" href=\"https:\/\/algarve7.pt\/index.php\/2021\/09\/chua-aposta-na-qualificacao-e-capacitacao-do-seu-capital-humano\/saude\/10\/34\/\" \/>\n<meta property=\"og:locale\" content=\"pt_PT\" \/>\n<meta property=\"og:type\" content=\"article\" \/>\n<meta property=\"og:title\" content=\"CHUA aposta na qualifica\u00e7\u00e3o e capacita\u00e7\u00e3o do seu Capital Humano - Algarve 7\" \/>\n<meta property=\"og:description\" content=\"CHUA aposta na qualifica\u00e7\u00e3o e capacita\u00e7\u00e3o do seu Capital Humano Sa\u00fade\" \/>\n<meta property=\"og:url\" content=\"https:\/\/algarve7.pt\/index.php\/2021\/09\/chua-aposta-na-qualificacao-e-capacitacao-do-seu-capital-humano\/saude\/10\/34\/\" \/>\n<meta property=\"og:site_name\" content=\"Algarve 7\" \/>\n<meta property=\"article:publisher\" content=\"https:\/\/www.facebook.com\/algarve7\" \/>\n<meta property=\"article:author\" content=\"https:\/\/www.facebook.com\/algarve7\" \/>\n<meta property=\"article:published_time\" content=\"2021-09-26T09:34:00+00:00\" \/>\n<meta property=\"og:image\" content=\"https:\/\/algarve7.pt\/wp-content\/uploads\/2021\/03\/CHUALG_logo_RGB_preparacao_cor-vertical.png\" \/>\n\t<meta property=\"og:image:width\" content=\"256\" \/>\n\t<meta property=\"og:image:height\" content=\"177\" \/>\n\t<meta property=\"og:image:type\" content=\"image\/png\" \/>\n<meta name=\"author\" content=\"Algarve 7\" \/>\n<meta name=\"twitter:card\" content=\"summary_large_image\" \/>\n<meta name=\"twitter:creator\" content=\"@Algarvesete\" \/>\n<meta name=\"twitter:site\" content=\"@Algarvesete\" \/>\n<meta name=\"twitter:label1\" content=\"Escrito por\" \/>\n\t<meta name=\"twitter:data1\" content=\"Algarve 7\" \/>\n\t<meta name=\"twitter:label2\" content=\"Tempo estimado de leitura\" \/>\n\t<meta name=\"twitter:data2\" content=\"2 minutos\" \/>\n<script type=\"application\/ld+json\" class=\"yoast-schema-graph\">{\"@context\":\"https:\\\/\\\/schema.org\",\"@graph\":[{\"@type\":\"Article\",\"@id\":\"https:\\\/\\\/algarve7.pt\\\/index.php\\\/2021\\\/09\\\/chua-aposta-na-qualificacao-e-capacitacao-do-seu-capital-humano\\\/saude\\\/10\\\/34\\\/#article\",\"isPartOf\":{\"@id\":\"https:\\\/\\\/algarve7.pt\\\/index.php\\\/2021\\\/09\\\/chua-aposta-na-qualificacao-e-capacitacao-do-seu-capital-humano\\\/saude\\\/10\\\/34\\\/\"},\"author\":{\"name\":\"Algarve 7\",\"@id\":\"https:\\\/\\\/algarve7.pt\\\/#\\\/schema\\\/person\\\/23fa70681308e7b319a3204bcea45e0c\"},\"headline\":\"CHUA aposta na qualifica\u00e7\u00e3o e capacita\u00e7\u00e3o do seu Capital Humano\",\"datePublished\":\"2021-09-26T09:34:00+00:00\",\"mainEntityOfPage\":{\"@id\":\"https:\\\/\\\/algarve7.pt\\\/index.php\\\/2021\\\/09\\\/chua-aposta-na-qualificacao-e-capacitacao-do-seu-capital-humano\\\/saude\\\/10\\\/34\\\/\"},\"wordCount\":331,\"publisher\":{\"@id\":\"https:\\\/\\\/algarve7.pt\\\/#organization\"},\"image\":{\"@id\":\"https:\\\/\\\/algarve7.pt\\\/index.php\\\/2021\\\/09\\\/chua-aposta-na-qualificacao-e-capacitacao-do-seu-capital-humano\\\/saude\\\/10\\\/34\\\/#primaryimage\"},\"thumbnailUrl\":\"https:\\\/\\\/algarve7.pt\\\/wp-content\\\/uploads\\\/2021\\\/03\\\/CHUALG_logo_RGB_preparacao_cor-vertical.png\",\"keywords\":[\"Algarve\",\"CHUA\",\"Forma\u00e7\u00e3o\",\"Sa\u00fade\"],\"articleSection\":[\"Sa\u00fade\"],\"inLanguage\":\"pt-PT\"},{\"@type\":\"WebPage\",\"@id\":\"https:\\\/\\\/algarve7.pt\\\/index.php\\\/2021\\\/09\\\/chua-aposta-na-qualificacao-e-capacitacao-do-seu-capital-humano\\\/saude\\\/10\\\/34\\\/\",\"url\":\"https:\\\/\\\/algarve7.pt\\\/index.php\\\/2021\\\/09\\\/chua-aposta-na-qualificacao-e-capacitacao-do-seu-capital-humano\\\/saude\\\/10\\\/34\\\/\",\"name\":\"CHUA aposta na qualifica\u00e7\u00e3o e capacita\u00e7\u00e3o do seu Capital Humano - Algarve 7\",\"isPartOf\":{\"@id\":\"https:\\\/\\\/algarve7.pt\\\/#website\"},\"primaryImageOfPage\":{\"@id\":\"https:\\\/\\\/algarve7.pt\\\/index.php\\\/2021\\\/09\\\/chua-aposta-na-qualificacao-e-capacitacao-do-seu-capital-humano\\\/saude\\\/10\\\/34\\\/#primaryimage\"},\"image\":{\"@id\":\"https:\\\/\\\/algarve7.pt\\\/index.php\\\/2021\\\/09\\\/chua-aposta-na-qualificacao-e-capacitacao-do-seu-capital-humano\\\/saude\\\/10\\\/34\\\/#primaryimage\"},\"thumbnailUrl\":\"https:\\\/\\\/algarve7.pt\\\/wp-content\\\/uploads\\\/2021\\\/03\\\/CHUALG_logo_RGB_preparacao_cor-vertical.png\",\"datePublished\":\"2021-09-26T09:34:00+00:00\",\"description\":\"CHUA aposta na qualifica\u00e7\u00e3o e capacita\u00e7\u00e3o do seu Capital Humano Sa\u00fade\",\"breadcrumb\":{\"@id\":\"https:\\\/\\\/algarve7.pt\\\/index.php\\\/2021\\\/09\\\/chua-aposta-na-qualificacao-e-capacitacao-do-seu-capital-humano\\\/saude\\\/10\\\/34\\\/#breadcrumb\"},\"inLanguage\":\"pt-PT\",\"potentialAction\":[{\"@type\":\"ReadAction\",\"target\":[\"https:\\\/\\\/algarve7.pt\\\/index.php\\\/2021\\\/09\\\/chua-aposta-na-qualificacao-e-capacitacao-do-seu-capital-humano\\\/saude\\\/10\\\/34\\\/\"]}]},{\"@type\":\"ImageObject\",\"inLanguage\":\"pt-PT\",\"@id\":\"https:\\\/\\\/algarve7.pt\\\/index.php\\\/2021\\\/09\\\/chua-aposta-na-qualificacao-e-capacitacao-do-seu-capital-humano\\\/saude\\\/10\\\/34\\\/#primaryimage\",\"url\":\"https:\\\/\\\/algarve7.pt\\\/wp-content\\\/uploads\\\/2021\\\/03\\\/CHUALG_logo_RGB_preparacao_cor-vertical.png\",\"contentUrl\":\"https:\\\/\\\/algarve7.pt\\\/wp-content\\\/uploads\\\/2021\\\/03\\\/CHUALG_logo_RGB_preparacao_cor-vertical.png\",\"width\":256,\"height\":177},{\"@type\":\"BreadcrumbList\",\"@id\":\"https:\\\/\\\/algarve7.pt\\\/index.php\\\/2021\\\/09\\\/chua-aposta-na-qualificacao-e-capacitacao-do-seu-capital-humano\\\/saude\\\/10\\\/34\\\/#breadcrumb\",\"itemListElement\":[{\"@type\":\"ListItem\",\"position\":1,\"name\":\"In\u00edcio\",\"item\":\"https:\\\/\\\/algarve7.pt\\\/\"},{\"@type\":\"ListItem\",\"position\":2,\"name\":\"CHUA aposta na qualifica\u00e7\u00e3o e capacita\u00e7\u00e3o do seu Capital Humano\"}]},{\"@type\":\"WebSite\",\"@id\":\"https:\\\/\\\/algarve7.pt\\\/#website\",\"url\":\"https:\\\/\\\/algarve7.pt\\\/\",\"name\":\"Algarve 7\",\"description\":\"Informa\u00e7\u00e3o sobre o Algarve\",\"publisher\":{\"@id\":\"https:\\\/\\\/algarve7.pt\\\/#organization\"},\"potentialAction\":[{\"@type\":\"SearchAction\",\"target\":{\"@type\":\"EntryPoint\",\"urlTemplate\":\"https:\\\/\\\/algarve7.pt\\\/?s={search_term_string}\"},\"query-input\":{\"@type\":\"PropertyValueSpecification\",\"valueRequired\":true,\"valueName\":\"search_term_string\"}}],\"inLanguage\":\"pt-PT\"},{\"@type\":\"Organization\",\"@id\":\"https:\\\/\\\/algarve7.pt\\\/#organization\",\"name\":\"Algarve 7\",\"url\":\"https:\\\/\\\/algarve7.pt\\\/\",\"logo\":{\"@type\":\"ImageObject\",\"inLanguage\":\"pt-PT\",\"@id\":\"https:\\\/\\\/algarve7.pt\\\/#\\\/schema\\\/logo\\\/image\\\/\",\"url\":\"https:\\\/\\\/algarve7.pt\\\/wp-content\\\/uploads\\\/2020\\\/10\\\/Logo-8.jpg\",\"contentUrl\":\"https:\\\/\\\/algarve7.pt\\\/wp-content\\\/uploads\\\/2020\\\/10\\\/Logo-8.jpg\",\"width\":1680,\"height\":1186,\"caption\":\"Algarve 7\"},\"image\":{\"@id\":\"https:\\\/\\\/algarve7.pt\\\/#\\\/schema\\\/logo\\\/image\\\/\"},\"sameAs\":[\"https:\\\/\\\/www.facebook.com\\\/algarve7\",\"https:\\\/\\\/x.com\\\/Algarvesete\",\"https:\\\/\\\/www.instagram.com\\\/jornalalgarve7\\\/\",\"https:\\\/\\\/www.linkedin.com\\\/company\\\/algarve7\",\"https:\\\/\\\/www.pinterest.pt\\\/geral0939\\\/_created\\\/\"]},{\"@type\":\"Person\",\"@id\":\"https:\\\/\\\/algarve7.pt\\\/#\\\/schema\\\/person\\\/23fa70681308e7b319a3204bcea45e0c\",\"name\":\"Algarve 7\",\"sameAs\":[\"https:\\\/\\\/algarve7.pt\",\"https:\\\/\\\/www.facebook.com\\\/algarve7\"],\"url\":\"https:\\\/\\\/algarve7.pt\\\/index.php\\\/author\\\/geralalgarve7-pt\\\/\"}]}<\/script>\n<!-- \/ Yoast SEO plugin. -->","yoast_head_json":{"title":"CHUA aposta na qualifica\u00e7\u00e3o e capacita\u00e7\u00e3o do seu Capital Humano - Algarve 7","description":"CHUA aposta na qualifica\u00e7\u00e3o e capacita\u00e7\u00e3o do seu Capital Humano Sa\u00fade","robots":{"index":"index","follow":"follow","max-snippet":"max-snippet:-1","max-image-preview":"max-image-preview:large","max-video-preview":"max-video-preview:-1"},"canonical":"https:\/\/algarve7.pt\/index.php\/2021\/09\/chua-aposta-na-qualificacao-e-capacitacao-do-seu-capital-humano\/saude\/10\/34\/","og_locale":"pt_PT","og_type":"article","og_title":"CHUA aposta na qualifica\u00e7\u00e3o e capacita\u00e7\u00e3o do seu Capital Humano - Algarve 7","og_description":"CHUA aposta na qualifica\u00e7\u00e3o e capacita\u00e7\u00e3o do seu Capital Humano Sa\u00fade","og_url":"https:\/\/algarve7.pt\/index.php\/2021\/09\/chua-aposta-na-qualificacao-e-capacitacao-do-seu-capital-humano\/saude\/10\/34\/","og_site_name":"Algarve 7","article_publisher":"https:\/\/www.facebook.com\/algarve7","article_author":"https:\/\/www.facebook.com\/algarve7","article_published_time":"2021-09-26T09:34:00+00:00","og_image":[{"width":256,"height":177,"url":"https:\/\/algarve7.pt\/wp-content\/uploads\/2021\/03\/CHUALG_logo_RGB_preparacao_cor-vertical.png","type":"image\/png"}],"author":"Algarve 7","twitter_card":"summary_large_image","twitter_creator":"@Algarvesete","twitter_site":"@Algarvesete","twitter_misc":{"Escrito por":"Algarve 7","Tempo estimado de leitura":"2 minutos"},"schema":{"@context":"https:\/\/schema.org","@graph":[{"@type":"Article","@id":"https:\/\/algarve7.pt\/index.php\/2021\/09\/chua-aposta-na-qualificacao-e-capacitacao-do-seu-capital-humano\/saude\/10\/34\/#article","isPartOf":{"@id":"https:\/\/algarve7.pt\/index.php\/2021\/09\/chua-aposta-na-qualificacao-e-capacitacao-do-seu-capital-humano\/saude\/10\/34\/"},"author":{"name":"Algarve 7","@id":"https:\/\/algarve7.pt\/#\/schema\/person\/23fa70681308e7b319a3204bcea45e0c"},"headline":"CHUA aposta na qualifica\u00e7\u00e3o e capacita\u00e7\u00e3o do seu Capital Humano","datePublished":"2021-09-26T09:34:00+00:00","mainEntityOfPage":{"@id":"https:\/\/algarve7.pt\/index.php\/2021\/09\/chua-aposta-na-qualificacao-e-capacitacao-do-seu-capital-humano\/saude\/10\/34\/"},"wordCount":331,"publisher":{"@id":"https:\/\/algarve7.pt\/#organization"},"image":{"@id":"https:\/\/algarve7.pt\/index.php\/2021\/09\/chua-aposta-na-qualificacao-e-capacitacao-do-seu-capital-humano\/saude\/10\/34\/#primaryimage"},"thumbnailUrl":"https:\/\/algarve7.pt\/wp-content\/uploads\/2021\/03\/CHUALG_logo_RGB_preparacao_cor-vertical.png","keywords":["Algarve","CHUA","Forma\u00e7\u00e3o","Sa\u00fade"],"articleSection":["Sa\u00fade"],"inLanguage":"pt-PT"},{"@type":"WebPage","@id":"https:\/\/algarve7.pt\/index.php\/2021\/09\/chua-aposta-na-qualificacao-e-capacitacao-do-seu-capital-humano\/saude\/10\/34\/","url":"https:\/\/algarve7.pt\/index.php\/2021\/09\/chua-aposta-na-qualificacao-e-capacitacao-do-seu-capital-humano\/saude\/10\/34\/","name":"CHUA aposta na qualifica\u00e7\u00e3o e capacita\u00e7\u00e3o do seu Capital Humano - Algarve 7","isPartOf":{"@id":"https:\/\/algarve7.pt\/#website"},"primaryImageOfPage":{"@id":"https:\/\/algarve7.pt\/index.php\/2021\/09\/chua-aposta-na-qualificacao-e-capacitacao-do-seu-capital-humano\/saude\/10\/34\/#primaryimage"},"image":{"@id":"https:\/\/algarve7.pt\/index.php\/2021\/09\/chua-aposta-na-qualificacao-e-capacitacao-do-seu-capital-humano\/saude\/10\/34\/#primaryimage"},"thumbnailUrl":"https:\/\/algarve7.pt\/wp-content\/uploads\/2021\/03\/CHUALG_logo_RGB_preparacao_cor-vertical.png","datePublished":"2021-09-26T09:34:00+00:00","description":"CHUA aposta na qualifica\u00e7\u00e3o e capacita\u00e7\u00e3o do seu Capital Humano Sa\u00fade","breadcrumb":{"@id":"https:\/\/algarve7.pt\/index.php\/2021\/09\/chua-aposta-na-qualificacao-e-capacitacao-do-seu-capital-humano\/saude\/10\/34\/#breadcrumb"},"inLanguage":"pt-PT","potentialAction":[{"@type":"ReadAction","target":["https:\/\/algarve7.pt\/index.php\/2021\/09\/chua-aposta-na-qualificacao-e-capacitacao-do-seu-capital-humano\/saude\/10\/34\/"]}]},{"@type":"ImageObject","inLanguage":"pt-PT","@id":"https:\/\/algarve7.pt\/index.php\/2021\/09\/chua-aposta-na-qualificacao-e-capacitacao-do-seu-capital-humano\/saude\/10\/34\/#primaryimage","url":"https:\/\/algarve7.pt\/wp-content\/uploads\/2021\/03\/CHUALG_logo_RGB_preparacao_cor-vertical.png","contentUrl":"https:\/\/algarve7.pt\/wp-content\/uploads\/2021\/03\/CHUALG_logo_RGB_preparacao_cor-vertical.png","width":256,"height":177},{"@type":"BreadcrumbList","@id":"https:\/\/algarve7.pt\/index.php\/2021\/09\/chua-aposta-na-qualificacao-e-capacitacao-do-seu-capital-humano\/saude\/10\/34\/#breadcrumb","itemListElement":[{"@type":"ListItem","position":1,"name":"In\u00edcio","item":"https:\/\/algarve7.pt\/"},{"@type":"ListItem","position":2,"name":"CHUA aposta na qualifica\u00e7\u00e3o e capacita\u00e7\u00e3o do seu Capital Humano"}]},{"@type":"WebSite","@id":"https:\/\/algarve7.pt\/#website","url":"https:\/\/algarve7.pt\/","name":"Algarve 7","description":"Informa\u00e7\u00e3o sobre o Algarve","publisher":{"@id":"https:\/\/algarve7.pt\/#organization"},"potentialAction":[{"@type":"SearchAction","target":{"@type":"EntryPoint","urlTemplate":"https:\/\/algarve7.pt\/?s={search_term_string}"},"query-input":{"@type":"PropertyValueSpecification","valueRequired":true,"valueName":"search_term_string"}}],"inLanguage":"pt-PT"},{"@type":"Organization","@id":"https:\/\/algarve7.pt\/#organization","name":"Algarve 7","url":"https:\/\/algarve7.pt\/","logo":{"@type":"ImageObject","inLanguage":"pt-PT","@id":"https:\/\/algarve7.pt\/#\/schema\/logo\/image\/","url":"https:\/\/algarve7.pt\/wp-content\/uploads\/2020\/10\/Logo-8.jpg","contentUrl":"https:\/\/algarve7.pt\/wp-content\/uploads\/2020\/10\/Logo-8.jpg","width":1680,"height":1186,"caption":"Algarve 7"},"image":{"@id":"https:\/\/algarve7.pt\/#\/schema\/logo\/image\/"},"sameAs":["https:\/\/www.facebook.com\/algarve7","https:\/\/x.com\/Algarvesete","https:\/\/www.instagram.com\/jornalalgarve7\/","https:\/\/www.linkedin.com\/company\/algarve7","https:\/\/www.pinterest.pt\/geral0939\/_created\/"]},{"@type":"Person","@id":"https:\/\/algarve7.pt\/#\/schema\/person\/23fa70681308e7b319a3204bcea45e0c","name":"Algarve 7","sameAs":["https:\/\/algarve7.pt","https:\/\/www.facebook.com\/algarve7"],"url":"https:\/\/algarve7.pt\/index.php\/author\/geralalgarve7-pt\/"}]}},"jetpack_publicize_connections":[],"jetpack_featured_media_url":"https:\/\/algarve7.pt\/wp-content\/uploads\/2021\/03\/CHUALG_logo_RGB_preparacao_cor-vertical.png","jetpack_shortlink":"https:\/\/wp.me\/pcezmW-314","jetpack_sharing_enabled":true,"_links":{"self":[{"href":"https:\/\/algarve7.pt\/index.php\/wp-json\/wp\/v2\/posts\/11598","targetHints":{"allow":["GET"]}}],"collection":[{"href":"https:\/\/algarve7.pt\/index.php\/wp-json\/wp\/v2\/posts"}],"about":[{"href":"https:\/\/algarve7.pt\/index.php\/wp-json\/wp\/v2\/types\/post"}],"author":[{"embeddable":true,"href":"https:\/\/algarve7.pt\/index.php\/wp-json\/wp\/v2\/users\/1"}],"replies":[{"embeddable":true,"href":"https:\/\/algarve7.pt\/index.php\/wp-json\/wp\/v2\/comments?post=11598"}],"version-history":[{"count":0,"href":"https:\/\/algarve7.pt\/index.php\/wp-json\/wp\/v2\/posts\/11598\/revisions"}],"wp:featuredmedia":[{"embeddable":true,"href":"https:\/\/algarve7.pt\/index.php\/wp-json\/wp\/v2\/media\/6873"}],"wp:attachment":[{"href":"https:\/\/algarve7.pt\/index.php\/wp-json\/wp\/v2\/media?parent=11598"}],"wp:term":[{"taxonomy":"category","embeddable":true,"href":"https:\/\/algarve7.pt\/index.php\/wp-json\/wp\/v2\/categories?post=11598"},{"taxonomy":"post_tag","embeddable":true,"href":"https:\/\/algarve7.pt\/index.php\/wp-json\/wp\/v2\/tags?post=11598"}],"curies":[{"name":"wp","href":"https:\/\/api.w.org\/{rel}","templated":true}]}}