{"id":11581,"date":"2021-09-25T10:06:00","date_gmt":"2021-09-25T09:06:00","guid":{"rendered":"https:\/\/algarve7.pt\/?p=11581"},"modified":"2021-09-24T18:28:38","modified_gmt":"2021-09-24T17:28:38","slug":"municipio-de-loule-distribui-livros-sobre-acao-climatica-aos-alunos-do-1o-ciclo-do-concelho","status":"publish","type":"post","link":"https:\/\/algarve7.pt\/index.php\/2021\/09\/municipio-de-loule-distribui-livros-sobre-acao-climatica-aos-alunos-do-1o-ciclo-do-concelho\/educacao\/10\/06\/","title":{"rendered":"Munic\u00edpio de Loul\u00e9 distribui livros sobre a\u00e7\u00e3o clim\u00e1tica aos alunos do 1\u00ba ciclo do concelho"},"content":{"rendered":"\n<p>Com o arranque do ano letivo 2021\/22, que acontece esta semana, a C\u00e2mara Municipal de Loul\u00e9 vai distribuir a todos os alunos do concelho que frequentem o 1\u00ba Ciclo (do 1\u00ba ao 4\u00ba ano) dois livros dedicados \u00e0s altera\u00e7\u00f5es clim\u00e1ticas.<\/p>\n\n\n\n<p>O livro \u201cCLIMAAT 100\u201d e o \u201cCaderno de Atividades\u201d que o acompanham, da autora Maria Adelaide Fonseca, foram desenvolvidos a partir de uma pe\u00e7a de teatro levada \u00e0s escolas nos \u00faltimos anos, com o mesmo prop\u00f3sito de alertar e informar de forma clara e divertida os alunos do 1\u00ba ciclo do concelho para a problem\u00e1tica das altera\u00e7\u00f5es clim\u00e1ticas, com grande enfoque no territ\u00f3rio concelhio. Ambas as publica\u00e7\u00f5es resultam do forte empenho do Munic\u00edpio no desenvolvimento da sua Pol\u00edtica de A\u00e7\u00e3o Clim\u00e1tica, proporcionando aos mais novos um maior conhecimento sobre as vulnerabilidades e impactes atuais e futuros e ainda dando sugest\u00f5es de como a a\u00e7\u00e3o individual pode produzir grandes resultados.<\/p>\n\n\n\n<p>Os recentes dados avan\u00e7ados pelo \u00faltimo relat\u00f3rio p\u00fablico do IPCC &#8211; Relat\u00f3rio&nbsp; do Painel Intergovernamental para as Altera\u00e7\u00f5es Clim\u00e1ticas \u2013 revelam-nos uma vez mais a urg\u00eancia de agir e exigem um compromisso sem precedentes da Humanidade face \u00e0 a\u00e7\u00e3o clim\u00e1tica. Por este motivo, em Loul\u00e9, a a\u00e7\u00e3o clim\u00e1tica continua a ser um pilar fundamental da estrat\u00e9gia de desenvolvimento local e um dos grandes des\u00edgnios da pol\u00edtica p\u00fablica municipal,&nbsp;uma aposta essencial e o caminho certo para um futuro melhor, mais sustent\u00e1vel, com gera\u00e7\u00f5es mais conscientes e felizes.&nbsp;<\/p>\n\n\n\n<p>\u201cDesejamos que este livro constitua mais um passo para a mudan\u00e7a de comportamentos relacionados com a salvaguarda ambiental, at\u00e9 porque os jovens s\u00e3o fortes embaixadores deste que \u00e9, talvez, o objetivo em que a Humanidade est\u00e1 atualmente mais empenhada. S\u00e3o sobretudo as novas gera\u00e7\u00f5es que ir\u00e3o beneficiar das decis\u00f5es no presente que, esperemos, venham a permitir no futuro um ambiente digno no Planeta Terra. Esta \u00e9, pois, mais uma aposta na educa\u00e7\u00e3o ambiental\u201d, considera o presidente da C\u00e2mara de Loul\u00e9, V\u00edtor Aleixo.<\/p>\n\n\n\n<p>Estas publica\u00e7\u00f5es destinadas aos mais novos foram lan\u00e7adas no final de 2019. Inicialmente estava prevista a sua distribui\u00e7\u00e3o no ano letivo transato mas, dada a instabilidade do contexto pand\u00e9mico, os livros s\u00f3 agora ir\u00e3o chegar \u00e0s secret\u00e1rias dos alunos do 1\u00ba ciclo deste concelho e dos seus professores.<\/p>\n","protected":false},"excerpt":{"rendered":"<p>Com o arranque do ano letivo 2021\/22, que acontece esta semana, a C\u00e2mara Municipal de Loul\u00e9 vai distribuir a todos<\/p>\n","protected":false},"author":1,"featured_media":11582,"comment_status":"closed","ping_status":"open","sticky":false,"template":"","format":"standard","meta":{"colormag_page_container_layout":"default_layout","colormag_page_sidebar_layout":"default_layout","_monsterinsights_skip_tracking":false,"_monsterinsights_sitenote_active":false,"_monsterinsights_sitenote_note":"","_monsterinsights_sitenote_category":0,"jetpack_post_was_ever_published":false,"_jetpack_newsletter_access":"","_jetpack_dont_email_post_to_subs":false,"_jetpack_newsletter_tier_id":0,"_jetpack_memberships_contains_paywalled_content":false,"_jetpack_memberships_contains_paid_content":false,"footnotes":"","jetpack_publicize_message":"","jetpack_publicize_feature_enabled":true,"jetpack_social_post_already_shared":true,"jetpack_social_options":{"image_generator_settings":{"template":"highway","default_image_id":0,"font":"","enabled":false},"version":2}},"categories":[93],"tags":[36,74,138,31],"class_list":["post-11581","post","type-post","status-publish","format-standard","has-post-thumbnail","hentry","category-educacao","tag-algarve","tag-educacao","tag-escola","tag-loule"],"yoast_head":"<!-- This site is optimized with the Yoast SEO plugin v27.5 - https:\/\/yoast.com\/product\/yoast-seo-wordpress\/ -->\n<title>Munic\u00edpio de Loul\u00e9 distribui livros sobre a\u00e7\u00e3o clim\u00e1tica aos alunos do 1\u00ba ciclo do concelho - Algarve 7<\/title>\n<meta name=\"description\" content=\"Munic\u00edpio de Loul\u00e9 distribui livros sobre a\u00e7\u00e3o clim\u00e1tica aos alunos do 1\u00ba ciclo do concelho Educa\u00e7\u00e3o\" \/>\n<meta name=\"robots\" content=\"index, follow, max-snippet:-1, max-image-preview:large, max-video-preview:-1\" \/>\n<link rel=\"canonical\" href=\"https:\/\/algarve7.pt\/index.php\/2021\/09\/municipio-de-loule-distribui-livros-sobre-acao-climatica-aos-alunos-do-1o-ciclo-do-concelho\/educacao\/10\/06\/\" \/>\n<meta property=\"og:locale\" content=\"pt_PT\" \/>\n<meta property=\"og:type\" content=\"article\" \/>\n<meta property=\"og:title\" content=\"Munic\u00edpio de Loul\u00e9 distribui livros sobre a\u00e7\u00e3o clim\u00e1tica aos alunos do 1\u00ba ciclo do concelho - Algarve 7\" \/>\n<meta property=\"og:description\" content=\"Munic\u00edpio de Loul\u00e9 distribui livros sobre a\u00e7\u00e3o clim\u00e1tica aos alunos do 1\u00ba ciclo do concelho Educa\u00e7\u00e3o\" \/>\n<meta property=\"og:url\" content=\"https:\/\/algarve7.pt\/index.php\/2021\/09\/municipio-de-loule-distribui-livros-sobre-acao-climatica-aos-alunos-do-1o-ciclo-do-concelho\/educacao\/10\/06\/\" \/>\n<meta property=\"og:site_name\" content=\"Algarve 7\" \/>\n<meta property=\"article:publisher\" content=\"https:\/\/www.facebook.com\/algarve7\" \/>\n<meta property=\"article:author\" content=\"https:\/\/www.facebook.com\/algarve7\" \/>\n<meta property=\"article:published_time\" content=\"2021-09-25T09:06:00+00:00\" \/>\n<meta property=\"og:image\" content=\"https:\/\/algarve7.pt\/wp-content\/uploads\/2021\/09\/CLIMAAT_100.jpg\" \/>\n\t<meta property=\"og:image:width\" content=\"1920\" \/>\n\t<meta property=\"og:image:height\" content=\"1440\" \/>\n\t<meta property=\"og:image:type\" content=\"image\/jpeg\" \/>\n<meta name=\"author\" content=\"Algarve 7\" \/>\n<meta name=\"twitter:card\" content=\"summary_large_image\" \/>\n<meta name=\"twitter:creator\" content=\"@Algarvesete\" \/>\n<meta name=\"twitter:site\" content=\"@Algarvesete\" \/>\n<meta name=\"twitter:label1\" content=\"Escrito por\" \/>\n\t<meta name=\"twitter:data1\" content=\"Algarve 7\" \/>\n\t<meta name=\"twitter:label2\" content=\"Tempo estimado de leitura\" \/>\n\t<meta name=\"twitter:data2\" content=\"2 minutos\" \/>\n<script type=\"application\/ld+json\" class=\"yoast-schema-graph\">{\"@context\":\"https:\\\/\\\/schema.org\",\"@graph\":[{\"@type\":\"Article\",\"@id\":\"https:\\\/\\\/algarve7.pt\\\/index.php\\\/2021\\\/09\\\/municipio-de-loule-distribui-livros-sobre-acao-climatica-aos-alunos-do-1o-ciclo-do-concelho\\\/educacao\\\/10\\\/06\\\/#article\",\"isPartOf\":{\"@id\":\"https:\\\/\\\/algarve7.pt\\\/index.php\\\/2021\\\/09\\\/municipio-de-loule-distribui-livros-sobre-acao-climatica-aos-alunos-do-1o-ciclo-do-concelho\\\/educacao\\\/10\\\/06\\\/\"},\"author\":{\"name\":\"Algarve 7\",\"@id\":\"https:\\\/\\\/algarve7.pt\\\/#\\\/schema\\\/person\\\/23fa70681308e7b319a3204bcea45e0c\"},\"headline\":\"Munic\u00edpio de Loul\u00e9 distribui livros sobre a\u00e7\u00e3o clim\u00e1tica aos alunos do 1\u00ba ciclo do concelho\",\"datePublished\":\"2021-09-25T09:06:00+00:00\",\"mainEntityOfPage\":{\"@id\":\"https:\\\/\\\/algarve7.pt\\\/index.php\\\/2021\\\/09\\\/municipio-de-loule-distribui-livros-sobre-acao-climatica-aos-alunos-do-1o-ciclo-do-concelho\\\/educacao\\\/10\\\/06\\\/\"},\"wordCount\":422,\"publisher\":{\"@id\":\"https:\\\/\\\/algarve7.pt\\\/#organization\"},\"image\":{\"@id\":\"https:\\\/\\\/algarve7.pt\\\/index.php\\\/2021\\\/09\\\/municipio-de-loule-distribui-livros-sobre-acao-climatica-aos-alunos-do-1o-ciclo-do-concelho\\\/educacao\\\/10\\\/06\\\/#primaryimage\"},\"thumbnailUrl\":\"https:\\\/\\\/algarve7.pt\\\/wp-content\\\/uploads\\\/2021\\\/09\\\/CLIMAAT_100.jpg\",\"keywords\":[\"Algarve\",\"Educa\u00e7\u00e3o\",\"Escola\",\"Loul\u00e9\"],\"articleSection\":[\"Educa\u00e7\u00e3o\"],\"inLanguage\":\"pt-PT\"},{\"@type\":\"WebPage\",\"@id\":\"https:\\\/\\\/algarve7.pt\\\/index.php\\\/2021\\\/09\\\/municipio-de-loule-distribui-livros-sobre-acao-climatica-aos-alunos-do-1o-ciclo-do-concelho\\\/educacao\\\/10\\\/06\\\/\",\"url\":\"https:\\\/\\\/algarve7.pt\\\/index.php\\\/2021\\\/09\\\/municipio-de-loule-distribui-livros-sobre-acao-climatica-aos-alunos-do-1o-ciclo-do-concelho\\\/educacao\\\/10\\\/06\\\/\",\"name\":\"Munic\u00edpio de Loul\u00e9 distribui livros sobre a\u00e7\u00e3o clim\u00e1tica aos alunos do 1\u00ba ciclo do concelho - Algarve 7\",\"isPartOf\":{\"@id\":\"https:\\\/\\\/algarve7.pt\\\/#website\"},\"primaryImageOfPage\":{\"@id\":\"https:\\\/\\\/algarve7.pt\\\/index.php\\\/2021\\\/09\\\/municipio-de-loule-distribui-livros-sobre-acao-climatica-aos-alunos-do-1o-ciclo-do-concelho\\\/educacao\\\/10\\\/06\\\/#primaryimage\"},\"image\":{\"@id\":\"https:\\\/\\\/algarve7.pt\\\/index.php\\\/2021\\\/09\\\/municipio-de-loule-distribui-livros-sobre-acao-climatica-aos-alunos-do-1o-ciclo-do-concelho\\\/educacao\\\/10\\\/06\\\/#primaryimage\"},\"thumbnailUrl\":\"https:\\\/\\\/algarve7.pt\\\/wp-content\\\/uploads\\\/2021\\\/09\\\/CLIMAAT_100.jpg\",\"datePublished\":\"2021-09-25T09:06:00+00:00\",\"description\":\"Munic\u00edpio de Loul\u00e9 distribui livros sobre a\u00e7\u00e3o clim\u00e1tica aos alunos do 1\u00ba ciclo do concelho Educa\u00e7\u00e3o\",\"breadcrumb\":{\"@id\":\"https:\\\/\\\/algarve7.pt\\\/index.php\\\/2021\\\/09\\\/municipio-de-loule-distribui-livros-sobre-acao-climatica-aos-alunos-do-1o-ciclo-do-concelho\\\/educacao\\\/10\\\/06\\\/#breadcrumb\"},\"inLanguage\":\"pt-PT\",\"potentialAction\":[{\"@type\":\"ReadAction\",\"target\":[\"https:\\\/\\\/algarve7.pt\\\/index.php\\\/2021\\\/09\\\/municipio-de-loule-distribui-livros-sobre-acao-climatica-aos-alunos-do-1o-ciclo-do-concelho\\\/educacao\\\/10\\\/06\\\/\"]}]},{\"@type\":\"ImageObject\",\"inLanguage\":\"pt-PT\",\"@id\":\"https:\\\/\\\/algarve7.pt\\\/index.php\\\/2021\\\/09\\\/municipio-de-loule-distribui-livros-sobre-acao-climatica-aos-alunos-do-1o-ciclo-do-concelho\\\/educacao\\\/10\\\/06\\\/#primaryimage\",\"url\":\"https:\\\/\\\/algarve7.pt\\\/wp-content\\\/uploads\\\/2021\\\/09\\\/CLIMAAT_100.jpg\",\"contentUrl\":\"https:\\\/\\\/algarve7.pt\\\/wp-content\\\/uploads\\\/2021\\\/09\\\/CLIMAAT_100.jpg\",\"width\":1920,\"height\":1440,\"caption\":\"dav\"},{\"@type\":\"BreadcrumbList\",\"@id\":\"https:\\\/\\\/algarve7.pt\\\/index.php\\\/2021\\\/09\\\/municipio-de-loule-distribui-livros-sobre-acao-climatica-aos-alunos-do-1o-ciclo-do-concelho\\\/educacao\\\/10\\\/06\\\/#breadcrumb\",\"itemListElement\":[{\"@type\":\"ListItem\",\"position\":1,\"name\":\"In\u00edcio\",\"item\":\"https:\\\/\\\/algarve7.pt\\\/\"},{\"@type\":\"ListItem\",\"position\":2,\"name\":\"Munic\u00edpio de Loul\u00e9 distribui livros sobre a\u00e7\u00e3o clim\u00e1tica aos alunos do 1\u00ba ciclo do concelho\"}]},{\"@type\":\"WebSite\",\"@id\":\"https:\\\/\\\/algarve7.pt\\\/#website\",\"url\":\"https:\\\/\\\/algarve7.pt\\\/\",\"name\":\"Algarve 7\",\"description\":\"Informa\u00e7\u00e3o sobre o Algarve\",\"publisher\":{\"@id\":\"https:\\\/\\\/algarve7.pt\\\/#organization\"},\"potentialAction\":[{\"@type\":\"SearchAction\",\"target\":{\"@type\":\"EntryPoint\",\"urlTemplate\":\"https:\\\/\\\/algarve7.pt\\\/?s={search_term_string}\"},\"query-input\":{\"@type\":\"PropertyValueSpecification\",\"valueRequired\":true,\"valueName\":\"search_term_string\"}}],\"inLanguage\":\"pt-PT\"},{\"@type\":\"Organization\",\"@id\":\"https:\\\/\\\/algarve7.pt\\\/#organization\",\"name\":\"Algarve 7\",\"url\":\"https:\\\/\\\/algarve7.pt\\\/\",\"logo\":{\"@type\":\"ImageObject\",\"inLanguage\":\"pt-PT\",\"@id\":\"https:\\\/\\\/algarve7.pt\\\/#\\\/schema\\\/logo\\\/image\\\/\",\"url\":\"https:\\\/\\\/algarve7.pt\\\/wp-content\\\/uploads\\\/2020\\\/10\\\/Logo-8.jpg\",\"contentUrl\":\"https:\\\/\\\/algarve7.pt\\\/wp-content\\\/uploads\\\/2020\\\/10\\\/Logo-8.jpg\",\"width\":1680,\"height\":1186,\"caption\":\"Algarve 7\"},\"image\":{\"@id\":\"https:\\\/\\\/algarve7.pt\\\/#\\\/schema\\\/logo\\\/image\\\/\"},\"sameAs\":[\"https:\\\/\\\/www.facebook.com\\\/algarve7\",\"https:\\\/\\\/x.com\\\/Algarvesete\",\"https:\\\/\\\/www.instagram.com\\\/jornalalgarve7\\\/\",\"https:\\\/\\\/www.linkedin.com\\\/company\\\/algarve7\",\"https:\\\/\\\/www.pinterest.pt\\\/geral0939\\\/_created\\\/\"]},{\"@type\":\"Person\",\"@id\":\"https:\\\/\\\/algarve7.pt\\\/#\\\/schema\\\/person\\\/23fa70681308e7b319a3204bcea45e0c\",\"name\":\"Algarve 7\",\"sameAs\":[\"https:\\\/\\\/algarve7.pt\",\"https:\\\/\\\/www.facebook.com\\\/algarve7\"],\"url\":\"https:\\\/\\\/algarve7.pt\\\/index.php\\\/author\\\/geralalgarve7-pt\\\/\"}]}<\/script>\n<!-- \/ Yoast SEO plugin. -->","yoast_head_json":{"title":"Munic\u00edpio de Loul\u00e9 distribui livros sobre a\u00e7\u00e3o clim\u00e1tica aos alunos do 1\u00ba ciclo do concelho - Algarve 7","description":"Munic\u00edpio de Loul\u00e9 distribui livros sobre a\u00e7\u00e3o clim\u00e1tica aos alunos do 1\u00ba ciclo do concelho Educa\u00e7\u00e3o","robots":{"index":"index","follow":"follow","max-snippet":"max-snippet:-1","max-image-preview":"max-image-preview:large","max-video-preview":"max-video-preview:-1"},"canonical":"https:\/\/algarve7.pt\/index.php\/2021\/09\/municipio-de-loule-distribui-livros-sobre-acao-climatica-aos-alunos-do-1o-ciclo-do-concelho\/educacao\/10\/06\/","og_locale":"pt_PT","og_type":"article","og_title":"Munic\u00edpio de Loul\u00e9 distribui livros sobre a\u00e7\u00e3o clim\u00e1tica aos alunos do 1\u00ba ciclo do concelho - Algarve 7","og_description":"Munic\u00edpio de Loul\u00e9 distribui livros sobre a\u00e7\u00e3o clim\u00e1tica aos alunos do 1\u00ba ciclo do concelho Educa\u00e7\u00e3o","og_url":"https:\/\/algarve7.pt\/index.php\/2021\/09\/municipio-de-loule-distribui-livros-sobre-acao-climatica-aos-alunos-do-1o-ciclo-do-concelho\/educacao\/10\/06\/","og_site_name":"Algarve 7","article_publisher":"https:\/\/www.facebook.com\/algarve7","article_author":"https:\/\/www.facebook.com\/algarve7","article_published_time":"2021-09-25T09:06:00+00:00","og_image":[{"width":1920,"height":1440,"url":"https:\/\/algarve7.pt\/wp-content\/uploads\/2021\/09\/CLIMAAT_100.jpg","type":"image\/jpeg"}],"author":"Algarve 7","twitter_card":"summary_large_image","twitter_creator":"@Algarvesete","twitter_site":"@Algarvesete","twitter_misc":{"Escrito por":"Algarve 7","Tempo estimado de leitura":"2 minutos"},"schema":{"@context":"https:\/\/schema.org","@graph":[{"@type":"Article","@id":"https:\/\/algarve7.pt\/index.php\/2021\/09\/municipio-de-loule-distribui-livros-sobre-acao-climatica-aos-alunos-do-1o-ciclo-do-concelho\/educacao\/10\/06\/#article","isPartOf":{"@id":"https:\/\/algarve7.pt\/index.php\/2021\/09\/municipio-de-loule-distribui-livros-sobre-acao-climatica-aos-alunos-do-1o-ciclo-do-concelho\/educacao\/10\/06\/"},"author":{"name":"Algarve 7","@id":"https:\/\/algarve7.pt\/#\/schema\/person\/23fa70681308e7b319a3204bcea45e0c"},"headline":"Munic\u00edpio de Loul\u00e9 distribui livros sobre a\u00e7\u00e3o clim\u00e1tica aos alunos do 1\u00ba ciclo do concelho","datePublished":"2021-09-25T09:06:00+00:00","mainEntityOfPage":{"@id":"https:\/\/algarve7.pt\/index.php\/2021\/09\/municipio-de-loule-distribui-livros-sobre-acao-climatica-aos-alunos-do-1o-ciclo-do-concelho\/educacao\/10\/06\/"},"wordCount":422,"publisher":{"@id":"https:\/\/algarve7.pt\/#organization"},"image":{"@id":"https:\/\/algarve7.pt\/index.php\/2021\/09\/municipio-de-loule-distribui-livros-sobre-acao-climatica-aos-alunos-do-1o-ciclo-do-concelho\/educacao\/10\/06\/#primaryimage"},"thumbnailUrl":"https:\/\/algarve7.pt\/wp-content\/uploads\/2021\/09\/CLIMAAT_100.jpg","keywords":["Algarve","Educa\u00e7\u00e3o","Escola","Loul\u00e9"],"articleSection":["Educa\u00e7\u00e3o"],"inLanguage":"pt-PT"},{"@type":"WebPage","@id":"https:\/\/algarve7.pt\/index.php\/2021\/09\/municipio-de-loule-distribui-livros-sobre-acao-climatica-aos-alunos-do-1o-ciclo-do-concelho\/educacao\/10\/06\/","url":"https:\/\/algarve7.pt\/index.php\/2021\/09\/municipio-de-loule-distribui-livros-sobre-acao-climatica-aos-alunos-do-1o-ciclo-do-concelho\/educacao\/10\/06\/","name":"Munic\u00edpio de Loul\u00e9 distribui livros sobre a\u00e7\u00e3o clim\u00e1tica aos alunos do 1\u00ba ciclo do concelho - Algarve 7","isPartOf":{"@id":"https:\/\/algarve7.pt\/#website"},"primaryImageOfPage":{"@id":"https:\/\/algarve7.pt\/index.php\/2021\/09\/municipio-de-loule-distribui-livros-sobre-acao-climatica-aos-alunos-do-1o-ciclo-do-concelho\/educacao\/10\/06\/#primaryimage"},"image":{"@id":"https:\/\/algarve7.pt\/index.php\/2021\/09\/municipio-de-loule-distribui-livros-sobre-acao-climatica-aos-alunos-do-1o-ciclo-do-concelho\/educacao\/10\/06\/#primaryimage"},"thumbnailUrl":"https:\/\/algarve7.pt\/wp-content\/uploads\/2021\/09\/CLIMAAT_100.jpg","datePublished":"2021-09-25T09:06:00+00:00","description":"Munic\u00edpio de Loul\u00e9 distribui livros sobre a\u00e7\u00e3o clim\u00e1tica aos alunos do 1\u00ba ciclo do concelho Educa\u00e7\u00e3o","breadcrumb":{"@id":"https:\/\/algarve7.pt\/index.php\/2021\/09\/municipio-de-loule-distribui-livros-sobre-acao-climatica-aos-alunos-do-1o-ciclo-do-concelho\/educacao\/10\/06\/#breadcrumb"},"inLanguage":"pt-PT","potentialAction":[{"@type":"ReadAction","target":["https:\/\/algarve7.pt\/index.php\/2021\/09\/municipio-de-loule-distribui-livros-sobre-acao-climatica-aos-alunos-do-1o-ciclo-do-concelho\/educacao\/10\/06\/"]}]},{"@type":"ImageObject","inLanguage":"pt-PT","@id":"https:\/\/algarve7.pt\/index.php\/2021\/09\/municipio-de-loule-distribui-livros-sobre-acao-climatica-aos-alunos-do-1o-ciclo-do-concelho\/educacao\/10\/06\/#primaryimage","url":"https:\/\/algarve7.pt\/wp-content\/uploads\/2021\/09\/CLIMAAT_100.jpg","contentUrl":"https:\/\/algarve7.pt\/wp-content\/uploads\/2021\/09\/CLIMAAT_100.jpg","width":1920,"height":1440,"caption":"dav"},{"@type":"BreadcrumbList","@id":"https:\/\/algarve7.pt\/index.php\/2021\/09\/municipio-de-loule-distribui-livros-sobre-acao-climatica-aos-alunos-do-1o-ciclo-do-concelho\/educacao\/10\/06\/#breadcrumb","itemListElement":[{"@type":"ListItem","position":1,"name":"In\u00edcio","item":"https:\/\/algarve7.pt\/"},{"@type":"ListItem","position":2,"name":"Munic\u00edpio de Loul\u00e9 distribui livros sobre a\u00e7\u00e3o clim\u00e1tica aos alunos do 1\u00ba ciclo do concelho"}]},{"@type":"WebSite","@id":"https:\/\/algarve7.pt\/#website","url":"https:\/\/algarve7.pt\/","name":"Algarve 7","description":"Informa\u00e7\u00e3o sobre o Algarve","publisher":{"@id":"https:\/\/algarve7.pt\/#organization"},"potentialAction":[{"@type":"SearchAction","target":{"@type":"EntryPoint","urlTemplate":"https:\/\/algarve7.pt\/?s={search_term_string}"},"query-input":{"@type":"PropertyValueSpecification","valueRequired":true,"valueName":"search_term_string"}}],"inLanguage":"pt-PT"},{"@type":"Organization","@id":"https:\/\/algarve7.pt\/#organization","name":"Algarve 7","url":"https:\/\/algarve7.pt\/","logo":{"@type":"ImageObject","inLanguage":"pt-PT","@id":"https:\/\/algarve7.pt\/#\/schema\/logo\/image\/","url":"https:\/\/algarve7.pt\/wp-content\/uploads\/2020\/10\/Logo-8.jpg","contentUrl":"https:\/\/algarve7.pt\/wp-content\/uploads\/2020\/10\/Logo-8.jpg","width":1680,"height":1186,"caption":"Algarve 7"},"image":{"@id":"https:\/\/algarve7.pt\/#\/schema\/logo\/image\/"},"sameAs":["https:\/\/www.facebook.com\/algarve7","https:\/\/x.com\/Algarvesete","https:\/\/www.instagram.com\/jornalalgarve7\/","https:\/\/www.linkedin.com\/company\/algarve7","https:\/\/www.pinterest.pt\/geral0939\/_created\/"]},{"@type":"Person","@id":"https:\/\/algarve7.pt\/#\/schema\/person\/23fa70681308e7b319a3204bcea45e0c","name":"Algarve 7","sameAs":["https:\/\/algarve7.pt","https:\/\/www.facebook.com\/algarve7"],"url":"https:\/\/algarve7.pt\/index.php\/author\/geralalgarve7-pt\/"}]}},"jetpack_publicize_connections":[],"jetpack_featured_media_url":"https:\/\/algarve7.pt\/wp-content\/uploads\/2021\/09\/CLIMAAT_100.jpg","jetpack_shortlink":"https:\/\/wp.me\/pcezmW-30N","jetpack_sharing_enabled":true,"_links":{"self":[{"href":"https:\/\/algarve7.pt\/index.php\/wp-json\/wp\/v2\/posts\/11581","targetHints":{"allow":["GET"]}}],"collection":[{"href":"https:\/\/algarve7.pt\/index.php\/wp-json\/wp\/v2\/posts"}],"about":[{"href":"https:\/\/algarve7.pt\/index.php\/wp-json\/wp\/v2\/types\/post"}],"author":[{"embeddable":true,"href":"https:\/\/algarve7.pt\/index.php\/wp-json\/wp\/v2\/users\/1"}],"replies":[{"embeddable":true,"href":"https:\/\/algarve7.pt\/index.php\/wp-json\/wp\/v2\/comments?post=11581"}],"version-history":[{"count":0,"href":"https:\/\/algarve7.pt\/index.php\/wp-json\/wp\/v2\/posts\/11581\/revisions"}],"wp:featuredmedia":[{"embeddable":true,"href":"https:\/\/algarve7.pt\/index.php\/wp-json\/wp\/v2\/media\/11582"}],"wp:attachment":[{"href":"https:\/\/algarve7.pt\/index.php\/wp-json\/wp\/v2\/media?parent=11581"}],"wp:term":[{"taxonomy":"category","embeddable":true,"href":"https:\/\/algarve7.pt\/index.php\/wp-json\/wp\/v2\/categories?post=11581"},{"taxonomy":"post_tag","embeddable":true,"href":"https:\/\/algarve7.pt\/index.php\/wp-json\/wp\/v2\/tags?post=11581"}],"curies":[{"name":"wp","href":"https:\/\/api.w.org\/{rel}","templated":true}]}}