{"id":11578,"date":"2021-09-25T08:59:00","date_gmt":"2021-09-25T07:59:00","guid":{"rendered":"https:\/\/algarve7.pt\/?p=11578"},"modified":"2021-09-24T18:01:34","modified_gmt":"2021-09-24T17:01:34","slug":"loule-esta-a-criar-grupo-de-trabalho-para-gestao-do-risco-de-emissao-de-gases-com-efeito-de-estufa-em-incendios-florestais","status":"publish","type":"post","link":"https:\/\/algarve7.pt\/index.php\/2021\/09\/loule-esta-a-criar-grupo-de-trabalho-para-gestao-do-risco-de-emissao-de-gases-com-efeito-de-estufa-em-incendios-florestais\/ambiente\/08\/59\/","title":{"rendered":"Loul\u00e9 est\u00e1 a criar grupo de trabalho para gest\u00e3o do risco de emiss\u00e3o de gases com efeito de estufa em inc\u00eandios florestais"},"content":{"rendered":"\n<p>No \u00e2mbito do projeto REMAS (INTERREG \u2013 SUDOE), do qual \u00e9 um dos parceiros, o Munic\u00edpio de Loul\u00e9 promoveu uma reuni\u00e3o em formato online com diversas entidades nacionais, regionais e locais com o objetivo de dar a conhecer este projeto, lan\u00e7ando o desafio de cria\u00e7\u00e3o de um grupo de trabalho que se proponha a levar por diante os objetivos de preven\u00e7\u00e3o e gest\u00e3o de risco de emiss\u00f5es de gases de efeito de estufa em inc\u00eandios florestais, enquadrando-os nos instrumentos de planeamento e na legisla\u00e7\u00e3o.<\/p>\n\n\n\n<p>Cofinanciado pelo FEDER, o&nbsp;projeto REMAS tem como objetivo quantificar o carbono contido nos ecossistemas florestais, tanto na vegeta\u00e7\u00e3o como no solo, determinar e mapear o risco de liberta\u00e7\u00e3o de CO<sub>2<\/sub>e outros&nbsp;gases de efeito de estufa&nbsp;para a atmosfera quando ocorre um inc\u00eandio rural.&nbsp; Pretende-se que este indicador de \u201crisco de emiss\u00e3o\u201d seja inclu\u00eddo nos planos de preven\u00e7\u00e3o e gest\u00e3o de inc\u00eandios florestais, no sentido de minimizar a emiss\u00e3o de gases com efeito de estufa e, consequentemente, os seus efeitos nas altera\u00e7\u00f5es clim\u00e1ticas.<\/p>\n\n\n\n<p>Os objetivos espec\u00edficos passam, assim, por&nbsp;desenvolver um modelo para quantificar o risco de emiss\u00f5es que servir\u00e1 como um indicador em pol\u00edticas e programas de preven\u00e7\u00e3o e gest\u00e3o de inc\u00eandios florestais, bem como num mapeamento do carbono armazenado na vegeta\u00e7\u00e3o e no solo. Por outro lado, ser\u00e3o propostas medidas de restaura\u00e7\u00e3o que incluem protocolos de a\u00e7\u00e3o padronizados para minimizar os danos e acelerar a recupera\u00e7\u00e3o dos stocks de carbono nos ecossistemas.&nbsp;&nbsp;&nbsp;&nbsp;&nbsp;&nbsp;&nbsp;&nbsp;&nbsp;&nbsp;&nbsp;&nbsp;&nbsp;&nbsp;&nbsp;&nbsp;&nbsp;&nbsp;&nbsp;&nbsp;&nbsp;&nbsp;&nbsp;&nbsp;&nbsp;&nbsp;&nbsp;&nbsp;&nbsp;&nbsp;&nbsp;&nbsp;&nbsp;&nbsp;&nbsp;&nbsp;&nbsp;&nbsp;&nbsp;<\/p>\n\n\n\n<p>Assim, neste encontro com aqueles que poder\u00e3o ser, no futuro, parceiros no projeto,&nbsp;foram convidadas v\u00e1rias entidades chave, regionais e nacionais \u2013 autarquias, associa\u00e7\u00f5es de produtores florestais, universidades, associa\u00e7\u00f5es de car\u00e1cter ambiental, empres\u00e1rios ligados ao mundo rural, entidades desconcertadas da administra\u00e7\u00e3o central -, proporcionando-se aqui um primeiro contacto com alguns dos resultados j\u00e1 obtidos no projeto, e despoletando o interesse para integrarem o grupo de trabalho a ser formado. Esta atividade est\u00e1 a ser coordenada por Loul\u00e9, a n\u00edvel internacional, tanto em Portugal, como nos territ\u00f3rios de Espanha e Fran\u00e7a.&nbsp;<\/p>\n\n\n\n<p>As \u00e1reas-piloto do projeto englobam a Serra do Caldeir\u00e3o, a regi\u00e3o da Aquit\u00e2nia, em Fran\u00e7a, Chequilla (Guadalajara) e Chelva-Andilla (Val\u00eancia), ambas em Espanha, onde t\u00eam sido testadas diferentes formas de interven\u00e7\u00e3o ap\u00f3s inc\u00eandio.<\/p>\n\n\n\n<p>Durante esta reuni\u00e3o, da parte do Gabinete T\u00e9cnico Florestal Autarquia de Loul\u00e9, foram tra\u00e7adas as linhas principais do projeto e as a\u00e7\u00f5es que t\u00eam sido desenvolvidas em Loul\u00e9. J\u00e1 do lado do ISA \u2013 Instituto Superior de Agronomia de Lisboa, foi feita uma abordagem global \u00e0 intera\u00e7\u00e3o Clima\/Floresta\/Fogo e aos contributos importantes do REMAS na mitiga\u00e7\u00e3o e adapta\u00e7\u00e3o das altera\u00e7\u00f5es clim\u00e1ticas. Os representantes do Instituto trouxeram alguns do resultados (provis\u00f3rios) apurados nas parcelas na Serra do Caldeir\u00e3o, respeitantes a \u00e1reas que arderam nos inc\u00eandios de 2004 e 2012 e a sua recupera\u00e7\u00e3o. O modelo em pr\u00e1tica prev\u00ea uma monitoriza\u00e7\u00e3o semestral da varia\u00e7\u00e3o do carbono na vegeta\u00e7\u00e3o e no solo, em parcelas ardidas em 2004, parcelas ardidas em 2012 e parcelas n\u00e3o ardidas, tendo em conta vari\u00e1veis definidas para a medi\u00e7\u00e3o da vulnerabilidade \u00e0 emiss\u00e3o de gases por inc\u00eandio rural: sensibilidade, resili\u00eancia e exposi\u00e7\u00e3o.<\/p>\n\n\n\n<p>Recorde-se que&nbsp;o projeto, aprovado em junho de 2019, \u00e9 liderado pela Associa\u00e7\u00e3o de Munic\u00edpios Florestais da Comunidade Valenciana (AMUFOR) tem parceiros de prest\u00edgio como a Universidade Polit\u00e9cnica de Val\u00eancia, a Universidade de Val\u00eancia, o Conselho Provincial de Val\u00eancia, o Instituto Nacional de Investiga\u00e7\u00e3o e Tecnologia Agr\u00e1ria e Alimentar, a C\u00e2mara Municipal de Loul\u00e9, o Instituto Superior de Agronomia, a Escola Nacional Superior de Ci\u00eancias Agr\u00f3nomas de Bord\u00e9us.&nbsp;<\/p>\n\n\n\n<p>A pr\u00f3xima reuni\u00e3o proposta aos potenciais parceiros acontece em novembro para consolida\u00e7\u00e3o do grupo de trabalho e in\u00edcio da defini\u00e7\u00e3o de a\u00e7\u00f5es concretas.<\/p>\n","protected":false},"excerpt":{"rendered":"<p>No \u00e2mbito do projeto REMAS (INTERREG \u2013 SUDOE), do qual \u00e9 um dos parceiros, o Munic\u00edpio de Loul\u00e9 promoveu uma<\/p>\n","protected":false},"author":1,"featured_media":11579,"comment_status":"closed","ping_status":"open","sticky":false,"template":"","format":"standard","meta":{"colormag_page_container_layout":"default_layout","colormag_page_sidebar_layout":"default_layout","_monsterinsights_skip_tracking":false,"_monsterinsights_sitenote_active":false,"_monsterinsights_sitenote_note":"","_monsterinsights_sitenote_category":0,"jetpack_post_was_ever_published":false,"_jetpack_newsletter_access":"","_jetpack_dont_email_post_to_subs":false,"_jetpack_newsletter_tier_id":0,"_jetpack_memberships_contains_paywalled_content":false,"_jetpack_memberships_contains_paid_content":false,"footnotes":"","jetpack_publicize_message":"","jetpack_publicize_feature_enabled":true,"jetpack_social_post_already_shared":true,"jetpack_social_options":{"image_generator_settings":{"template":"highway","default_image_id":0,"font":"","enabled":false},"version":2}},"categories":[5],"tags":[36,32,135,31],"class_list":["post-11578","post","type-post","status-publish","format-standard","has-post-thumbnail","hentry","category-ambiente","tag-algarve","tag-ambiente","tag-incendio","tag-loule"],"yoast_head":"<!-- This site is optimized with the Yoast SEO plugin v27.5 - https:\/\/yoast.com\/product\/yoast-seo-wordpress\/ -->\n<title>Loul\u00e9 est\u00e1 a criar grupo de trabalho para gest\u00e3o do risco de emiss\u00e3o de gases com efeito de estufa em inc\u00eandios florestais - Algarve 7<\/title>\n<meta name=\"description\" content=\"Loul\u00e9 est\u00e1 a criar grupo de trabalho para gest\u00e3o do risco de emiss\u00e3o de gases com efeito de estufa em inc\u00eandios florestais Ambiente\" \/>\n<meta name=\"robots\" content=\"index, follow, max-snippet:-1, max-image-preview:large, max-video-preview:-1\" \/>\n<link rel=\"canonical\" href=\"https:\/\/algarve7.pt\/index.php\/2021\/09\/loule-esta-a-criar-grupo-de-trabalho-para-gestao-do-risco-de-emissao-de-gases-com-efeito-de-estufa-em-incendios-florestais\/ambiente\/08\/59\/\" \/>\n<meta property=\"og:locale\" content=\"pt_PT\" \/>\n<meta property=\"og:type\" content=\"article\" \/>\n<meta property=\"og:title\" content=\"Loul\u00e9 est\u00e1 a criar grupo de trabalho para gest\u00e3o do risco de emiss\u00e3o de gases com efeito de estufa em inc\u00eandios florestais - Algarve 7\" \/>\n<meta property=\"og:description\" content=\"Loul\u00e9 est\u00e1 a criar grupo de trabalho para gest\u00e3o do risco de emiss\u00e3o de gases com efeito de estufa em inc\u00eandios florestais Ambiente\" \/>\n<meta property=\"og:url\" content=\"https:\/\/algarve7.pt\/index.php\/2021\/09\/loule-esta-a-criar-grupo-de-trabalho-para-gestao-do-risco-de-emissao-de-gases-com-efeito-de-estufa-em-incendios-florestais\/ambiente\/08\/59\/\" \/>\n<meta property=\"og:site_name\" content=\"Algarve 7\" \/>\n<meta property=\"article:publisher\" content=\"https:\/\/www.facebook.com\/algarve7\" \/>\n<meta property=\"article:author\" content=\"https:\/\/www.facebook.com\/algarve7\" \/>\n<meta property=\"article:published_time\" content=\"2021-09-25T07:59:00+00:00\" \/>\n<meta property=\"og:image\" content=\"https:\/\/algarve7.pt\/wp-content\/uploads\/2021\/09\/Parcela-REMAS-CAldeirao3.jpg\" \/>\n\t<meta property=\"og:image:width\" content=\"1920\" \/>\n\t<meta property=\"og:image:height\" content=\"1440\" \/>\n\t<meta property=\"og:image:type\" content=\"image\/jpeg\" \/>\n<meta name=\"author\" content=\"Algarve 7\" \/>\n<meta name=\"twitter:card\" content=\"summary_large_image\" \/>\n<meta name=\"twitter:creator\" content=\"@Algarvesete\" \/>\n<meta name=\"twitter:site\" content=\"@Algarvesete\" \/>\n<meta name=\"twitter:label1\" content=\"Escrito por\" \/>\n\t<meta name=\"twitter:data1\" content=\"Algarve 7\" \/>\n\t<meta name=\"twitter:label2\" content=\"Tempo estimado de leitura\" \/>\n\t<meta name=\"twitter:data2\" content=\"3 minutos\" \/>\n<script type=\"application\/ld+json\" class=\"yoast-schema-graph\">{\"@context\":\"https:\\\/\\\/schema.org\",\"@graph\":[{\"@type\":\"Article\",\"@id\":\"https:\\\/\\\/algarve7.pt\\\/index.php\\\/2021\\\/09\\\/loule-esta-a-criar-grupo-de-trabalho-para-gestao-do-risco-de-emissao-de-gases-com-efeito-de-estufa-em-incendios-florestais\\\/ambiente\\\/08\\\/59\\\/#article\",\"isPartOf\":{\"@id\":\"https:\\\/\\\/algarve7.pt\\\/index.php\\\/2021\\\/09\\\/loule-esta-a-criar-grupo-de-trabalho-para-gestao-do-risco-de-emissao-de-gases-com-efeito-de-estufa-em-incendios-florestais\\\/ambiente\\\/08\\\/59\\\/\"},\"author\":{\"name\":\"Algarve 7\",\"@id\":\"https:\\\/\\\/algarve7.pt\\\/#\\\/schema\\\/person\\\/23fa70681308e7b319a3204bcea45e0c\"},\"headline\":\"Loul\u00e9 est\u00e1 a criar grupo de trabalho para gest\u00e3o do risco de emiss\u00e3o de gases com efeito de estufa em inc\u00eandios florestais\",\"datePublished\":\"2021-09-25T07:59:00+00:00\",\"mainEntityOfPage\":{\"@id\":\"https:\\\/\\\/algarve7.pt\\\/index.php\\\/2021\\\/09\\\/loule-esta-a-criar-grupo-de-trabalho-para-gestao-do-risco-de-emissao-de-gases-com-efeito-de-estufa-em-incendios-florestais\\\/ambiente\\\/08\\\/59\\\/\"},\"wordCount\":754,\"publisher\":{\"@id\":\"https:\\\/\\\/algarve7.pt\\\/#organization\"},\"image\":{\"@id\":\"https:\\\/\\\/algarve7.pt\\\/index.php\\\/2021\\\/09\\\/loule-esta-a-criar-grupo-de-trabalho-para-gestao-do-risco-de-emissao-de-gases-com-efeito-de-estufa-em-incendios-florestais\\\/ambiente\\\/08\\\/59\\\/#primaryimage\"},\"thumbnailUrl\":\"https:\\\/\\\/algarve7.pt\\\/wp-content\\\/uploads\\\/2021\\\/09\\\/Parcela-REMAS-CAldeirao3.jpg\",\"keywords\":[\"Algarve\",\"Ambiente\",\"Inc\u00eandio\",\"Loul\u00e9\"],\"articleSection\":[\"Ambiente\"],\"inLanguage\":\"pt-PT\"},{\"@type\":\"WebPage\",\"@id\":\"https:\\\/\\\/algarve7.pt\\\/index.php\\\/2021\\\/09\\\/loule-esta-a-criar-grupo-de-trabalho-para-gestao-do-risco-de-emissao-de-gases-com-efeito-de-estufa-em-incendios-florestais\\\/ambiente\\\/08\\\/59\\\/\",\"url\":\"https:\\\/\\\/algarve7.pt\\\/index.php\\\/2021\\\/09\\\/loule-esta-a-criar-grupo-de-trabalho-para-gestao-do-risco-de-emissao-de-gases-com-efeito-de-estufa-em-incendios-florestais\\\/ambiente\\\/08\\\/59\\\/\",\"name\":\"Loul\u00e9 est\u00e1 a criar grupo de trabalho para gest\u00e3o do risco de emiss\u00e3o de gases com efeito de estufa em inc\u00eandios florestais - Algarve 7\",\"isPartOf\":{\"@id\":\"https:\\\/\\\/algarve7.pt\\\/#website\"},\"primaryImageOfPage\":{\"@id\":\"https:\\\/\\\/algarve7.pt\\\/index.php\\\/2021\\\/09\\\/loule-esta-a-criar-grupo-de-trabalho-para-gestao-do-risco-de-emissao-de-gases-com-efeito-de-estufa-em-incendios-florestais\\\/ambiente\\\/08\\\/59\\\/#primaryimage\"},\"image\":{\"@id\":\"https:\\\/\\\/algarve7.pt\\\/index.php\\\/2021\\\/09\\\/loule-esta-a-criar-grupo-de-trabalho-para-gestao-do-risco-de-emissao-de-gases-com-efeito-de-estufa-em-incendios-florestais\\\/ambiente\\\/08\\\/59\\\/#primaryimage\"},\"thumbnailUrl\":\"https:\\\/\\\/algarve7.pt\\\/wp-content\\\/uploads\\\/2021\\\/09\\\/Parcela-REMAS-CAldeirao3.jpg\",\"datePublished\":\"2021-09-25T07:59:00+00:00\",\"description\":\"Loul\u00e9 est\u00e1 a criar grupo de trabalho para gest\u00e3o do risco de emiss\u00e3o de gases com efeito de estufa em inc\u00eandios florestais Ambiente\",\"breadcrumb\":{\"@id\":\"https:\\\/\\\/algarve7.pt\\\/index.php\\\/2021\\\/09\\\/loule-esta-a-criar-grupo-de-trabalho-para-gestao-do-risco-de-emissao-de-gases-com-efeito-de-estufa-em-incendios-florestais\\\/ambiente\\\/08\\\/59\\\/#breadcrumb\"},\"inLanguage\":\"pt-PT\",\"potentialAction\":[{\"@type\":\"ReadAction\",\"target\":[\"https:\\\/\\\/algarve7.pt\\\/index.php\\\/2021\\\/09\\\/loule-esta-a-criar-grupo-de-trabalho-para-gestao-do-risco-de-emissao-de-gases-com-efeito-de-estufa-em-incendios-florestais\\\/ambiente\\\/08\\\/59\\\/\"]}]},{\"@type\":\"ImageObject\",\"inLanguage\":\"pt-PT\",\"@id\":\"https:\\\/\\\/algarve7.pt\\\/index.php\\\/2021\\\/09\\\/loule-esta-a-criar-grupo-de-trabalho-para-gestao-do-risco-de-emissao-de-gases-com-efeito-de-estufa-em-incendios-florestais\\\/ambiente\\\/08\\\/59\\\/#primaryimage\",\"url\":\"https:\\\/\\\/algarve7.pt\\\/wp-content\\\/uploads\\\/2021\\\/09\\\/Parcela-REMAS-CAldeirao3.jpg\",\"contentUrl\":\"https:\\\/\\\/algarve7.pt\\\/wp-content\\\/uploads\\\/2021\\\/09\\\/Parcela-REMAS-CAldeirao3.jpg\",\"width\":1920,\"height\":1440},{\"@type\":\"BreadcrumbList\",\"@id\":\"https:\\\/\\\/algarve7.pt\\\/index.php\\\/2021\\\/09\\\/loule-esta-a-criar-grupo-de-trabalho-para-gestao-do-risco-de-emissao-de-gases-com-efeito-de-estufa-em-incendios-florestais\\\/ambiente\\\/08\\\/59\\\/#breadcrumb\",\"itemListElement\":[{\"@type\":\"ListItem\",\"position\":1,\"name\":\"In\u00edcio\",\"item\":\"https:\\\/\\\/algarve7.pt\\\/\"},{\"@type\":\"ListItem\",\"position\":2,\"name\":\"Loul\u00e9 est\u00e1 a criar grupo de trabalho para gest\u00e3o do risco de emiss\u00e3o de gases com efeito de estufa em inc\u00eandios florestais\"}]},{\"@type\":\"WebSite\",\"@id\":\"https:\\\/\\\/algarve7.pt\\\/#website\",\"url\":\"https:\\\/\\\/algarve7.pt\\\/\",\"name\":\"Algarve 7\",\"description\":\"Informa\u00e7\u00e3o sobre o Algarve\",\"publisher\":{\"@id\":\"https:\\\/\\\/algarve7.pt\\\/#organization\"},\"potentialAction\":[{\"@type\":\"SearchAction\",\"target\":{\"@type\":\"EntryPoint\",\"urlTemplate\":\"https:\\\/\\\/algarve7.pt\\\/?s={search_term_string}\"},\"query-input\":{\"@type\":\"PropertyValueSpecification\",\"valueRequired\":true,\"valueName\":\"search_term_string\"}}],\"inLanguage\":\"pt-PT\"},{\"@type\":\"Organization\",\"@id\":\"https:\\\/\\\/algarve7.pt\\\/#organization\",\"name\":\"Algarve 7\",\"url\":\"https:\\\/\\\/algarve7.pt\\\/\",\"logo\":{\"@type\":\"ImageObject\",\"inLanguage\":\"pt-PT\",\"@id\":\"https:\\\/\\\/algarve7.pt\\\/#\\\/schema\\\/logo\\\/image\\\/\",\"url\":\"https:\\\/\\\/algarve7.pt\\\/wp-content\\\/uploads\\\/2020\\\/10\\\/Logo-8.jpg\",\"contentUrl\":\"https:\\\/\\\/algarve7.pt\\\/wp-content\\\/uploads\\\/2020\\\/10\\\/Logo-8.jpg\",\"width\":1680,\"height\":1186,\"caption\":\"Algarve 7\"},\"image\":{\"@id\":\"https:\\\/\\\/algarve7.pt\\\/#\\\/schema\\\/logo\\\/image\\\/\"},\"sameAs\":[\"https:\\\/\\\/www.facebook.com\\\/algarve7\",\"https:\\\/\\\/x.com\\\/Algarvesete\",\"https:\\\/\\\/www.instagram.com\\\/jornalalgarve7\\\/\",\"https:\\\/\\\/www.linkedin.com\\\/company\\\/algarve7\",\"https:\\\/\\\/www.pinterest.pt\\\/geral0939\\\/_created\\\/\"]},{\"@type\":\"Person\",\"@id\":\"https:\\\/\\\/algarve7.pt\\\/#\\\/schema\\\/person\\\/23fa70681308e7b319a3204bcea45e0c\",\"name\":\"Algarve 7\",\"sameAs\":[\"https:\\\/\\\/algarve7.pt\",\"https:\\\/\\\/www.facebook.com\\\/algarve7\"],\"url\":\"https:\\\/\\\/algarve7.pt\\\/index.php\\\/author\\\/geralalgarve7-pt\\\/\"}]}<\/script>\n<!-- \/ Yoast SEO plugin. -->","yoast_head_json":{"title":"Loul\u00e9 est\u00e1 a criar grupo de trabalho para gest\u00e3o do risco de emiss\u00e3o de gases com efeito de estufa em inc\u00eandios florestais - Algarve 7","description":"Loul\u00e9 est\u00e1 a criar grupo de trabalho para gest\u00e3o do risco de emiss\u00e3o de gases com efeito de estufa em inc\u00eandios florestais Ambiente","robots":{"index":"index","follow":"follow","max-snippet":"max-snippet:-1","max-image-preview":"max-image-preview:large","max-video-preview":"max-video-preview:-1"},"canonical":"https:\/\/algarve7.pt\/index.php\/2021\/09\/loule-esta-a-criar-grupo-de-trabalho-para-gestao-do-risco-de-emissao-de-gases-com-efeito-de-estufa-em-incendios-florestais\/ambiente\/08\/59\/","og_locale":"pt_PT","og_type":"article","og_title":"Loul\u00e9 est\u00e1 a criar grupo de trabalho para gest\u00e3o do risco de emiss\u00e3o de gases com efeito de estufa em inc\u00eandios florestais - Algarve 7","og_description":"Loul\u00e9 est\u00e1 a criar grupo de trabalho para gest\u00e3o do risco de emiss\u00e3o de gases com efeito de estufa em inc\u00eandios florestais Ambiente","og_url":"https:\/\/algarve7.pt\/index.php\/2021\/09\/loule-esta-a-criar-grupo-de-trabalho-para-gestao-do-risco-de-emissao-de-gases-com-efeito-de-estufa-em-incendios-florestais\/ambiente\/08\/59\/","og_site_name":"Algarve 7","article_publisher":"https:\/\/www.facebook.com\/algarve7","article_author":"https:\/\/www.facebook.com\/algarve7","article_published_time":"2021-09-25T07:59:00+00:00","og_image":[{"width":1920,"height":1440,"url":"https:\/\/algarve7.pt\/wp-content\/uploads\/2021\/09\/Parcela-REMAS-CAldeirao3.jpg","type":"image\/jpeg"}],"author":"Algarve 7","twitter_card":"summary_large_image","twitter_creator":"@Algarvesete","twitter_site":"@Algarvesete","twitter_misc":{"Escrito por":"Algarve 7","Tempo estimado de leitura":"3 minutos"},"schema":{"@context":"https:\/\/schema.org","@graph":[{"@type":"Article","@id":"https:\/\/algarve7.pt\/index.php\/2021\/09\/loule-esta-a-criar-grupo-de-trabalho-para-gestao-do-risco-de-emissao-de-gases-com-efeito-de-estufa-em-incendios-florestais\/ambiente\/08\/59\/#article","isPartOf":{"@id":"https:\/\/algarve7.pt\/index.php\/2021\/09\/loule-esta-a-criar-grupo-de-trabalho-para-gestao-do-risco-de-emissao-de-gases-com-efeito-de-estufa-em-incendios-florestais\/ambiente\/08\/59\/"},"author":{"name":"Algarve 7","@id":"https:\/\/algarve7.pt\/#\/schema\/person\/23fa70681308e7b319a3204bcea45e0c"},"headline":"Loul\u00e9 est\u00e1 a criar grupo de trabalho para gest\u00e3o do risco de emiss\u00e3o de gases com efeito de estufa em inc\u00eandios florestais","datePublished":"2021-09-25T07:59:00+00:00","mainEntityOfPage":{"@id":"https:\/\/algarve7.pt\/index.php\/2021\/09\/loule-esta-a-criar-grupo-de-trabalho-para-gestao-do-risco-de-emissao-de-gases-com-efeito-de-estufa-em-incendios-florestais\/ambiente\/08\/59\/"},"wordCount":754,"publisher":{"@id":"https:\/\/algarve7.pt\/#organization"},"image":{"@id":"https:\/\/algarve7.pt\/index.php\/2021\/09\/loule-esta-a-criar-grupo-de-trabalho-para-gestao-do-risco-de-emissao-de-gases-com-efeito-de-estufa-em-incendios-florestais\/ambiente\/08\/59\/#primaryimage"},"thumbnailUrl":"https:\/\/algarve7.pt\/wp-content\/uploads\/2021\/09\/Parcela-REMAS-CAldeirao3.jpg","keywords":["Algarve","Ambiente","Inc\u00eandio","Loul\u00e9"],"articleSection":["Ambiente"],"inLanguage":"pt-PT"},{"@type":"WebPage","@id":"https:\/\/algarve7.pt\/index.php\/2021\/09\/loule-esta-a-criar-grupo-de-trabalho-para-gestao-do-risco-de-emissao-de-gases-com-efeito-de-estufa-em-incendios-florestais\/ambiente\/08\/59\/","url":"https:\/\/algarve7.pt\/index.php\/2021\/09\/loule-esta-a-criar-grupo-de-trabalho-para-gestao-do-risco-de-emissao-de-gases-com-efeito-de-estufa-em-incendios-florestais\/ambiente\/08\/59\/","name":"Loul\u00e9 est\u00e1 a criar grupo de trabalho para gest\u00e3o do risco de emiss\u00e3o de gases com efeito de estufa em inc\u00eandios florestais - Algarve 7","isPartOf":{"@id":"https:\/\/algarve7.pt\/#website"},"primaryImageOfPage":{"@id":"https:\/\/algarve7.pt\/index.php\/2021\/09\/loule-esta-a-criar-grupo-de-trabalho-para-gestao-do-risco-de-emissao-de-gases-com-efeito-de-estufa-em-incendios-florestais\/ambiente\/08\/59\/#primaryimage"},"image":{"@id":"https:\/\/algarve7.pt\/index.php\/2021\/09\/loule-esta-a-criar-grupo-de-trabalho-para-gestao-do-risco-de-emissao-de-gases-com-efeito-de-estufa-em-incendios-florestais\/ambiente\/08\/59\/#primaryimage"},"thumbnailUrl":"https:\/\/algarve7.pt\/wp-content\/uploads\/2021\/09\/Parcela-REMAS-CAldeirao3.jpg","datePublished":"2021-09-25T07:59:00+00:00","description":"Loul\u00e9 est\u00e1 a criar grupo de trabalho para gest\u00e3o do risco de emiss\u00e3o de gases com efeito de estufa em inc\u00eandios florestais Ambiente","breadcrumb":{"@id":"https:\/\/algarve7.pt\/index.php\/2021\/09\/loule-esta-a-criar-grupo-de-trabalho-para-gestao-do-risco-de-emissao-de-gases-com-efeito-de-estufa-em-incendios-florestais\/ambiente\/08\/59\/#breadcrumb"},"inLanguage":"pt-PT","potentialAction":[{"@type":"ReadAction","target":["https:\/\/algarve7.pt\/index.php\/2021\/09\/loule-esta-a-criar-grupo-de-trabalho-para-gestao-do-risco-de-emissao-de-gases-com-efeito-de-estufa-em-incendios-florestais\/ambiente\/08\/59\/"]}]},{"@type":"ImageObject","inLanguage":"pt-PT","@id":"https:\/\/algarve7.pt\/index.php\/2021\/09\/loule-esta-a-criar-grupo-de-trabalho-para-gestao-do-risco-de-emissao-de-gases-com-efeito-de-estufa-em-incendios-florestais\/ambiente\/08\/59\/#primaryimage","url":"https:\/\/algarve7.pt\/wp-content\/uploads\/2021\/09\/Parcela-REMAS-CAldeirao3.jpg","contentUrl":"https:\/\/algarve7.pt\/wp-content\/uploads\/2021\/09\/Parcela-REMAS-CAldeirao3.jpg","width":1920,"height":1440},{"@type":"BreadcrumbList","@id":"https:\/\/algarve7.pt\/index.php\/2021\/09\/loule-esta-a-criar-grupo-de-trabalho-para-gestao-do-risco-de-emissao-de-gases-com-efeito-de-estufa-em-incendios-florestais\/ambiente\/08\/59\/#breadcrumb","itemListElement":[{"@type":"ListItem","position":1,"name":"In\u00edcio","item":"https:\/\/algarve7.pt\/"},{"@type":"ListItem","position":2,"name":"Loul\u00e9 est\u00e1 a criar grupo de trabalho para gest\u00e3o do risco de emiss\u00e3o de gases com efeito de estufa em inc\u00eandios florestais"}]},{"@type":"WebSite","@id":"https:\/\/algarve7.pt\/#website","url":"https:\/\/algarve7.pt\/","name":"Algarve 7","description":"Informa\u00e7\u00e3o sobre o Algarve","publisher":{"@id":"https:\/\/algarve7.pt\/#organization"},"potentialAction":[{"@type":"SearchAction","target":{"@type":"EntryPoint","urlTemplate":"https:\/\/algarve7.pt\/?s={search_term_string}"},"query-input":{"@type":"PropertyValueSpecification","valueRequired":true,"valueName":"search_term_string"}}],"inLanguage":"pt-PT"},{"@type":"Organization","@id":"https:\/\/algarve7.pt\/#organization","name":"Algarve 7","url":"https:\/\/algarve7.pt\/","logo":{"@type":"ImageObject","inLanguage":"pt-PT","@id":"https:\/\/algarve7.pt\/#\/schema\/logo\/image\/","url":"https:\/\/algarve7.pt\/wp-content\/uploads\/2020\/10\/Logo-8.jpg","contentUrl":"https:\/\/algarve7.pt\/wp-content\/uploads\/2020\/10\/Logo-8.jpg","width":1680,"height":1186,"caption":"Algarve 7"},"image":{"@id":"https:\/\/algarve7.pt\/#\/schema\/logo\/image\/"},"sameAs":["https:\/\/www.facebook.com\/algarve7","https:\/\/x.com\/Algarvesete","https:\/\/www.instagram.com\/jornalalgarve7\/","https:\/\/www.linkedin.com\/company\/algarve7","https:\/\/www.pinterest.pt\/geral0939\/_created\/"]},{"@type":"Person","@id":"https:\/\/algarve7.pt\/#\/schema\/person\/23fa70681308e7b319a3204bcea45e0c","name":"Algarve 7","sameAs":["https:\/\/algarve7.pt","https:\/\/www.facebook.com\/algarve7"],"url":"https:\/\/algarve7.pt\/index.php\/author\/geralalgarve7-pt\/"}]}},"jetpack_publicize_connections":[],"jetpack_featured_media_url":"https:\/\/algarve7.pt\/wp-content\/uploads\/2021\/09\/Parcela-REMAS-CAldeirao3.jpg","jetpack_shortlink":"https:\/\/wp.me\/pcezmW-30K","jetpack_sharing_enabled":true,"_links":{"self":[{"href":"https:\/\/algarve7.pt\/index.php\/wp-json\/wp\/v2\/posts\/11578","targetHints":{"allow":["GET"]}}],"collection":[{"href":"https:\/\/algarve7.pt\/index.php\/wp-json\/wp\/v2\/posts"}],"about":[{"href":"https:\/\/algarve7.pt\/index.php\/wp-json\/wp\/v2\/types\/post"}],"author":[{"embeddable":true,"href":"https:\/\/algarve7.pt\/index.php\/wp-json\/wp\/v2\/users\/1"}],"replies":[{"embeddable":true,"href":"https:\/\/algarve7.pt\/index.php\/wp-json\/wp\/v2\/comments?post=11578"}],"version-history":[{"count":0,"href":"https:\/\/algarve7.pt\/index.php\/wp-json\/wp\/v2\/posts\/11578\/revisions"}],"wp:featuredmedia":[{"embeddable":true,"href":"https:\/\/algarve7.pt\/index.php\/wp-json\/wp\/v2\/media\/11579"}],"wp:attachment":[{"href":"https:\/\/algarve7.pt\/index.php\/wp-json\/wp\/v2\/media?parent=11578"}],"wp:term":[{"taxonomy":"category","embeddable":true,"href":"https:\/\/algarve7.pt\/index.php\/wp-json\/wp\/v2\/categories?post=11578"},{"taxonomy":"post_tag","embeddable":true,"href":"https:\/\/algarve7.pt\/index.php\/wp-json\/wp\/v2\/tags?post=11578"}],"curies":[{"name":"wp","href":"https:\/\/api.w.org\/{rel}","templated":true}]}}