{"id":11539,"date":"2021-09-21T14:05:00","date_gmt":"2021-09-21T13:05:00","guid":{"rendered":"https:\/\/algarve7.pt\/?p=11539"},"modified":"2021-09-21T13:10:41","modified_gmt":"2021-09-21T12:10:41","slug":"ualg-distinguida-com-premio-nacional-mobilidade-em-bicicleta","status":"publish","type":"post","link":"https:\/\/algarve7.pt\/index.php\/2021\/09\/ualg-distinguida-com-premio-nacional-mobilidade-em-bicicleta\/atualidade\/14\/05\/","title":{"rendered":"UAlg distinguida com Pr\u00e9mio Nacional \u201cMobilidade em Bicicleta\u201d"},"content":{"rendered":"\n<p><strong>A Universidade do Algarve foi distinguida com o Pr\u00e9mio Nacional \u201cMobilidade em Bicicleta\u201d, uma iniciativa da Federa\u00e7\u00e3o Portuguesa de Cicloturismo e Utilizadores de Bicicleta (FPCUB). A distin\u00e7\u00e3o surge no seguimento do programa da UAlg de mobilidade partilhada Eco Bike, um sistema de empr\u00e9stimo de curta dura\u00e7\u00e3o, implementado desde 2020, com financiamento do Fundo Ambiental ao projeto MOBI 2021.<\/strong><\/p>\n\n\n\n<p>Segundo a federa\u00e7\u00e3o, o pr\u00e9mio da FPCUB, criado em 2006, pretende \u201creconhecer publicamente o contributo de entidades ou pessoas individuais que tenham promovido a utiliza\u00e7\u00e3o da bicicleta nas suas m\u00faltiplas vertentes, atrav\u00e9s da cria\u00e7\u00e3o ou melhoria de condi\u00e7\u00f5es e facilidades em Portugal e\/ou da divulga\u00e7\u00e3o de iniciativas fomentadoras do uso deste modo de transporte n\u00e3o motorizado\u201d.<\/p>\n\n\n\n<p>Na XVI edi\u00e7\u00e3o deste pr\u00e9mio, al\u00e9m da Universidade do Algarve foram ainda galardoados, na categoria \u201cInstitui\u00e7\u00f5es de Ensino Superior\u201d, o Col\u00e9gio Luso-Franc\u00eas (Grupo de Trabalho \u201cProjeto Pedalar\u201d) e o Instituto Polit\u00e9cnico do C\u00e1vado e do Ave.&nbsp;<\/p>\n\n\n\n<p>Para receber o pr\u00e9mio, no dia 20 de setembro, para al\u00e9m de Alexandra Teod\u00f3sio, vice-reitora da UAlg, estiveram presentes na cerim\u00f3nia os docentes Luis Nunes e Nuno Rodrigues, respons\u00e1veis pela implementa\u00e7\u00e3o da a\u00e7\u00e3o na Academia.<\/p>\n\n\n\n<p>Recorde-se que em 2020, a Universidade do Algarve lan\u00e7ou um sistema partilhado Eco Bike, disponibilizando 100 bicicletas para uso da comunidade acad\u00e9mica de forma gratuita e tempor\u00e1ria. Trata se de um projeto inclusivo e sustent\u00e1vel&nbsp;no \u00e2mbito da promo\u00e7\u00e3o de h\u00e1bitos de atividade f\u00edsica e desportiva e do incentivo \u00e0s formas de mobilidade ligeira para todos.<\/p>\n\n\n\n<p>Para a Universidade do Algarve, a mudan\u00e7a de paradigma de uma mobilidade essencialmente motorizada, para o uso de modelos de conduta cada vez mais sustent\u00e1veis ter\u00e1 de ser feita \u00e0 custa de um esfor\u00e7o partilhado entre a sociedade civil e os organismos p\u00fablicos.&nbsp;<\/p>\n\n\n\n<p>\u00c9 objetivo da UAlg aumentar significativamente a percentagem de alunos e funcion\u00e1rios a optarem por mobilidade com Eco Bike contribuindo assim para uma sociedade mais saud\u00e1vel e&nbsp;com contributo efetivo para o Pacto Ecol\u00f3gico de neutralidade carb\u00f3nica na Europa.<\/p>\n","protected":false},"excerpt":{"rendered":"<p>A Universidade do Algarve foi distinguida com o Pr\u00e9mio Nacional \u201cMobilidade em Bicicleta\u201d, uma iniciativa da Federa\u00e7\u00e3o Portuguesa de Cicloturismo<\/p>\n","protected":false},"author":1,"featured_media":11540,"comment_status":"closed","ping_status":"open","sticky":false,"template":"","format":"standard","meta":{"colormag_page_container_layout":"default_layout","colormag_page_sidebar_layout":"default_layout","_monsterinsights_skip_tracking":false,"_monsterinsights_sitenote_active":false,"_monsterinsights_sitenote_note":"","_monsterinsights_sitenote_category":0,"jetpack_post_was_ever_published":false,"_jetpack_newsletter_access":"","_jetpack_dont_email_post_to_subs":false,"_jetpack_newsletter_tier_id":0,"_jetpack_memberships_contains_paywalled_content":false,"_jetpack_memberships_contains_paid_content":false,"footnotes":"","jetpack_publicize_message":"","jetpack_publicize_feature_enabled":true,"jetpack_social_post_already_shared":true,"jetpack_social_options":{"image_generator_settings":{"template":"highway","default_image_id":0,"font":"","enabled":false},"version":2}},"categories":[11],"tags":[182],"class_list":["post-11539","post","type-post","status-publish","format-standard","has-post-thumbnail","hentry","category-atualidade","tag-ualg"],"yoast_head":"<!-- This site is optimized with the Yoast SEO plugin v27.5 - https:\/\/yoast.com\/product\/yoast-seo-wordpress\/ -->\n<title>UAlg distinguida com Pr\u00e9mio Nacional \u201cMobilidade em Bicicleta\u201d - Algarve 7<\/title>\n<meta name=\"description\" content=\"UAlg distinguida com Pr\u00e9mio Nacional \u201cMobilidade em Bicicleta\u201d Atualidade\" \/>\n<meta name=\"robots\" content=\"index, follow, max-snippet:-1, max-image-preview:large, max-video-preview:-1\" \/>\n<link rel=\"canonical\" href=\"https:\/\/algarve7.pt\/index.php\/2021\/09\/ualg-distinguida-com-premio-nacional-mobilidade-em-bicicleta\/atualidade\/14\/05\/\" \/>\n<meta property=\"og:locale\" content=\"pt_PT\" \/>\n<meta property=\"og:type\" content=\"article\" \/>\n<meta property=\"og:title\" content=\"UAlg distinguida com Pr\u00e9mio Nacional \u201cMobilidade em Bicicleta\u201d - Algarve 7\" \/>\n<meta property=\"og:description\" content=\"UAlg distinguida com Pr\u00e9mio Nacional \u201cMobilidade em Bicicleta\u201d Atualidade\" \/>\n<meta property=\"og:url\" content=\"https:\/\/algarve7.pt\/index.php\/2021\/09\/ualg-distinguida-com-premio-nacional-mobilidade-em-bicicleta\/atualidade\/14\/05\/\" \/>\n<meta property=\"og:site_name\" content=\"Algarve 7\" \/>\n<meta property=\"article:publisher\" content=\"https:\/\/www.facebook.com\/algarve7\" \/>\n<meta property=\"article:author\" content=\"https:\/\/www.facebook.com\/algarve7\" \/>\n<meta property=\"article:published_time\" content=\"2021-09-21T13:05:00+00:00\" \/>\n<meta property=\"og:image\" content=\"https:\/\/algarve7.pt\/wp-content\/uploads\/2021\/09\/Captura-de-ecra-2021-09-21-as-13.05.09-1024x534.png\" \/>\n\t<meta property=\"og:image:width\" content=\"1024\" \/>\n\t<meta property=\"og:image:height\" content=\"534\" \/>\n\t<meta property=\"og:image:type\" content=\"image\/png\" \/>\n<meta name=\"author\" content=\"Algarve 7\" \/>\n<meta name=\"twitter:card\" content=\"summary_large_image\" \/>\n<meta name=\"twitter:creator\" content=\"@Algarvesete\" \/>\n<meta name=\"twitter:site\" content=\"@Algarvesete\" \/>\n<meta name=\"twitter:label1\" content=\"Escrito por\" \/>\n\t<meta name=\"twitter:data1\" content=\"Algarve 7\" \/>\n\t<meta name=\"twitter:label2\" content=\"Tempo estimado de leitura\" \/>\n\t<meta name=\"twitter:data2\" content=\"2 minutos\" \/>\n<script type=\"application\/ld+json\" class=\"yoast-schema-graph\">{\"@context\":\"https:\\\/\\\/schema.org\",\"@graph\":[{\"@type\":\"Article\",\"@id\":\"https:\\\/\\\/algarve7.pt\\\/index.php\\\/2021\\\/09\\\/ualg-distinguida-com-premio-nacional-mobilidade-em-bicicleta\\\/atualidade\\\/14\\\/05\\\/#article\",\"isPartOf\":{\"@id\":\"https:\\\/\\\/algarve7.pt\\\/index.php\\\/2021\\\/09\\\/ualg-distinguida-com-premio-nacional-mobilidade-em-bicicleta\\\/atualidade\\\/14\\\/05\\\/\"},\"author\":{\"name\":\"Algarve 7\",\"@id\":\"https:\\\/\\\/algarve7.pt\\\/#\\\/schema\\\/person\\\/23fa70681308e7b319a3204bcea45e0c\"},\"headline\":\"UAlg distinguida com Pr\u00e9mio Nacional \u201cMobilidade em Bicicleta\u201d\",\"datePublished\":\"2021-09-21T13:05:00+00:00\",\"mainEntityOfPage\":{\"@id\":\"https:\\\/\\\/algarve7.pt\\\/index.php\\\/2021\\\/09\\\/ualg-distinguida-com-premio-nacional-mobilidade-em-bicicleta\\\/atualidade\\\/14\\\/05\\\/\"},\"wordCount\":373,\"publisher\":{\"@id\":\"https:\\\/\\\/algarve7.pt\\\/#organization\"},\"image\":{\"@id\":\"https:\\\/\\\/algarve7.pt\\\/index.php\\\/2021\\\/09\\\/ualg-distinguida-com-premio-nacional-mobilidade-em-bicicleta\\\/atualidade\\\/14\\\/05\\\/#primaryimage\"},\"thumbnailUrl\":\"https:\\\/\\\/algarve7.pt\\\/wp-content\\\/uploads\\\/2021\\\/09\\\/Captura-de-ecra-2021-09-21-as-13.05.09.png\",\"keywords\":[\"UALG\"],\"articleSection\":[\"Atualidade\"],\"inLanguage\":\"pt-PT\"},{\"@type\":\"WebPage\",\"@id\":\"https:\\\/\\\/algarve7.pt\\\/index.php\\\/2021\\\/09\\\/ualg-distinguida-com-premio-nacional-mobilidade-em-bicicleta\\\/atualidade\\\/14\\\/05\\\/\",\"url\":\"https:\\\/\\\/algarve7.pt\\\/index.php\\\/2021\\\/09\\\/ualg-distinguida-com-premio-nacional-mobilidade-em-bicicleta\\\/atualidade\\\/14\\\/05\\\/\",\"name\":\"UAlg distinguida com Pr\u00e9mio Nacional \u201cMobilidade em Bicicleta\u201d - Algarve 7\",\"isPartOf\":{\"@id\":\"https:\\\/\\\/algarve7.pt\\\/#website\"},\"primaryImageOfPage\":{\"@id\":\"https:\\\/\\\/algarve7.pt\\\/index.php\\\/2021\\\/09\\\/ualg-distinguida-com-premio-nacional-mobilidade-em-bicicleta\\\/atualidade\\\/14\\\/05\\\/#primaryimage\"},\"image\":{\"@id\":\"https:\\\/\\\/algarve7.pt\\\/index.php\\\/2021\\\/09\\\/ualg-distinguida-com-premio-nacional-mobilidade-em-bicicleta\\\/atualidade\\\/14\\\/05\\\/#primaryimage\"},\"thumbnailUrl\":\"https:\\\/\\\/algarve7.pt\\\/wp-content\\\/uploads\\\/2021\\\/09\\\/Captura-de-ecra-2021-09-21-as-13.05.09.png\",\"datePublished\":\"2021-09-21T13:05:00+00:00\",\"description\":\"UAlg distinguida com Pr\u00e9mio Nacional \u201cMobilidade em Bicicleta\u201d Atualidade\",\"breadcrumb\":{\"@id\":\"https:\\\/\\\/algarve7.pt\\\/index.php\\\/2021\\\/09\\\/ualg-distinguida-com-premio-nacional-mobilidade-em-bicicleta\\\/atualidade\\\/14\\\/05\\\/#breadcrumb\"},\"inLanguage\":\"pt-PT\",\"potentialAction\":[{\"@type\":\"ReadAction\",\"target\":[\"https:\\\/\\\/algarve7.pt\\\/index.php\\\/2021\\\/09\\\/ualg-distinguida-com-premio-nacional-mobilidade-em-bicicleta\\\/atualidade\\\/14\\\/05\\\/\"]}]},{\"@type\":\"ImageObject\",\"inLanguage\":\"pt-PT\",\"@id\":\"https:\\\/\\\/algarve7.pt\\\/index.php\\\/2021\\\/09\\\/ualg-distinguida-com-premio-nacional-mobilidade-em-bicicleta\\\/atualidade\\\/14\\\/05\\\/#primaryimage\",\"url\":\"https:\\\/\\\/algarve7.pt\\\/wp-content\\\/uploads\\\/2021\\\/09\\\/Captura-de-ecra-2021-09-21-as-13.05.09.png\",\"contentUrl\":\"https:\\\/\\\/algarve7.pt\\\/wp-content\\\/uploads\\\/2021\\\/09\\\/Captura-de-ecra-2021-09-21-as-13.05.09.png\",\"width\":1534,\"height\":800},{\"@type\":\"BreadcrumbList\",\"@id\":\"https:\\\/\\\/algarve7.pt\\\/index.php\\\/2021\\\/09\\\/ualg-distinguida-com-premio-nacional-mobilidade-em-bicicleta\\\/atualidade\\\/14\\\/05\\\/#breadcrumb\",\"itemListElement\":[{\"@type\":\"ListItem\",\"position\":1,\"name\":\"In\u00edcio\",\"item\":\"https:\\\/\\\/algarve7.pt\\\/\"},{\"@type\":\"ListItem\",\"position\":2,\"name\":\"UAlg distinguida com Pr\u00e9mio Nacional \u201cMobilidade em Bicicleta\u201d\"}]},{\"@type\":\"WebSite\",\"@id\":\"https:\\\/\\\/algarve7.pt\\\/#website\",\"url\":\"https:\\\/\\\/algarve7.pt\\\/\",\"name\":\"Algarve 7\",\"description\":\"Informa\u00e7\u00e3o sobre o Algarve\",\"publisher\":{\"@id\":\"https:\\\/\\\/algarve7.pt\\\/#organization\"},\"potentialAction\":[{\"@type\":\"SearchAction\",\"target\":{\"@type\":\"EntryPoint\",\"urlTemplate\":\"https:\\\/\\\/algarve7.pt\\\/?s={search_term_string}\"},\"query-input\":{\"@type\":\"PropertyValueSpecification\",\"valueRequired\":true,\"valueName\":\"search_term_string\"}}],\"inLanguage\":\"pt-PT\"},{\"@type\":\"Organization\",\"@id\":\"https:\\\/\\\/algarve7.pt\\\/#organization\",\"name\":\"Algarve 7\",\"url\":\"https:\\\/\\\/algarve7.pt\\\/\",\"logo\":{\"@type\":\"ImageObject\",\"inLanguage\":\"pt-PT\",\"@id\":\"https:\\\/\\\/algarve7.pt\\\/#\\\/schema\\\/logo\\\/image\\\/\",\"url\":\"https:\\\/\\\/algarve7.pt\\\/wp-content\\\/uploads\\\/2020\\\/10\\\/Logo-8.jpg\",\"contentUrl\":\"https:\\\/\\\/algarve7.pt\\\/wp-content\\\/uploads\\\/2020\\\/10\\\/Logo-8.jpg\",\"width\":1680,\"height\":1186,\"caption\":\"Algarve 7\"},\"image\":{\"@id\":\"https:\\\/\\\/algarve7.pt\\\/#\\\/schema\\\/logo\\\/image\\\/\"},\"sameAs\":[\"https:\\\/\\\/www.facebook.com\\\/algarve7\",\"https:\\\/\\\/x.com\\\/Algarvesete\",\"https:\\\/\\\/www.instagram.com\\\/jornalalgarve7\\\/\",\"https:\\\/\\\/www.linkedin.com\\\/company\\\/algarve7\",\"https:\\\/\\\/www.pinterest.pt\\\/geral0939\\\/_created\\\/\"]},{\"@type\":\"Person\",\"@id\":\"https:\\\/\\\/algarve7.pt\\\/#\\\/schema\\\/person\\\/23fa70681308e7b319a3204bcea45e0c\",\"name\":\"Algarve 7\",\"sameAs\":[\"https:\\\/\\\/algarve7.pt\",\"https:\\\/\\\/www.facebook.com\\\/algarve7\"],\"url\":\"https:\\\/\\\/algarve7.pt\\\/index.php\\\/author\\\/geralalgarve7-pt\\\/\"}]}<\/script>\n<!-- \/ Yoast SEO plugin. -->","yoast_head_json":{"title":"UAlg distinguida com Pr\u00e9mio Nacional \u201cMobilidade em Bicicleta\u201d - Algarve 7","description":"UAlg distinguida com Pr\u00e9mio Nacional \u201cMobilidade em Bicicleta\u201d Atualidade","robots":{"index":"index","follow":"follow","max-snippet":"max-snippet:-1","max-image-preview":"max-image-preview:large","max-video-preview":"max-video-preview:-1"},"canonical":"https:\/\/algarve7.pt\/index.php\/2021\/09\/ualg-distinguida-com-premio-nacional-mobilidade-em-bicicleta\/atualidade\/14\/05\/","og_locale":"pt_PT","og_type":"article","og_title":"UAlg distinguida com Pr\u00e9mio Nacional \u201cMobilidade em Bicicleta\u201d - Algarve 7","og_description":"UAlg distinguida com Pr\u00e9mio Nacional \u201cMobilidade em Bicicleta\u201d Atualidade","og_url":"https:\/\/algarve7.pt\/index.php\/2021\/09\/ualg-distinguida-com-premio-nacional-mobilidade-em-bicicleta\/atualidade\/14\/05\/","og_site_name":"Algarve 7","article_publisher":"https:\/\/www.facebook.com\/algarve7","article_author":"https:\/\/www.facebook.com\/algarve7","article_published_time":"2021-09-21T13:05:00+00:00","og_image":[{"width":1024,"height":534,"url":"https:\/\/algarve7.pt\/wp-content\/uploads\/2021\/09\/Captura-de-ecra-2021-09-21-as-13.05.09-1024x534.png","type":"image\/png"}],"author":"Algarve 7","twitter_card":"summary_large_image","twitter_creator":"@Algarvesete","twitter_site":"@Algarvesete","twitter_misc":{"Escrito por":"Algarve 7","Tempo estimado de leitura":"2 minutos"},"schema":{"@context":"https:\/\/schema.org","@graph":[{"@type":"Article","@id":"https:\/\/algarve7.pt\/index.php\/2021\/09\/ualg-distinguida-com-premio-nacional-mobilidade-em-bicicleta\/atualidade\/14\/05\/#article","isPartOf":{"@id":"https:\/\/algarve7.pt\/index.php\/2021\/09\/ualg-distinguida-com-premio-nacional-mobilidade-em-bicicleta\/atualidade\/14\/05\/"},"author":{"name":"Algarve 7","@id":"https:\/\/algarve7.pt\/#\/schema\/person\/23fa70681308e7b319a3204bcea45e0c"},"headline":"UAlg distinguida com Pr\u00e9mio Nacional \u201cMobilidade em Bicicleta\u201d","datePublished":"2021-09-21T13:05:00+00:00","mainEntityOfPage":{"@id":"https:\/\/algarve7.pt\/index.php\/2021\/09\/ualg-distinguida-com-premio-nacional-mobilidade-em-bicicleta\/atualidade\/14\/05\/"},"wordCount":373,"publisher":{"@id":"https:\/\/algarve7.pt\/#organization"},"image":{"@id":"https:\/\/algarve7.pt\/index.php\/2021\/09\/ualg-distinguida-com-premio-nacional-mobilidade-em-bicicleta\/atualidade\/14\/05\/#primaryimage"},"thumbnailUrl":"https:\/\/algarve7.pt\/wp-content\/uploads\/2021\/09\/Captura-de-ecra-2021-09-21-as-13.05.09.png","keywords":["UALG"],"articleSection":["Atualidade"],"inLanguage":"pt-PT"},{"@type":"WebPage","@id":"https:\/\/algarve7.pt\/index.php\/2021\/09\/ualg-distinguida-com-premio-nacional-mobilidade-em-bicicleta\/atualidade\/14\/05\/","url":"https:\/\/algarve7.pt\/index.php\/2021\/09\/ualg-distinguida-com-premio-nacional-mobilidade-em-bicicleta\/atualidade\/14\/05\/","name":"UAlg distinguida com Pr\u00e9mio Nacional \u201cMobilidade em Bicicleta\u201d - Algarve 7","isPartOf":{"@id":"https:\/\/algarve7.pt\/#website"},"primaryImageOfPage":{"@id":"https:\/\/algarve7.pt\/index.php\/2021\/09\/ualg-distinguida-com-premio-nacional-mobilidade-em-bicicleta\/atualidade\/14\/05\/#primaryimage"},"image":{"@id":"https:\/\/algarve7.pt\/index.php\/2021\/09\/ualg-distinguida-com-premio-nacional-mobilidade-em-bicicleta\/atualidade\/14\/05\/#primaryimage"},"thumbnailUrl":"https:\/\/algarve7.pt\/wp-content\/uploads\/2021\/09\/Captura-de-ecra-2021-09-21-as-13.05.09.png","datePublished":"2021-09-21T13:05:00+00:00","description":"UAlg distinguida com Pr\u00e9mio Nacional \u201cMobilidade em Bicicleta\u201d Atualidade","breadcrumb":{"@id":"https:\/\/algarve7.pt\/index.php\/2021\/09\/ualg-distinguida-com-premio-nacional-mobilidade-em-bicicleta\/atualidade\/14\/05\/#breadcrumb"},"inLanguage":"pt-PT","potentialAction":[{"@type":"ReadAction","target":["https:\/\/algarve7.pt\/index.php\/2021\/09\/ualg-distinguida-com-premio-nacional-mobilidade-em-bicicleta\/atualidade\/14\/05\/"]}]},{"@type":"ImageObject","inLanguage":"pt-PT","@id":"https:\/\/algarve7.pt\/index.php\/2021\/09\/ualg-distinguida-com-premio-nacional-mobilidade-em-bicicleta\/atualidade\/14\/05\/#primaryimage","url":"https:\/\/algarve7.pt\/wp-content\/uploads\/2021\/09\/Captura-de-ecra-2021-09-21-as-13.05.09.png","contentUrl":"https:\/\/algarve7.pt\/wp-content\/uploads\/2021\/09\/Captura-de-ecra-2021-09-21-as-13.05.09.png","width":1534,"height":800},{"@type":"BreadcrumbList","@id":"https:\/\/algarve7.pt\/index.php\/2021\/09\/ualg-distinguida-com-premio-nacional-mobilidade-em-bicicleta\/atualidade\/14\/05\/#breadcrumb","itemListElement":[{"@type":"ListItem","position":1,"name":"In\u00edcio","item":"https:\/\/algarve7.pt\/"},{"@type":"ListItem","position":2,"name":"UAlg distinguida com Pr\u00e9mio Nacional \u201cMobilidade em Bicicleta\u201d"}]},{"@type":"WebSite","@id":"https:\/\/algarve7.pt\/#website","url":"https:\/\/algarve7.pt\/","name":"Algarve 7","description":"Informa\u00e7\u00e3o sobre o Algarve","publisher":{"@id":"https:\/\/algarve7.pt\/#organization"},"potentialAction":[{"@type":"SearchAction","target":{"@type":"EntryPoint","urlTemplate":"https:\/\/algarve7.pt\/?s={search_term_string}"},"query-input":{"@type":"PropertyValueSpecification","valueRequired":true,"valueName":"search_term_string"}}],"inLanguage":"pt-PT"},{"@type":"Organization","@id":"https:\/\/algarve7.pt\/#organization","name":"Algarve 7","url":"https:\/\/algarve7.pt\/","logo":{"@type":"ImageObject","inLanguage":"pt-PT","@id":"https:\/\/algarve7.pt\/#\/schema\/logo\/image\/","url":"https:\/\/algarve7.pt\/wp-content\/uploads\/2020\/10\/Logo-8.jpg","contentUrl":"https:\/\/algarve7.pt\/wp-content\/uploads\/2020\/10\/Logo-8.jpg","width":1680,"height":1186,"caption":"Algarve 7"},"image":{"@id":"https:\/\/algarve7.pt\/#\/schema\/logo\/image\/"},"sameAs":["https:\/\/www.facebook.com\/algarve7","https:\/\/x.com\/Algarvesete","https:\/\/www.instagram.com\/jornalalgarve7\/","https:\/\/www.linkedin.com\/company\/algarve7","https:\/\/www.pinterest.pt\/geral0939\/_created\/"]},{"@type":"Person","@id":"https:\/\/algarve7.pt\/#\/schema\/person\/23fa70681308e7b319a3204bcea45e0c","name":"Algarve 7","sameAs":["https:\/\/algarve7.pt","https:\/\/www.facebook.com\/algarve7"],"url":"https:\/\/algarve7.pt\/index.php\/author\/geralalgarve7-pt\/"}]}},"jetpack_publicize_connections":[],"jetpack_featured_media_url":"https:\/\/algarve7.pt\/wp-content\/uploads\/2021\/09\/Captura-de-ecra-2021-09-21-as-13.05.09.png","jetpack_shortlink":"https:\/\/wp.me\/pcezmW-307","jetpack_sharing_enabled":true,"_links":{"self":[{"href":"https:\/\/algarve7.pt\/index.php\/wp-json\/wp\/v2\/posts\/11539","targetHints":{"allow":["GET"]}}],"collection":[{"href":"https:\/\/algarve7.pt\/index.php\/wp-json\/wp\/v2\/posts"}],"about":[{"href":"https:\/\/algarve7.pt\/index.php\/wp-json\/wp\/v2\/types\/post"}],"author":[{"embeddable":true,"href":"https:\/\/algarve7.pt\/index.php\/wp-json\/wp\/v2\/users\/1"}],"replies":[{"embeddable":true,"href":"https:\/\/algarve7.pt\/index.php\/wp-json\/wp\/v2\/comments?post=11539"}],"version-history":[{"count":0,"href":"https:\/\/algarve7.pt\/index.php\/wp-json\/wp\/v2\/posts\/11539\/revisions"}],"wp:featuredmedia":[{"embeddable":true,"href":"https:\/\/algarve7.pt\/index.php\/wp-json\/wp\/v2\/media\/11540"}],"wp:attachment":[{"href":"https:\/\/algarve7.pt\/index.php\/wp-json\/wp\/v2\/media?parent=11539"}],"wp:term":[{"taxonomy":"category","embeddable":true,"href":"https:\/\/algarve7.pt\/index.php\/wp-json\/wp\/v2\/categories?post=11539"},{"taxonomy":"post_tag","embeddable":true,"href":"https:\/\/algarve7.pt\/index.php\/wp-json\/wp\/v2\/tags?post=11539"}],"curies":[{"name":"wp","href":"https:\/\/api.w.org\/{rel}","templated":true}]}}