{"id":11479,"date":"2021-09-16T12:30:00","date_gmt":"2021-09-16T11:30:00","guid":{"rendered":"https:\/\/algarve7.pt\/?p=11479"},"modified":"2021-09-15T17:51:54","modified_gmt":"2021-09-15T16:51:54","slug":"a-cataplana-temperada-com-o-melhor-sal-do-mundo-e-em-castro-marim","status":"publish","type":"post","link":"https:\/\/algarve7.pt\/index.php\/2021\/09\/a-cataplana-temperada-com-o-melhor-sal-do-mundo-e-em-castro-marim\/atualidade\/12\/30\/","title":{"rendered":"A Cataplana temperada com o \u201cmelhor sal do mundo\u201d \u00e9 em Castro Marim"},"content":{"rendered":"\n<p>De 13 de setembro a 18 de outubro, os segredos da Cataplana, temperada com o \u201cmelhor sal do mundo\u201d, regressam ao concelho de Castro Marim. Decidiu a autarquia castromarinense que esta iniciativa, realizada durante o m\u00eas de junho antes da pandemia, acontece, desde o ano anterior, nesta \u00e9poca j\u00e1 tipicamente baixa, procurando contribuir para colmatar os devastadores efeitos econ\u00f3micos que as medidas de combate \u00e0 Covid-19 t\u00eam gerado.&nbsp;<\/p>\n\n\n\n<p>\u00c0 iniciativa aderem 14 restaurantes do concelho, que v\u00e3o apresentar, pelo menos,&nbsp;dois tipos de cataplana, com pre\u00e7os atrativos e diferenciadores. Apesar da cataplana de marisco ser das mais procuradas, os restaurantes est\u00e3o a preparar tamb\u00e9m cataplanas de polvo, bacalhau, tamboril, cabrito e lombinho de porco.<\/p>\n\n\n\n<p>A Festa da Cataplana pretende promover e fomentar a cultura, a economia e a gastronomia locais, atraindo o p\u00fablico que procura a qualidade e o diferencial gastron\u00f3mico e impulsionando assim a din\u00e2mica econ\u00f3mica, particularmente fragilizada nos \u00faltimos dois anos.&nbsp;<\/p>\n\n\n\n<p>A organiza\u00e7\u00e3o apela a que o p\u00fablico fa\u00e7a a sua reserva junto dos restaurantes aderentes, bem como ao respeito pelas medidas&nbsp;de preven\u00e7\u00e3o da COVID-19.<\/p>\n\n\n\n<p><strong>Restaurantes aderentes:&nbsp;<\/strong><\/p>\n\n\n\n<p><strong>*Lista de aderentes em atualiza\u00e7\u00e3o<\/strong><strong><\/strong><\/p>\n\n\n\n<p><strong>A Chamin\u00e9<\/strong><\/p>\n\n\n\n<p>Morada: Avenida 24 de Junho, n.\u00ba 17<\/p>\n\n\n\n<p>8950-417 Altura<\/p>\n\n\n\n<p>Telefone: 281 950 100<\/p>\n\n\n\n<p>Email: chaminejoaquim@hotmail.com<\/p>\n\n\n\n<p>Descanso Semanal: Ter\u00e7a-feira<\/p>\n\n\n\n<p><strong>Bate Que Eu Abro<\/strong><\/p>\n\n\n\n<p>Morada: Urbaniza\u00e7\u00e3o Rota do Sol\/ Rua Duque de Saldanha, LT E, 1<\/p>\n\n\n\n<p>8950-437 Altura<\/p>\n\n\n\n<p>Telefone: 281 956 656&nbsp;<\/p>\n\n\n\n<p>Email: antoniopereiramartins1960@gmail.com<\/p>\n\n\n\n<p>Descanso Semanal: Segunda-feira<\/p>\n\n\n\n<p><strong>Fernando<\/strong><\/p>\n\n\n\n<p>Morada: Rua da Alagoa<\/p>\n\n\n\n<p>8950-814 Altura<\/p>\n\n\n\n<p>Telefone: 281 956 455 \/ 962 886 150<\/p>\n\n\n\n<p>E-mail: rest.fernando@hotmail.com<\/p>\n\n\n\n<p>Descanso Semanal: Segunda-feira<\/p>\n\n\n\n<p><strong>Z\u00e9 da Tasca 2<\/strong><\/p>\n\n\n\n<p>Morada: Estrada Nacional 125, n.\u00ba 2<\/p>\n\n\n\n<p>8950-4414 Altura<\/p>\n\n\n\n<p>Telefone: 281 956 663<\/p>\n\n\n\n<p>Email:&nbsp;<a href=\"mailto:zedatascarestaurante@gmail.com\">zedatascarestaurante@gmail.com<\/a><\/p>\n\n\n\n<p>Descanso Semana- Segunda-Feira<\/p>\n\n\n\n<p><strong>O Pescador<\/strong><\/p>\n\n\n\n<p>Morada: Praia de Alagoa \u2013 Altura<\/p>\n\n\n\n<p>8950-411 Altura<\/p>\n\n\n\n<p>Telefone: 281 956 053 | 919 033 584<\/p>\n\n\n\n<p>E-mail:&nbsp;<a href=\"applewebdata:\/\/F00913D0-B54A-4E8E-8FBF-2917D452841C\/jrlaugusto@gmail.com\">jrlaugusto@gmail.com<\/a><\/p>\n\n\n\n<p>Descanso Semanal: Segunda-feira<\/p>\n\n\n\n<p><strong>Retiro dos Ca\u00e7adores<\/strong><\/p>\n\n\n\n<p>Morada: Rua da Liberdade n.\u00ba2<\/p>\n\n\n\n<p>8950 Monte Francisco<\/p>\n\n\n\n<p>Telefone: 281 531&nbsp;788 \u2013 969&nbsp;392&nbsp;365&nbsp;<\/p>\n\n\n\n<p>Descanso Semanal: Quinta-feira<\/p>\n\n\n\n<p><strong>Infante Panor\u00e2mico<\/strong><\/p>\n\n\n\n<p>Morada: Lote D \u2013 Praia Verde<\/p>\n\n\n\n<p>8950 Praia Verde<\/p>\n\n\n\n<p>Telefone: 281 956 817 \/ 932 975 359<\/p>\n\n\n\n<p>E-mail: geral@restauranteinfante.com.pt<\/p>\n\n\n\n<p>Descanso Semanal: Ter\u00e7a-feira&nbsp;<\/p>\n\n\n\n<p><strong>O Infante<\/strong><\/p>\n\n\n\n<p>Morada: S\u00edtio Vale da Velha, S\/N<\/p>\n\n\n\n<p>Estrada Nacional 125<\/p>\n\n\n\n<p>8950-411 Altura<\/p>\n\n\n\n<p>Telefone: 281 956 817<\/p>\n\n\n\n<p>E-mail:&nbsp;<a href=\"mailto:geral@restauranteinfante.com.pt\">geral@restauranteinfante.com.pt<\/a><\/p>\n\n\n\n<p>Descanso Semanal: Quarta-feira<\/p>\n\n\n\n<p><strong>Casa Albertos<\/strong><\/p>\n\n\n\n<p>Morada: Estrada da Alcaria&nbsp;<\/p>\n\n\n\n<p>8950-311 Odeleite<\/p>\n\n\n\n<p>Telefone: 281 011 090<\/p>\n\n\n\n<p>Descanso Semanal: Ter\u00e7a-feira<\/p>\n\n\n\n<p><strong>Sabores da Beira<\/strong><\/p>\n\n\n\n<p>Morada: S\u00edtio do Montinho Velho, s\/n<\/p>\n\n\n\n<p>8950-202 Monte Francisco<\/p>\n\n\n\n<p>Telefone: 281&nbsp;542&nbsp;071&nbsp;<\/p>\n\n\n\n<p>Descanso Semanal: Ter\u00e7a-feira&nbsp;<\/p>\n\n\n\n<p><strong>P\u00e9rola do Atl\u00e2ntico<\/strong><\/p>\n\n\n\n<p>Morada: Rua da Alagoa, n.\u00ba152 edf. Manuel Jos\u00e9 Luis<\/p>\n\n\n\n<p>8950-411 Altura<\/p>\n\n\n\n<p>Telefone: 281 106 366&nbsp;<\/p>\n\n\n\n<p>Descanso Semanal: Quarta-feira<\/p>\n\n\n\n<p><strong>P\u00e3o Quente<\/strong><\/p>\n\n\n\n<p>Morada: Rua Jacinto Celorico Palma, n\u00ba3.&nbsp;<\/p>\n\n\n\n<p>8950 \u2013 173 Bartolomeu do Sul<\/p>\n\n\n\n<p>Telefone: 961 535 763<\/p>\n\n\n\n<p>*N\u00e3o encerra para descanso semanal&nbsp;<\/p>\n\n\n\n<p><strong>Dom Rodrigo<\/strong><\/p>\n\n\n\n<p>Morada: S\u00edtio Montinho Conveni\u00eancia<\/p>\n\n\n\n<p>8950-431 Altura<\/p>\n\n\n\n<p>Telefone: 281 956 505 \/ 961 275 212&nbsp;<\/p>\n\n\n\n<p>Email: restaurantedomrodrigo25@gmail.com<\/p>\n\n\n\n<p>Descanso Semanal: Quarta-feira\/ Quinta-feira<\/p>\n\n\n\n<p><strong>Pezinhos na Areia<\/strong><\/p>\n\n\n\n<p>Morada: Praia Verde<\/p>\n\n\n\n<p>8950-414 Castro Marim<\/p>\n\n\n\n<p>Telefone: 281&nbsp;513&nbsp;195 \/ 924&nbsp;274&nbsp;420<\/p>\n\n\n\n<p>E-mail:&nbsp;<a href=\"mailto:geral@pezinhosnareia.pt\">geral@pezinhosnareia.pt<\/a><\/p>\n\n\n\n<p>*N\u00e3o encerra para descanso semanal&nbsp;<\/p>\n","protected":false},"excerpt":{"rendered":"<p>De 13 de setembro a 18 de outubro, os segredos da Cataplana, temperada com o \u201cmelhor sal do mundo\u201d, regressam<\/p>\n","protected":false},"author":1,"featured_media":11480,"comment_status":"closed","ping_status":"open","sticky":false,"template":"","format":"standard","meta":{"colormag_page_container_layout":"default_layout","colormag_page_sidebar_layout":"default_layout","_monsterinsights_skip_tracking":false,"_monsterinsights_sitenote_active":false,"_monsterinsights_sitenote_note":"","_monsterinsights_sitenote_category":0,"jetpack_post_was_ever_published":false,"_jetpack_newsletter_access":"","_jetpack_dont_email_post_to_subs":false,"_jetpack_newsletter_tier_id":0,"_jetpack_memberships_contains_paywalled_content":false,"_jetpack_memberships_contains_paid_content":false,"footnotes":"","jetpack_publicize_message":"","jetpack_publicize_feature_enabled":true,"jetpack_social_post_already_shared":true,"jetpack_social_options":{"image_generator_settings":{"template":"highway","default_image_id":0,"font":"","enabled":false},"version":2}},"categories":[11],"tags":[36,62,136,311,198],"class_list":["post-11479","post","type-post","status-publish","format-standard","has-post-thumbnail","hentry","category-atualidade","tag-algarve","tag-atualidade","tag-castro-marim","tag-cataplana","tag-gastronomia"],"yoast_head":"<!-- This site is optimized with the Yoast SEO plugin v27.5 - https:\/\/yoast.com\/product\/yoast-seo-wordpress\/ -->\n<title>A Cataplana temperada com o \u201cmelhor sal do mundo\u201d \u00e9 em Castro Marim - Algarve 7<\/title>\n<meta name=\"description\" content=\"A Cataplana temperada com o \u201cmelhor sal do mundo\u201d \u00e9 em Castro Marim Atualidade\" \/>\n<meta name=\"robots\" content=\"index, follow, max-snippet:-1, max-image-preview:large, max-video-preview:-1\" \/>\n<link rel=\"canonical\" href=\"https:\/\/algarve7.pt\/index.php\/2021\/09\/a-cataplana-temperada-com-o-melhor-sal-do-mundo-e-em-castro-marim\/atualidade\/12\/30\/\" \/>\n<meta property=\"og:locale\" content=\"pt_PT\" \/>\n<meta property=\"og:type\" content=\"article\" \/>\n<meta property=\"og:title\" content=\"A Cataplana temperada com o \u201cmelhor sal do mundo\u201d \u00e9 em Castro Marim - Algarve 7\" \/>\n<meta property=\"og:description\" content=\"A Cataplana temperada com o \u201cmelhor sal do mundo\u201d \u00e9 em Castro Marim Atualidade\" \/>\n<meta property=\"og:url\" content=\"https:\/\/algarve7.pt\/index.php\/2021\/09\/a-cataplana-temperada-com-o-melhor-sal-do-mundo-e-em-castro-marim\/atualidade\/12\/30\/\" \/>\n<meta property=\"og:site_name\" content=\"Algarve 7\" \/>\n<meta property=\"article:publisher\" content=\"https:\/\/www.facebook.com\/algarve7\" \/>\n<meta property=\"article:author\" content=\"https:\/\/www.facebook.com\/algarve7\" \/>\n<meta property=\"article:published_time\" content=\"2021-09-16T11:30:00+00:00\" \/>\n<meta property=\"og:image\" content=\"https:\/\/algarve7.pt\/wp-content\/uploads\/2021\/09\/Captura-de-ecra-2021-09-15-as-17.48.58.png\" \/>\n\t<meta property=\"og:image:width\" content=\"1644\" \/>\n\t<meta property=\"og:image:height\" content=\"1580\" \/>\n\t<meta property=\"og:image:type\" content=\"image\/png\" \/>\n<meta name=\"author\" content=\"Algarve 7\" \/>\n<meta name=\"twitter:card\" content=\"summary_large_image\" \/>\n<meta name=\"twitter:creator\" content=\"@Algarvesete\" \/>\n<meta name=\"twitter:site\" content=\"@Algarvesete\" \/>\n<meta name=\"twitter:label1\" content=\"Escrito por\" \/>\n\t<meta name=\"twitter:data1\" content=\"Algarve 7\" \/>\n\t<meta name=\"twitter:label2\" content=\"Tempo estimado de leitura\" \/>\n\t<meta name=\"twitter:data2\" content=\"3 minutos\" \/>\n<script type=\"application\/ld+json\" class=\"yoast-schema-graph\">{\"@context\":\"https:\\\/\\\/schema.org\",\"@graph\":[{\"@type\":\"Article\",\"@id\":\"https:\\\/\\\/algarve7.pt\\\/index.php\\\/2021\\\/09\\\/a-cataplana-temperada-com-o-melhor-sal-do-mundo-e-em-castro-marim\\\/atualidade\\\/12\\\/30\\\/#article\",\"isPartOf\":{\"@id\":\"https:\\\/\\\/algarve7.pt\\\/index.php\\\/2021\\\/09\\\/a-cataplana-temperada-com-o-melhor-sal-do-mundo-e-em-castro-marim\\\/atualidade\\\/12\\\/30\\\/\"},\"author\":{\"name\":\"Algarve 7\",\"@id\":\"https:\\\/\\\/algarve7.pt\\\/#\\\/schema\\\/person\\\/23fa70681308e7b319a3204bcea45e0c\"},\"headline\":\"A Cataplana temperada com o \u201cmelhor sal do mundo\u201d \u00e9 em Castro Marim\",\"datePublished\":\"2021-09-16T11:30:00+00:00\",\"mainEntityOfPage\":{\"@id\":\"https:\\\/\\\/algarve7.pt\\\/index.php\\\/2021\\\/09\\\/a-cataplana-temperada-com-o-melhor-sal-do-mundo-e-em-castro-marim\\\/atualidade\\\/12\\\/30\\\/\"},\"wordCount\":499,\"publisher\":{\"@id\":\"https:\\\/\\\/algarve7.pt\\\/#organization\"},\"image\":{\"@id\":\"https:\\\/\\\/algarve7.pt\\\/index.php\\\/2021\\\/09\\\/a-cataplana-temperada-com-o-melhor-sal-do-mundo-e-em-castro-marim\\\/atualidade\\\/12\\\/30\\\/#primaryimage\"},\"thumbnailUrl\":\"https:\\\/\\\/algarve7.pt\\\/wp-content\\\/uploads\\\/2021\\\/09\\\/Captura-de-ecra-2021-09-15-as-17.48.58.png\",\"keywords\":[\"Algarve\",\"Atualidade\",\"Castro Marim\",\"Cataplana\",\"Gastron\u00f3mia\"],\"articleSection\":[\"Atualidade\"],\"inLanguage\":\"pt-PT\"},{\"@type\":\"WebPage\",\"@id\":\"https:\\\/\\\/algarve7.pt\\\/index.php\\\/2021\\\/09\\\/a-cataplana-temperada-com-o-melhor-sal-do-mundo-e-em-castro-marim\\\/atualidade\\\/12\\\/30\\\/\",\"url\":\"https:\\\/\\\/algarve7.pt\\\/index.php\\\/2021\\\/09\\\/a-cataplana-temperada-com-o-melhor-sal-do-mundo-e-em-castro-marim\\\/atualidade\\\/12\\\/30\\\/\",\"name\":\"A Cataplana temperada com o \u201cmelhor sal do mundo\u201d \u00e9 em Castro Marim - Algarve 7\",\"isPartOf\":{\"@id\":\"https:\\\/\\\/algarve7.pt\\\/#website\"},\"primaryImageOfPage\":{\"@id\":\"https:\\\/\\\/algarve7.pt\\\/index.php\\\/2021\\\/09\\\/a-cataplana-temperada-com-o-melhor-sal-do-mundo-e-em-castro-marim\\\/atualidade\\\/12\\\/30\\\/#primaryimage\"},\"image\":{\"@id\":\"https:\\\/\\\/algarve7.pt\\\/index.php\\\/2021\\\/09\\\/a-cataplana-temperada-com-o-melhor-sal-do-mundo-e-em-castro-marim\\\/atualidade\\\/12\\\/30\\\/#primaryimage\"},\"thumbnailUrl\":\"https:\\\/\\\/algarve7.pt\\\/wp-content\\\/uploads\\\/2021\\\/09\\\/Captura-de-ecra-2021-09-15-as-17.48.58.png\",\"datePublished\":\"2021-09-16T11:30:00+00:00\",\"description\":\"A Cataplana temperada com o \u201cmelhor sal do mundo\u201d \u00e9 em Castro Marim Atualidade\",\"breadcrumb\":{\"@id\":\"https:\\\/\\\/algarve7.pt\\\/index.php\\\/2021\\\/09\\\/a-cataplana-temperada-com-o-melhor-sal-do-mundo-e-em-castro-marim\\\/atualidade\\\/12\\\/30\\\/#breadcrumb\"},\"inLanguage\":\"pt-PT\",\"potentialAction\":[{\"@type\":\"ReadAction\",\"target\":[\"https:\\\/\\\/algarve7.pt\\\/index.php\\\/2021\\\/09\\\/a-cataplana-temperada-com-o-melhor-sal-do-mundo-e-em-castro-marim\\\/atualidade\\\/12\\\/30\\\/\"]}]},{\"@type\":\"ImageObject\",\"inLanguage\":\"pt-PT\",\"@id\":\"https:\\\/\\\/algarve7.pt\\\/index.php\\\/2021\\\/09\\\/a-cataplana-temperada-com-o-melhor-sal-do-mundo-e-em-castro-marim\\\/atualidade\\\/12\\\/30\\\/#primaryimage\",\"url\":\"https:\\\/\\\/algarve7.pt\\\/wp-content\\\/uploads\\\/2021\\\/09\\\/Captura-de-ecra-2021-09-15-as-17.48.58.png\",\"contentUrl\":\"https:\\\/\\\/algarve7.pt\\\/wp-content\\\/uploads\\\/2021\\\/09\\\/Captura-de-ecra-2021-09-15-as-17.48.58.png\",\"width\":1644,\"height\":1580},{\"@type\":\"BreadcrumbList\",\"@id\":\"https:\\\/\\\/algarve7.pt\\\/index.php\\\/2021\\\/09\\\/a-cataplana-temperada-com-o-melhor-sal-do-mundo-e-em-castro-marim\\\/atualidade\\\/12\\\/30\\\/#breadcrumb\",\"itemListElement\":[{\"@type\":\"ListItem\",\"position\":1,\"name\":\"In\u00edcio\",\"item\":\"https:\\\/\\\/algarve7.pt\\\/\"},{\"@type\":\"ListItem\",\"position\":2,\"name\":\"A Cataplana temperada com o \u201cmelhor sal do mundo\u201d \u00e9 em Castro Marim\"}]},{\"@type\":\"WebSite\",\"@id\":\"https:\\\/\\\/algarve7.pt\\\/#website\",\"url\":\"https:\\\/\\\/algarve7.pt\\\/\",\"name\":\"Algarve 7\",\"description\":\"Informa\u00e7\u00e3o sobre o Algarve\",\"publisher\":{\"@id\":\"https:\\\/\\\/algarve7.pt\\\/#organization\"},\"potentialAction\":[{\"@type\":\"SearchAction\",\"target\":{\"@type\":\"EntryPoint\",\"urlTemplate\":\"https:\\\/\\\/algarve7.pt\\\/?s={search_term_string}\"},\"query-input\":{\"@type\":\"PropertyValueSpecification\",\"valueRequired\":true,\"valueName\":\"search_term_string\"}}],\"inLanguage\":\"pt-PT\"},{\"@type\":\"Organization\",\"@id\":\"https:\\\/\\\/algarve7.pt\\\/#organization\",\"name\":\"Algarve 7\",\"url\":\"https:\\\/\\\/algarve7.pt\\\/\",\"logo\":{\"@type\":\"ImageObject\",\"inLanguage\":\"pt-PT\",\"@id\":\"https:\\\/\\\/algarve7.pt\\\/#\\\/schema\\\/logo\\\/image\\\/\",\"url\":\"https:\\\/\\\/algarve7.pt\\\/wp-content\\\/uploads\\\/2020\\\/10\\\/Logo-8.jpg\",\"contentUrl\":\"https:\\\/\\\/algarve7.pt\\\/wp-content\\\/uploads\\\/2020\\\/10\\\/Logo-8.jpg\",\"width\":1680,\"height\":1186,\"caption\":\"Algarve 7\"},\"image\":{\"@id\":\"https:\\\/\\\/algarve7.pt\\\/#\\\/schema\\\/logo\\\/image\\\/\"},\"sameAs\":[\"https:\\\/\\\/www.facebook.com\\\/algarve7\",\"https:\\\/\\\/x.com\\\/Algarvesete\",\"https:\\\/\\\/www.instagram.com\\\/jornalalgarve7\\\/\",\"https:\\\/\\\/www.linkedin.com\\\/company\\\/algarve7\",\"https:\\\/\\\/www.pinterest.pt\\\/geral0939\\\/_created\\\/\"]},{\"@type\":\"Person\",\"@id\":\"https:\\\/\\\/algarve7.pt\\\/#\\\/schema\\\/person\\\/23fa70681308e7b319a3204bcea45e0c\",\"name\":\"Algarve 7\",\"sameAs\":[\"https:\\\/\\\/algarve7.pt\",\"https:\\\/\\\/www.facebook.com\\\/algarve7\"],\"url\":\"https:\\\/\\\/algarve7.pt\\\/index.php\\\/author\\\/geralalgarve7-pt\\\/\"}]}<\/script>\n<!-- \/ Yoast SEO plugin. -->","yoast_head_json":{"title":"A Cataplana temperada com o \u201cmelhor sal do mundo\u201d \u00e9 em Castro Marim - Algarve 7","description":"A Cataplana temperada com o \u201cmelhor sal do mundo\u201d \u00e9 em Castro Marim Atualidade","robots":{"index":"index","follow":"follow","max-snippet":"max-snippet:-1","max-image-preview":"max-image-preview:large","max-video-preview":"max-video-preview:-1"},"canonical":"https:\/\/algarve7.pt\/index.php\/2021\/09\/a-cataplana-temperada-com-o-melhor-sal-do-mundo-e-em-castro-marim\/atualidade\/12\/30\/","og_locale":"pt_PT","og_type":"article","og_title":"A Cataplana temperada com o \u201cmelhor sal do mundo\u201d \u00e9 em Castro Marim - Algarve 7","og_description":"A Cataplana temperada com o \u201cmelhor sal do mundo\u201d \u00e9 em Castro Marim Atualidade","og_url":"https:\/\/algarve7.pt\/index.php\/2021\/09\/a-cataplana-temperada-com-o-melhor-sal-do-mundo-e-em-castro-marim\/atualidade\/12\/30\/","og_site_name":"Algarve 7","article_publisher":"https:\/\/www.facebook.com\/algarve7","article_author":"https:\/\/www.facebook.com\/algarve7","article_published_time":"2021-09-16T11:30:00+00:00","og_image":[{"width":1644,"height":1580,"url":"https:\/\/algarve7.pt\/wp-content\/uploads\/2021\/09\/Captura-de-ecra-2021-09-15-as-17.48.58.png","type":"image\/png"}],"author":"Algarve 7","twitter_card":"summary_large_image","twitter_creator":"@Algarvesete","twitter_site":"@Algarvesete","twitter_misc":{"Escrito por":"Algarve 7","Tempo estimado de leitura":"3 minutos"},"schema":{"@context":"https:\/\/schema.org","@graph":[{"@type":"Article","@id":"https:\/\/algarve7.pt\/index.php\/2021\/09\/a-cataplana-temperada-com-o-melhor-sal-do-mundo-e-em-castro-marim\/atualidade\/12\/30\/#article","isPartOf":{"@id":"https:\/\/algarve7.pt\/index.php\/2021\/09\/a-cataplana-temperada-com-o-melhor-sal-do-mundo-e-em-castro-marim\/atualidade\/12\/30\/"},"author":{"name":"Algarve 7","@id":"https:\/\/algarve7.pt\/#\/schema\/person\/23fa70681308e7b319a3204bcea45e0c"},"headline":"A Cataplana temperada com o \u201cmelhor sal do mundo\u201d \u00e9 em Castro Marim","datePublished":"2021-09-16T11:30:00+00:00","mainEntityOfPage":{"@id":"https:\/\/algarve7.pt\/index.php\/2021\/09\/a-cataplana-temperada-com-o-melhor-sal-do-mundo-e-em-castro-marim\/atualidade\/12\/30\/"},"wordCount":499,"publisher":{"@id":"https:\/\/algarve7.pt\/#organization"},"image":{"@id":"https:\/\/algarve7.pt\/index.php\/2021\/09\/a-cataplana-temperada-com-o-melhor-sal-do-mundo-e-em-castro-marim\/atualidade\/12\/30\/#primaryimage"},"thumbnailUrl":"https:\/\/algarve7.pt\/wp-content\/uploads\/2021\/09\/Captura-de-ecra-2021-09-15-as-17.48.58.png","keywords":["Algarve","Atualidade","Castro Marim","Cataplana","Gastron\u00f3mia"],"articleSection":["Atualidade"],"inLanguage":"pt-PT"},{"@type":"WebPage","@id":"https:\/\/algarve7.pt\/index.php\/2021\/09\/a-cataplana-temperada-com-o-melhor-sal-do-mundo-e-em-castro-marim\/atualidade\/12\/30\/","url":"https:\/\/algarve7.pt\/index.php\/2021\/09\/a-cataplana-temperada-com-o-melhor-sal-do-mundo-e-em-castro-marim\/atualidade\/12\/30\/","name":"A Cataplana temperada com o \u201cmelhor sal do mundo\u201d \u00e9 em Castro Marim - Algarve 7","isPartOf":{"@id":"https:\/\/algarve7.pt\/#website"},"primaryImageOfPage":{"@id":"https:\/\/algarve7.pt\/index.php\/2021\/09\/a-cataplana-temperada-com-o-melhor-sal-do-mundo-e-em-castro-marim\/atualidade\/12\/30\/#primaryimage"},"image":{"@id":"https:\/\/algarve7.pt\/index.php\/2021\/09\/a-cataplana-temperada-com-o-melhor-sal-do-mundo-e-em-castro-marim\/atualidade\/12\/30\/#primaryimage"},"thumbnailUrl":"https:\/\/algarve7.pt\/wp-content\/uploads\/2021\/09\/Captura-de-ecra-2021-09-15-as-17.48.58.png","datePublished":"2021-09-16T11:30:00+00:00","description":"A Cataplana temperada com o \u201cmelhor sal do mundo\u201d \u00e9 em Castro Marim Atualidade","breadcrumb":{"@id":"https:\/\/algarve7.pt\/index.php\/2021\/09\/a-cataplana-temperada-com-o-melhor-sal-do-mundo-e-em-castro-marim\/atualidade\/12\/30\/#breadcrumb"},"inLanguage":"pt-PT","potentialAction":[{"@type":"ReadAction","target":["https:\/\/algarve7.pt\/index.php\/2021\/09\/a-cataplana-temperada-com-o-melhor-sal-do-mundo-e-em-castro-marim\/atualidade\/12\/30\/"]}]},{"@type":"ImageObject","inLanguage":"pt-PT","@id":"https:\/\/algarve7.pt\/index.php\/2021\/09\/a-cataplana-temperada-com-o-melhor-sal-do-mundo-e-em-castro-marim\/atualidade\/12\/30\/#primaryimage","url":"https:\/\/algarve7.pt\/wp-content\/uploads\/2021\/09\/Captura-de-ecra-2021-09-15-as-17.48.58.png","contentUrl":"https:\/\/algarve7.pt\/wp-content\/uploads\/2021\/09\/Captura-de-ecra-2021-09-15-as-17.48.58.png","width":1644,"height":1580},{"@type":"BreadcrumbList","@id":"https:\/\/algarve7.pt\/index.php\/2021\/09\/a-cataplana-temperada-com-o-melhor-sal-do-mundo-e-em-castro-marim\/atualidade\/12\/30\/#breadcrumb","itemListElement":[{"@type":"ListItem","position":1,"name":"In\u00edcio","item":"https:\/\/algarve7.pt\/"},{"@type":"ListItem","position":2,"name":"A Cataplana temperada com o \u201cmelhor sal do mundo\u201d \u00e9 em Castro Marim"}]},{"@type":"WebSite","@id":"https:\/\/algarve7.pt\/#website","url":"https:\/\/algarve7.pt\/","name":"Algarve 7","description":"Informa\u00e7\u00e3o sobre o Algarve","publisher":{"@id":"https:\/\/algarve7.pt\/#organization"},"potentialAction":[{"@type":"SearchAction","target":{"@type":"EntryPoint","urlTemplate":"https:\/\/algarve7.pt\/?s={search_term_string}"},"query-input":{"@type":"PropertyValueSpecification","valueRequired":true,"valueName":"search_term_string"}}],"inLanguage":"pt-PT"},{"@type":"Organization","@id":"https:\/\/algarve7.pt\/#organization","name":"Algarve 7","url":"https:\/\/algarve7.pt\/","logo":{"@type":"ImageObject","inLanguage":"pt-PT","@id":"https:\/\/algarve7.pt\/#\/schema\/logo\/image\/","url":"https:\/\/algarve7.pt\/wp-content\/uploads\/2020\/10\/Logo-8.jpg","contentUrl":"https:\/\/algarve7.pt\/wp-content\/uploads\/2020\/10\/Logo-8.jpg","width":1680,"height":1186,"caption":"Algarve 7"},"image":{"@id":"https:\/\/algarve7.pt\/#\/schema\/logo\/image\/"},"sameAs":["https:\/\/www.facebook.com\/algarve7","https:\/\/x.com\/Algarvesete","https:\/\/www.instagram.com\/jornalalgarve7\/","https:\/\/www.linkedin.com\/company\/algarve7","https:\/\/www.pinterest.pt\/geral0939\/_created\/"]},{"@type":"Person","@id":"https:\/\/algarve7.pt\/#\/schema\/person\/23fa70681308e7b319a3204bcea45e0c","name":"Algarve 7","sameAs":["https:\/\/algarve7.pt","https:\/\/www.facebook.com\/algarve7"],"url":"https:\/\/algarve7.pt\/index.php\/author\/geralalgarve7-pt\/"}]}},"jetpack_publicize_connections":[],"jetpack_featured_media_url":"https:\/\/algarve7.pt\/wp-content\/uploads\/2021\/09\/Captura-de-ecra-2021-09-15-as-17.48.58.png","jetpack_shortlink":"https:\/\/wp.me\/pcezmW-2Z9","jetpack_sharing_enabled":true,"_links":{"self":[{"href":"https:\/\/algarve7.pt\/index.php\/wp-json\/wp\/v2\/posts\/11479","targetHints":{"allow":["GET"]}}],"collection":[{"href":"https:\/\/algarve7.pt\/index.php\/wp-json\/wp\/v2\/posts"}],"about":[{"href":"https:\/\/algarve7.pt\/index.php\/wp-json\/wp\/v2\/types\/post"}],"author":[{"embeddable":true,"href":"https:\/\/algarve7.pt\/index.php\/wp-json\/wp\/v2\/users\/1"}],"replies":[{"embeddable":true,"href":"https:\/\/algarve7.pt\/index.php\/wp-json\/wp\/v2\/comments?post=11479"}],"version-history":[{"count":0,"href":"https:\/\/algarve7.pt\/index.php\/wp-json\/wp\/v2\/posts\/11479\/revisions"}],"wp:featuredmedia":[{"embeddable":true,"href":"https:\/\/algarve7.pt\/index.php\/wp-json\/wp\/v2\/media\/11480"}],"wp:attachment":[{"href":"https:\/\/algarve7.pt\/index.php\/wp-json\/wp\/v2\/media?parent=11479"}],"wp:term":[{"taxonomy":"category","embeddable":true,"href":"https:\/\/algarve7.pt\/index.php\/wp-json\/wp\/v2\/categories?post=11479"},{"taxonomy":"post_tag","embeddable":true,"href":"https:\/\/algarve7.pt\/index.php\/wp-json\/wp\/v2\/tags?post=11479"}],"curies":[{"name":"wp","href":"https:\/\/api.w.org\/{rel}","templated":true}]}}