{"id":11378,"date":"2021-09-10T08:05:45","date_gmt":"2021-09-10T07:05:45","guid":{"rendered":"https:\/\/algarve7.pt\/?p=11378"},"modified":"2021-09-10T08:05:47","modified_gmt":"2021-09-10T07:05:47","slug":"ventilador-desenvolvido-na-marinha-apresentado-internacionalmente","status":"publish","type":"post","link":"https:\/\/algarve7.pt\/index.php\/2021\/09\/ventilador-desenvolvido-na-marinha-apresentado-internacionalmente\/nacional\/08\/05\/","title":{"rendered":"Ventilador desenvolvido na Marinha apresentado internacionalmente"},"content":{"rendered":"\n<p>Este ventilador, desenvolvido inicialmente na Marinha pela C\u00e9lula de Experimenta\u00e7\u00e3o Operacional de Ve\u00edculos n\u00e3o tripulados (CEOV) do Comando Naval, materializa a resposta da Marinha \u00e0 pandemia do v\u00edrus SARS-COV-2 \/ COVID-19, e os trabalhos associados a\u200bo seu desenvolvimento assentaram num regime de cons\u00f3\u200brcio de colabora\u00e7\u00e3o formal entre o Minist\u00e9rio da Defesa Nacional \u2013 Marinha e a empresa Ricardo &amp; Barbosa, Lda. (R&amp;B), no qual a Marinha assume o papel de lideran\u00e7a do cons\u00f3rcio.<\/p>\n\n\n\n<p>Por forma a preparar a pr\u00f3xima fase, que corresponde \u00e0 industrializa\u00e7\u00e3o\/comercializa\u00e7\u00e3o do ventilador a cargo da R&amp;B, a empresa participa na feira global da ind\u00fastria Midest Lyon, que conta com cerca de 38 pa\u00edses representados, 16 setores de atividade e mais de 1000 expositores, estando a Marinha igualmente representada no evento atrav\u00e9s da participa\u00e7\u00e3o de dois militares da&nbsp;C\u00e9lula de Experimenta\u00e7\u00e3o Operacional de Ve\u00edculos n\u00e3o tripulados (CEOV) do Comando Naval. O evento foi visitado no dia 08SET21 por uma extensa comitiva portuguesa de onde se destacou a presen\u00e7a do Secret\u00e1rio de Estado da Economia, Dr. Jo\u00e3o Neves, bem como os representantes da AICEP (Portugal e Fran\u00e7a), o presidente da Associa\u00e7\u00e3o dos Industriais Metal\u00fargicos Metalomec\u00e2nicos e Afins de Portugal (AIMMAP) e o presidente da C\u00e2mara de Com\u00e9rcio e Ind\u00fastria Luso-Francesa.<\/p>\n\n\n\n<p>\u200bA necessidade de resposta \u00e0 pandemia, gerou uma oportunidade de produzir um ventilador muito completo e tecnologicamente muito competente, que contribuiu para potenciar a capacidade de inova\u00e7\u00e3o militar, prestigiando a Marinha e fortalecendo a liga\u00e7\u00e3o da Marinha \u00e0 ind\u00fastria nacional.&nbsp;Nesse sentido, a Marinha contribui, juntamente com a R&amp;B, para um Portugal mais competitivo, assegurando a soberania do pa\u00eds no mercado dos dispositivos m\u00e9dicos, pela autonomia e independ\u00eancia que a fabrica\u00e7\u00e3o MADE IN PORTUGAL nos confere, bem como evidencia a capacidade para investigar, desenvolver, inovar e criar valor para Portugal atrav\u00e9s de parcerias virtuosas entre a as For\u00e7as armadas e a Ind\u00fastria Nacional. Inova\u00e7\u00e3o que tem sido um dos motes do desenvolvimento e antecipa\u00e7\u00e3o do futuro, por parte da Marinha Portuguesa, sendo o ventilador um dos seus frutos.<\/p>\n","protected":false},"excerpt":{"rendered":"<p>Este ventilador, desenvolvido inicialmente na Marinha pela C\u00e9lula de Experimenta\u00e7\u00e3o Operacional de Ve\u00edculos n\u00e3o tripulados (CEOV) do Comando Naval, materializa<\/p>\n","protected":false},"author":1,"featured_media":11379,"comment_status":"closed","ping_status":"open","sticky":false,"template":"","format":"standard","meta":{"colormag_page_container_layout":"default_layout","colormag_page_sidebar_layout":"default_layout","_monsterinsights_skip_tracking":false,"_monsterinsights_sitenote_active":false,"_monsterinsights_sitenote_note":"","_monsterinsights_sitenote_category":0,"jetpack_post_was_ever_published":false,"_jetpack_newsletter_access":"","_jetpack_dont_email_post_to_subs":false,"_jetpack_newsletter_tier_id":0,"_jetpack_memberships_contains_paywalled_content":false,"_jetpack_memberships_contains_paid_content":false,"footnotes":"","jetpack_publicize_message":"","jetpack_publicize_feature_enabled":true,"jetpack_social_post_already_shared":true,"jetpack_social_options":{"image_generator_settings":{"template":"highway","default_image_id":0,"font":"","enabled":false},"version":2}},"categories":[189],"tags":[170,98,58],"class_list":["post-11378","post","type-post","status-publish","format-standard","has-post-thumbnail","hentry","category-nacional","tag-marinha","tag-nacional","tag-saude"],"yoast_head":"<!-- This site is optimized with the Yoast SEO plugin v27.5 - https:\/\/yoast.com\/product\/yoast-seo-wordpress\/ -->\n<title>Ventilador desenvolvido na Marinha apresentado internacionalmente - Algarve 7<\/title>\n<meta name=\"description\" content=\"Ventilador desenvolvido na Marinha apresentado internacionalmente Nacional\" \/>\n<meta name=\"robots\" content=\"index, follow, max-snippet:-1, max-image-preview:large, max-video-preview:-1\" \/>\n<link rel=\"canonical\" href=\"https:\/\/algarve7.pt\/index.php\/2021\/09\/ventilador-desenvolvido-na-marinha-apresentado-internacionalmente\/nacional\/08\/05\/\" \/>\n<meta property=\"og:locale\" content=\"pt_PT\" \/>\n<meta property=\"og:type\" content=\"article\" \/>\n<meta property=\"og:title\" content=\"Ventilador desenvolvido na Marinha apresentado internacionalmente - Algarve 7\" \/>\n<meta property=\"og:description\" content=\"Ventilador desenvolvido na Marinha apresentado internacionalmente Nacional\" \/>\n<meta property=\"og:url\" content=\"https:\/\/algarve7.pt\/index.php\/2021\/09\/ventilador-desenvolvido-na-marinha-apresentado-internacionalmente\/nacional\/08\/05\/\" \/>\n<meta property=\"og:site_name\" content=\"Algarve 7\" \/>\n<meta property=\"article:publisher\" content=\"https:\/\/www.facebook.com\/algarve7\" \/>\n<meta property=\"article:author\" content=\"https:\/\/www.facebook.com\/algarve7\" \/>\n<meta property=\"article:published_time\" content=\"2021-09-10T07:05:45+00:00\" \/>\n<meta property=\"article:modified_time\" content=\"2021-09-10T07:05:47+00:00\" \/>\n<meta property=\"og:image\" content=\"https:\/\/algarve7.pt\/wp-content\/uploads\/2021\/09\/Equipa-RB-e-CEOV-e1631257514326.jpeg\" \/>\n\t<meta property=\"og:image:width\" content=\"1024\" \/>\n\t<meta property=\"og:image:height\" content=\"832\" \/>\n\t<meta property=\"og:image:type\" content=\"image\/jpeg\" \/>\n<meta name=\"author\" content=\"Algarve 7\" \/>\n<meta name=\"twitter:card\" content=\"summary_large_image\" \/>\n<meta name=\"twitter:creator\" content=\"@Algarvesete\" \/>\n<meta name=\"twitter:site\" content=\"@Algarvesete\" \/>\n<meta name=\"twitter:label1\" content=\"Escrito por\" \/>\n\t<meta name=\"twitter:data1\" content=\"Algarve 7\" \/>\n\t<meta name=\"twitter:label2\" content=\"Tempo estimado de leitura\" \/>\n\t<meta name=\"twitter:data2\" content=\"2 minutos\" \/>\n<script type=\"application\/ld+json\" class=\"yoast-schema-graph\">{\"@context\":\"https:\\\/\\\/schema.org\",\"@graph\":[{\"@type\":\"Article\",\"@id\":\"https:\\\/\\\/algarve7.pt\\\/index.php\\\/2021\\\/09\\\/ventilador-desenvolvido-na-marinha-apresentado-internacionalmente\\\/nacional\\\/08\\\/05\\\/#article\",\"isPartOf\":{\"@id\":\"https:\\\/\\\/algarve7.pt\\\/index.php\\\/2021\\\/09\\\/ventilador-desenvolvido-na-marinha-apresentado-internacionalmente\\\/nacional\\\/08\\\/05\\\/\"},\"author\":{\"name\":\"Algarve 7\",\"@id\":\"https:\\\/\\\/algarve7.pt\\\/#\\\/schema\\\/person\\\/23fa70681308e7b319a3204bcea45e0c\"},\"headline\":\"Ventilador desenvolvido na Marinha apresentado internacionalmente\",\"datePublished\":\"2021-09-10T07:05:45+00:00\",\"dateModified\":\"2021-09-10T07:05:47+00:00\",\"mainEntityOfPage\":{\"@id\":\"https:\\\/\\\/algarve7.pt\\\/index.php\\\/2021\\\/09\\\/ventilador-desenvolvido-na-marinha-apresentado-internacionalmente\\\/nacional\\\/08\\\/05\\\/\"},\"wordCount\":380,\"publisher\":{\"@id\":\"https:\\\/\\\/algarve7.pt\\\/#organization\"},\"image\":{\"@id\":\"https:\\\/\\\/algarve7.pt\\\/index.php\\\/2021\\\/09\\\/ventilador-desenvolvido-na-marinha-apresentado-internacionalmente\\\/nacional\\\/08\\\/05\\\/#primaryimage\"},\"thumbnailUrl\":\"https:\\\/\\\/algarve7.pt\\\/wp-content\\\/uploads\\\/2021\\\/09\\\/Equipa-RB-e-CEOV-e1631257514326.jpeg\",\"keywords\":[\"Marinha\",\"Nacional\",\"Sa\u00fade\"],\"articleSection\":[\"Nacional\"],\"inLanguage\":\"pt-PT\"},{\"@type\":\"WebPage\",\"@id\":\"https:\\\/\\\/algarve7.pt\\\/index.php\\\/2021\\\/09\\\/ventilador-desenvolvido-na-marinha-apresentado-internacionalmente\\\/nacional\\\/08\\\/05\\\/\",\"url\":\"https:\\\/\\\/algarve7.pt\\\/index.php\\\/2021\\\/09\\\/ventilador-desenvolvido-na-marinha-apresentado-internacionalmente\\\/nacional\\\/08\\\/05\\\/\",\"name\":\"Ventilador desenvolvido na Marinha apresentado internacionalmente - Algarve 7\",\"isPartOf\":{\"@id\":\"https:\\\/\\\/algarve7.pt\\\/#website\"},\"primaryImageOfPage\":{\"@id\":\"https:\\\/\\\/algarve7.pt\\\/index.php\\\/2021\\\/09\\\/ventilador-desenvolvido-na-marinha-apresentado-internacionalmente\\\/nacional\\\/08\\\/05\\\/#primaryimage\"},\"image\":{\"@id\":\"https:\\\/\\\/algarve7.pt\\\/index.php\\\/2021\\\/09\\\/ventilador-desenvolvido-na-marinha-apresentado-internacionalmente\\\/nacional\\\/08\\\/05\\\/#primaryimage\"},\"thumbnailUrl\":\"https:\\\/\\\/algarve7.pt\\\/wp-content\\\/uploads\\\/2021\\\/09\\\/Equipa-RB-e-CEOV-e1631257514326.jpeg\",\"datePublished\":\"2021-09-10T07:05:45+00:00\",\"dateModified\":\"2021-09-10T07:05:47+00:00\",\"description\":\"Ventilador desenvolvido na Marinha apresentado internacionalmente Nacional\",\"breadcrumb\":{\"@id\":\"https:\\\/\\\/algarve7.pt\\\/index.php\\\/2021\\\/09\\\/ventilador-desenvolvido-na-marinha-apresentado-internacionalmente\\\/nacional\\\/08\\\/05\\\/#breadcrumb\"},\"inLanguage\":\"pt-PT\",\"potentialAction\":[{\"@type\":\"ReadAction\",\"target\":[\"https:\\\/\\\/algarve7.pt\\\/index.php\\\/2021\\\/09\\\/ventilador-desenvolvido-na-marinha-apresentado-internacionalmente\\\/nacional\\\/08\\\/05\\\/\"]}]},{\"@type\":\"ImageObject\",\"inLanguage\":\"pt-PT\",\"@id\":\"https:\\\/\\\/algarve7.pt\\\/index.php\\\/2021\\\/09\\\/ventilador-desenvolvido-na-marinha-apresentado-internacionalmente\\\/nacional\\\/08\\\/05\\\/#primaryimage\",\"url\":\"https:\\\/\\\/algarve7.pt\\\/wp-content\\\/uploads\\\/2021\\\/09\\\/Equipa-RB-e-CEOV-e1631257514326.jpeg\",\"contentUrl\":\"https:\\\/\\\/algarve7.pt\\\/wp-content\\\/uploads\\\/2021\\\/09\\\/Equipa-RB-e-CEOV-e1631257514326.jpeg\",\"width\":1024,\"height\":832},{\"@type\":\"BreadcrumbList\",\"@id\":\"https:\\\/\\\/algarve7.pt\\\/index.php\\\/2021\\\/09\\\/ventilador-desenvolvido-na-marinha-apresentado-internacionalmente\\\/nacional\\\/08\\\/05\\\/#breadcrumb\",\"itemListElement\":[{\"@type\":\"ListItem\",\"position\":1,\"name\":\"In\u00edcio\",\"item\":\"https:\\\/\\\/algarve7.pt\\\/\"},{\"@type\":\"ListItem\",\"position\":2,\"name\":\"Ventilador desenvolvido na Marinha apresentado internacionalmente\"}]},{\"@type\":\"WebSite\",\"@id\":\"https:\\\/\\\/algarve7.pt\\\/#website\",\"url\":\"https:\\\/\\\/algarve7.pt\\\/\",\"name\":\"Algarve 7\",\"description\":\"Informa\u00e7\u00e3o sobre o Algarve\",\"publisher\":{\"@id\":\"https:\\\/\\\/algarve7.pt\\\/#organization\"},\"potentialAction\":[{\"@type\":\"SearchAction\",\"target\":{\"@type\":\"EntryPoint\",\"urlTemplate\":\"https:\\\/\\\/algarve7.pt\\\/?s={search_term_string}\"},\"query-input\":{\"@type\":\"PropertyValueSpecification\",\"valueRequired\":true,\"valueName\":\"search_term_string\"}}],\"inLanguage\":\"pt-PT\"},{\"@type\":\"Organization\",\"@id\":\"https:\\\/\\\/algarve7.pt\\\/#organization\",\"name\":\"Algarve 7\",\"url\":\"https:\\\/\\\/algarve7.pt\\\/\",\"logo\":{\"@type\":\"ImageObject\",\"inLanguage\":\"pt-PT\",\"@id\":\"https:\\\/\\\/algarve7.pt\\\/#\\\/schema\\\/logo\\\/image\\\/\",\"url\":\"https:\\\/\\\/algarve7.pt\\\/wp-content\\\/uploads\\\/2020\\\/10\\\/Logo-8.jpg\",\"contentUrl\":\"https:\\\/\\\/algarve7.pt\\\/wp-content\\\/uploads\\\/2020\\\/10\\\/Logo-8.jpg\",\"width\":1680,\"height\":1186,\"caption\":\"Algarve 7\"},\"image\":{\"@id\":\"https:\\\/\\\/algarve7.pt\\\/#\\\/schema\\\/logo\\\/image\\\/\"},\"sameAs\":[\"https:\\\/\\\/www.facebook.com\\\/algarve7\",\"https:\\\/\\\/x.com\\\/Algarvesete\",\"https:\\\/\\\/www.instagram.com\\\/jornalalgarve7\\\/\",\"https:\\\/\\\/www.linkedin.com\\\/company\\\/algarve7\",\"https:\\\/\\\/www.pinterest.pt\\\/geral0939\\\/_created\\\/\"]},{\"@type\":\"Person\",\"@id\":\"https:\\\/\\\/algarve7.pt\\\/#\\\/schema\\\/person\\\/23fa70681308e7b319a3204bcea45e0c\",\"name\":\"Algarve 7\",\"sameAs\":[\"https:\\\/\\\/algarve7.pt\",\"https:\\\/\\\/www.facebook.com\\\/algarve7\"],\"url\":\"https:\\\/\\\/algarve7.pt\\\/index.php\\\/author\\\/geralalgarve7-pt\\\/\"}]}<\/script>\n<!-- \/ Yoast SEO plugin. -->","yoast_head_json":{"title":"Ventilador desenvolvido na Marinha apresentado internacionalmente - Algarve 7","description":"Ventilador desenvolvido na Marinha apresentado internacionalmente Nacional","robots":{"index":"index","follow":"follow","max-snippet":"max-snippet:-1","max-image-preview":"max-image-preview:large","max-video-preview":"max-video-preview:-1"},"canonical":"https:\/\/algarve7.pt\/index.php\/2021\/09\/ventilador-desenvolvido-na-marinha-apresentado-internacionalmente\/nacional\/08\/05\/","og_locale":"pt_PT","og_type":"article","og_title":"Ventilador desenvolvido na Marinha apresentado internacionalmente - Algarve 7","og_description":"Ventilador desenvolvido na Marinha apresentado internacionalmente Nacional","og_url":"https:\/\/algarve7.pt\/index.php\/2021\/09\/ventilador-desenvolvido-na-marinha-apresentado-internacionalmente\/nacional\/08\/05\/","og_site_name":"Algarve 7","article_publisher":"https:\/\/www.facebook.com\/algarve7","article_author":"https:\/\/www.facebook.com\/algarve7","article_published_time":"2021-09-10T07:05:45+00:00","article_modified_time":"2021-09-10T07:05:47+00:00","og_image":[{"width":1024,"height":832,"url":"https:\/\/algarve7.pt\/wp-content\/uploads\/2021\/09\/Equipa-RB-e-CEOV-e1631257514326.jpeg","type":"image\/jpeg"}],"author":"Algarve 7","twitter_card":"summary_large_image","twitter_creator":"@Algarvesete","twitter_site":"@Algarvesete","twitter_misc":{"Escrito por":"Algarve 7","Tempo estimado de leitura":"2 minutos"},"schema":{"@context":"https:\/\/schema.org","@graph":[{"@type":"Article","@id":"https:\/\/algarve7.pt\/index.php\/2021\/09\/ventilador-desenvolvido-na-marinha-apresentado-internacionalmente\/nacional\/08\/05\/#article","isPartOf":{"@id":"https:\/\/algarve7.pt\/index.php\/2021\/09\/ventilador-desenvolvido-na-marinha-apresentado-internacionalmente\/nacional\/08\/05\/"},"author":{"name":"Algarve 7","@id":"https:\/\/algarve7.pt\/#\/schema\/person\/23fa70681308e7b319a3204bcea45e0c"},"headline":"Ventilador desenvolvido na Marinha apresentado internacionalmente","datePublished":"2021-09-10T07:05:45+00:00","dateModified":"2021-09-10T07:05:47+00:00","mainEntityOfPage":{"@id":"https:\/\/algarve7.pt\/index.php\/2021\/09\/ventilador-desenvolvido-na-marinha-apresentado-internacionalmente\/nacional\/08\/05\/"},"wordCount":380,"publisher":{"@id":"https:\/\/algarve7.pt\/#organization"},"image":{"@id":"https:\/\/algarve7.pt\/index.php\/2021\/09\/ventilador-desenvolvido-na-marinha-apresentado-internacionalmente\/nacional\/08\/05\/#primaryimage"},"thumbnailUrl":"https:\/\/algarve7.pt\/wp-content\/uploads\/2021\/09\/Equipa-RB-e-CEOV-e1631257514326.jpeg","keywords":["Marinha","Nacional","Sa\u00fade"],"articleSection":["Nacional"],"inLanguage":"pt-PT"},{"@type":"WebPage","@id":"https:\/\/algarve7.pt\/index.php\/2021\/09\/ventilador-desenvolvido-na-marinha-apresentado-internacionalmente\/nacional\/08\/05\/","url":"https:\/\/algarve7.pt\/index.php\/2021\/09\/ventilador-desenvolvido-na-marinha-apresentado-internacionalmente\/nacional\/08\/05\/","name":"Ventilador desenvolvido na Marinha apresentado internacionalmente - Algarve 7","isPartOf":{"@id":"https:\/\/algarve7.pt\/#website"},"primaryImageOfPage":{"@id":"https:\/\/algarve7.pt\/index.php\/2021\/09\/ventilador-desenvolvido-na-marinha-apresentado-internacionalmente\/nacional\/08\/05\/#primaryimage"},"image":{"@id":"https:\/\/algarve7.pt\/index.php\/2021\/09\/ventilador-desenvolvido-na-marinha-apresentado-internacionalmente\/nacional\/08\/05\/#primaryimage"},"thumbnailUrl":"https:\/\/algarve7.pt\/wp-content\/uploads\/2021\/09\/Equipa-RB-e-CEOV-e1631257514326.jpeg","datePublished":"2021-09-10T07:05:45+00:00","dateModified":"2021-09-10T07:05:47+00:00","description":"Ventilador desenvolvido na Marinha apresentado internacionalmente Nacional","breadcrumb":{"@id":"https:\/\/algarve7.pt\/index.php\/2021\/09\/ventilador-desenvolvido-na-marinha-apresentado-internacionalmente\/nacional\/08\/05\/#breadcrumb"},"inLanguage":"pt-PT","potentialAction":[{"@type":"ReadAction","target":["https:\/\/algarve7.pt\/index.php\/2021\/09\/ventilador-desenvolvido-na-marinha-apresentado-internacionalmente\/nacional\/08\/05\/"]}]},{"@type":"ImageObject","inLanguage":"pt-PT","@id":"https:\/\/algarve7.pt\/index.php\/2021\/09\/ventilador-desenvolvido-na-marinha-apresentado-internacionalmente\/nacional\/08\/05\/#primaryimage","url":"https:\/\/algarve7.pt\/wp-content\/uploads\/2021\/09\/Equipa-RB-e-CEOV-e1631257514326.jpeg","contentUrl":"https:\/\/algarve7.pt\/wp-content\/uploads\/2021\/09\/Equipa-RB-e-CEOV-e1631257514326.jpeg","width":1024,"height":832},{"@type":"BreadcrumbList","@id":"https:\/\/algarve7.pt\/index.php\/2021\/09\/ventilador-desenvolvido-na-marinha-apresentado-internacionalmente\/nacional\/08\/05\/#breadcrumb","itemListElement":[{"@type":"ListItem","position":1,"name":"In\u00edcio","item":"https:\/\/algarve7.pt\/"},{"@type":"ListItem","position":2,"name":"Ventilador desenvolvido na Marinha apresentado internacionalmente"}]},{"@type":"WebSite","@id":"https:\/\/algarve7.pt\/#website","url":"https:\/\/algarve7.pt\/","name":"Algarve 7","description":"Informa\u00e7\u00e3o sobre o Algarve","publisher":{"@id":"https:\/\/algarve7.pt\/#organization"},"potentialAction":[{"@type":"SearchAction","target":{"@type":"EntryPoint","urlTemplate":"https:\/\/algarve7.pt\/?s={search_term_string}"},"query-input":{"@type":"PropertyValueSpecification","valueRequired":true,"valueName":"search_term_string"}}],"inLanguage":"pt-PT"},{"@type":"Organization","@id":"https:\/\/algarve7.pt\/#organization","name":"Algarve 7","url":"https:\/\/algarve7.pt\/","logo":{"@type":"ImageObject","inLanguage":"pt-PT","@id":"https:\/\/algarve7.pt\/#\/schema\/logo\/image\/","url":"https:\/\/algarve7.pt\/wp-content\/uploads\/2020\/10\/Logo-8.jpg","contentUrl":"https:\/\/algarve7.pt\/wp-content\/uploads\/2020\/10\/Logo-8.jpg","width":1680,"height":1186,"caption":"Algarve 7"},"image":{"@id":"https:\/\/algarve7.pt\/#\/schema\/logo\/image\/"},"sameAs":["https:\/\/www.facebook.com\/algarve7","https:\/\/x.com\/Algarvesete","https:\/\/www.instagram.com\/jornalalgarve7\/","https:\/\/www.linkedin.com\/company\/algarve7","https:\/\/www.pinterest.pt\/geral0939\/_created\/"]},{"@type":"Person","@id":"https:\/\/algarve7.pt\/#\/schema\/person\/23fa70681308e7b319a3204bcea45e0c","name":"Algarve 7","sameAs":["https:\/\/algarve7.pt","https:\/\/www.facebook.com\/algarve7"],"url":"https:\/\/algarve7.pt\/index.php\/author\/geralalgarve7-pt\/"}]}},"jetpack_publicize_connections":[],"jetpack_featured_media_url":"https:\/\/algarve7.pt\/wp-content\/uploads\/2021\/09\/Equipa-RB-e-CEOV-e1631257514326.jpeg","jetpack_shortlink":"https:\/\/wp.me\/pcezmW-2Xw","jetpack_sharing_enabled":true,"_links":{"self":[{"href":"https:\/\/algarve7.pt\/index.php\/wp-json\/wp\/v2\/posts\/11378","targetHints":{"allow":["GET"]}}],"collection":[{"href":"https:\/\/algarve7.pt\/index.php\/wp-json\/wp\/v2\/posts"}],"about":[{"href":"https:\/\/algarve7.pt\/index.php\/wp-json\/wp\/v2\/types\/post"}],"author":[{"embeddable":true,"href":"https:\/\/algarve7.pt\/index.php\/wp-json\/wp\/v2\/users\/1"}],"replies":[{"embeddable":true,"href":"https:\/\/algarve7.pt\/index.php\/wp-json\/wp\/v2\/comments?post=11378"}],"version-history":[{"count":0,"href":"https:\/\/algarve7.pt\/index.php\/wp-json\/wp\/v2\/posts\/11378\/revisions"}],"wp:featuredmedia":[{"embeddable":true,"href":"https:\/\/algarve7.pt\/index.php\/wp-json\/wp\/v2\/media\/11379"}],"wp:attachment":[{"href":"https:\/\/algarve7.pt\/index.php\/wp-json\/wp\/v2\/media?parent=11378"}],"wp:term":[{"taxonomy":"category","embeddable":true,"href":"https:\/\/algarve7.pt\/index.php\/wp-json\/wp\/v2\/categories?post=11378"},{"taxonomy":"post_tag","embeddable":true,"href":"https:\/\/algarve7.pt\/index.php\/wp-json\/wp\/v2\/tags?post=11378"}],"curies":[{"name":"wp","href":"https:\/\/api.w.org\/{rel}","templated":true}]}}