{"id":11371,"date":"2021-09-10T15:55:00","date_gmt":"2021-09-10T14:55:00","guid":{"rendered":"https:\/\/algarve7.pt\/?p=11371"},"modified":"2021-09-09T19:11:15","modified_gmt":"2021-09-09T18:11:15","slug":"acao-de-desbaratizacao-e-desratizacao-no-concelho-de-silves-decorrera-de-13-de-setembro-a-18-de-outubro","status":"publish","type":"post","link":"https:\/\/algarve7.pt\/index.php\/2021\/09\/acao-de-desbaratizacao-e-desratizacao-no-concelho-de-silves-decorrera-de-13-de-setembro-a-18-de-outubro\/ambiente\/15\/55\/","title":{"rendered":"A\u00e7\u00e3o de desbaratiza\u00e7\u00e3o e desratiza\u00e7\u00e3o no concelho de Silves decorrer\u00e1 de 13 de setembro a 18 de outubro"},"content":{"rendered":"\n<p>O Munic\u00edpio de Silves informa que ir\u00e1 levar a efeito uma a\u00e7\u00e3o de desbaratiza\u00e7\u00e3o e desratiza\u00e7\u00e3o em todas as freguesias do Concelho de Silves. A mesma ser\u00e1 realizada entre os dias 13 de setembro a 18 de outubro, de acordo com a seguinte calendariza\u00e7\u00e3o:<\/p>\n\n\n\n<p>\u00bb Freguesia de Arma\u00e7\u00e3o de P\u00eara \u2013 13, 14, 15, 16 e 17 de setembro;<\/p>\n\n\n\n<p>\u00bb Uni\u00e3o de Freguesias Alcantarilha e P\u00eara | Alcantarilha \u2013 20 e 21 de setembro;<\/p>\n\n\n\n<p>\u00bb Uni\u00e3o de Freguesias Alcantarilha e P\u00eara | P\u00eara \u2013 22 e 23 de setembro;<\/p>\n\n\n\n<p>\u00bb Uni\u00e3o de Freguesias de Algoz e Tunes | Algoz \u2013 24, 27 e 28 setembro;<\/p>\n\n\n\n<p>\u00bb Uni\u00e3o de Freguesias de Algoz e Tunes | Tunes \u2013 29 e 30 de setembro;<\/p>\n\n\n\n<p>\u00bb Freguesia de S\u00e3o Marcos da Serra \u2013 1 de outubro;<\/p>\n\n\n\n<p>\u00bb Freguesia de S\u00e3o Bartolomeu de Messines \u2013 4, 6, 7, 8 e 11 de outubro;<\/p>\n\n\n\n<p>\u00bb Freguesia de Silves \u2013 12, 13, 14, 15 e 18 de outubro;<\/p>\n\n\n\n<p>Para uma maior efic\u00e1cia deste tipo de a\u00e7\u00f5es, o Munic\u00edpio de Silves aconselha as entidades privadas (como condom\u00ednios, propriet\u00e1rios de edif\u00edcios e estabelecimentos comerciais e afins) que possam efetuar, tamb\u00e9m, este servi\u00e7o de a\u00e7\u00f5es de desinfesta\u00e7\u00e3o, contribuindo, desta forma, para o refor\u00e7o da salvaguarda da sa\u00fade p\u00fablica, do controlo de pragas urbanas e da redu\u00e7\u00e3o de exposi\u00e7\u00e3o a pragas urbanas.<\/p>\n","protected":false},"excerpt":{"rendered":"<p>O Munic\u00edpio de Silves informa que ir\u00e1 levar a efeito uma a\u00e7\u00e3o de desbaratiza\u00e7\u00e3o e desratiza\u00e7\u00e3o em todas as freguesias<\/p>\n","protected":false},"author":1,"featured_media":11372,"comment_status":"closed","ping_status":"open","sticky":false,"template":"","format":"standard","meta":{"colormag_page_container_layout":"default_layout","colormag_page_sidebar_layout":"default_layout","_monsterinsights_skip_tracking":false,"_monsterinsights_sitenote_active":false,"_monsterinsights_sitenote_note":"","_monsterinsights_sitenote_category":0,"jetpack_post_was_ever_published":false,"_jetpack_newsletter_access":"","_jetpack_dont_email_post_to_subs":false,"_jetpack_newsletter_tier_id":0,"_jetpack_memberships_contains_paywalled_content":false,"_jetpack_memberships_contains_paid_content":false,"footnotes":"","jetpack_publicize_message":"","jetpack_publicize_feature_enabled":true,"jetpack_social_post_already_shared":true,"jetpack_social_options":{"image_generator_settings":{"template":"highway","default_image_id":0,"font":"","enabled":false},"version":2}},"categories":[5],"tags":[36,32,42],"class_list":["post-11371","post","type-post","status-publish","format-standard","has-post-thumbnail","hentry","category-ambiente","tag-algarve","tag-ambiente","tag-silves"],"yoast_head":"<!-- This site is optimized with the Yoast SEO plugin v27.5 - https:\/\/yoast.com\/product\/yoast-seo-wordpress\/ -->\n<title>A\u00e7\u00e3o de desbaratiza\u00e7\u00e3o e desratiza\u00e7\u00e3o no concelho de Silves decorrer\u00e1 de 13 de setembro a 18 de outubro - Algarve 7<\/title>\n<meta name=\"description\" content=\"A\u00e7\u00e3o de desbaratiza\u00e7\u00e3o e desratiza\u00e7\u00e3o no concelho de Silves decorrer\u00e1 de 13 de setembro a 18 de outubro Ambiente\" \/>\n<meta name=\"robots\" content=\"index, follow, max-snippet:-1, max-image-preview:large, max-video-preview:-1\" \/>\n<link rel=\"canonical\" href=\"https:\/\/algarve7.pt\/index.php\/2021\/09\/acao-de-desbaratizacao-e-desratizacao-no-concelho-de-silves-decorrera-de-13-de-setembro-a-18-de-outubro\/ambiente\/15\/55\/\" \/>\n<meta property=\"og:locale\" content=\"pt_PT\" \/>\n<meta property=\"og:type\" content=\"article\" \/>\n<meta property=\"og:title\" content=\"A\u00e7\u00e3o de desbaratiza\u00e7\u00e3o e desratiza\u00e7\u00e3o no concelho de Silves decorrer\u00e1 de 13 de setembro a 18 de outubro - Algarve 7\" \/>\n<meta property=\"og:description\" content=\"A\u00e7\u00e3o de desbaratiza\u00e7\u00e3o e desratiza\u00e7\u00e3o no concelho de Silves decorrer\u00e1 de 13 de setembro a 18 de outubro Ambiente\" \/>\n<meta property=\"og:url\" content=\"https:\/\/algarve7.pt\/index.php\/2021\/09\/acao-de-desbaratizacao-e-desratizacao-no-concelho-de-silves-decorrera-de-13-de-setembro-a-18-de-outubro\/ambiente\/15\/55\/\" \/>\n<meta property=\"og:site_name\" content=\"Algarve 7\" \/>\n<meta property=\"article:publisher\" content=\"https:\/\/www.facebook.com\/algarve7\" \/>\n<meta property=\"article:author\" content=\"https:\/\/www.facebook.com\/algarve7\" \/>\n<meta property=\"article:published_time\" content=\"2021-09-10T14:55:00+00:00\" \/>\n<meta property=\"og:image\" content=\"https:\/\/algarve7.pt\/wp-content\/uploads\/2021\/09\/AVISOS_acao-de-desbaratizacao-e-desratizacao.jpg\" \/>\n\t<meta property=\"og:image:width\" content=\"1280\" \/>\n\t<meta property=\"og:image:height\" content=\"620\" \/>\n\t<meta property=\"og:image:type\" content=\"image\/jpeg\" \/>\n<meta name=\"author\" content=\"Algarve 7\" \/>\n<meta name=\"twitter:card\" content=\"summary_large_image\" \/>\n<meta name=\"twitter:creator\" content=\"@Algarvesete\" \/>\n<meta name=\"twitter:site\" content=\"@Algarvesete\" \/>\n<meta name=\"twitter:label1\" content=\"Escrito por\" \/>\n\t<meta name=\"twitter:data1\" content=\"Algarve 7\" \/>\n\t<meta name=\"twitter:label2\" content=\"Tempo estimado de leitura\" \/>\n\t<meta name=\"twitter:data2\" content=\"1 minuto\" \/>\n<script type=\"application\/ld+json\" class=\"yoast-schema-graph\">{\"@context\":\"https:\\\/\\\/schema.org\",\"@graph\":[{\"@type\":\"Article\",\"@id\":\"https:\\\/\\\/algarve7.pt\\\/index.php\\\/2021\\\/09\\\/acao-de-desbaratizacao-e-desratizacao-no-concelho-de-silves-decorrera-de-13-de-setembro-a-18-de-outubro\\\/ambiente\\\/15\\\/55\\\/#article\",\"isPartOf\":{\"@id\":\"https:\\\/\\\/algarve7.pt\\\/index.php\\\/2021\\\/09\\\/acao-de-desbaratizacao-e-desratizacao-no-concelho-de-silves-decorrera-de-13-de-setembro-a-18-de-outubro\\\/ambiente\\\/15\\\/55\\\/\"},\"author\":{\"name\":\"Algarve 7\",\"@id\":\"https:\\\/\\\/algarve7.pt\\\/#\\\/schema\\\/person\\\/23fa70681308e7b319a3204bcea45e0c\"},\"headline\":\"A\u00e7\u00e3o de desbaratiza\u00e7\u00e3o e desratiza\u00e7\u00e3o no concelho de Silves decorrer\u00e1 de 13 de setembro a 18 de outubro\",\"datePublished\":\"2021-09-10T14:55:00+00:00\",\"mainEntityOfPage\":{\"@id\":\"https:\\\/\\\/algarve7.pt\\\/index.php\\\/2021\\\/09\\\/acao-de-desbaratizacao-e-desratizacao-no-concelho-de-silves-decorrera-de-13-de-setembro-a-18-de-outubro\\\/ambiente\\\/15\\\/55\\\/\"},\"wordCount\":224,\"publisher\":{\"@id\":\"https:\\\/\\\/algarve7.pt\\\/#organization\"},\"image\":{\"@id\":\"https:\\\/\\\/algarve7.pt\\\/index.php\\\/2021\\\/09\\\/acao-de-desbaratizacao-e-desratizacao-no-concelho-de-silves-decorrera-de-13-de-setembro-a-18-de-outubro\\\/ambiente\\\/15\\\/55\\\/#primaryimage\"},\"thumbnailUrl\":\"https:\\\/\\\/algarve7.pt\\\/wp-content\\\/uploads\\\/2021\\\/09\\\/AVISOS_acao-de-desbaratizacao-e-desratizacao.jpg\",\"keywords\":[\"Algarve\",\"Ambiente\",\"Silves\"],\"articleSection\":[\"Ambiente\"],\"inLanguage\":\"pt-PT\"},{\"@type\":\"WebPage\",\"@id\":\"https:\\\/\\\/algarve7.pt\\\/index.php\\\/2021\\\/09\\\/acao-de-desbaratizacao-e-desratizacao-no-concelho-de-silves-decorrera-de-13-de-setembro-a-18-de-outubro\\\/ambiente\\\/15\\\/55\\\/\",\"url\":\"https:\\\/\\\/algarve7.pt\\\/index.php\\\/2021\\\/09\\\/acao-de-desbaratizacao-e-desratizacao-no-concelho-de-silves-decorrera-de-13-de-setembro-a-18-de-outubro\\\/ambiente\\\/15\\\/55\\\/\",\"name\":\"A\u00e7\u00e3o de desbaratiza\u00e7\u00e3o e desratiza\u00e7\u00e3o no concelho de Silves decorrer\u00e1 de 13 de setembro a 18 de outubro - Algarve 7\",\"isPartOf\":{\"@id\":\"https:\\\/\\\/algarve7.pt\\\/#website\"},\"primaryImageOfPage\":{\"@id\":\"https:\\\/\\\/algarve7.pt\\\/index.php\\\/2021\\\/09\\\/acao-de-desbaratizacao-e-desratizacao-no-concelho-de-silves-decorrera-de-13-de-setembro-a-18-de-outubro\\\/ambiente\\\/15\\\/55\\\/#primaryimage\"},\"image\":{\"@id\":\"https:\\\/\\\/algarve7.pt\\\/index.php\\\/2021\\\/09\\\/acao-de-desbaratizacao-e-desratizacao-no-concelho-de-silves-decorrera-de-13-de-setembro-a-18-de-outubro\\\/ambiente\\\/15\\\/55\\\/#primaryimage\"},\"thumbnailUrl\":\"https:\\\/\\\/algarve7.pt\\\/wp-content\\\/uploads\\\/2021\\\/09\\\/AVISOS_acao-de-desbaratizacao-e-desratizacao.jpg\",\"datePublished\":\"2021-09-10T14:55:00+00:00\",\"description\":\"A\u00e7\u00e3o de desbaratiza\u00e7\u00e3o e desratiza\u00e7\u00e3o no concelho de Silves decorrer\u00e1 de 13 de setembro a 18 de outubro Ambiente\",\"breadcrumb\":{\"@id\":\"https:\\\/\\\/algarve7.pt\\\/index.php\\\/2021\\\/09\\\/acao-de-desbaratizacao-e-desratizacao-no-concelho-de-silves-decorrera-de-13-de-setembro-a-18-de-outubro\\\/ambiente\\\/15\\\/55\\\/#breadcrumb\"},\"inLanguage\":\"pt-PT\",\"potentialAction\":[{\"@type\":\"ReadAction\",\"target\":[\"https:\\\/\\\/algarve7.pt\\\/index.php\\\/2021\\\/09\\\/acao-de-desbaratizacao-e-desratizacao-no-concelho-de-silves-decorrera-de-13-de-setembro-a-18-de-outubro\\\/ambiente\\\/15\\\/55\\\/\"]}]},{\"@type\":\"ImageObject\",\"inLanguage\":\"pt-PT\",\"@id\":\"https:\\\/\\\/algarve7.pt\\\/index.php\\\/2021\\\/09\\\/acao-de-desbaratizacao-e-desratizacao-no-concelho-de-silves-decorrera-de-13-de-setembro-a-18-de-outubro\\\/ambiente\\\/15\\\/55\\\/#primaryimage\",\"url\":\"https:\\\/\\\/algarve7.pt\\\/wp-content\\\/uploads\\\/2021\\\/09\\\/AVISOS_acao-de-desbaratizacao-e-desratizacao.jpg\",\"contentUrl\":\"https:\\\/\\\/algarve7.pt\\\/wp-content\\\/uploads\\\/2021\\\/09\\\/AVISOS_acao-de-desbaratizacao-e-desratizacao.jpg\",\"width\":1280,\"height\":620},{\"@type\":\"BreadcrumbList\",\"@id\":\"https:\\\/\\\/algarve7.pt\\\/index.php\\\/2021\\\/09\\\/acao-de-desbaratizacao-e-desratizacao-no-concelho-de-silves-decorrera-de-13-de-setembro-a-18-de-outubro\\\/ambiente\\\/15\\\/55\\\/#breadcrumb\",\"itemListElement\":[{\"@type\":\"ListItem\",\"position\":1,\"name\":\"In\u00edcio\",\"item\":\"https:\\\/\\\/algarve7.pt\\\/\"},{\"@type\":\"ListItem\",\"position\":2,\"name\":\"A\u00e7\u00e3o de desbaratiza\u00e7\u00e3o e desratiza\u00e7\u00e3o no concelho de Silves decorrer\u00e1 de 13 de setembro a 18 de outubro\"}]},{\"@type\":\"WebSite\",\"@id\":\"https:\\\/\\\/algarve7.pt\\\/#website\",\"url\":\"https:\\\/\\\/algarve7.pt\\\/\",\"name\":\"Algarve 7\",\"description\":\"Informa\u00e7\u00e3o sobre o Algarve\",\"publisher\":{\"@id\":\"https:\\\/\\\/algarve7.pt\\\/#organization\"},\"potentialAction\":[{\"@type\":\"SearchAction\",\"target\":{\"@type\":\"EntryPoint\",\"urlTemplate\":\"https:\\\/\\\/algarve7.pt\\\/?s={search_term_string}\"},\"query-input\":{\"@type\":\"PropertyValueSpecification\",\"valueRequired\":true,\"valueName\":\"search_term_string\"}}],\"inLanguage\":\"pt-PT\"},{\"@type\":\"Organization\",\"@id\":\"https:\\\/\\\/algarve7.pt\\\/#organization\",\"name\":\"Algarve 7\",\"url\":\"https:\\\/\\\/algarve7.pt\\\/\",\"logo\":{\"@type\":\"ImageObject\",\"inLanguage\":\"pt-PT\",\"@id\":\"https:\\\/\\\/algarve7.pt\\\/#\\\/schema\\\/logo\\\/image\\\/\",\"url\":\"https:\\\/\\\/algarve7.pt\\\/wp-content\\\/uploads\\\/2020\\\/10\\\/Logo-8.jpg\",\"contentUrl\":\"https:\\\/\\\/algarve7.pt\\\/wp-content\\\/uploads\\\/2020\\\/10\\\/Logo-8.jpg\",\"width\":1680,\"height\":1186,\"caption\":\"Algarve 7\"},\"image\":{\"@id\":\"https:\\\/\\\/algarve7.pt\\\/#\\\/schema\\\/logo\\\/image\\\/\"},\"sameAs\":[\"https:\\\/\\\/www.facebook.com\\\/algarve7\",\"https:\\\/\\\/x.com\\\/Algarvesete\",\"https:\\\/\\\/www.instagram.com\\\/jornalalgarve7\\\/\",\"https:\\\/\\\/www.linkedin.com\\\/company\\\/algarve7\",\"https:\\\/\\\/www.pinterest.pt\\\/geral0939\\\/_created\\\/\"]},{\"@type\":\"Person\",\"@id\":\"https:\\\/\\\/algarve7.pt\\\/#\\\/schema\\\/person\\\/23fa70681308e7b319a3204bcea45e0c\",\"name\":\"Algarve 7\",\"sameAs\":[\"https:\\\/\\\/algarve7.pt\",\"https:\\\/\\\/www.facebook.com\\\/algarve7\"],\"url\":\"https:\\\/\\\/algarve7.pt\\\/index.php\\\/author\\\/geralalgarve7-pt\\\/\"}]}<\/script>\n<!-- \/ Yoast SEO plugin. -->","yoast_head_json":{"title":"A\u00e7\u00e3o de desbaratiza\u00e7\u00e3o e desratiza\u00e7\u00e3o no concelho de Silves decorrer\u00e1 de 13 de setembro a 18 de outubro - Algarve 7","description":"A\u00e7\u00e3o de desbaratiza\u00e7\u00e3o e desratiza\u00e7\u00e3o no concelho de Silves decorrer\u00e1 de 13 de setembro a 18 de outubro Ambiente","robots":{"index":"index","follow":"follow","max-snippet":"max-snippet:-1","max-image-preview":"max-image-preview:large","max-video-preview":"max-video-preview:-1"},"canonical":"https:\/\/algarve7.pt\/index.php\/2021\/09\/acao-de-desbaratizacao-e-desratizacao-no-concelho-de-silves-decorrera-de-13-de-setembro-a-18-de-outubro\/ambiente\/15\/55\/","og_locale":"pt_PT","og_type":"article","og_title":"A\u00e7\u00e3o de desbaratiza\u00e7\u00e3o e desratiza\u00e7\u00e3o no concelho de Silves decorrer\u00e1 de 13 de setembro a 18 de outubro - Algarve 7","og_description":"A\u00e7\u00e3o de desbaratiza\u00e7\u00e3o e desratiza\u00e7\u00e3o no concelho de Silves decorrer\u00e1 de 13 de setembro a 18 de outubro Ambiente","og_url":"https:\/\/algarve7.pt\/index.php\/2021\/09\/acao-de-desbaratizacao-e-desratizacao-no-concelho-de-silves-decorrera-de-13-de-setembro-a-18-de-outubro\/ambiente\/15\/55\/","og_site_name":"Algarve 7","article_publisher":"https:\/\/www.facebook.com\/algarve7","article_author":"https:\/\/www.facebook.com\/algarve7","article_published_time":"2021-09-10T14:55:00+00:00","og_image":[{"width":1280,"height":620,"url":"https:\/\/algarve7.pt\/wp-content\/uploads\/2021\/09\/AVISOS_acao-de-desbaratizacao-e-desratizacao.jpg","type":"image\/jpeg"}],"author":"Algarve 7","twitter_card":"summary_large_image","twitter_creator":"@Algarvesete","twitter_site":"@Algarvesete","twitter_misc":{"Escrito por":"Algarve 7","Tempo estimado de leitura":"1 minuto"},"schema":{"@context":"https:\/\/schema.org","@graph":[{"@type":"Article","@id":"https:\/\/algarve7.pt\/index.php\/2021\/09\/acao-de-desbaratizacao-e-desratizacao-no-concelho-de-silves-decorrera-de-13-de-setembro-a-18-de-outubro\/ambiente\/15\/55\/#article","isPartOf":{"@id":"https:\/\/algarve7.pt\/index.php\/2021\/09\/acao-de-desbaratizacao-e-desratizacao-no-concelho-de-silves-decorrera-de-13-de-setembro-a-18-de-outubro\/ambiente\/15\/55\/"},"author":{"name":"Algarve 7","@id":"https:\/\/algarve7.pt\/#\/schema\/person\/23fa70681308e7b319a3204bcea45e0c"},"headline":"A\u00e7\u00e3o de desbaratiza\u00e7\u00e3o e desratiza\u00e7\u00e3o no concelho de Silves decorrer\u00e1 de 13 de setembro a 18 de outubro","datePublished":"2021-09-10T14:55:00+00:00","mainEntityOfPage":{"@id":"https:\/\/algarve7.pt\/index.php\/2021\/09\/acao-de-desbaratizacao-e-desratizacao-no-concelho-de-silves-decorrera-de-13-de-setembro-a-18-de-outubro\/ambiente\/15\/55\/"},"wordCount":224,"publisher":{"@id":"https:\/\/algarve7.pt\/#organization"},"image":{"@id":"https:\/\/algarve7.pt\/index.php\/2021\/09\/acao-de-desbaratizacao-e-desratizacao-no-concelho-de-silves-decorrera-de-13-de-setembro-a-18-de-outubro\/ambiente\/15\/55\/#primaryimage"},"thumbnailUrl":"https:\/\/algarve7.pt\/wp-content\/uploads\/2021\/09\/AVISOS_acao-de-desbaratizacao-e-desratizacao.jpg","keywords":["Algarve","Ambiente","Silves"],"articleSection":["Ambiente"],"inLanguage":"pt-PT"},{"@type":"WebPage","@id":"https:\/\/algarve7.pt\/index.php\/2021\/09\/acao-de-desbaratizacao-e-desratizacao-no-concelho-de-silves-decorrera-de-13-de-setembro-a-18-de-outubro\/ambiente\/15\/55\/","url":"https:\/\/algarve7.pt\/index.php\/2021\/09\/acao-de-desbaratizacao-e-desratizacao-no-concelho-de-silves-decorrera-de-13-de-setembro-a-18-de-outubro\/ambiente\/15\/55\/","name":"A\u00e7\u00e3o de desbaratiza\u00e7\u00e3o e desratiza\u00e7\u00e3o no concelho de Silves decorrer\u00e1 de 13 de setembro a 18 de outubro - Algarve 7","isPartOf":{"@id":"https:\/\/algarve7.pt\/#website"},"primaryImageOfPage":{"@id":"https:\/\/algarve7.pt\/index.php\/2021\/09\/acao-de-desbaratizacao-e-desratizacao-no-concelho-de-silves-decorrera-de-13-de-setembro-a-18-de-outubro\/ambiente\/15\/55\/#primaryimage"},"image":{"@id":"https:\/\/algarve7.pt\/index.php\/2021\/09\/acao-de-desbaratizacao-e-desratizacao-no-concelho-de-silves-decorrera-de-13-de-setembro-a-18-de-outubro\/ambiente\/15\/55\/#primaryimage"},"thumbnailUrl":"https:\/\/algarve7.pt\/wp-content\/uploads\/2021\/09\/AVISOS_acao-de-desbaratizacao-e-desratizacao.jpg","datePublished":"2021-09-10T14:55:00+00:00","description":"A\u00e7\u00e3o de desbaratiza\u00e7\u00e3o e desratiza\u00e7\u00e3o no concelho de Silves decorrer\u00e1 de 13 de setembro a 18 de outubro Ambiente","breadcrumb":{"@id":"https:\/\/algarve7.pt\/index.php\/2021\/09\/acao-de-desbaratizacao-e-desratizacao-no-concelho-de-silves-decorrera-de-13-de-setembro-a-18-de-outubro\/ambiente\/15\/55\/#breadcrumb"},"inLanguage":"pt-PT","potentialAction":[{"@type":"ReadAction","target":["https:\/\/algarve7.pt\/index.php\/2021\/09\/acao-de-desbaratizacao-e-desratizacao-no-concelho-de-silves-decorrera-de-13-de-setembro-a-18-de-outubro\/ambiente\/15\/55\/"]}]},{"@type":"ImageObject","inLanguage":"pt-PT","@id":"https:\/\/algarve7.pt\/index.php\/2021\/09\/acao-de-desbaratizacao-e-desratizacao-no-concelho-de-silves-decorrera-de-13-de-setembro-a-18-de-outubro\/ambiente\/15\/55\/#primaryimage","url":"https:\/\/algarve7.pt\/wp-content\/uploads\/2021\/09\/AVISOS_acao-de-desbaratizacao-e-desratizacao.jpg","contentUrl":"https:\/\/algarve7.pt\/wp-content\/uploads\/2021\/09\/AVISOS_acao-de-desbaratizacao-e-desratizacao.jpg","width":1280,"height":620},{"@type":"BreadcrumbList","@id":"https:\/\/algarve7.pt\/index.php\/2021\/09\/acao-de-desbaratizacao-e-desratizacao-no-concelho-de-silves-decorrera-de-13-de-setembro-a-18-de-outubro\/ambiente\/15\/55\/#breadcrumb","itemListElement":[{"@type":"ListItem","position":1,"name":"In\u00edcio","item":"https:\/\/algarve7.pt\/"},{"@type":"ListItem","position":2,"name":"A\u00e7\u00e3o de desbaratiza\u00e7\u00e3o e desratiza\u00e7\u00e3o no concelho de Silves decorrer\u00e1 de 13 de setembro a 18 de outubro"}]},{"@type":"WebSite","@id":"https:\/\/algarve7.pt\/#website","url":"https:\/\/algarve7.pt\/","name":"Algarve 7","description":"Informa\u00e7\u00e3o sobre o Algarve","publisher":{"@id":"https:\/\/algarve7.pt\/#organization"},"potentialAction":[{"@type":"SearchAction","target":{"@type":"EntryPoint","urlTemplate":"https:\/\/algarve7.pt\/?s={search_term_string}"},"query-input":{"@type":"PropertyValueSpecification","valueRequired":true,"valueName":"search_term_string"}}],"inLanguage":"pt-PT"},{"@type":"Organization","@id":"https:\/\/algarve7.pt\/#organization","name":"Algarve 7","url":"https:\/\/algarve7.pt\/","logo":{"@type":"ImageObject","inLanguage":"pt-PT","@id":"https:\/\/algarve7.pt\/#\/schema\/logo\/image\/","url":"https:\/\/algarve7.pt\/wp-content\/uploads\/2020\/10\/Logo-8.jpg","contentUrl":"https:\/\/algarve7.pt\/wp-content\/uploads\/2020\/10\/Logo-8.jpg","width":1680,"height":1186,"caption":"Algarve 7"},"image":{"@id":"https:\/\/algarve7.pt\/#\/schema\/logo\/image\/"},"sameAs":["https:\/\/www.facebook.com\/algarve7","https:\/\/x.com\/Algarvesete","https:\/\/www.instagram.com\/jornalalgarve7\/","https:\/\/www.linkedin.com\/company\/algarve7","https:\/\/www.pinterest.pt\/geral0939\/_created\/"]},{"@type":"Person","@id":"https:\/\/algarve7.pt\/#\/schema\/person\/23fa70681308e7b319a3204bcea45e0c","name":"Algarve 7","sameAs":["https:\/\/algarve7.pt","https:\/\/www.facebook.com\/algarve7"],"url":"https:\/\/algarve7.pt\/index.php\/author\/geralalgarve7-pt\/"}]}},"jetpack_publicize_connections":[],"jetpack_featured_media_url":"https:\/\/algarve7.pt\/wp-content\/uploads\/2021\/09\/AVISOS_acao-de-desbaratizacao-e-desratizacao.jpg","jetpack_shortlink":"https:\/\/wp.me\/pcezmW-2Xp","jetpack_sharing_enabled":true,"_links":{"self":[{"href":"https:\/\/algarve7.pt\/index.php\/wp-json\/wp\/v2\/posts\/11371","targetHints":{"allow":["GET"]}}],"collection":[{"href":"https:\/\/algarve7.pt\/index.php\/wp-json\/wp\/v2\/posts"}],"about":[{"href":"https:\/\/algarve7.pt\/index.php\/wp-json\/wp\/v2\/types\/post"}],"author":[{"embeddable":true,"href":"https:\/\/algarve7.pt\/index.php\/wp-json\/wp\/v2\/users\/1"}],"replies":[{"embeddable":true,"href":"https:\/\/algarve7.pt\/index.php\/wp-json\/wp\/v2\/comments?post=11371"}],"version-history":[{"count":0,"href":"https:\/\/algarve7.pt\/index.php\/wp-json\/wp\/v2\/posts\/11371\/revisions"}],"wp:featuredmedia":[{"embeddable":true,"href":"https:\/\/algarve7.pt\/index.php\/wp-json\/wp\/v2\/media\/11372"}],"wp:attachment":[{"href":"https:\/\/algarve7.pt\/index.php\/wp-json\/wp\/v2\/media?parent=11371"}],"wp:term":[{"taxonomy":"category","embeddable":true,"href":"https:\/\/algarve7.pt\/index.php\/wp-json\/wp\/v2\/categories?post=11371"},{"taxonomy":"post_tag","embeddable":true,"href":"https:\/\/algarve7.pt\/index.php\/wp-json\/wp\/v2\/tags?post=11371"}],"curies":[{"name":"wp","href":"https:\/\/api.w.org\/{rel}","templated":true}]}}