{"id":11353,"date":"2021-09-09T19:45:00","date_gmt":"2021-09-09T18:45:00","guid":{"rendered":"https:\/\/algarve7.pt\/?p=11353"},"modified":"2021-09-09T18:04:24","modified_gmt":"2021-09-09T17:04:24","slug":"silves-aulas-de-fitness-terra-e-agua-tem-inicio-a-13-de-setembro","status":"publish","type":"post","link":"https:\/\/algarve7.pt\/index.php\/2021\/09\/silves-aulas-de-fitness-terra-e-agua-tem-inicio-a-13-de-setembro\/desporto\/19\/45\/","title":{"rendered":"Silves: Aulas de fitness terra e \u00e1gua t\u00eam in\u00edcio a 13 de setembro"},"content":{"rendered":"\n<p>No \u00e2mbito das atividades do Complexo das Piscinas Municipais de Silves, a C\u00e2mara Municipal de Silves informa que as aulas Fitness, nas vertentes \u00c1gua e Terra, t\u00eam in\u00edcio no pr\u00f3ximo dia 13 de setembro. Os hor\u00e1rios poder\u00e3o ser consultados no site da autarquia em\u00a0<a href=\"https:\/\/www.cm-silves.pt\/pt\/menu\/1444\/horarios-atividades-cpms.aspx\" target=\"_blank\" rel=\"noreferrer noopener\">https:\/\/www.cm-silves.pt\/pt\/menu\/1444\/horarios-atividades-cpms.aspx<\/a>.<\/p>\n\n\n\n<p>Garantindo o cumprimento das orienta\u00e7\u00f5es das autoridades de sa\u00fade, cada sess\u00e3o de Fitness \u00c1gua est\u00e1 limitada a seis participantes em simult\u00e2neo sendo, no caso das aulas Fitness Terra, a lota\u00e7\u00e3o da sala 1 de oito pessoas e da sala 2 de nove pessoas. A participa\u00e7\u00e3o nas aulas requer marca\u00e7\u00e3o pr\u00e9via junto dos servi\u00e7os do referido complexo, preferencialmente por via telef\u00f3nica atrav\u00e9s do 282&nbsp;440&nbsp;270, e a apresenta\u00e7\u00e3o obrigat\u00f3ria de Certificado Digital COVID da UE ou de comprovativo de realiza\u00e7\u00e3o de teste para despiste da infe\u00e7\u00e3o por SARS-CoV-2.&nbsp;<\/p>\n\n\n\n<p>Relembramos que o gin\u00e1sio e a piscina (em regime de utiliza\u00e7\u00e3o livre) tamb\u00e9m se encontram a funcionar. O gin\u00e1sio, limitado \u00e0 utiliza\u00e7\u00e3o de um m\u00e1ximo de 20 pessoas em simult\u00e2neo, funciona das 7h30 \u00e0s 21h00, em blocos hor\u00e1rios de 90 minutos. A piscina, em regime livre, pode ser utilizada entre as 7h30 e as 16h30, com limite de oito utilizadores por bloco hor\u00e1rio de 90 minutos.&nbsp;<\/p>\n\n\n\n<p>A utiliza\u00e7\u00e3o dos balne\u00e1rios \u00e9 permitida, unicamente, para efeitos de troca de roupa e duche, estando todos os restantes servi\u00e7os (sauna, jac\u00fazi e banho turco) encerrados.<\/p>\n\n\n\n<p>O telefone 282\u00a0440\u00a0270 e o endere\u00e7o de correio eletr\u00f3nico\u00a0<a href=\"mailto:desporto@cm-silves.pt\" target=\"_blank\" rel=\"noreferrer noopener\">desporto@cm-silves.pt<\/a>\u00a0s\u00e3o os contactos do Munic\u00edpio de Silves dispon\u00edveis para inscri\u00e7\u00f5es, marca\u00e7\u00f5es e fornecimento de informa\u00e7\u00e3o adicional sobre as atividades do Complexo das Piscinas Municipais de Silves.<\/p>\n\n\n\n<p>O in\u00edcio das aulas de grupo respeita o disposto nas orienta\u00e7\u00f5es da DGS em vigor para os equipamentos desta natureza.&nbsp;<\/p>\n","protected":false},"excerpt":{"rendered":"<p>No \u00e2mbito das atividades do Complexo das Piscinas Municipais de Silves, a C\u00e2mara Municipal de Silves informa que as aulas<\/p>\n","protected":false},"author":1,"featured_media":11354,"comment_status":"closed","ping_status":"open","sticky":false,"template":"","format":"standard","meta":{"colormag_page_container_layout":"default_layout","colormag_page_sidebar_layout":"default_layout","_monsterinsights_skip_tracking":false,"_monsterinsights_sitenote_active":false,"_monsterinsights_sitenote_note":"","_monsterinsights_sitenote_category":0,"jetpack_post_was_ever_published":false,"_jetpack_newsletter_access":"","_jetpack_dont_email_post_to_subs":false,"_jetpack_newsletter_tier_id":0,"_jetpack_memberships_contains_paywalled_content":false,"_jetpack_memberships_contains_paid_content":false,"footnotes":"","jetpack_publicize_message":"","jetpack_publicize_feature_enabled":true,"jetpack_social_post_already_shared":true,"jetpack_social_options":{"image_generator_settings":{"template":"highway","default_image_id":0,"font":"","enabled":false},"version":2}},"categories":[15],"tags":[36,434,40,435,42],"class_list":["post-11353","post","type-post","status-publish","format-standard","has-post-thumbnail","hentry","category-desporto","tag-algarve","tag-aulas","tag-desporto","tag-fitness","tag-silves"],"yoast_head":"<!-- This site is optimized with the Yoast SEO plugin v27.5 - https:\/\/yoast.com\/product\/yoast-seo-wordpress\/ -->\n<title>Silves: Aulas de fitness terra e \u00e1gua t\u00eam in\u00edcio a 13 de setembro - Algarve 7<\/title>\n<meta name=\"description\" content=\"Silves: Aulas de fitness terra e \u00e1gua t\u00eam in\u00edcio a 13 de setembro Desporto\" \/>\n<meta name=\"robots\" content=\"index, follow, max-snippet:-1, max-image-preview:large, max-video-preview:-1\" \/>\n<link rel=\"canonical\" href=\"https:\/\/algarve7.pt\/index.php\/2021\/09\/silves-aulas-de-fitness-terra-e-agua-tem-inicio-a-13-de-setembro\/desporto\/19\/45\/\" \/>\n<meta property=\"og:locale\" content=\"pt_PT\" \/>\n<meta property=\"og:type\" content=\"article\" \/>\n<meta property=\"og:title\" content=\"Silves: Aulas de fitness terra e \u00e1gua t\u00eam in\u00edcio a 13 de setembro - Algarve 7\" \/>\n<meta property=\"og:description\" content=\"Silves: Aulas de fitness terra e \u00e1gua t\u00eam in\u00edcio a 13 de setembro Desporto\" \/>\n<meta property=\"og:url\" content=\"https:\/\/algarve7.pt\/index.php\/2021\/09\/silves-aulas-de-fitness-terra-e-agua-tem-inicio-a-13-de-setembro\/desporto\/19\/45\/\" \/>\n<meta property=\"og:site_name\" content=\"Algarve 7\" \/>\n<meta property=\"article:publisher\" content=\"https:\/\/www.facebook.com\/algarve7\" \/>\n<meta property=\"article:author\" content=\"https:\/\/www.facebook.com\/algarve7\" \/>\n<meta property=\"article:published_time\" content=\"2021-09-09T18:45:00+00:00\" \/>\n<meta property=\"og:image\" content=\"https:\/\/algarve7.pt\/wp-content\/uploads\/2021\/09\/aulas-de-grupo_set2021.jpg\" \/>\n\t<meta property=\"og:image:width\" content=\"1280\" \/>\n\t<meta property=\"og:image:height\" content=\"620\" \/>\n\t<meta property=\"og:image:type\" content=\"image\/jpeg\" \/>\n<meta name=\"author\" content=\"Algarve 7\" \/>\n<meta name=\"twitter:card\" content=\"summary_large_image\" \/>\n<meta name=\"twitter:creator\" content=\"@Algarvesete\" \/>\n<meta name=\"twitter:site\" content=\"@Algarvesete\" \/>\n<meta name=\"twitter:label1\" content=\"Escrito por\" \/>\n\t<meta name=\"twitter:data1\" content=\"Algarve 7\" \/>\n\t<meta name=\"twitter:label2\" content=\"Tempo estimado de leitura\" \/>\n\t<meta name=\"twitter:data2\" content=\"2 minutos\" \/>\n<script type=\"application\/ld+json\" class=\"yoast-schema-graph\">{\"@context\":\"https:\\\/\\\/schema.org\",\"@graph\":[{\"@type\":\"Article\",\"@id\":\"https:\\\/\\\/algarve7.pt\\\/index.php\\\/2021\\\/09\\\/silves-aulas-de-fitness-terra-e-agua-tem-inicio-a-13-de-setembro\\\/desporto\\\/19\\\/45\\\/#article\",\"isPartOf\":{\"@id\":\"https:\\\/\\\/algarve7.pt\\\/index.php\\\/2021\\\/09\\\/silves-aulas-de-fitness-terra-e-agua-tem-inicio-a-13-de-setembro\\\/desporto\\\/19\\\/45\\\/\"},\"author\":{\"name\":\"Algarve 7\",\"@id\":\"https:\\\/\\\/algarve7.pt\\\/#\\\/schema\\\/person\\\/23fa70681308e7b319a3204bcea45e0c\"},\"headline\":\"Silves: Aulas de fitness terra e \u00e1gua t\u00eam in\u00edcio a 13 de setembro\",\"datePublished\":\"2021-09-09T18:45:00+00:00\",\"mainEntityOfPage\":{\"@id\":\"https:\\\/\\\/algarve7.pt\\\/index.php\\\/2021\\\/09\\\/silves-aulas-de-fitness-terra-e-agua-tem-inicio-a-13-de-setembro\\\/desporto\\\/19\\\/45\\\/\"},\"wordCount\":341,\"publisher\":{\"@id\":\"https:\\\/\\\/algarve7.pt\\\/#organization\"},\"image\":{\"@id\":\"https:\\\/\\\/algarve7.pt\\\/index.php\\\/2021\\\/09\\\/silves-aulas-de-fitness-terra-e-agua-tem-inicio-a-13-de-setembro\\\/desporto\\\/19\\\/45\\\/#primaryimage\"},\"thumbnailUrl\":\"https:\\\/\\\/algarve7.pt\\\/wp-content\\\/uploads\\\/2021\\\/09\\\/aulas-de-grupo_set2021.jpg\",\"keywords\":[\"Algarve\",\"Aulas\",\"Desporto\",\"Fitness\",\"Silves\"],\"articleSection\":[\"Desporto\"],\"inLanguage\":\"pt-PT\"},{\"@type\":\"WebPage\",\"@id\":\"https:\\\/\\\/algarve7.pt\\\/index.php\\\/2021\\\/09\\\/silves-aulas-de-fitness-terra-e-agua-tem-inicio-a-13-de-setembro\\\/desporto\\\/19\\\/45\\\/\",\"url\":\"https:\\\/\\\/algarve7.pt\\\/index.php\\\/2021\\\/09\\\/silves-aulas-de-fitness-terra-e-agua-tem-inicio-a-13-de-setembro\\\/desporto\\\/19\\\/45\\\/\",\"name\":\"Silves: Aulas de fitness terra e \u00e1gua t\u00eam in\u00edcio a 13 de setembro - Algarve 7\",\"isPartOf\":{\"@id\":\"https:\\\/\\\/algarve7.pt\\\/#website\"},\"primaryImageOfPage\":{\"@id\":\"https:\\\/\\\/algarve7.pt\\\/index.php\\\/2021\\\/09\\\/silves-aulas-de-fitness-terra-e-agua-tem-inicio-a-13-de-setembro\\\/desporto\\\/19\\\/45\\\/#primaryimage\"},\"image\":{\"@id\":\"https:\\\/\\\/algarve7.pt\\\/index.php\\\/2021\\\/09\\\/silves-aulas-de-fitness-terra-e-agua-tem-inicio-a-13-de-setembro\\\/desporto\\\/19\\\/45\\\/#primaryimage\"},\"thumbnailUrl\":\"https:\\\/\\\/algarve7.pt\\\/wp-content\\\/uploads\\\/2021\\\/09\\\/aulas-de-grupo_set2021.jpg\",\"datePublished\":\"2021-09-09T18:45:00+00:00\",\"description\":\"Silves: Aulas de fitness terra e \u00e1gua t\u00eam in\u00edcio a 13 de setembro Desporto\",\"breadcrumb\":{\"@id\":\"https:\\\/\\\/algarve7.pt\\\/index.php\\\/2021\\\/09\\\/silves-aulas-de-fitness-terra-e-agua-tem-inicio-a-13-de-setembro\\\/desporto\\\/19\\\/45\\\/#breadcrumb\"},\"inLanguage\":\"pt-PT\",\"potentialAction\":[{\"@type\":\"ReadAction\",\"target\":[\"https:\\\/\\\/algarve7.pt\\\/index.php\\\/2021\\\/09\\\/silves-aulas-de-fitness-terra-e-agua-tem-inicio-a-13-de-setembro\\\/desporto\\\/19\\\/45\\\/\"]}]},{\"@type\":\"ImageObject\",\"inLanguage\":\"pt-PT\",\"@id\":\"https:\\\/\\\/algarve7.pt\\\/index.php\\\/2021\\\/09\\\/silves-aulas-de-fitness-terra-e-agua-tem-inicio-a-13-de-setembro\\\/desporto\\\/19\\\/45\\\/#primaryimage\",\"url\":\"https:\\\/\\\/algarve7.pt\\\/wp-content\\\/uploads\\\/2021\\\/09\\\/aulas-de-grupo_set2021.jpg\",\"contentUrl\":\"https:\\\/\\\/algarve7.pt\\\/wp-content\\\/uploads\\\/2021\\\/09\\\/aulas-de-grupo_set2021.jpg\",\"width\":1280,\"height\":620},{\"@type\":\"BreadcrumbList\",\"@id\":\"https:\\\/\\\/algarve7.pt\\\/index.php\\\/2021\\\/09\\\/silves-aulas-de-fitness-terra-e-agua-tem-inicio-a-13-de-setembro\\\/desporto\\\/19\\\/45\\\/#breadcrumb\",\"itemListElement\":[{\"@type\":\"ListItem\",\"position\":1,\"name\":\"In\u00edcio\",\"item\":\"https:\\\/\\\/algarve7.pt\\\/\"},{\"@type\":\"ListItem\",\"position\":2,\"name\":\"Silves: Aulas de fitness terra e \u00e1gua t\u00eam in\u00edcio a 13 de setembro\"}]},{\"@type\":\"WebSite\",\"@id\":\"https:\\\/\\\/algarve7.pt\\\/#website\",\"url\":\"https:\\\/\\\/algarve7.pt\\\/\",\"name\":\"Algarve 7\",\"description\":\"Informa\u00e7\u00e3o sobre o Algarve\",\"publisher\":{\"@id\":\"https:\\\/\\\/algarve7.pt\\\/#organization\"},\"potentialAction\":[{\"@type\":\"SearchAction\",\"target\":{\"@type\":\"EntryPoint\",\"urlTemplate\":\"https:\\\/\\\/algarve7.pt\\\/?s={search_term_string}\"},\"query-input\":{\"@type\":\"PropertyValueSpecification\",\"valueRequired\":true,\"valueName\":\"search_term_string\"}}],\"inLanguage\":\"pt-PT\"},{\"@type\":\"Organization\",\"@id\":\"https:\\\/\\\/algarve7.pt\\\/#organization\",\"name\":\"Algarve 7\",\"url\":\"https:\\\/\\\/algarve7.pt\\\/\",\"logo\":{\"@type\":\"ImageObject\",\"inLanguage\":\"pt-PT\",\"@id\":\"https:\\\/\\\/algarve7.pt\\\/#\\\/schema\\\/logo\\\/image\\\/\",\"url\":\"https:\\\/\\\/algarve7.pt\\\/wp-content\\\/uploads\\\/2020\\\/10\\\/Logo-8.jpg\",\"contentUrl\":\"https:\\\/\\\/algarve7.pt\\\/wp-content\\\/uploads\\\/2020\\\/10\\\/Logo-8.jpg\",\"width\":1680,\"height\":1186,\"caption\":\"Algarve 7\"},\"image\":{\"@id\":\"https:\\\/\\\/algarve7.pt\\\/#\\\/schema\\\/logo\\\/image\\\/\"},\"sameAs\":[\"https:\\\/\\\/www.facebook.com\\\/algarve7\",\"https:\\\/\\\/x.com\\\/Algarvesete\",\"https:\\\/\\\/www.instagram.com\\\/jornalalgarve7\\\/\",\"https:\\\/\\\/www.linkedin.com\\\/company\\\/algarve7\",\"https:\\\/\\\/www.pinterest.pt\\\/geral0939\\\/_created\\\/\"]},{\"@type\":\"Person\",\"@id\":\"https:\\\/\\\/algarve7.pt\\\/#\\\/schema\\\/person\\\/23fa70681308e7b319a3204bcea45e0c\",\"name\":\"Algarve 7\",\"sameAs\":[\"https:\\\/\\\/algarve7.pt\",\"https:\\\/\\\/www.facebook.com\\\/algarve7\"],\"url\":\"https:\\\/\\\/algarve7.pt\\\/index.php\\\/author\\\/geralalgarve7-pt\\\/\"}]}<\/script>\n<!-- \/ Yoast SEO plugin. -->","yoast_head_json":{"title":"Silves: Aulas de fitness terra e \u00e1gua t\u00eam in\u00edcio a 13 de setembro - Algarve 7","description":"Silves: Aulas de fitness terra e \u00e1gua t\u00eam in\u00edcio a 13 de setembro Desporto","robots":{"index":"index","follow":"follow","max-snippet":"max-snippet:-1","max-image-preview":"max-image-preview:large","max-video-preview":"max-video-preview:-1"},"canonical":"https:\/\/algarve7.pt\/index.php\/2021\/09\/silves-aulas-de-fitness-terra-e-agua-tem-inicio-a-13-de-setembro\/desporto\/19\/45\/","og_locale":"pt_PT","og_type":"article","og_title":"Silves: Aulas de fitness terra e \u00e1gua t\u00eam in\u00edcio a 13 de setembro - Algarve 7","og_description":"Silves: Aulas de fitness terra e \u00e1gua t\u00eam in\u00edcio a 13 de setembro Desporto","og_url":"https:\/\/algarve7.pt\/index.php\/2021\/09\/silves-aulas-de-fitness-terra-e-agua-tem-inicio-a-13-de-setembro\/desporto\/19\/45\/","og_site_name":"Algarve 7","article_publisher":"https:\/\/www.facebook.com\/algarve7","article_author":"https:\/\/www.facebook.com\/algarve7","article_published_time":"2021-09-09T18:45:00+00:00","og_image":[{"width":1280,"height":620,"url":"https:\/\/algarve7.pt\/wp-content\/uploads\/2021\/09\/aulas-de-grupo_set2021.jpg","type":"image\/jpeg"}],"author":"Algarve 7","twitter_card":"summary_large_image","twitter_creator":"@Algarvesete","twitter_site":"@Algarvesete","twitter_misc":{"Escrito por":"Algarve 7","Tempo estimado de leitura":"2 minutos"},"schema":{"@context":"https:\/\/schema.org","@graph":[{"@type":"Article","@id":"https:\/\/algarve7.pt\/index.php\/2021\/09\/silves-aulas-de-fitness-terra-e-agua-tem-inicio-a-13-de-setembro\/desporto\/19\/45\/#article","isPartOf":{"@id":"https:\/\/algarve7.pt\/index.php\/2021\/09\/silves-aulas-de-fitness-terra-e-agua-tem-inicio-a-13-de-setembro\/desporto\/19\/45\/"},"author":{"name":"Algarve 7","@id":"https:\/\/algarve7.pt\/#\/schema\/person\/23fa70681308e7b319a3204bcea45e0c"},"headline":"Silves: Aulas de fitness terra e \u00e1gua t\u00eam in\u00edcio a 13 de setembro","datePublished":"2021-09-09T18:45:00+00:00","mainEntityOfPage":{"@id":"https:\/\/algarve7.pt\/index.php\/2021\/09\/silves-aulas-de-fitness-terra-e-agua-tem-inicio-a-13-de-setembro\/desporto\/19\/45\/"},"wordCount":341,"publisher":{"@id":"https:\/\/algarve7.pt\/#organization"},"image":{"@id":"https:\/\/algarve7.pt\/index.php\/2021\/09\/silves-aulas-de-fitness-terra-e-agua-tem-inicio-a-13-de-setembro\/desporto\/19\/45\/#primaryimage"},"thumbnailUrl":"https:\/\/algarve7.pt\/wp-content\/uploads\/2021\/09\/aulas-de-grupo_set2021.jpg","keywords":["Algarve","Aulas","Desporto","Fitness","Silves"],"articleSection":["Desporto"],"inLanguage":"pt-PT"},{"@type":"WebPage","@id":"https:\/\/algarve7.pt\/index.php\/2021\/09\/silves-aulas-de-fitness-terra-e-agua-tem-inicio-a-13-de-setembro\/desporto\/19\/45\/","url":"https:\/\/algarve7.pt\/index.php\/2021\/09\/silves-aulas-de-fitness-terra-e-agua-tem-inicio-a-13-de-setembro\/desporto\/19\/45\/","name":"Silves: Aulas de fitness terra e \u00e1gua t\u00eam in\u00edcio a 13 de setembro - Algarve 7","isPartOf":{"@id":"https:\/\/algarve7.pt\/#website"},"primaryImageOfPage":{"@id":"https:\/\/algarve7.pt\/index.php\/2021\/09\/silves-aulas-de-fitness-terra-e-agua-tem-inicio-a-13-de-setembro\/desporto\/19\/45\/#primaryimage"},"image":{"@id":"https:\/\/algarve7.pt\/index.php\/2021\/09\/silves-aulas-de-fitness-terra-e-agua-tem-inicio-a-13-de-setembro\/desporto\/19\/45\/#primaryimage"},"thumbnailUrl":"https:\/\/algarve7.pt\/wp-content\/uploads\/2021\/09\/aulas-de-grupo_set2021.jpg","datePublished":"2021-09-09T18:45:00+00:00","description":"Silves: Aulas de fitness terra e \u00e1gua t\u00eam in\u00edcio a 13 de setembro Desporto","breadcrumb":{"@id":"https:\/\/algarve7.pt\/index.php\/2021\/09\/silves-aulas-de-fitness-terra-e-agua-tem-inicio-a-13-de-setembro\/desporto\/19\/45\/#breadcrumb"},"inLanguage":"pt-PT","potentialAction":[{"@type":"ReadAction","target":["https:\/\/algarve7.pt\/index.php\/2021\/09\/silves-aulas-de-fitness-terra-e-agua-tem-inicio-a-13-de-setembro\/desporto\/19\/45\/"]}]},{"@type":"ImageObject","inLanguage":"pt-PT","@id":"https:\/\/algarve7.pt\/index.php\/2021\/09\/silves-aulas-de-fitness-terra-e-agua-tem-inicio-a-13-de-setembro\/desporto\/19\/45\/#primaryimage","url":"https:\/\/algarve7.pt\/wp-content\/uploads\/2021\/09\/aulas-de-grupo_set2021.jpg","contentUrl":"https:\/\/algarve7.pt\/wp-content\/uploads\/2021\/09\/aulas-de-grupo_set2021.jpg","width":1280,"height":620},{"@type":"BreadcrumbList","@id":"https:\/\/algarve7.pt\/index.php\/2021\/09\/silves-aulas-de-fitness-terra-e-agua-tem-inicio-a-13-de-setembro\/desporto\/19\/45\/#breadcrumb","itemListElement":[{"@type":"ListItem","position":1,"name":"In\u00edcio","item":"https:\/\/algarve7.pt\/"},{"@type":"ListItem","position":2,"name":"Silves: Aulas de fitness terra e \u00e1gua t\u00eam in\u00edcio a 13 de setembro"}]},{"@type":"WebSite","@id":"https:\/\/algarve7.pt\/#website","url":"https:\/\/algarve7.pt\/","name":"Algarve 7","description":"Informa\u00e7\u00e3o sobre o Algarve","publisher":{"@id":"https:\/\/algarve7.pt\/#organization"},"potentialAction":[{"@type":"SearchAction","target":{"@type":"EntryPoint","urlTemplate":"https:\/\/algarve7.pt\/?s={search_term_string}"},"query-input":{"@type":"PropertyValueSpecification","valueRequired":true,"valueName":"search_term_string"}}],"inLanguage":"pt-PT"},{"@type":"Organization","@id":"https:\/\/algarve7.pt\/#organization","name":"Algarve 7","url":"https:\/\/algarve7.pt\/","logo":{"@type":"ImageObject","inLanguage":"pt-PT","@id":"https:\/\/algarve7.pt\/#\/schema\/logo\/image\/","url":"https:\/\/algarve7.pt\/wp-content\/uploads\/2020\/10\/Logo-8.jpg","contentUrl":"https:\/\/algarve7.pt\/wp-content\/uploads\/2020\/10\/Logo-8.jpg","width":1680,"height":1186,"caption":"Algarve 7"},"image":{"@id":"https:\/\/algarve7.pt\/#\/schema\/logo\/image\/"},"sameAs":["https:\/\/www.facebook.com\/algarve7","https:\/\/x.com\/Algarvesete","https:\/\/www.instagram.com\/jornalalgarve7\/","https:\/\/www.linkedin.com\/company\/algarve7","https:\/\/www.pinterest.pt\/geral0939\/_created\/"]},{"@type":"Person","@id":"https:\/\/algarve7.pt\/#\/schema\/person\/23fa70681308e7b319a3204bcea45e0c","name":"Algarve 7","sameAs":["https:\/\/algarve7.pt","https:\/\/www.facebook.com\/algarve7"],"url":"https:\/\/algarve7.pt\/index.php\/author\/geralalgarve7-pt\/"}]}},"jetpack_publicize_connections":[],"jetpack_featured_media_url":"https:\/\/algarve7.pt\/wp-content\/uploads\/2021\/09\/aulas-de-grupo_set2021.jpg","jetpack_shortlink":"https:\/\/wp.me\/pcezmW-2X7","jetpack_sharing_enabled":true,"_links":{"self":[{"href":"https:\/\/algarve7.pt\/index.php\/wp-json\/wp\/v2\/posts\/11353","targetHints":{"allow":["GET"]}}],"collection":[{"href":"https:\/\/algarve7.pt\/index.php\/wp-json\/wp\/v2\/posts"}],"about":[{"href":"https:\/\/algarve7.pt\/index.php\/wp-json\/wp\/v2\/types\/post"}],"author":[{"embeddable":true,"href":"https:\/\/algarve7.pt\/index.php\/wp-json\/wp\/v2\/users\/1"}],"replies":[{"embeddable":true,"href":"https:\/\/algarve7.pt\/index.php\/wp-json\/wp\/v2\/comments?post=11353"}],"version-history":[{"count":0,"href":"https:\/\/algarve7.pt\/index.php\/wp-json\/wp\/v2\/posts\/11353\/revisions"}],"wp:featuredmedia":[{"embeddable":true,"href":"https:\/\/algarve7.pt\/index.php\/wp-json\/wp\/v2\/media\/11354"}],"wp:attachment":[{"href":"https:\/\/algarve7.pt\/index.php\/wp-json\/wp\/v2\/media?parent=11353"}],"wp:term":[{"taxonomy":"category","embeddable":true,"href":"https:\/\/algarve7.pt\/index.php\/wp-json\/wp\/v2\/categories?post=11353"},{"taxonomy":"post_tag","embeddable":true,"href":"https:\/\/algarve7.pt\/index.php\/wp-json\/wp\/v2\/tags?post=11353"}],"curies":[{"name":"wp","href":"https:\/\/api.w.org\/{rel}","templated":true}]}}