{"id":11333,"date":"2021-09-08T21:36:59","date_gmt":"2021-09-08T20:36:59","guid":{"rendered":"https:\/\/algarve7.pt\/?p=11333"},"modified":"2021-09-08T21:37:01","modified_gmt":"2021-09-08T20:37:01","slug":"loule-apresenta-compilacao-fac-similada-do-prisma-de-cristal","status":"publish","type":"post","link":"https:\/\/algarve7.pt\/index.php\/2021\/09\/loule-apresenta-compilacao-fac-similada-do-prisma-de-cristal\/cultura\/21\/36\/","title":{"rendered":"Loul\u00e9 apresenta compila\u00e7\u00e3o fac-similada do Prisma de Cristal"},"content":{"rendered":"\n<p><strong><em>Suplemento publicado no jornal local \u2018A Voz de Loul\u00e9\u2019 entre 1956 e 1959 foi semente da Poesia contempor\u00e2nea&nbsp;<\/em><\/strong><\/p>\n\n\n\n<p>Um dos mais antigos suplementos liter\u00e1rios na hist\u00f3ria da imprensa portuguesa, o \u201cPrisma de Cristal\u201d, inserido no jornal \u2018A Voz de Loul\u00e9\u2019, entre 16 de outubro de 1956 e 15 de fevereiro de 1959 e criado pelo poeta louletano Casimiro de Brito, vai ser apresentado em edi\u00e7\u00e3o fac-similada, nesta sexta-feira, na Casa do Meio-Dia, espa\u00e7o da editora&nbsp;<strong><em>Sul, Sol e Sal<\/em><\/strong>, em Loul\u00e9. Esse suplemento esteve na origem de um dos mais importantes movimentos liter\u00e1rios do final s\u00e9culo XX, gerando vultos da maior import\u00e2ncia na Literatura portuguesa.<\/p>\n\n\n\n<p>A apresenta\u00e7\u00e3o p\u00fablica da reprodu\u00e7\u00e3o do j\u00e1 hist\u00f3rico \u201cPrisma de Cristal\u201d tem sido adiada devido \u00e0 pandemia, pelo que s\u00f3 agora se concretiza no \u00e2mbito da Bienal Human XXI, iniciativa cultural da C\u00e2mara Municipal de Loul\u00e9. Na sess\u00e3o, far\u00e3o interven\u00e7\u00f5es o Professor Catedr\u00e1tico Pere Ferr\u00e9, e o poeta, ensa\u00edsta e cr\u00edtico liter\u00e1rio Ant\u00f3nio Carlos Cortez, autor do texto introdut\u00f3rio da edi\u00e7\u00e3o. Presente tamb\u00e9m na sess\u00e3o a diretora de \u2018A Voz de Loul\u00e9\u2019, Nathalie Dias.&nbsp;<\/p>\n\n\n\n<p>A reedi\u00e7\u00e3o fac-similada \u00e9 uma homenagem a Casimiro de Brito, criador e dinamizador da p\u00e1gina liter\u00e1ria verdadeira semente da Poesia contempor\u00e2nea que germinou em Loul\u00e9. Casimiro de Brito tinha na altura 18 anos. Hoje tem 83. E vai estar presente neste evento.<\/p>\n\n\n\n<p>Naquele suplemento de \u2018A Voz de Loul\u00e9\u2019, jornal fundado em 1952 que ainda hoje existe, publicaram dezenas de poetas oriundos do Algarve e de todo o Pa\u00eds, de Espanha, de \u00c1frica ou do Brasil. Jovens e consagrados. Ant\u00f3nio Ramos Rosa, Emiliano da Costa, Fernando Mid\u00f5es, Afonso Cautela, Maria Rosa Cola\u00e7o, Eduardo Ol\u00edmpio e Ant\u00f3nio Cabral s\u00e3o alguns dos nomes mais conhecidos.<\/p>\n\n\n\n<p>Casimiro de Brito dirigiu igualmente em Faro a cole\u00e7\u00e3o de poesia \u2018A Palavra\u2019 e, depois de passar por Londres, dirigiu com Ramos Rosa os Cadernos do Meio-Dia, onde se revelaram os poetas do movimento Poesia 61. Condecorado com a Ordem do Infante pelo Presidente da Rep\u00fablica Portuguesa, Casimiro de Brito foi tamb\u00e9m vice-presidente da Associa\u00e7\u00e3o Portuguesa de Escritores e presidente do P.E.N. Clube Portugu\u00eas<\/p>\n","protected":false},"excerpt":{"rendered":"<p>Suplemento publicado no jornal local \u2018A Voz de Loul\u00e9\u2019 entre 1956 e 1959 foi semente da Poesia contempor\u00e2nea&nbsp; Um dos<\/p>\n","protected":false},"author":1,"featured_media":11334,"comment_status":"open","ping_status":"open","sticky":false,"template":"","format":"standard","meta":{"colormag_page_container_layout":"default_layout","colormag_page_sidebar_layout":"default_layout","_monsterinsights_skip_tracking":false,"_monsterinsights_sitenote_active":false,"_monsterinsights_sitenote_note":"","_monsterinsights_sitenote_category":0,"jetpack_post_was_ever_published":false,"_jetpack_newsletter_access":"","_jetpack_dont_email_post_to_subs":false,"_jetpack_newsletter_tier_id":0,"_jetpack_memberships_contains_paywalled_content":false,"_jetpack_memberships_contains_paid_content":false,"footnotes":"","jetpack_publicize_message":"","jetpack_publicize_feature_enabled":true,"jetpack_social_post_already_shared":true,"jetpack_social_options":{"image_generator_settings":{"template":"highway","default_image_id":0,"font":"","enabled":false},"version":2}},"categories":[14],"tags":[36,35,201,31],"class_list":["post-11333","post","type-post","status-publish","format-standard","has-post-thumbnail","hentry","category-cultura","tag-algarve","tag-cultura","tag-livros","tag-loule"],"yoast_head":"<!-- This site is optimized with the Yoast SEO plugin v27.5 - https:\/\/yoast.com\/product\/yoast-seo-wordpress\/ -->\n<title>Loul\u00e9 apresenta compila\u00e7\u00e3o fac-similada do Prisma de Cristal - Algarve 7<\/title>\n<meta name=\"description\" content=\"Loul\u00e9 apresenta compila\u00e7\u00e3o fac-similada do Prisma de Cristal Cultura\" \/>\n<meta name=\"robots\" content=\"index, follow, max-snippet:-1, max-image-preview:large, max-video-preview:-1\" \/>\n<link rel=\"canonical\" href=\"https:\/\/algarve7.pt\/index.php\/2021\/09\/loule-apresenta-compilacao-fac-similada-do-prisma-de-cristal\/cultura\/21\/36\/\" \/>\n<meta property=\"og:locale\" content=\"pt_PT\" \/>\n<meta property=\"og:type\" content=\"article\" \/>\n<meta property=\"og:title\" content=\"Loul\u00e9 apresenta compila\u00e7\u00e3o fac-similada do Prisma de Cristal - Algarve 7\" \/>\n<meta property=\"og:description\" content=\"Loul\u00e9 apresenta compila\u00e7\u00e3o fac-similada do Prisma de Cristal Cultura\" \/>\n<meta property=\"og:url\" content=\"https:\/\/algarve7.pt\/index.php\/2021\/09\/loule-apresenta-compilacao-fac-similada-do-prisma-de-cristal\/cultura\/21\/36\/\" \/>\n<meta property=\"og:site_name\" content=\"Algarve 7\" \/>\n<meta property=\"article:publisher\" content=\"https:\/\/www.facebook.com\/algarve7\" \/>\n<meta property=\"article:author\" content=\"https:\/\/www.facebook.com\/algarve7\" \/>\n<meta property=\"article:published_time\" content=\"2021-09-08T20:36:59+00:00\" \/>\n<meta property=\"article:modified_time\" content=\"2021-09-08T20:37:01+00:00\" \/>\n<meta property=\"og:image\" content=\"https:\/\/algarve7.pt\/wp-content\/uploads\/2021\/09\/Prisma-de-Cristal-Twitter-VALE.jpg\" \/>\n\t<meta property=\"og:image:width\" content=\"1920\" \/>\n\t<meta property=\"og:image:height\" content=\"712\" \/>\n\t<meta property=\"og:image:type\" content=\"image\/jpeg\" \/>\n<meta name=\"author\" content=\"Algarve 7\" \/>\n<meta name=\"twitter:card\" content=\"summary_large_image\" \/>\n<meta name=\"twitter:creator\" content=\"@Algarvesete\" \/>\n<meta name=\"twitter:site\" content=\"@Algarvesete\" \/>\n<meta name=\"twitter:label1\" content=\"Escrito por\" \/>\n\t<meta name=\"twitter:data1\" content=\"Algarve 7\" \/>\n\t<meta name=\"twitter:label2\" content=\"Tempo estimado de leitura\" \/>\n\t<meta name=\"twitter:data2\" content=\"2 minutos\" \/>\n<script type=\"application\/ld+json\" class=\"yoast-schema-graph\">{\"@context\":\"https:\\\/\\\/schema.org\",\"@graph\":[{\"@type\":\"Article\",\"@id\":\"https:\\\/\\\/algarve7.pt\\\/index.php\\\/2021\\\/09\\\/loule-apresenta-compilacao-fac-similada-do-prisma-de-cristal\\\/cultura\\\/21\\\/36\\\/#article\",\"isPartOf\":{\"@id\":\"https:\\\/\\\/algarve7.pt\\\/index.php\\\/2021\\\/09\\\/loule-apresenta-compilacao-fac-similada-do-prisma-de-cristal\\\/cultura\\\/21\\\/36\\\/\"},\"author\":{\"name\":\"Algarve 7\",\"@id\":\"https:\\\/\\\/algarve7.pt\\\/#\\\/schema\\\/person\\\/23fa70681308e7b319a3204bcea45e0c\"},\"headline\":\"Loul\u00e9 apresenta compila\u00e7\u00e3o fac-similada do Prisma de Cristal\",\"datePublished\":\"2021-09-08T20:36:59+00:00\",\"dateModified\":\"2021-09-08T20:37:01+00:00\",\"mainEntityOfPage\":{\"@id\":\"https:\\\/\\\/algarve7.pt\\\/index.php\\\/2021\\\/09\\\/loule-apresenta-compilacao-fac-similada-do-prisma-de-cristal\\\/cultura\\\/21\\\/36\\\/\"},\"wordCount\":389,\"commentCount\":0,\"publisher\":{\"@id\":\"https:\\\/\\\/algarve7.pt\\\/#organization\"},\"image\":{\"@id\":\"https:\\\/\\\/algarve7.pt\\\/index.php\\\/2021\\\/09\\\/loule-apresenta-compilacao-fac-similada-do-prisma-de-cristal\\\/cultura\\\/21\\\/36\\\/#primaryimage\"},\"thumbnailUrl\":\"https:\\\/\\\/algarve7.pt\\\/wp-content\\\/uploads\\\/2021\\\/09\\\/Prisma-de-Cristal-Twitter-VALE.jpg\",\"keywords\":[\"Algarve\",\"Cultura\",\"Livros\",\"Loul\u00e9\"],\"articleSection\":[\"Cultura\"],\"inLanguage\":\"pt-PT\",\"potentialAction\":[{\"@type\":\"CommentAction\",\"name\":\"Comment\",\"target\":[\"https:\\\/\\\/algarve7.pt\\\/index.php\\\/2021\\\/09\\\/loule-apresenta-compilacao-fac-similada-do-prisma-de-cristal\\\/cultura\\\/21\\\/36\\\/#respond\"]}]},{\"@type\":\"WebPage\",\"@id\":\"https:\\\/\\\/algarve7.pt\\\/index.php\\\/2021\\\/09\\\/loule-apresenta-compilacao-fac-similada-do-prisma-de-cristal\\\/cultura\\\/21\\\/36\\\/\",\"url\":\"https:\\\/\\\/algarve7.pt\\\/index.php\\\/2021\\\/09\\\/loule-apresenta-compilacao-fac-similada-do-prisma-de-cristal\\\/cultura\\\/21\\\/36\\\/\",\"name\":\"Loul\u00e9 apresenta compila\u00e7\u00e3o fac-similada do Prisma de Cristal - Algarve 7\",\"isPartOf\":{\"@id\":\"https:\\\/\\\/algarve7.pt\\\/#website\"},\"primaryImageOfPage\":{\"@id\":\"https:\\\/\\\/algarve7.pt\\\/index.php\\\/2021\\\/09\\\/loule-apresenta-compilacao-fac-similada-do-prisma-de-cristal\\\/cultura\\\/21\\\/36\\\/#primaryimage\"},\"image\":{\"@id\":\"https:\\\/\\\/algarve7.pt\\\/index.php\\\/2021\\\/09\\\/loule-apresenta-compilacao-fac-similada-do-prisma-de-cristal\\\/cultura\\\/21\\\/36\\\/#primaryimage\"},\"thumbnailUrl\":\"https:\\\/\\\/algarve7.pt\\\/wp-content\\\/uploads\\\/2021\\\/09\\\/Prisma-de-Cristal-Twitter-VALE.jpg\",\"datePublished\":\"2021-09-08T20:36:59+00:00\",\"dateModified\":\"2021-09-08T20:37:01+00:00\",\"description\":\"Loul\u00e9 apresenta compila\u00e7\u00e3o fac-similada do Prisma de Cristal Cultura\",\"breadcrumb\":{\"@id\":\"https:\\\/\\\/algarve7.pt\\\/index.php\\\/2021\\\/09\\\/loule-apresenta-compilacao-fac-similada-do-prisma-de-cristal\\\/cultura\\\/21\\\/36\\\/#breadcrumb\"},\"inLanguage\":\"pt-PT\",\"potentialAction\":[{\"@type\":\"ReadAction\",\"target\":[\"https:\\\/\\\/algarve7.pt\\\/index.php\\\/2021\\\/09\\\/loule-apresenta-compilacao-fac-similada-do-prisma-de-cristal\\\/cultura\\\/21\\\/36\\\/\"]}]},{\"@type\":\"ImageObject\",\"inLanguage\":\"pt-PT\",\"@id\":\"https:\\\/\\\/algarve7.pt\\\/index.php\\\/2021\\\/09\\\/loule-apresenta-compilacao-fac-similada-do-prisma-de-cristal\\\/cultura\\\/21\\\/36\\\/#primaryimage\",\"url\":\"https:\\\/\\\/algarve7.pt\\\/wp-content\\\/uploads\\\/2021\\\/09\\\/Prisma-de-Cristal-Twitter-VALE.jpg\",\"contentUrl\":\"https:\\\/\\\/algarve7.pt\\\/wp-content\\\/uploads\\\/2021\\\/09\\\/Prisma-de-Cristal-Twitter-VALE.jpg\",\"width\":1920,\"height\":712},{\"@type\":\"BreadcrumbList\",\"@id\":\"https:\\\/\\\/algarve7.pt\\\/index.php\\\/2021\\\/09\\\/loule-apresenta-compilacao-fac-similada-do-prisma-de-cristal\\\/cultura\\\/21\\\/36\\\/#breadcrumb\",\"itemListElement\":[{\"@type\":\"ListItem\",\"position\":1,\"name\":\"In\u00edcio\",\"item\":\"https:\\\/\\\/algarve7.pt\\\/\"},{\"@type\":\"ListItem\",\"position\":2,\"name\":\"Loul\u00e9 apresenta compila\u00e7\u00e3o fac-similada do Prisma de Cristal\"}]},{\"@type\":\"WebSite\",\"@id\":\"https:\\\/\\\/algarve7.pt\\\/#website\",\"url\":\"https:\\\/\\\/algarve7.pt\\\/\",\"name\":\"Algarve 7\",\"description\":\"Informa\u00e7\u00e3o sobre o Algarve\",\"publisher\":{\"@id\":\"https:\\\/\\\/algarve7.pt\\\/#organization\"},\"potentialAction\":[{\"@type\":\"SearchAction\",\"target\":{\"@type\":\"EntryPoint\",\"urlTemplate\":\"https:\\\/\\\/algarve7.pt\\\/?s={search_term_string}\"},\"query-input\":{\"@type\":\"PropertyValueSpecification\",\"valueRequired\":true,\"valueName\":\"search_term_string\"}}],\"inLanguage\":\"pt-PT\"},{\"@type\":\"Organization\",\"@id\":\"https:\\\/\\\/algarve7.pt\\\/#organization\",\"name\":\"Algarve 7\",\"url\":\"https:\\\/\\\/algarve7.pt\\\/\",\"logo\":{\"@type\":\"ImageObject\",\"inLanguage\":\"pt-PT\",\"@id\":\"https:\\\/\\\/algarve7.pt\\\/#\\\/schema\\\/logo\\\/image\\\/\",\"url\":\"https:\\\/\\\/algarve7.pt\\\/wp-content\\\/uploads\\\/2020\\\/10\\\/Logo-8.jpg\",\"contentUrl\":\"https:\\\/\\\/algarve7.pt\\\/wp-content\\\/uploads\\\/2020\\\/10\\\/Logo-8.jpg\",\"width\":1680,\"height\":1186,\"caption\":\"Algarve 7\"},\"image\":{\"@id\":\"https:\\\/\\\/algarve7.pt\\\/#\\\/schema\\\/logo\\\/image\\\/\"},\"sameAs\":[\"https:\\\/\\\/www.facebook.com\\\/algarve7\",\"https:\\\/\\\/x.com\\\/Algarvesete\",\"https:\\\/\\\/www.instagram.com\\\/jornalalgarve7\\\/\",\"https:\\\/\\\/www.linkedin.com\\\/company\\\/algarve7\",\"https:\\\/\\\/www.pinterest.pt\\\/geral0939\\\/_created\\\/\"]},{\"@type\":\"Person\",\"@id\":\"https:\\\/\\\/algarve7.pt\\\/#\\\/schema\\\/person\\\/23fa70681308e7b319a3204bcea45e0c\",\"name\":\"Algarve 7\",\"sameAs\":[\"https:\\\/\\\/algarve7.pt\",\"https:\\\/\\\/www.facebook.com\\\/algarve7\"],\"url\":\"https:\\\/\\\/algarve7.pt\\\/index.php\\\/author\\\/geralalgarve7-pt\\\/\"}]}<\/script>\n<!-- \/ Yoast SEO plugin. -->","yoast_head_json":{"title":"Loul\u00e9 apresenta compila\u00e7\u00e3o fac-similada do Prisma de Cristal - Algarve 7","description":"Loul\u00e9 apresenta compila\u00e7\u00e3o fac-similada do Prisma de Cristal Cultura","robots":{"index":"index","follow":"follow","max-snippet":"max-snippet:-1","max-image-preview":"max-image-preview:large","max-video-preview":"max-video-preview:-1"},"canonical":"https:\/\/algarve7.pt\/index.php\/2021\/09\/loule-apresenta-compilacao-fac-similada-do-prisma-de-cristal\/cultura\/21\/36\/","og_locale":"pt_PT","og_type":"article","og_title":"Loul\u00e9 apresenta compila\u00e7\u00e3o fac-similada do Prisma de Cristal - Algarve 7","og_description":"Loul\u00e9 apresenta compila\u00e7\u00e3o fac-similada do Prisma de Cristal Cultura","og_url":"https:\/\/algarve7.pt\/index.php\/2021\/09\/loule-apresenta-compilacao-fac-similada-do-prisma-de-cristal\/cultura\/21\/36\/","og_site_name":"Algarve 7","article_publisher":"https:\/\/www.facebook.com\/algarve7","article_author":"https:\/\/www.facebook.com\/algarve7","article_published_time":"2021-09-08T20:36:59+00:00","article_modified_time":"2021-09-08T20:37:01+00:00","og_image":[{"width":1920,"height":712,"url":"https:\/\/algarve7.pt\/wp-content\/uploads\/2021\/09\/Prisma-de-Cristal-Twitter-VALE.jpg","type":"image\/jpeg"}],"author":"Algarve 7","twitter_card":"summary_large_image","twitter_creator":"@Algarvesete","twitter_site":"@Algarvesete","twitter_misc":{"Escrito por":"Algarve 7","Tempo estimado de leitura":"2 minutos"},"schema":{"@context":"https:\/\/schema.org","@graph":[{"@type":"Article","@id":"https:\/\/algarve7.pt\/index.php\/2021\/09\/loule-apresenta-compilacao-fac-similada-do-prisma-de-cristal\/cultura\/21\/36\/#article","isPartOf":{"@id":"https:\/\/algarve7.pt\/index.php\/2021\/09\/loule-apresenta-compilacao-fac-similada-do-prisma-de-cristal\/cultura\/21\/36\/"},"author":{"name":"Algarve 7","@id":"https:\/\/algarve7.pt\/#\/schema\/person\/23fa70681308e7b319a3204bcea45e0c"},"headline":"Loul\u00e9 apresenta compila\u00e7\u00e3o fac-similada do Prisma de Cristal","datePublished":"2021-09-08T20:36:59+00:00","dateModified":"2021-09-08T20:37:01+00:00","mainEntityOfPage":{"@id":"https:\/\/algarve7.pt\/index.php\/2021\/09\/loule-apresenta-compilacao-fac-similada-do-prisma-de-cristal\/cultura\/21\/36\/"},"wordCount":389,"commentCount":0,"publisher":{"@id":"https:\/\/algarve7.pt\/#organization"},"image":{"@id":"https:\/\/algarve7.pt\/index.php\/2021\/09\/loule-apresenta-compilacao-fac-similada-do-prisma-de-cristal\/cultura\/21\/36\/#primaryimage"},"thumbnailUrl":"https:\/\/algarve7.pt\/wp-content\/uploads\/2021\/09\/Prisma-de-Cristal-Twitter-VALE.jpg","keywords":["Algarve","Cultura","Livros","Loul\u00e9"],"articleSection":["Cultura"],"inLanguage":"pt-PT","potentialAction":[{"@type":"CommentAction","name":"Comment","target":["https:\/\/algarve7.pt\/index.php\/2021\/09\/loule-apresenta-compilacao-fac-similada-do-prisma-de-cristal\/cultura\/21\/36\/#respond"]}]},{"@type":"WebPage","@id":"https:\/\/algarve7.pt\/index.php\/2021\/09\/loule-apresenta-compilacao-fac-similada-do-prisma-de-cristal\/cultura\/21\/36\/","url":"https:\/\/algarve7.pt\/index.php\/2021\/09\/loule-apresenta-compilacao-fac-similada-do-prisma-de-cristal\/cultura\/21\/36\/","name":"Loul\u00e9 apresenta compila\u00e7\u00e3o fac-similada do Prisma de Cristal - Algarve 7","isPartOf":{"@id":"https:\/\/algarve7.pt\/#website"},"primaryImageOfPage":{"@id":"https:\/\/algarve7.pt\/index.php\/2021\/09\/loule-apresenta-compilacao-fac-similada-do-prisma-de-cristal\/cultura\/21\/36\/#primaryimage"},"image":{"@id":"https:\/\/algarve7.pt\/index.php\/2021\/09\/loule-apresenta-compilacao-fac-similada-do-prisma-de-cristal\/cultura\/21\/36\/#primaryimage"},"thumbnailUrl":"https:\/\/algarve7.pt\/wp-content\/uploads\/2021\/09\/Prisma-de-Cristal-Twitter-VALE.jpg","datePublished":"2021-09-08T20:36:59+00:00","dateModified":"2021-09-08T20:37:01+00:00","description":"Loul\u00e9 apresenta compila\u00e7\u00e3o fac-similada do Prisma de Cristal Cultura","breadcrumb":{"@id":"https:\/\/algarve7.pt\/index.php\/2021\/09\/loule-apresenta-compilacao-fac-similada-do-prisma-de-cristal\/cultura\/21\/36\/#breadcrumb"},"inLanguage":"pt-PT","potentialAction":[{"@type":"ReadAction","target":["https:\/\/algarve7.pt\/index.php\/2021\/09\/loule-apresenta-compilacao-fac-similada-do-prisma-de-cristal\/cultura\/21\/36\/"]}]},{"@type":"ImageObject","inLanguage":"pt-PT","@id":"https:\/\/algarve7.pt\/index.php\/2021\/09\/loule-apresenta-compilacao-fac-similada-do-prisma-de-cristal\/cultura\/21\/36\/#primaryimage","url":"https:\/\/algarve7.pt\/wp-content\/uploads\/2021\/09\/Prisma-de-Cristal-Twitter-VALE.jpg","contentUrl":"https:\/\/algarve7.pt\/wp-content\/uploads\/2021\/09\/Prisma-de-Cristal-Twitter-VALE.jpg","width":1920,"height":712},{"@type":"BreadcrumbList","@id":"https:\/\/algarve7.pt\/index.php\/2021\/09\/loule-apresenta-compilacao-fac-similada-do-prisma-de-cristal\/cultura\/21\/36\/#breadcrumb","itemListElement":[{"@type":"ListItem","position":1,"name":"In\u00edcio","item":"https:\/\/algarve7.pt\/"},{"@type":"ListItem","position":2,"name":"Loul\u00e9 apresenta compila\u00e7\u00e3o fac-similada do Prisma de Cristal"}]},{"@type":"WebSite","@id":"https:\/\/algarve7.pt\/#website","url":"https:\/\/algarve7.pt\/","name":"Algarve 7","description":"Informa\u00e7\u00e3o sobre o Algarve","publisher":{"@id":"https:\/\/algarve7.pt\/#organization"},"potentialAction":[{"@type":"SearchAction","target":{"@type":"EntryPoint","urlTemplate":"https:\/\/algarve7.pt\/?s={search_term_string}"},"query-input":{"@type":"PropertyValueSpecification","valueRequired":true,"valueName":"search_term_string"}}],"inLanguage":"pt-PT"},{"@type":"Organization","@id":"https:\/\/algarve7.pt\/#organization","name":"Algarve 7","url":"https:\/\/algarve7.pt\/","logo":{"@type":"ImageObject","inLanguage":"pt-PT","@id":"https:\/\/algarve7.pt\/#\/schema\/logo\/image\/","url":"https:\/\/algarve7.pt\/wp-content\/uploads\/2020\/10\/Logo-8.jpg","contentUrl":"https:\/\/algarve7.pt\/wp-content\/uploads\/2020\/10\/Logo-8.jpg","width":1680,"height":1186,"caption":"Algarve 7"},"image":{"@id":"https:\/\/algarve7.pt\/#\/schema\/logo\/image\/"},"sameAs":["https:\/\/www.facebook.com\/algarve7","https:\/\/x.com\/Algarvesete","https:\/\/www.instagram.com\/jornalalgarve7\/","https:\/\/www.linkedin.com\/company\/algarve7","https:\/\/www.pinterest.pt\/geral0939\/_created\/"]},{"@type":"Person","@id":"https:\/\/algarve7.pt\/#\/schema\/person\/23fa70681308e7b319a3204bcea45e0c","name":"Algarve 7","sameAs":["https:\/\/algarve7.pt","https:\/\/www.facebook.com\/algarve7"],"url":"https:\/\/algarve7.pt\/index.php\/author\/geralalgarve7-pt\/"}]}},"jetpack_publicize_connections":[],"jetpack_featured_media_url":"https:\/\/algarve7.pt\/wp-content\/uploads\/2021\/09\/Prisma-de-Cristal-Twitter-VALE.jpg","jetpack_shortlink":"https:\/\/wp.me\/pcezmW-2WN","jetpack_sharing_enabled":true,"_links":{"self":[{"href":"https:\/\/algarve7.pt\/index.php\/wp-json\/wp\/v2\/posts\/11333","targetHints":{"allow":["GET"]}}],"collection":[{"href":"https:\/\/algarve7.pt\/index.php\/wp-json\/wp\/v2\/posts"}],"about":[{"href":"https:\/\/algarve7.pt\/index.php\/wp-json\/wp\/v2\/types\/post"}],"author":[{"embeddable":true,"href":"https:\/\/algarve7.pt\/index.php\/wp-json\/wp\/v2\/users\/1"}],"replies":[{"embeddable":true,"href":"https:\/\/algarve7.pt\/index.php\/wp-json\/wp\/v2\/comments?post=11333"}],"version-history":[{"count":0,"href":"https:\/\/algarve7.pt\/index.php\/wp-json\/wp\/v2\/posts\/11333\/revisions"}],"wp:featuredmedia":[{"embeddable":true,"href":"https:\/\/algarve7.pt\/index.php\/wp-json\/wp\/v2\/media\/11334"}],"wp:attachment":[{"href":"https:\/\/algarve7.pt\/index.php\/wp-json\/wp\/v2\/media?parent=11333"}],"wp:term":[{"taxonomy":"category","embeddable":true,"href":"https:\/\/algarve7.pt\/index.php\/wp-json\/wp\/v2\/categories?post=11333"},{"taxonomy":"post_tag","embeddable":true,"href":"https:\/\/algarve7.pt\/index.php\/wp-json\/wp\/v2\/tags?post=11333"}],"curies":[{"name":"wp","href":"https:\/\/api.w.org\/{rel}","templated":true}]}}