{"id":11317,"date":"2021-09-07T16:21:27","date_gmt":"2021-09-07T15:21:27","guid":{"rendered":"https:\/\/algarve7.pt\/?p=11317"},"modified":"2021-09-07T16:21:30","modified_gmt":"2021-09-07T15:21:30","slug":"lagoa-cria-gabinete-de-apoio-ao-agricultor","status":"publish","type":"post","link":"https:\/\/algarve7.pt\/index.php\/2021\/09\/lagoa-cria-gabinete-de-apoio-ao-agricultor\/atualidade\/16\/21\/","title":{"rendered":"Lagoa cria Gabinete de Apoio ao Agricultor"},"content":{"rendered":"\n<p><strong>O Munic\u00edpio de Lagoa cria o Gabinete de Apoio ao Agricultor, que pretende ser uma resposta de proximidade, pluridisciplinar, de aconselhamento e apoio t\u00e9cnico aos agricultores sedeados no concelho.&nbsp;&nbsp;<\/strong><\/p>\n\n\n\n<p>O Munic\u00edpio de Lagoa procedeu, no passado dia 1 de setembro, \u00e0 assinatura do protocolo de coopera\u00e7\u00e3o com a Vicentina-Associa\u00e7\u00e3o para o Desenvolvimento do Sudoeste,&nbsp;e \u00e0 apresenta\u00e7\u00e3o do espa\u00e7o onde se encontra instalado o Gabinete de Apoio ao Agricultor de Lagoa (GAALagoa).<\/p>\n\n\n\n<p>A cerim\u00f3nia protocolar teve lugar \u00e0s 11 horas na Unidade de Desenvolvimento Econ\u00f3mico, sedeado no Parque de Feiras de Agricultura, Turismo, Artesanato, Com\u00e9rcio e Industria de Lagoa (FATACIL) onde se encontra instalado e ir\u00e1 funcionar o GAAL.&nbsp;<\/p>\n\n\n\n<p>A cerim\u00f3nia foi presidida pelo Presidente da C\u00e2mara de Lagoa, Lu\u00eds Encarna\u00e7\u00e3o, e contou com a presen\u00e7a do Sr. Diretor Regional de Agricultura e Pescas do Algarve, Pedro Valadas Monteiro e da Presidente da Associa\u00e7\u00e3o Vicentina, Aura Fraga, assim como de convidados, autarcas e membros do executivo<\/p>\n\n\n\n<p>O GAALagoa pretende ser uma resposta comunit\u00e1ria, pluridisciplinar, personalizada e de proximidade, vocacionada para prestar informa\u00e7\u00f5es, aconselhamento e apoio t\u00e9cnico a todos os empreendedores do sector agroalimentar &#8211; agricultura, pecu\u00e1ria, transforma\u00e7\u00e3o agroalimentar, comercializa\u00e7\u00e3o &#8211;&nbsp;&nbsp;do concelho.<\/p>\n\n\n\n<p>Procura-se, assim, criar e apoiar din\u00e2micas em torno destes sectores de atividade econ\u00f3mica, do seu desenvolvimento e da sua adapta\u00e7\u00e3o a novas regras, orienta\u00e7\u00f5es politicas e de sustentabilidade, desde os apoios ao investimento at\u00e9 \u00e0 sua instala\u00e7\u00e3o, passado pelo licenciamento, parcel\u00e1rio, declara\u00e7\u00e3o de exist\u00eancias e outros processos necess\u00e1rios \u00e0 atividade.&nbsp;<\/p>\n\n\n\n<p>O apoio ser\u00e1 assegurado por t\u00e9cnicos da Associa\u00e7\u00e3o Vicentina em articula\u00e7\u00e3o com consultores e servi\u00e7os especializados que colaboram com a associa\u00e7\u00e3o no \u00e2mbito das suas atividades de desenvolvimento local e rural.<\/p>\n\n\n\n<p>O GAALagoa est\u00e1 instalado e funciona com atendimentos presenciais quinzenais, \u00e0 4\u00aa feira das 9:30 \u00e0s 13 horas e das 14 \u00e0s 17 horas.&nbsp;&nbsp;No dia 15 de setembro ser\u00e1 o primeiro dia de atendimento presencial no GAALagoa, mas est\u00e3o desde j\u00e1 dispon\u00edveis outras formas de comunica\u00e7\u00e3o, atrav\u00e9s do endere\u00e7o eletr\u00f3nico gaalagoa@vicentina.org e do telefone 282 680 120.&nbsp;<\/p>\n\n\n\n<p>\u201cEra de vital import\u00e2ncia a cria\u00e7\u00e3o desta resposta para a agricultura, para os nossos agricultores e, em particular, para a produ\u00e7\u00e3o de vitivin\u00edcola e para os nossos vitivinicultores.&nbsp;&nbsp;Todos os dias eles deparam-se com muita legisla\u00e7\u00e3o, com falta de apoio t\u00e9cnico que, muitas vezes, faz com que percam fundos comunit\u00e1rios important\u00edssimos para o desenvolvimento da sua atividade\u201d, considerou, Lu\u00eds Encarna\u00e7\u00e3o, Presidente da C\u00e2mara Municipal de Lagoa.&nbsp;<\/p>\n","protected":false},"excerpt":{"rendered":"<p>O Munic\u00edpio de Lagoa cria o Gabinete de Apoio ao Agricultor, que pretende ser uma resposta de proximidade, pluridisciplinar, de<\/p>\n","protected":false},"author":1,"featured_media":11318,"comment_status":"closed","ping_status":"open","sticky":false,"template":"","format":"standard","meta":{"colormag_page_container_layout":"default_layout","colormag_page_sidebar_layout":"default_layout","_monsterinsights_skip_tracking":false,"_monsterinsights_sitenote_active":false,"_monsterinsights_sitenote_note":"","_monsterinsights_sitenote_category":0,"jetpack_post_was_ever_published":false,"_jetpack_newsletter_access":"","_jetpack_dont_email_post_to_subs":false,"_jetpack_newsletter_tier_id":0,"_jetpack_memberships_contains_paywalled_content":false,"_jetpack_memberships_contains_paid_content":false,"footnotes":"","jetpack_publicize_message":"","jetpack_publicize_feature_enabled":true,"jetpack_social_post_already_shared":true,"jetpack_social_options":{"image_generator_settings":{"template":"highway","default_image_id":0,"font":"","enabled":false},"version":2}},"categories":[11],"tags":[38,36,62,48],"class_list":["post-11317","post","type-post","status-publish","format-standard","has-post-thumbnail","hentry","category-atualidade","tag-agricultura","tag-algarve","tag-atualidade","tag-lagoa"],"yoast_head":"<!-- This site is optimized with the Yoast SEO plugin v27.5 - https:\/\/yoast.com\/product\/yoast-seo-wordpress\/ -->\n<title>Lagoa cria Gabinete de Apoio ao Agricultor - Algarve 7<\/title>\n<meta name=\"description\" content=\"Lagoa cria Gabinete de Apoio ao Agricultor Atualidade\" \/>\n<meta name=\"robots\" content=\"index, follow, max-snippet:-1, max-image-preview:large, max-video-preview:-1\" \/>\n<link rel=\"canonical\" href=\"https:\/\/algarve7.pt\/index.php\/2021\/09\/lagoa-cria-gabinete-de-apoio-ao-agricultor\/atualidade\/16\/21\/\" \/>\n<meta property=\"og:locale\" content=\"pt_PT\" \/>\n<meta property=\"og:type\" content=\"article\" \/>\n<meta property=\"og:title\" content=\"Lagoa cria Gabinete de Apoio ao Agricultor - Algarve 7\" \/>\n<meta property=\"og:description\" content=\"Lagoa cria Gabinete de Apoio ao Agricultor Atualidade\" \/>\n<meta property=\"og:url\" content=\"https:\/\/algarve7.pt\/index.php\/2021\/09\/lagoa-cria-gabinete-de-apoio-ao-agricultor\/atualidade\/16\/21\/\" \/>\n<meta property=\"og:site_name\" content=\"Algarve 7\" \/>\n<meta property=\"article:publisher\" content=\"https:\/\/www.facebook.com\/algarve7\" \/>\n<meta property=\"article:author\" content=\"https:\/\/www.facebook.com\/algarve7\" \/>\n<meta property=\"article:published_time\" content=\"2021-09-07T15:21:27+00:00\" \/>\n<meta property=\"article:modified_time\" content=\"2021-09-07T15:21:30+00:00\" \/>\n<meta property=\"og:image\" content=\"https:\/\/algarve7.pt\/wp-content\/uploads\/2021\/09\/MG_6945.jpg\" \/>\n\t<meta property=\"og:image:width\" content=\"1920\" \/>\n\t<meta property=\"og:image:height\" content=\"1280\" \/>\n\t<meta property=\"og:image:type\" content=\"image\/jpeg\" \/>\n<meta name=\"author\" content=\"Algarve 7\" \/>\n<meta name=\"twitter:card\" content=\"summary_large_image\" \/>\n<meta name=\"twitter:creator\" content=\"@Algarvesete\" \/>\n<meta name=\"twitter:site\" content=\"@Algarvesete\" \/>\n<meta name=\"twitter:label1\" content=\"Escrito por\" \/>\n\t<meta name=\"twitter:data1\" content=\"Algarve 7\" \/>\n\t<meta name=\"twitter:label2\" content=\"Tempo estimado de leitura\" \/>\n\t<meta name=\"twitter:data2\" content=\"2 minutos\" \/>\n<script type=\"application\/ld+json\" class=\"yoast-schema-graph\">{\"@context\":\"https:\\\/\\\/schema.org\",\"@graph\":[{\"@type\":\"Article\",\"@id\":\"https:\\\/\\\/algarve7.pt\\\/index.php\\\/2021\\\/09\\\/lagoa-cria-gabinete-de-apoio-ao-agricultor\\\/atualidade\\\/16\\\/21\\\/#article\",\"isPartOf\":{\"@id\":\"https:\\\/\\\/algarve7.pt\\\/index.php\\\/2021\\\/09\\\/lagoa-cria-gabinete-de-apoio-ao-agricultor\\\/atualidade\\\/16\\\/21\\\/\"},\"author\":{\"name\":\"Algarve 7\",\"@id\":\"https:\\\/\\\/algarve7.pt\\\/#\\\/schema\\\/person\\\/23fa70681308e7b319a3204bcea45e0c\"},\"headline\":\"Lagoa cria Gabinete de Apoio ao Agricultor\",\"datePublished\":\"2021-09-07T15:21:27+00:00\",\"dateModified\":\"2021-09-07T15:21:30+00:00\",\"mainEntityOfPage\":{\"@id\":\"https:\\\/\\\/algarve7.pt\\\/index.php\\\/2021\\\/09\\\/lagoa-cria-gabinete-de-apoio-ao-agricultor\\\/atualidade\\\/16\\\/21\\\/\"},\"wordCount\":456,\"publisher\":{\"@id\":\"https:\\\/\\\/algarve7.pt\\\/#organization\"},\"image\":{\"@id\":\"https:\\\/\\\/algarve7.pt\\\/index.php\\\/2021\\\/09\\\/lagoa-cria-gabinete-de-apoio-ao-agricultor\\\/atualidade\\\/16\\\/21\\\/#primaryimage\"},\"thumbnailUrl\":\"https:\\\/\\\/algarve7.pt\\\/wp-content\\\/uploads\\\/2021\\\/09\\\/MG_6945.jpg\",\"keywords\":[\"Agricultura\",\"Algarve\",\"Atualidade\",\"Lagoa\"],\"articleSection\":[\"Atualidade\"],\"inLanguage\":\"pt-PT\"},{\"@type\":\"WebPage\",\"@id\":\"https:\\\/\\\/algarve7.pt\\\/index.php\\\/2021\\\/09\\\/lagoa-cria-gabinete-de-apoio-ao-agricultor\\\/atualidade\\\/16\\\/21\\\/\",\"url\":\"https:\\\/\\\/algarve7.pt\\\/index.php\\\/2021\\\/09\\\/lagoa-cria-gabinete-de-apoio-ao-agricultor\\\/atualidade\\\/16\\\/21\\\/\",\"name\":\"Lagoa cria Gabinete de Apoio ao Agricultor - Algarve 7\",\"isPartOf\":{\"@id\":\"https:\\\/\\\/algarve7.pt\\\/#website\"},\"primaryImageOfPage\":{\"@id\":\"https:\\\/\\\/algarve7.pt\\\/index.php\\\/2021\\\/09\\\/lagoa-cria-gabinete-de-apoio-ao-agricultor\\\/atualidade\\\/16\\\/21\\\/#primaryimage\"},\"image\":{\"@id\":\"https:\\\/\\\/algarve7.pt\\\/index.php\\\/2021\\\/09\\\/lagoa-cria-gabinete-de-apoio-ao-agricultor\\\/atualidade\\\/16\\\/21\\\/#primaryimage\"},\"thumbnailUrl\":\"https:\\\/\\\/algarve7.pt\\\/wp-content\\\/uploads\\\/2021\\\/09\\\/MG_6945.jpg\",\"datePublished\":\"2021-09-07T15:21:27+00:00\",\"dateModified\":\"2021-09-07T15:21:30+00:00\",\"description\":\"Lagoa cria Gabinete de Apoio ao Agricultor Atualidade\",\"breadcrumb\":{\"@id\":\"https:\\\/\\\/algarve7.pt\\\/index.php\\\/2021\\\/09\\\/lagoa-cria-gabinete-de-apoio-ao-agricultor\\\/atualidade\\\/16\\\/21\\\/#breadcrumb\"},\"inLanguage\":\"pt-PT\",\"potentialAction\":[{\"@type\":\"ReadAction\",\"target\":[\"https:\\\/\\\/algarve7.pt\\\/index.php\\\/2021\\\/09\\\/lagoa-cria-gabinete-de-apoio-ao-agricultor\\\/atualidade\\\/16\\\/21\\\/\"]}]},{\"@type\":\"ImageObject\",\"inLanguage\":\"pt-PT\",\"@id\":\"https:\\\/\\\/algarve7.pt\\\/index.php\\\/2021\\\/09\\\/lagoa-cria-gabinete-de-apoio-ao-agricultor\\\/atualidade\\\/16\\\/21\\\/#primaryimage\",\"url\":\"https:\\\/\\\/algarve7.pt\\\/wp-content\\\/uploads\\\/2021\\\/09\\\/MG_6945.jpg\",\"contentUrl\":\"https:\\\/\\\/algarve7.pt\\\/wp-content\\\/uploads\\\/2021\\\/09\\\/MG_6945.jpg\",\"width\":1920,\"height\":1280},{\"@type\":\"BreadcrumbList\",\"@id\":\"https:\\\/\\\/algarve7.pt\\\/index.php\\\/2021\\\/09\\\/lagoa-cria-gabinete-de-apoio-ao-agricultor\\\/atualidade\\\/16\\\/21\\\/#breadcrumb\",\"itemListElement\":[{\"@type\":\"ListItem\",\"position\":1,\"name\":\"In\u00edcio\",\"item\":\"https:\\\/\\\/algarve7.pt\\\/\"},{\"@type\":\"ListItem\",\"position\":2,\"name\":\"Lagoa cria Gabinete de Apoio ao Agricultor\"}]},{\"@type\":\"WebSite\",\"@id\":\"https:\\\/\\\/algarve7.pt\\\/#website\",\"url\":\"https:\\\/\\\/algarve7.pt\\\/\",\"name\":\"Algarve 7\",\"description\":\"Informa\u00e7\u00e3o sobre o Algarve\",\"publisher\":{\"@id\":\"https:\\\/\\\/algarve7.pt\\\/#organization\"},\"potentialAction\":[{\"@type\":\"SearchAction\",\"target\":{\"@type\":\"EntryPoint\",\"urlTemplate\":\"https:\\\/\\\/algarve7.pt\\\/?s={search_term_string}\"},\"query-input\":{\"@type\":\"PropertyValueSpecification\",\"valueRequired\":true,\"valueName\":\"search_term_string\"}}],\"inLanguage\":\"pt-PT\"},{\"@type\":\"Organization\",\"@id\":\"https:\\\/\\\/algarve7.pt\\\/#organization\",\"name\":\"Algarve 7\",\"url\":\"https:\\\/\\\/algarve7.pt\\\/\",\"logo\":{\"@type\":\"ImageObject\",\"inLanguage\":\"pt-PT\",\"@id\":\"https:\\\/\\\/algarve7.pt\\\/#\\\/schema\\\/logo\\\/image\\\/\",\"url\":\"https:\\\/\\\/algarve7.pt\\\/wp-content\\\/uploads\\\/2020\\\/10\\\/Logo-8.jpg\",\"contentUrl\":\"https:\\\/\\\/algarve7.pt\\\/wp-content\\\/uploads\\\/2020\\\/10\\\/Logo-8.jpg\",\"width\":1680,\"height\":1186,\"caption\":\"Algarve 7\"},\"image\":{\"@id\":\"https:\\\/\\\/algarve7.pt\\\/#\\\/schema\\\/logo\\\/image\\\/\"},\"sameAs\":[\"https:\\\/\\\/www.facebook.com\\\/algarve7\",\"https:\\\/\\\/x.com\\\/Algarvesete\",\"https:\\\/\\\/www.instagram.com\\\/jornalalgarve7\\\/\",\"https:\\\/\\\/www.linkedin.com\\\/company\\\/algarve7\",\"https:\\\/\\\/www.pinterest.pt\\\/geral0939\\\/_created\\\/\"]},{\"@type\":\"Person\",\"@id\":\"https:\\\/\\\/algarve7.pt\\\/#\\\/schema\\\/person\\\/23fa70681308e7b319a3204bcea45e0c\",\"name\":\"Algarve 7\",\"sameAs\":[\"https:\\\/\\\/algarve7.pt\",\"https:\\\/\\\/www.facebook.com\\\/algarve7\"],\"url\":\"https:\\\/\\\/algarve7.pt\\\/index.php\\\/author\\\/geralalgarve7-pt\\\/\"}]}<\/script>\n<!-- \/ Yoast SEO plugin. -->","yoast_head_json":{"title":"Lagoa cria Gabinete de Apoio ao Agricultor - Algarve 7","description":"Lagoa cria Gabinete de Apoio ao Agricultor Atualidade","robots":{"index":"index","follow":"follow","max-snippet":"max-snippet:-1","max-image-preview":"max-image-preview:large","max-video-preview":"max-video-preview:-1"},"canonical":"https:\/\/algarve7.pt\/index.php\/2021\/09\/lagoa-cria-gabinete-de-apoio-ao-agricultor\/atualidade\/16\/21\/","og_locale":"pt_PT","og_type":"article","og_title":"Lagoa cria Gabinete de Apoio ao Agricultor - Algarve 7","og_description":"Lagoa cria Gabinete de Apoio ao Agricultor Atualidade","og_url":"https:\/\/algarve7.pt\/index.php\/2021\/09\/lagoa-cria-gabinete-de-apoio-ao-agricultor\/atualidade\/16\/21\/","og_site_name":"Algarve 7","article_publisher":"https:\/\/www.facebook.com\/algarve7","article_author":"https:\/\/www.facebook.com\/algarve7","article_published_time":"2021-09-07T15:21:27+00:00","article_modified_time":"2021-09-07T15:21:30+00:00","og_image":[{"width":1920,"height":1280,"url":"https:\/\/algarve7.pt\/wp-content\/uploads\/2021\/09\/MG_6945.jpg","type":"image\/jpeg"}],"author":"Algarve 7","twitter_card":"summary_large_image","twitter_creator":"@Algarvesete","twitter_site":"@Algarvesete","twitter_misc":{"Escrito por":"Algarve 7","Tempo estimado de leitura":"2 minutos"},"schema":{"@context":"https:\/\/schema.org","@graph":[{"@type":"Article","@id":"https:\/\/algarve7.pt\/index.php\/2021\/09\/lagoa-cria-gabinete-de-apoio-ao-agricultor\/atualidade\/16\/21\/#article","isPartOf":{"@id":"https:\/\/algarve7.pt\/index.php\/2021\/09\/lagoa-cria-gabinete-de-apoio-ao-agricultor\/atualidade\/16\/21\/"},"author":{"name":"Algarve 7","@id":"https:\/\/algarve7.pt\/#\/schema\/person\/23fa70681308e7b319a3204bcea45e0c"},"headline":"Lagoa cria Gabinete de Apoio ao Agricultor","datePublished":"2021-09-07T15:21:27+00:00","dateModified":"2021-09-07T15:21:30+00:00","mainEntityOfPage":{"@id":"https:\/\/algarve7.pt\/index.php\/2021\/09\/lagoa-cria-gabinete-de-apoio-ao-agricultor\/atualidade\/16\/21\/"},"wordCount":456,"publisher":{"@id":"https:\/\/algarve7.pt\/#organization"},"image":{"@id":"https:\/\/algarve7.pt\/index.php\/2021\/09\/lagoa-cria-gabinete-de-apoio-ao-agricultor\/atualidade\/16\/21\/#primaryimage"},"thumbnailUrl":"https:\/\/algarve7.pt\/wp-content\/uploads\/2021\/09\/MG_6945.jpg","keywords":["Agricultura","Algarve","Atualidade","Lagoa"],"articleSection":["Atualidade"],"inLanguage":"pt-PT"},{"@type":"WebPage","@id":"https:\/\/algarve7.pt\/index.php\/2021\/09\/lagoa-cria-gabinete-de-apoio-ao-agricultor\/atualidade\/16\/21\/","url":"https:\/\/algarve7.pt\/index.php\/2021\/09\/lagoa-cria-gabinete-de-apoio-ao-agricultor\/atualidade\/16\/21\/","name":"Lagoa cria Gabinete de Apoio ao Agricultor - Algarve 7","isPartOf":{"@id":"https:\/\/algarve7.pt\/#website"},"primaryImageOfPage":{"@id":"https:\/\/algarve7.pt\/index.php\/2021\/09\/lagoa-cria-gabinete-de-apoio-ao-agricultor\/atualidade\/16\/21\/#primaryimage"},"image":{"@id":"https:\/\/algarve7.pt\/index.php\/2021\/09\/lagoa-cria-gabinete-de-apoio-ao-agricultor\/atualidade\/16\/21\/#primaryimage"},"thumbnailUrl":"https:\/\/algarve7.pt\/wp-content\/uploads\/2021\/09\/MG_6945.jpg","datePublished":"2021-09-07T15:21:27+00:00","dateModified":"2021-09-07T15:21:30+00:00","description":"Lagoa cria Gabinete de Apoio ao Agricultor Atualidade","breadcrumb":{"@id":"https:\/\/algarve7.pt\/index.php\/2021\/09\/lagoa-cria-gabinete-de-apoio-ao-agricultor\/atualidade\/16\/21\/#breadcrumb"},"inLanguage":"pt-PT","potentialAction":[{"@type":"ReadAction","target":["https:\/\/algarve7.pt\/index.php\/2021\/09\/lagoa-cria-gabinete-de-apoio-ao-agricultor\/atualidade\/16\/21\/"]}]},{"@type":"ImageObject","inLanguage":"pt-PT","@id":"https:\/\/algarve7.pt\/index.php\/2021\/09\/lagoa-cria-gabinete-de-apoio-ao-agricultor\/atualidade\/16\/21\/#primaryimage","url":"https:\/\/algarve7.pt\/wp-content\/uploads\/2021\/09\/MG_6945.jpg","contentUrl":"https:\/\/algarve7.pt\/wp-content\/uploads\/2021\/09\/MG_6945.jpg","width":1920,"height":1280},{"@type":"BreadcrumbList","@id":"https:\/\/algarve7.pt\/index.php\/2021\/09\/lagoa-cria-gabinete-de-apoio-ao-agricultor\/atualidade\/16\/21\/#breadcrumb","itemListElement":[{"@type":"ListItem","position":1,"name":"In\u00edcio","item":"https:\/\/algarve7.pt\/"},{"@type":"ListItem","position":2,"name":"Lagoa cria Gabinete de Apoio ao Agricultor"}]},{"@type":"WebSite","@id":"https:\/\/algarve7.pt\/#website","url":"https:\/\/algarve7.pt\/","name":"Algarve 7","description":"Informa\u00e7\u00e3o sobre o Algarve","publisher":{"@id":"https:\/\/algarve7.pt\/#organization"},"potentialAction":[{"@type":"SearchAction","target":{"@type":"EntryPoint","urlTemplate":"https:\/\/algarve7.pt\/?s={search_term_string}"},"query-input":{"@type":"PropertyValueSpecification","valueRequired":true,"valueName":"search_term_string"}}],"inLanguage":"pt-PT"},{"@type":"Organization","@id":"https:\/\/algarve7.pt\/#organization","name":"Algarve 7","url":"https:\/\/algarve7.pt\/","logo":{"@type":"ImageObject","inLanguage":"pt-PT","@id":"https:\/\/algarve7.pt\/#\/schema\/logo\/image\/","url":"https:\/\/algarve7.pt\/wp-content\/uploads\/2020\/10\/Logo-8.jpg","contentUrl":"https:\/\/algarve7.pt\/wp-content\/uploads\/2020\/10\/Logo-8.jpg","width":1680,"height":1186,"caption":"Algarve 7"},"image":{"@id":"https:\/\/algarve7.pt\/#\/schema\/logo\/image\/"},"sameAs":["https:\/\/www.facebook.com\/algarve7","https:\/\/x.com\/Algarvesete","https:\/\/www.instagram.com\/jornalalgarve7\/","https:\/\/www.linkedin.com\/company\/algarve7","https:\/\/www.pinterest.pt\/geral0939\/_created\/"]},{"@type":"Person","@id":"https:\/\/algarve7.pt\/#\/schema\/person\/23fa70681308e7b319a3204bcea45e0c","name":"Algarve 7","sameAs":["https:\/\/algarve7.pt","https:\/\/www.facebook.com\/algarve7"],"url":"https:\/\/algarve7.pt\/index.php\/author\/geralalgarve7-pt\/"}]}},"jetpack_publicize_connections":[],"jetpack_featured_media_url":"https:\/\/algarve7.pt\/wp-content\/uploads\/2021\/09\/MG_6945.jpg","jetpack_shortlink":"https:\/\/wp.me\/pcezmW-2Wx","jetpack_sharing_enabled":true,"_links":{"self":[{"href":"https:\/\/algarve7.pt\/index.php\/wp-json\/wp\/v2\/posts\/11317","targetHints":{"allow":["GET"]}}],"collection":[{"href":"https:\/\/algarve7.pt\/index.php\/wp-json\/wp\/v2\/posts"}],"about":[{"href":"https:\/\/algarve7.pt\/index.php\/wp-json\/wp\/v2\/types\/post"}],"author":[{"embeddable":true,"href":"https:\/\/algarve7.pt\/index.php\/wp-json\/wp\/v2\/users\/1"}],"replies":[{"embeddable":true,"href":"https:\/\/algarve7.pt\/index.php\/wp-json\/wp\/v2\/comments?post=11317"}],"version-history":[{"count":0,"href":"https:\/\/algarve7.pt\/index.php\/wp-json\/wp\/v2\/posts\/11317\/revisions"}],"wp:featuredmedia":[{"embeddable":true,"href":"https:\/\/algarve7.pt\/index.php\/wp-json\/wp\/v2\/media\/11318"}],"wp:attachment":[{"href":"https:\/\/algarve7.pt\/index.php\/wp-json\/wp\/v2\/media?parent=11317"}],"wp:term":[{"taxonomy":"category","embeddable":true,"href":"https:\/\/algarve7.pt\/index.php\/wp-json\/wp\/v2\/categories?post=11317"},{"taxonomy":"post_tag","embeddable":true,"href":"https:\/\/algarve7.pt\/index.php\/wp-json\/wp\/v2\/tags?post=11317"}],"curies":[{"name":"wp","href":"https:\/\/api.w.org\/{rel}","templated":true}]}}