{"id":11282,"date":"2021-09-06T13:59:09","date_gmt":"2021-09-06T12:59:09","guid":{"rendered":"https:\/\/algarve7.pt\/?p=11282"},"modified":"2021-09-06T13:59:11","modified_gmt":"2021-09-06T12:59:11","slug":"empresas-de-renome-apresentam-na-ualg-metodologias-de-acesso-a-informacao-e-visao-tecnologica","status":"publish","type":"post","link":"https:\/\/algarve7.pt\/index.php\/2021\/09\/empresas-de-renome-apresentam-na-ualg-metodologias-de-acesso-a-informacao-e-visao-tecnologica\/atualidade\/13\/59\/","title":{"rendered":"Empresas de renome apresentam na UAlg \u00abMetodologias de Acesso \u00e0 Informa\u00e7\u00e3o e Vis\u00e3o Tecnol\u00f3gica\u00bb"},"content":{"rendered":"\n<p>No \u00e2mbito do projeto Regi\u00e3o Inteligente do Algarve (RIA) vai realizar-se, no pr\u00f3ximo dia 10 de setembro, um encontro sobre \u00abMetodologias de Acesso \u00e0 Informa\u00e7\u00e3o e Vis\u00e3o Tecnol\u00f3gica\u00bb, que decorrer\u00e1 na Universidade do Algarve, anfiteatro Teresa Gamito, edif\u00edcio 1, no\u00a0<em>Campus<\/em>\u00a0de Gambelas.<\/p>\n\n\n\n<p>A sess\u00e3o de abertura est\u00e1 agendada para as 9h30 e contar\u00e1 com a participa\u00e7\u00e3o do reitor da Universidade do Algarve, Paulo \u00c1guas, e do presidente da CCDR-Algarve, Jos\u00e9 Apolin\u00e1rio.&nbsp;<\/p>\n\n\n\n<p>Ao longo do dia, o programa contar\u00e1 com representantes de empresas reconhecidas no panorama nacional, como IBM, Lenovo, Soltr\u00e1fego, Visualforma, Microsoft, Vodafone, Huawei e Algardata.<\/p>\n\n\n\n<p>A iniciativa pretende capacitar os intervenientes na utiliza\u00e7\u00e3o de tecnologias emergentes usadas para desenho, conce\u00e7\u00e3o e implementa\u00e7\u00e3o de uma Regi\u00e3o Inteligente que se pretende no Algarve.<\/p>\n\n\n\n<p>Recorde-se que o projeto RIA, coordenado pela CCDR Algarve em parceria com a Universidade do Algarve, a Regi\u00e3o de Turismo do Algarve e a Comunidade Intermunicipal do Algarve, pretende refor\u00e7ar as capacidades das entidades parceiras para a prossecu\u00e7\u00e3o de uma Regi\u00e3o Inteligente do Algarve, atrav\u00e9s do envolvimento dos parceiros com os stakeholders da regi\u00e3o, visando a competitividade regional e a inova\u00e7\u00e3o em contextos de digitaliza\u00e7\u00e3o da economia.&nbsp;<\/p>\n\n\n\n<p>O projeto \u00e9 cofinanciado pelo CRESC Algarve 2020 \u2013 Programa Operacional Regional do Algarve\/ Fundo Social Europeu (FSE).<\/p>\n","protected":false},"excerpt":{"rendered":"<p>No \u00e2mbito do projeto Regi\u00e3o Inteligente do Algarve (RIA) vai realizar-se, no pr\u00f3ximo dia 10 de setembro, um encontro sobre<\/p>\n","protected":false},"author":1,"featured_media":11283,"comment_status":"closed","ping_status":"open","sticky":false,"template":"","format":"standard","meta":{"colormag_page_container_layout":"default_layout","colormag_page_sidebar_layout":"default_layout","_monsterinsights_skip_tracking":false,"_monsterinsights_sitenote_active":false,"_monsterinsights_sitenote_note":"","_monsterinsights_sitenote_category":0,"jetpack_post_was_ever_published":false,"_jetpack_newsletter_access":"","_jetpack_dont_email_post_to_subs":false,"_jetpack_newsletter_tier_id":0,"_jetpack_memberships_contains_paywalled_content":false,"_jetpack_memberships_contains_paid_content":false,"footnotes":"","jetpack_publicize_message":"","jetpack_publicize_feature_enabled":true,"jetpack_social_post_already_shared":true,"jetpack_social_options":{"image_generator_settings":{"template":"highway","default_image_id":0,"font":"","enabled":false},"version":2}},"categories":[11],"tags":[36,207,62,143,173,182,433],"class_list":["post-11282","post","type-post","status-publish","format-standard","has-post-thumbnail","hentry","category-atualidade","tag-algarve","tag-amal","tag-atualidade","tag-ccdr-algarve","tag-rta","tag-ualg","tag-universidade"],"yoast_head":"<!-- This site is optimized with the Yoast SEO plugin v27.5 - https:\/\/yoast.com\/product\/yoast-seo-wordpress\/ -->\n<title>Empresas de renome apresentam na UAlg \u00abMetodologias de Acesso \u00e0 Informa\u00e7\u00e3o e Vis\u00e3o Tecnol\u00f3gica\u00bb - Algarve 7<\/title>\n<meta name=\"description\" content=\"Empresas de renome apresentam na UAlg \u00abMetodologias de Acesso \u00e0 Informa\u00e7\u00e3o e Vis\u00e3o Tecnol\u00f3gica\u00bb Atualidade\" \/>\n<meta name=\"robots\" content=\"index, follow, max-snippet:-1, max-image-preview:large, max-video-preview:-1\" \/>\n<link rel=\"canonical\" href=\"https:\/\/algarve7.pt\/index.php\/2021\/09\/empresas-de-renome-apresentam-na-ualg-metodologias-de-acesso-a-informacao-e-visao-tecnologica\/atualidade\/13\/59\/\" \/>\n<meta property=\"og:locale\" content=\"pt_PT\" \/>\n<meta property=\"og:type\" content=\"article\" \/>\n<meta property=\"og:title\" content=\"Empresas de renome apresentam na UAlg \u00abMetodologias de Acesso \u00e0 Informa\u00e7\u00e3o e Vis\u00e3o Tecnol\u00f3gica\u00bb - Algarve 7\" \/>\n<meta property=\"og:description\" content=\"Empresas de renome apresentam na UAlg \u00abMetodologias de Acesso \u00e0 Informa\u00e7\u00e3o e Vis\u00e3o Tecnol\u00f3gica\u00bb Atualidade\" \/>\n<meta property=\"og:url\" content=\"https:\/\/algarve7.pt\/index.php\/2021\/09\/empresas-de-renome-apresentam-na-ualg-metodologias-de-acesso-a-informacao-e-visao-tecnologica\/atualidade\/13\/59\/\" \/>\n<meta property=\"og:site_name\" content=\"Algarve 7\" \/>\n<meta property=\"article:publisher\" content=\"https:\/\/www.facebook.com\/algarve7\" \/>\n<meta property=\"article:author\" content=\"https:\/\/www.facebook.com\/algarve7\" \/>\n<meta property=\"article:published_time\" content=\"2021-09-06T12:59:09+00:00\" \/>\n<meta property=\"article:modified_time\" content=\"2021-09-06T12:59:11+00:00\" \/>\n<meta property=\"og:image\" content=\"https:\/\/algarve7.pt\/wp-content\/uploads\/2021\/09\/Captura-de-ecra-2021-09-06-as-13.56.34.png\" \/>\n\t<meta property=\"og:image:width\" content=\"1548\" \/>\n\t<meta property=\"og:image:height\" content=\"830\" \/>\n\t<meta property=\"og:image:type\" content=\"image\/png\" \/>\n<meta name=\"author\" content=\"Algarve 7\" \/>\n<meta name=\"twitter:card\" content=\"summary_large_image\" \/>\n<meta name=\"twitter:creator\" content=\"@Algarvesete\" \/>\n<meta name=\"twitter:site\" content=\"@Algarvesete\" \/>\n<meta name=\"twitter:label1\" content=\"Escrito por\" \/>\n\t<meta name=\"twitter:data1\" content=\"Algarve 7\" \/>\n\t<meta name=\"twitter:label2\" content=\"Tempo estimado de leitura\" \/>\n\t<meta name=\"twitter:data2\" content=\"1 minuto\" \/>\n<script type=\"application\/ld+json\" class=\"yoast-schema-graph\">{\"@context\":\"https:\\\/\\\/schema.org\",\"@graph\":[{\"@type\":\"Article\",\"@id\":\"https:\\\/\\\/algarve7.pt\\\/index.php\\\/2021\\\/09\\\/empresas-de-renome-apresentam-na-ualg-metodologias-de-acesso-a-informacao-e-visao-tecnologica\\\/atualidade\\\/13\\\/59\\\/#article\",\"isPartOf\":{\"@id\":\"https:\\\/\\\/algarve7.pt\\\/index.php\\\/2021\\\/09\\\/empresas-de-renome-apresentam-na-ualg-metodologias-de-acesso-a-informacao-e-visao-tecnologica\\\/atualidade\\\/13\\\/59\\\/\"},\"author\":{\"name\":\"Algarve 7\",\"@id\":\"https:\\\/\\\/algarve7.pt\\\/#\\\/schema\\\/person\\\/23fa70681308e7b319a3204bcea45e0c\"},\"headline\":\"Empresas de renome apresentam na UAlg \u00abMetodologias de Acesso \u00e0 Informa\u00e7\u00e3o e Vis\u00e3o Tecnol\u00f3gica\u00bb\",\"datePublished\":\"2021-09-06T12:59:09+00:00\",\"dateModified\":\"2021-09-06T12:59:11+00:00\",\"mainEntityOfPage\":{\"@id\":\"https:\\\/\\\/algarve7.pt\\\/index.php\\\/2021\\\/09\\\/empresas-de-renome-apresentam-na-ualg-metodologias-de-acesso-a-informacao-e-visao-tecnologica\\\/atualidade\\\/13\\\/59\\\/\"},\"wordCount\":242,\"publisher\":{\"@id\":\"https:\\\/\\\/algarve7.pt\\\/#organization\"},\"image\":{\"@id\":\"https:\\\/\\\/algarve7.pt\\\/index.php\\\/2021\\\/09\\\/empresas-de-renome-apresentam-na-ualg-metodologias-de-acesso-a-informacao-e-visao-tecnologica\\\/atualidade\\\/13\\\/59\\\/#primaryimage\"},\"thumbnailUrl\":\"https:\\\/\\\/algarve7.pt\\\/wp-content\\\/uploads\\\/2021\\\/09\\\/Captura-de-ecra-2021-09-06-as-13.56.34.png\",\"keywords\":[\"Algarve\",\"Amal\",\"Atualidade\",\"CCDR Algarve\",\"RTA\",\"UALG\",\"Universidade\"],\"articleSection\":[\"Atualidade\"],\"inLanguage\":\"pt-PT\"},{\"@type\":\"WebPage\",\"@id\":\"https:\\\/\\\/algarve7.pt\\\/index.php\\\/2021\\\/09\\\/empresas-de-renome-apresentam-na-ualg-metodologias-de-acesso-a-informacao-e-visao-tecnologica\\\/atualidade\\\/13\\\/59\\\/\",\"url\":\"https:\\\/\\\/algarve7.pt\\\/index.php\\\/2021\\\/09\\\/empresas-de-renome-apresentam-na-ualg-metodologias-de-acesso-a-informacao-e-visao-tecnologica\\\/atualidade\\\/13\\\/59\\\/\",\"name\":\"Empresas de renome apresentam na UAlg \u00abMetodologias de Acesso \u00e0 Informa\u00e7\u00e3o e Vis\u00e3o Tecnol\u00f3gica\u00bb - Algarve 7\",\"isPartOf\":{\"@id\":\"https:\\\/\\\/algarve7.pt\\\/#website\"},\"primaryImageOfPage\":{\"@id\":\"https:\\\/\\\/algarve7.pt\\\/index.php\\\/2021\\\/09\\\/empresas-de-renome-apresentam-na-ualg-metodologias-de-acesso-a-informacao-e-visao-tecnologica\\\/atualidade\\\/13\\\/59\\\/#primaryimage\"},\"image\":{\"@id\":\"https:\\\/\\\/algarve7.pt\\\/index.php\\\/2021\\\/09\\\/empresas-de-renome-apresentam-na-ualg-metodologias-de-acesso-a-informacao-e-visao-tecnologica\\\/atualidade\\\/13\\\/59\\\/#primaryimage\"},\"thumbnailUrl\":\"https:\\\/\\\/algarve7.pt\\\/wp-content\\\/uploads\\\/2021\\\/09\\\/Captura-de-ecra-2021-09-06-as-13.56.34.png\",\"datePublished\":\"2021-09-06T12:59:09+00:00\",\"dateModified\":\"2021-09-06T12:59:11+00:00\",\"description\":\"Empresas de renome apresentam na UAlg \u00abMetodologias de Acesso \u00e0 Informa\u00e7\u00e3o e Vis\u00e3o Tecnol\u00f3gica\u00bb Atualidade\",\"breadcrumb\":{\"@id\":\"https:\\\/\\\/algarve7.pt\\\/index.php\\\/2021\\\/09\\\/empresas-de-renome-apresentam-na-ualg-metodologias-de-acesso-a-informacao-e-visao-tecnologica\\\/atualidade\\\/13\\\/59\\\/#breadcrumb\"},\"inLanguage\":\"pt-PT\",\"potentialAction\":[{\"@type\":\"ReadAction\",\"target\":[\"https:\\\/\\\/algarve7.pt\\\/index.php\\\/2021\\\/09\\\/empresas-de-renome-apresentam-na-ualg-metodologias-de-acesso-a-informacao-e-visao-tecnologica\\\/atualidade\\\/13\\\/59\\\/\"]}]},{\"@type\":\"ImageObject\",\"inLanguage\":\"pt-PT\",\"@id\":\"https:\\\/\\\/algarve7.pt\\\/index.php\\\/2021\\\/09\\\/empresas-de-renome-apresentam-na-ualg-metodologias-de-acesso-a-informacao-e-visao-tecnologica\\\/atualidade\\\/13\\\/59\\\/#primaryimage\",\"url\":\"https:\\\/\\\/algarve7.pt\\\/wp-content\\\/uploads\\\/2021\\\/09\\\/Captura-de-ecra-2021-09-06-as-13.56.34.png\",\"contentUrl\":\"https:\\\/\\\/algarve7.pt\\\/wp-content\\\/uploads\\\/2021\\\/09\\\/Captura-de-ecra-2021-09-06-as-13.56.34.png\",\"width\":1548,\"height\":830},{\"@type\":\"BreadcrumbList\",\"@id\":\"https:\\\/\\\/algarve7.pt\\\/index.php\\\/2021\\\/09\\\/empresas-de-renome-apresentam-na-ualg-metodologias-de-acesso-a-informacao-e-visao-tecnologica\\\/atualidade\\\/13\\\/59\\\/#breadcrumb\",\"itemListElement\":[{\"@type\":\"ListItem\",\"position\":1,\"name\":\"In\u00edcio\",\"item\":\"https:\\\/\\\/algarve7.pt\\\/\"},{\"@type\":\"ListItem\",\"position\":2,\"name\":\"Empresas de renome apresentam na UAlg \u00abMetodologias de Acesso \u00e0 Informa\u00e7\u00e3o e Vis\u00e3o Tecnol\u00f3gica\u00bb\"}]},{\"@type\":\"WebSite\",\"@id\":\"https:\\\/\\\/algarve7.pt\\\/#website\",\"url\":\"https:\\\/\\\/algarve7.pt\\\/\",\"name\":\"Algarve 7\",\"description\":\"Informa\u00e7\u00e3o sobre o Algarve\",\"publisher\":{\"@id\":\"https:\\\/\\\/algarve7.pt\\\/#organization\"},\"potentialAction\":[{\"@type\":\"SearchAction\",\"target\":{\"@type\":\"EntryPoint\",\"urlTemplate\":\"https:\\\/\\\/algarve7.pt\\\/?s={search_term_string}\"},\"query-input\":{\"@type\":\"PropertyValueSpecification\",\"valueRequired\":true,\"valueName\":\"search_term_string\"}}],\"inLanguage\":\"pt-PT\"},{\"@type\":\"Organization\",\"@id\":\"https:\\\/\\\/algarve7.pt\\\/#organization\",\"name\":\"Algarve 7\",\"url\":\"https:\\\/\\\/algarve7.pt\\\/\",\"logo\":{\"@type\":\"ImageObject\",\"inLanguage\":\"pt-PT\",\"@id\":\"https:\\\/\\\/algarve7.pt\\\/#\\\/schema\\\/logo\\\/image\\\/\",\"url\":\"https:\\\/\\\/algarve7.pt\\\/wp-content\\\/uploads\\\/2020\\\/10\\\/Logo-8.jpg\",\"contentUrl\":\"https:\\\/\\\/algarve7.pt\\\/wp-content\\\/uploads\\\/2020\\\/10\\\/Logo-8.jpg\",\"width\":1680,\"height\":1186,\"caption\":\"Algarve 7\"},\"image\":{\"@id\":\"https:\\\/\\\/algarve7.pt\\\/#\\\/schema\\\/logo\\\/image\\\/\"},\"sameAs\":[\"https:\\\/\\\/www.facebook.com\\\/algarve7\",\"https:\\\/\\\/x.com\\\/Algarvesete\",\"https:\\\/\\\/www.instagram.com\\\/jornalalgarve7\\\/\",\"https:\\\/\\\/www.linkedin.com\\\/company\\\/algarve7\",\"https:\\\/\\\/www.pinterest.pt\\\/geral0939\\\/_created\\\/\"]},{\"@type\":\"Person\",\"@id\":\"https:\\\/\\\/algarve7.pt\\\/#\\\/schema\\\/person\\\/23fa70681308e7b319a3204bcea45e0c\",\"name\":\"Algarve 7\",\"sameAs\":[\"https:\\\/\\\/algarve7.pt\",\"https:\\\/\\\/www.facebook.com\\\/algarve7\"],\"url\":\"https:\\\/\\\/algarve7.pt\\\/index.php\\\/author\\\/geralalgarve7-pt\\\/\"}]}<\/script>\n<!-- \/ Yoast SEO plugin. -->","yoast_head_json":{"title":"Empresas de renome apresentam na UAlg \u00abMetodologias de Acesso \u00e0 Informa\u00e7\u00e3o e Vis\u00e3o Tecnol\u00f3gica\u00bb - Algarve 7","description":"Empresas de renome apresentam na UAlg \u00abMetodologias de Acesso \u00e0 Informa\u00e7\u00e3o e Vis\u00e3o Tecnol\u00f3gica\u00bb Atualidade","robots":{"index":"index","follow":"follow","max-snippet":"max-snippet:-1","max-image-preview":"max-image-preview:large","max-video-preview":"max-video-preview:-1"},"canonical":"https:\/\/algarve7.pt\/index.php\/2021\/09\/empresas-de-renome-apresentam-na-ualg-metodologias-de-acesso-a-informacao-e-visao-tecnologica\/atualidade\/13\/59\/","og_locale":"pt_PT","og_type":"article","og_title":"Empresas de renome apresentam na UAlg \u00abMetodologias de Acesso \u00e0 Informa\u00e7\u00e3o e Vis\u00e3o Tecnol\u00f3gica\u00bb - Algarve 7","og_description":"Empresas de renome apresentam na UAlg \u00abMetodologias de Acesso \u00e0 Informa\u00e7\u00e3o e Vis\u00e3o Tecnol\u00f3gica\u00bb Atualidade","og_url":"https:\/\/algarve7.pt\/index.php\/2021\/09\/empresas-de-renome-apresentam-na-ualg-metodologias-de-acesso-a-informacao-e-visao-tecnologica\/atualidade\/13\/59\/","og_site_name":"Algarve 7","article_publisher":"https:\/\/www.facebook.com\/algarve7","article_author":"https:\/\/www.facebook.com\/algarve7","article_published_time":"2021-09-06T12:59:09+00:00","article_modified_time":"2021-09-06T12:59:11+00:00","og_image":[{"width":1548,"height":830,"url":"https:\/\/algarve7.pt\/wp-content\/uploads\/2021\/09\/Captura-de-ecra-2021-09-06-as-13.56.34.png","type":"image\/png"}],"author":"Algarve 7","twitter_card":"summary_large_image","twitter_creator":"@Algarvesete","twitter_site":"@Algarvesete","twitter_misc":{"Escrito por":"Algarve 7","Tempo estimado de leitura":"1 minuto"},"schema":{"@context":"https:\/\/schema.org","@graph":[{"@type":"Article","@id":"https:\/\/algarve7.pt\/index.php\/2021\/09\/empresas-de-renome-apresentam-na-ualg-metodologias-de-acesso-a-informacao-e-visao-tecnologica\/atualidade\/13\/59\/#article","isPartOf":{"@id":"https:\/\/algarve7.pt\/index.php\/2021\/09\/empresas-de-renome-apresentam-na-ualg-metodologias-de-acesso-a-informacao-e-visao-tecnologica\/atualidade\/13\/59\/"},"author":{"name":"Algarve 7","@id":"https:\/\/algarve7.pt\/#\/schema\/person\/23fa70681308e7b319a3204bcea45e0c"},"headline":"Empresas de renome apresentam na UAlg \u00abMetodologias de Acesso \u00e0 Informa\u00e7\u00e3o e Vis\u00e3o Tecnol\u00f3gica\u00bb","datePublished":"2021-09-06T12:59:09+00:00","dateModified":"2021-09-06T12:59:11+00:00","mainEntityOfPage":{"@id":"https:\/\/algarve7.pt\/index.php\/2021\/09\/empresas-de-renome-apresentam-na-ualg-metodologias-de-acesso-a-informacao-e-visao-tecnologica\/atualidade\/13\/59\/"},"wordCount":242,"publisher":{"@id":"https:\/\/algarve7.pt\/#organization"},"image":{"@id":"https:\/\/algarve7.pt\/index.php\/2021\/09\/empresas-de-renome-apresentam-na-ualg-metodologias-de-acesso-a-informacao-e-visao-tecnologica\/atualidade\/13\/59\/#primaryimage"},"thumbnailUrl":"https:\/\/algarve7.pt\/wp-content\/uploads\/2021\/09\/Captura-de-ecra-2021-09-06-as-13.56.34.png","keywords":["Algarve","Amal","Atualidade","CCDR Algarve","RTA","UALG","Universidade"],"articleSection":["Atualidade"],"inLanguage":"pt-PT"},{"@type":"WebPage","@id":"https:\/\/algarve7.pt\/index.php\/2021\/09\/empresas-de-renome-apresentam-na-ualg-metodologias-de-acesso-a-informacao-e-visao-tecnologica\/atualidade\/13\/59\/","url":"https:\/\/algarve7.pt\/index.php\/2021\/09\/empresas-de-renome-apresentam-na-ualg-metodologias-de-acesso-a-informacao-e-visao-tecnologica\/atualidade\/13\/59\/","name":"Empresas de renome apresentam na UAlg \u00abMetodologias de Acesso \u00e0 Informa\u00e7\u00e3o e Vis\u00e3o Tecnol\u00f3gica\u00bb - Algarve 7","isPartOf":{"@id":"https:\/\/algarve7.pt\/#website"},"primaryImageOfPage":{"@id":"https:\/\/algarve7.pt\/index.php\/2021\/09\/empresas-de-renome-apresentam-na-ualg-metodologias-de-acesso-a-informacao-e-visao-tecnologica\/atualidade\/13\/59\/#primaryimage"},"image":{"@id":"https:\/\/algarve7.pt\/index.php\/2021\/09\/empresas-de-renome-apresentam-na-ualg-metodologias-de-acesso-a-informacao-e-visao-tecnologica\/atualidade\/13\/59\/#primaryimage"},"thumbnailUrl":"https:\/\/algarve7.pt\/wp-content\/uploads\/2021\/09\/Captura-de-ecra-2021-09-06-as-13.56.34.png","datePublished":"2021-09-06T12:59:09+00:00","dateModified":"2021-09-06T12:59:11+00:00","description":"Empresas de renome apresentam na UAlg \u00abMetodologias de Acesso \u00e0 Informa\u00e7\u00e3o e Vis\u00e3o Tecnol\u00f3gica\u00bb Atualidade","breadcrumb":{"@id":"https:\/\/algarve7.pt\/index.php\/2021\/09\/empresas-de-renome-apresentam-na-ualg-metodologias-de-acesso-a-informacao-e-visao-tecnologica\/atualidade\/13\/59\/#breadcrumb"},"inLanguage":"pt-PT","potentialAction":[{"@type":"ReadAction","target":["https:\/\/algarve7.pt\/index.php\/2021\/09\/empresas-de-renome-apresentam-na-ualg-metodologias-de-acesso-a-informacao-e-visao-tecnologica\/atualidade\/13\/59\/"]}]},{"@type":"ImageObject","inLanguage":"pt-PT","@id":"https:\/\/algarve7.pt\/index.php\/2021\/09\/empresas-de-renome-apresentam-na-ualg-metodologias-de-acesso-a-informacao-e-visao-tecnologica\/atualidade\/13\/59\/#primaryimage","url":"https:\/\/algarve7.pt\/wp-content\/uploads\/2021\/09\/Captura-de-ecra-2021-09-06-as-13.56.34.png","contentUrl":"https:\/\/algarve7.pt\/wp-content\/uploads\/2021\/09\/Captura-de-ecra-2021-09-06-as-13.56.34.png","width":1548,"height":830},{"@type":"BreadcrumbList","@id":"https:\/\/algarve7.pt\/index.php\/2021\/09\/empresas-de-renome-apresentam-na-ualg-metodologias-de-acesso-a-informacao-e-visao-tecnologica\/atualidade\/13\/59\/#breadcrumb","itemListElement":[{"@type":"ListItem","position":1,"name":"In\u00edcio","item":"https:\/\/algarve7.pt\/"},{"@type":"ListItem","position":2,"name":"Empresas de renome apresentam na UAlg \u00abMetodologias de Acesso \u00e0 Informa\u00e7\u00e3o e Vis\u00e3o Tecnol\u00f3gica\u00bb"}]},{"@type":"WebSite","@id":"https:\/\/algarve7.pt\/#website","url":"https:\/\/algarve7.pt\/","name":"Algarve 7","description":"Informa\u00e7\u00e3o sobre o Algarve","publisher":{"@id":"https:\/\/algarve7.pt\/#organization"},"potentialAction":[{"@type":"SearchAction","target":{"@type":"EntryPoint","urlTemplate":"https:\/\/algarve7.pt\/?s={search_term_string}"},"query-input":{"@type":"PropertyValueSpecification","valueRequired":true,"valueName":"search_term_string"}}],"inLanguage":"pt-PT"},{"@type":"Organization","@id":"https:\/\/algarve7.pt\/#organization","name":"Algarve 7","url":"https:\/\/algarve7.pt\/","logo":{"@type":"ImageObject","inLanguage":"pt-PT","@id":"https:\/\/algarve7.pt\/#\/schema\/logo\/image\/","url":"https:\/\/algarve7.pt\/wp-content\/uploads\/2020\/10\/Logo-8.jpg","contentUrl":"https:\/\/algarve7.pt\/wp-content\/uploads\/2020\/10\/Logo-8.jpg","width":1680,"height":1186,"caption":"Algarve 7"},"image":{"@id":"https:\/\/algarve7.pt\/#\/schema\/logo\/image\/"},"sameAs":["https:\/\/www.facebook.com\/algarve7","https:\/\/x.com\/Algarvesete","https:\/\/www.instagram.com\/jornalalgarve7\/","https:\/\/www.linkedin.com\/company\/algarve7","https:\/\/www.pinterest.pt\/geral0939\/_created\/"]},{"@type":"Person","@id":"https:\/\/algarve7.pt\/#\/schema\/person\/23fa70681308e7b319a3204bcea45e0c","name":"Algarve 7","sameAs":["https:\/\/algarve7.pt","https:\/\/www.facebook.com\/algarve7"],"url":"https:\/\/algarve7.pt\/index.php\/author\/geralalgarve7-pt\/"}]}},"jetpack_publicize_connections":[],"jetpack_featured_media_url":"https:\/\/algarve7.pt\/wp-content\/uploads\/2021\/09\/Captura-de-ecra-2021-09-06-as-13.56.34.png","jetpack_shortlink":"https:\/\/wp.me\/pcezmW-2VY","jetpack_sharing_enabled":true,"_links":{"self":[{"href":"https:\/\/algarve7.pt\/index.php\/wp-json\/wp\/v2\/posts\/11282","targetHints":{"allow":["GET"]}}],"collection":[{"href":"https:\/\/algarve7.pt\/index.php\/wp-json\/wp\/v2\/posts"}],"about":[{"href":"https:\/\/algarve7.pt\/index.php\/wp-json\/wp\/v2\/types\/post"}],"author":[{"embeddable":true,"href":"https:\/\/algarve7.pt\/index.php\/wp-json\/wp\/v2\/users\/1"}],"replies":[{"embeddable":true,"href":"https:\/\/algarve7.pt\/index.php\/wp-json\/wp\/v2\/comments?post=11282"}],"version-history":[{"count":0,"href":"https:\/\/algarve7.pt\/index.php\/wp-json\/wp\/v2\/posts\/11282\/revisions"}],"wp:featuredmedia":[{"embeddable":true,"href":"https:\/\/algarve7.pt\/index.php\/wp-json\/wp\/v2\/media\/11283"}],"wp:attachment":[{"href":"https:\/\/algarve7.pt\/index.php\/wp-json\/wp\/v2\/media?parent=11282"}],"wp:term":[{"taxonomy":"category","embeddable":true,"href":"https:\/\/algarve7.pt\/index.php\/wp-json\/wp\/v2\/categories?post=11282"},{"taxonomy":"post_tag","embeddable":true,"href":"https:\/\/algarve7.pt\/index.php\/wp-json\/wp\/v2\/tags?post=11282"}],"curies":[{"name":"wp","href":"https:\/\/api.w.org\/{rel}","templated":true}]}}