{"id":11275,"date":"2021-09-05T23:16:13","date_gmt":"2021-09-05T22:16:13","guid":{"rendered":"https:\/\/algarve7.pt\/?p=11275"},"modified":"2021-09-05T23:16:16","modified_gmt":"2021-09-05T22:16:16","slug":"estacao-salva-vidas-de-sagres-apoia-tres-veleiros-que-sofreram-interacoes-com-orcas-ao-largo-de-lagos-e-sagres","status":"publish","type":"post","link":"https:\/\/algarve7.pt\/index.php\/2021\/09\/estacao-salva-vidas-de-sagres-apoia-tres-veleiros-que-sofreram-interacoes-com-orcas-ao-largo-de-lagos-e-sagres\/atualidade\/23\/16\/","title":{"rendered":"Esta\u00e7\u00e3o Salva-vidas de Sagres apoia tr\u00eas veleiros que sofreram intera\u00e7\u00f5es com orcas ao largo de Lagos e Sagres"},"content":{"rendered":"\n<p>Os elementos da Esta\u00e7\u00e3o Salva-vidas de Sagres apoiaram, durante o dia de hoje, tr\u00eas veleiros que sofreram intera\u00e7\u00f5es de orcas entre Lagos e Sagres. <\/p>\n\n\n\n<p>Durante a manh\u00e3, cerca das 08h00, foi recebido um alerta, atrav\u00e9s do Centro de Coordena\u00e7\u00e3o de Busca e Salvamento Mar\u00edtimo de Lisboa (MRCC Lisboa), a informar que o veleiro sofreu uma intera\u00e7\u00e3o com orcas e ficou com o leme danificado e entrada de \u00e1gua na madre do leme, tendo sido empenhado de imediato para o local a Esta\u00e7\u00e3o Salva-vidas de Sagres.<\/p>\n\n\n\n<p>Ao chegarem ao local, os elementos da Esta\u00e7\u00e3o Salva-vidas de Sagres verificaram que o \u00fanico tripulante se encontrava bem, ajudaram a conter a entrada de \u00e1gua e rebocaram o veleiro para porto de Lagos, por quest\u00f5es de seguran\u00e7a para a navega\u00e7\u00e3o.<\/p>\n\n\n\n<p>Durante a tarde, pelas 16h30, foi recebido novo alerta atrav\u00e9s do Centro de Coordena\u00e7\u00e3o de Busca e Salvamento Mar\u00edtimo de Lisboa (MRCC Lisboa), a informar que outro veleiro, com tr\u00eas tripulantes a bordo, tinha sofrido diversas intera\u00e7\u00f5es com orcas, tendo ficado sem leme. Foram ativados de imediato para o local os elementos da Esta\u00e7\u00e3o Salva-vidas de Sagres.&nbsp;<\/p>\n\n\n\n<p>Ao chegarem ao local, os elementos da Esta\u00e7\u00e3o Salva-vidas de Sagres verificaram que os tr\u00eas tripulantes se encontravam bem e rebocaram o veleiro para porto da Baleeira, por quest\u00f5es de seguran\u00e7a para a navega\u00e7\u00e3o.<\/p>\n\n\n\n<p>Cerca das 18h30, foi recebido novo alerta atrav\u00e9s do Centro de Coordena\u00e7\u00e3o de Busca e Salvamento Mar\u00edtimo de Lisboa (MRCC Lisboa), a informar que outro veleiro, com quatro tripulantes a bordo, tamb\u00e9m havia sofrido intera\u00e7\u00f5es com orcas e ficou sem leme. Foram de imediato ativados para o local os elementos da Esta\u00e7\u00e3o Salva-vidas de Sagres.<\/p>\n\n\n\n<p>Ao chegarem ao local, os elementos da Esta\u00e7\u00e3o Salva-vidas de Sagres verificaram que os tripulantes se encontravam bem e rebocaram o veleiro para porto da Baleeira, por quest\u00f5es de seguran\u00e7a para a navega\u00e7\u00e3o.<\/p>\n\n\n\n<p>O Comando-local da Pol\u00edcia Mar\u00edtima de Lagos tomou conta das tr\u00eas ocorr\u00eancias.<\/p>\n\n\n\n<p>O Capit\u00e3o do Porto de Lagos emitiu um aviso \u00e0 navega\u00e7\u00e3o e a Pol\u00edcia Mar\u00edtima encontra-se em Lagos e Sagres a patrulhar a costa e a informar os tripulantes das embarca\u00e7\u00f5es para as situa\u00e7\u00f5es ocorridas.<\/p>\n","protected":false},"excerpt":{"rendered":"<p>Os elementos da Esta\u00e7\u00e3o Salva-vidas de Sagres apoiaram, durante o dia de hoje, tr\u00eas veleiros que sofreram intera\u00e7\u00f5es de orcas<\/p>\n","protected":false},"author":1,"featured_media":11276,"comment_status":"open","ping_status":"open","sticky":false,"template":"","format":"standard","meta":{"colormag_page_container_layout":"default_layout","colormag_page_sidebar_layout":"default_layout","_monsterinsights_skip_tracking":false,"_monsterinsights_sitenote_active":false,"_monsterinsights_sitenote_note":"","_monsterinsights_sitenote_category":0,"jetpack_post_was_ever_published":false,"_jetpack_newsletter_access":"","_jetpack_dont_email_post_to_subs":false,"_jetpack_newsletter_tier_id":0,"_jetpack_memberships_contains_paywalled_content":false,"_jetpack_memberships_contains_paid_content":false,"footnotes":"","jetpack_publicize_message":"","jetpack_publicize_feature_enabled":true,"jetpack_social_post_already_shared":true,"jetpack_social_options":{"image_generator_settings":{"template":"highway","default_image_id":0,"font":"","enabled":false},"version":2}},"categories":[11],"tags":[36,62,163,68,102],"class_list":["post-11275","post","type-post","status-publish","format-standard","has-post-thumbnail","hentry","category-atualidade","tag-algarve","tag-atualidade","tag-autoridade-maritima","tag-lagos","tag-sagres"],"yoast_head":"<!-- This site is optimized with the Yoast SEO plugin v27.5 - https:\/\/yoast.com\/product\/yoast-seo-wordpress\/ -->\n<title>Esta\u00e7\u00e3o Salva-vidas de Sagres apoia tr\u00eas veleiros que sofreram intera\u00e7\u00f5es com orcas ao largo de Lagos e Sagres - Algarve 7<\/title>\n<meta name=\"description\" content=\"Esta\u00e7\u00e3o Salva-vidas de Sagres apoia tr\u00eas veleiros que sofreram intera\u00e7\u00f5es com orcas ao largo de Lagos e Sagres Atualidade\" \/>\n<meta name=\"robots\" content=\"index, follow, max-snippet:-1, max-image-preview:large, max-video-preview:-1\" \/>\n<link rel=\"canonical\" href=\"https:\/\/algarve7.pt\/index.php\/2021\/09\/estacao-salva-vidas-de-sagres-apoia-tres-veleiros-que-sofreram-interacoes-com-orcas-ao-largo-de-lagos-e-sagres\/atualidade\/23\/16\/\" \/>\n<meta property=\"og:locale\" content=\"pt_PT\" \/>\n<meta property=\"og:type\" content=\"article\" \/>\n<meta property=\"og:title\" content=\"Esta\u00e7\u00e3o Salva-vidas de Sagres apoia tr\u00eas veleiros que sofreram intera\u00e7\u00f5es com orcas ao largo de Lagos e Sagres - Algarve 7\" \/>\n<meta property=\"og:description\" content=\"Esta\u00e7\u00e3o Salva-vidas de Sagres apoia tr\u00eas veleiros que sofreram intera\u00e7\u00f5es com orcas ao largo de Lagos e Sagres Atualidade\" \/>\n<meta property=\"og:url\" content=\"https:\/\/algarve7.pt\/index.php\/2021\/09\/estacao-salva-vidas-de-sagres-apoia-tres-veleiros-que-sofreram-interacoes-com-orcas-ao-largo-de-lagos-e-sagres\/atualidade\/23\/16\/\" \/>\n<meta property=\"og:site_name\" content=\"Algarve 7\" \/>\n<meta property=\"article:publisher\" content=\"https:\/\/www.facebook.com\/algarve7\" \/>\n<meta property=\"article:author\" content=\"https:\/\/www.facebook.com\/algarve7\" \/>\n<meta property=\"article:published_time\" content=\"2021-09-05T22:16:13+00:00\" \/>\n<meta property=\"article:modified_time\" content=\"2021-09-05T22:16:16+00:00\" \/>\n<meta property=\"og:image\" content=\"https:\/\/algarve7.pt\/wp-content\/uploads\/2021\/09\/WhatsApp-Image-2021-09-05-at-12.57.06.jpeg\" \/>\n\t<meta property=\"og:image:width\" content=\"1440\" \/>\n\t<meta property=\"og:image:height\" content=\"1919\" \/>\n\t<meta property=\"og:image:type\" content=\"image\/jpeg\" \/>\n<meta name=\"author\" content=\"Algarve 7\" \/>\n<meta name=\"twitter:card\" content=\"summary_large_image\" \/>\n<meta name=\"twitter:creator\" content=\"@Algarvesete\" \/>\n<meta name=\"twitter:site\" content=\"@Algarvesete\" \/>\n<meta name=\"twitter:label1\" content=\"Escrito por\" \/>\n\t<meta name=\"twitter:data1\" content=\"Algarve 7\" \/>\n\t<meta name=\"twitter:label2\" content=\"Tempo estimado de leitura\" \/>\n\t<meta name=\"twitter:data2\" content=\"2 minutos\" \/>\n<script type=\"application\/ld+json\" class=\"yoast-schema-graph\">{\"@context\":\"https:\\\/\\\/schema.org\",\"@graph\":[{\"@type\":\"Article\",\"@id\":\"https:\\\/\\\/algarve7.pt\\\/index.php\\\/2021\\\/09\\\/estacao-salva-vidas-de-sagres-apoia-tres-veleiros-que-sofreram-interacoes-com-orcas-ao-largo-de-lagos-e-sagres\\\/atualidade\\\/23\\\/16\\\/#article\",\"isPartOf\":{\"@id\":\"https:\\\/\\\/algarve7.pt\\\/index.php\\\/2021\\\/09\\\/estacao-salva-vidas-de-sagres-apoia-tres-veleiros-que-sofreram-interacoes-com-orcas-ao-largo-de-lagos-e-sagres\\\/atualidade\\\/23\\\/16\\\/\"},\"author\":{\"name\":\"Algarve 7\",\"@id\":\"https:\\\/\\\/algarve7.pt\\\/#\\\/schema\\\/person\\\/23fa70681308e7b319a3204bcea45e0c\"},\"headline\":\"Esta\u00e7\u00e3o Salva-vidas de Sagres apoia tr\u00eas veleiros que sofreram intera\u00e7\u00f5es com orcas ao largo de Lagos e Sagres\",\"datePublished\":\"2021-09-05T22:16:13+00:00\",\"dateModified\":\"2021-09-05T22:16:16+00:00\",\"mainEntityOfPage\":{\"@id\":\"https:\\\/\\\/algarve7.pt\\\/index.php\\\/2021\\\/09\\\/estacao-salva-vidas-de-sagres-apoia-tres-veleiros-que-sofreram-interacoes-com-orcas-ao-largo-de-lagos-e-sagres\\\/atualidade\\\/23\\\/16\\\/\"},\"wordCount\":416,\"commentCount\":0,\"publisher\":{\"@id\":\"https:\\\/\\\/algarve7.pt\\\/#organization\"},\"image\":{\"@id\":\"https:\\\/\\\/algarve7.pt\\\/index.php\\\/2021\\\/09\\\/estacao-salva-vidas-de-sagres-apoia-tres-veleiros-que-sofreram-interacoes-com-orcas-ao-largo-de-lagos-e-sagres\\\/atualidade\\\/23\\\/16\\\/#primaryimage\"},\"thumbnailUrl\":\"https:\\\/\\\/algarve7.pt\\\/wp-content\\\/uploads\\\/2021\\\/09\\\/WhatsApp-Image-2021-09-05-at-12.57.06.jpeg\",\"keywords\":[\"Algarve\",\"Atualidade\",\"Autoridade Mar\u00edtima\",\"Lagos\",\"Sagres\"],\"articleSection\":[\"Atualidade\"],\"inLanguage\":\"pt-PT\",\"potentialAction\":[{\"@type\":\"CommentAction\",\"name\":\"Comment\",\"target\":[\"https:\\\/\\\/algarve7.pt\\\/index.php\\\/2021\\\/09\\\/estacao-salva-vidas-de-sagres-apoia-tres-veleiros-que-sofreram-interacoes-com-orcas-ao-largo-de-lagos-e-sagres\\\/atualidade\\\/23\\\/16\\\/#respond\"]}]},{\"@type\":\"WebPage\",\"@id\":\"https:\\\/\\\/algarve7.pt\\\/index.php\\\/2021\\\/09\\\/estacao-salva-vidas-de-sagres-apoia-tres-veleiros-que-sofreram-interacoes-com-orcas-ao-largo-de-lagos-e-sagres\\\/atualidade\\\/23\\\/16\\\/\",\"url\":\"https:\\\/\\\/algarve7.pt\\\/index.php\\\/2021\\\/09\\\/estacao-salva-vidas-de-sagres-apoia-tres-veleiros-que-sofreram-interacoes-com-orcas-ao-largo-de-lagos-e-sagres\\\/atualidade\\\/23\\\/16\\\/\",\"name\":\"Esta\u00e7\u00e3o Salva-vidas de Sagres apoia tr\u00eas veleiros que sofreram intera\u00e7\u00f5es com orcas ao largo de Lagos e Sagres - Algarve 7\",\"isPartOf\":{\"@id\":\"https:\\\/\\\/algarve7.pt\\\/#website\"},\"primaryImageOfPage\":{\"@id\":\"https:\\\/\\\/algarve7.pt\\\/index.php\\\/2021\\\/09\\\/estacao-salva-vidas-de-sagres-apoia-tres-veleiros-que-sofreram-interacoes-com-orcas-ao-largo-de-lagos-e-sagres\\\/atualidade\\\/23\\\/16\\\/#primaryimage\"},\"image\":{\"@id\":\"https:\\\/\\\/algarve7.pt\\\/index.php\\\/2021\\\/09\\\/estacao-salva-vidas-de-sagres-apoia-tres-veleiros-que-sofreram-interacoes-com-orcas-ao-largo-de-lagos-e-sagres\\\/atualidade\\\/23\\\/16\\\/#primaryimage\"},\"thumbnailUrl\":\"https:\\\/\\\/algarve7.pt\\\/wp-content\\\/uploads\\\/2021\\\/09\\\/WhatsApp-Image-2021-09-05-at-12.57.06.jpeg\",\"datePublished\":\"2021-09-05T22:16:13+00:00\",\"dateModified\":\"2021-09-05T22:16:16+00:00\",\"description\":\"Esta\u00e7\u00e3o Salva-vidas de Sagres apoia tr\u00eas veleiros que sofreram intera\u00e7\u00f5es com orcas ao largo de Lagos e Sagres Atualidade\",\"breadcrumb\":{\"@id\":\"https:\\\/\\\/algarve7.pt\\\/index.php\\\/2021\\\/09\\\/estacao-salva-vidas-de-sagres-apoia-tres-veleiros-que-sofreram-interacoes-com-orcas-ao-largo-de-lagos-e-sagres\\\/atualidade\\\/23\\\/16\\\/#breadcrumb\"},\"inLanguage\":\"pt-PT\",\"potentialAction\":[{\"@type\":\"ReadAction\",\"target\":[\"https:\\\/\\\/algarve7.pt\\\/index.php\\\/2021\\\/09\\\/estacao-salva-vidas-de-sagres-apoia-tres-veleiros-que-sofreram-interacoes-com-orcas-ao-largo-de-lagos-e-sagres\\\/atualidade\\\/23\\\/16\\\/\"]}]},{\"@type\":\"ImageObject\",\"inLanguage\":\"pt-PT\",\"@id\":\"https:\\\/\\\/algarve7.pt\\\/index.php\\\/2021\\\/09\\\/estacao-salva-vidas-de-sagres-apoia-tres-veleiros-que-sofreram-interacoes-com-orcas-ao-largo-de-lagos-e-sagres\\\/atualidade\\\/23\\\/16\\\/#primaryimage\",\"url\":\"https:\\\/\\\/algarve7.pt\\\/wp-content\\\/uploads\\\/2021\\\/09\\\/WhatsApp-Image-2021-09-05-at-12.57.06.jpeg\",\"contentUrl\":\"https:\\\/\\\/algarve7.pt\\\/wp-content\\\/uploads\\\/2021\\\/09\\\/WhatsApp-Image-2021-09-05-at-12.57.06.jpeg\",\"width\":1440,\"height\":1919},{\"@type\":\"BreadcrumbList\",\"@id\":\"https:\\\/\\\/algarve7.pt\\\/index.php\\\/2021\\\/09\\\/estacao-salva-vidas-de-sagres-apoia-tres-veleiros-que-sofreram-interacoes-com-orcas-ao-largo-de-lagos-e-sagres\\\/atualidade\\\/23\\\/16\\\/#breadcrumb\",\"itemListElement\":[{\"@type\":\"ListItem\",\"position\":1,\"name\":\"In\u00edcio\",\"item\":\"https:\\\/\\\/algarve7.pt\\\/\"},{\"@type\":\"ListItem\",\"position\":2,\"name\":\"Esta\u00e7\u00e3o Salva-vidas de Sagres apoia tr\u00eas veleiros que sofreram intera\u00e7\u00f5es com orcas ao largo de Lagos e Sagres\"}]},{\"@type\":\"WebSite\",\"@id\":\"https:\\\/\\\/algarve7.pt\\\/#website\",\"url\":\"https:\\\/\\\/algarve7.pt\\\/\",\"name\":\"Algarve 7\",\"description\":\"Informa\u00e7\u00e3o sobre o Algarve\",\"publisher\":{\"@id\":\"https:\\\/\\\/algarve7.pt\\\/#organization\"},\"potentialAction\":[{\"@type\":\"SearchAction\",\"target\":{\"@type\":\"EntryPoint\",\"urlTemplate\":\"https:\\\/\\\/algarve7.pt\\\/?s={search_term_string}\"},\"query-input\":{\"@type\":\"PropertyValueSpecification\",\"valueRequired\":true,\"valueName\":\"search_term_string\"}}],\"inLanguage\":\"pt-PT\"},{\"@type\":\"Organization\",\"@id\":\"https:\\\/\\\/algarve7.pt\\\/#organization\",\"name\":\"Algarve 7\",\"url\":\"https:\\\/\\\/algarve7.pt\\\/\",\"logo\":{\"@type\":\"ImageObject\",\"inLanguage\":\"pt-PT\",\"@id\":\"https:\\\/\\\/algarve7.pt\\\/#\\\/schema\\\/logo\\\/image\\\/\",\"url\":\"https:\\\/\\\/algarve7.pt\\\/wp-content\\\/uploads\\\/2020\\\/10\\\/Logo-8.jpg\",\"contentUrl\":\"https:\\\/\\\/algarve7.pt\\\/wp-content\\\/uploads\\\/2020\\\/10\\\/Logo-8.jpg\",\"width\":1680,\"height\":1186,\"caption\":\"Algarve 7\"},\"image\":{\"@id\":\"https:\\\/\\\/algarve7.pt\\\/#\\\/schema\\\/logo\\\/image\\\/\"},\"sameAs\":[\"https:\\\/\\\/www.facebook.com\\\/algarve7\",\"https:\\\/\\\/x.com\\\/Algarvesete\",\"https:\\\/\\\/www.instagram.com\\\/jornalalgarve7\\\/\",\"https:\\\/\\\/www.linkedin.com\\\/company\\\/algarve7\",\"https:\\\/\\\/www.pinterest.pt\\\/geral0939\\\/_created\\\/\"]},{\"@type\":\"Person\",\"@id\":\"https:\\\/\\\/algarve7.pt\\\/#\\\/schema\\\/person\\\/23fa70681308e7b319a3204bcea45e0c\",\"name\":\"Algarve 7\",\"sameAs\":[\"https:\\\/\\\/algarve7.pt\",\"https:\\\/\\\/www.facebook.com\\\/algarve7\"],\"url\":\"https:\\\/\\\/algarve7.pt\\\/index.php\\\/author\\\/geralalgarve7-pt\\\/\"}]}<\/script>\n<!-- \/ Yoast SEO plugin. -->","yoast_head_json":{"title":"Esta\u00e7\u00e3o Salva-vidas de Sagres apoia tr\u00eas veleiros que sofreram intera\u00e7\u00f5es com orcas ao largo de Lagos e Sagres - Algarve 7","description":"Esta\u00e7\u00e3o Salva-vidas de Sagres apoia tr\u00eas veleiros que sofreram intera\u00e7\u00f5es com orcas ao largo de Lagos e Sagres Atualidade","robots":{"index":"index","follow":"follow","max-snippet":"max-snippet:-1","max-image-preview":"max-image-preview:large","max-video-preview":"max-video-preview:-1"},"canonical":"https:\/\/algarve7.pt\/index.php\/2021\/09\/estacao-salva-vidas-de-sagres-apoia-tres-veleiros-que-sofreram-interacoes-com-orcas-ao-largo-de-lagos-e-sagres\/atualidade\/23\/16\/","og_locale":"pt_PT","og_type":"article","og_title":"Esta\u00e7\u00e3o Salva-vidas de Sagres apoia tr\u00eas veleiros que sofreram intera\u00e7\u00f5es com orcas ao largo de Lagos e Sagres - Algarve 7","og_description":"Esta\u00e7\u00e3o Salva-vidas de Sagres apoia tr\u00eas veleiros que sofreram intera\u00e7\u00f5es com orcas ao largo de Lagos e Sagres Atualidade","og_url":"https:\/\/algarve7.pt\/index.php\/2021\/09\/estacao-salva-vidas-de-sagres-apoia-tres-veleiros-que-sofreram-interacoes-com-orcas-ao-largo-de-lagos-e-sagres\/atualidade\/23\/16\/","og_site_name":"Algarve 7","article_publisher":"https:\/\/www.facebook.com\/algarve7","article_author":"https:\/\/www.facebook.com\/algarve7","article_published_time":"2021-09-05T22:16:13+00:00","article_modified_time":"2021-09-05T22:16:16+00:00","og_image":[{"width":1440,"height":1919,"url":"https:\/\/algarve7.pt\/wp-content\/uploads\/2021\/09\/WhatsApp-Image-2021-09-05-at-12.57.06.jpeg","type":"image\/jpeg"}],"author":"Algarve 7","twitter_card":"summary_large_image","twitter_creator":"@Algarvesete","twitter_site":"@Algarvesete","twitter_misc":{"Escrito por":"Algarve 7","Tempo estimado de leitura":"2 minutos"},"schema":{"@context":"https:\/\/schema.org","@graph":[{"@type":"Article","@id":"https:\/\/algarve7.pt\/index.php\/2021\/09\/estacao-salva-vidas-de-sagres-apoia-tres-veleiros-que-sofreram-interacoes-com-orcas-ao-largo-de-lagos-e-sagres\/atualidade\/23\/16\/#article","isPartOf":{"@id":"https:\/\/algarve7.pt\/index.php\/2021\/09\/estacao-salva-vidas-de-sagres-apoia-tres-veleiros-que-sofreram-interacoes-com-orcas-ao-largo-de-lagos-e-sagres\/atualidade\/23\/16\/"},"author":{"name":"Algarve 7","@id":"https:\/\/algarve7.pt\/#\/schema\/person\/23fa70681308e7b319a3204bcea45e0c"},"headline":"Esta\u00e7\u00e3o Salva-vidas de Sagres apoia tr\u00eas veleiros que sofreram intera\u00e7\u00f5es com orcas ao largo de Lagos e Sagres","datePublished":"2021-09-05T22:16:13+00:00","dateModified":"2021-09-05T22:16:16+00:00","mainEntityOfPage":{"@id":"https:\/\/algarve7.pt\/index.php\/2021\/09\/estacao-salva-vidas-de-sagres-apoia-tres-veleiros-que-sofreram-interacoes-com-orcas-ao-largo-de-lagos-e-sagres\/atualidade\/23\/16\/"},"wordCount":416,"commentCount":0,"publisher":{"@id":"https:\/\/algarve7.pt\/#organization"},"image":{"@id":"https:\/\/algarve7.pt\/index.php\/2021\/09\/estacao-salva-vidas-de-sagres-apoia-tres-veleiros-que-sofreram-interacoes-com-orcas-ao-largo-de-lagos-e-sagres\/atualidade\/23\/16\/#primaryimage"},"thumbnailUrl":"https:\/\/algarve7.pt\/wp-content\/uploads\/2021\/09\/WhatsApp-Image-2021-09-05-at-12.57.06.jpeg","keywords":["Algarve","Atualidade","Autoridade Mar\u00edtima","Lagos","Sagres"],"articleSection":["Atualidade"],"inLanguage":"pt-PT","potentialAction":[{"@type":"CommentAction","name":"Comment","target":["https:\/\/algarve7.pt\/index.php\/2021\/09\/estacao-salva-vidas-de-sagres-apoia-tres-veleiros-que-sofreram-interacoes-com-orcas-ao-largo-de-lagos-e-sagres\/atualidade\/23\/16\/#respond"]}]},{"@type":"WebPage","@id":"https:\/\/algarve7.pt\/index.php\/2021\/09\/estacao-salva-vidas-de-sagres-apoia-tres-veleiros-que-sofreram-interacoes-com-orcas-ao-largo-de-lagos-e-sagres\/atualidade\/23\/16\/","url":"https:\/\/algarve7.pt\/index.php\/2021\/09\/estacao-salva-vidas-de-sagres-apoia-tres-veleiros-que-sofreram-interacoes-com-orcas-ao-largo-de-lagos-e-sagres\/atualidade\/23\/16\/","name":"Esta\u00e7\u00e3o Salva-vidas de Sagres apoia tr\u00eas veleiros que sofreram intera\u00e7\u00f5es com orcas ao largo de Lagos e Sagres - Algarve 7","isPartOf":{"@id":"https:\/\/algarve7.pt\/#website"},"primaryImageOfPage":{"@id":"https:\/\/algarve7.pt\/index.php\/2021\/09\/estacao-salva-vidas-de-sagres-apoia-tres-veleiros-que-sofreram-interacoes-com-orcas-ao-largo-de-lagos-e-sagres\/atualidade\/23\/16\/#primaryimage"},"image":{"@id":"https:\/\/algarve7.pt\/index.php\/2021\/09\/estacao-salva-vidas-de-sagres-apoia-tres-veleiros-que-sofreram-interacoes-com-orcas-ao-largo-de-lagos-e-sagres\/atualidade\/23\/16\/#primaryimage"},"thumbnailUrl":"https:\/\/algarve7.pt\/wp-content\/uploads\/2021\/09\/WhatsApp-Image-2021-09-05-at-12.57.06.jpeg","datePublished":"2021-09-05T22:16:13+00:00","dateModified":"2021-09-05T22:16:16+00:00","description":"Esta\u00e7\u00e3o Salva-vidas de Sagres apoia tr\u00eas veleiros que sofreram intera\u00e7\u00f5es com orcas ao largo de Lagos e Sagres Atualidade","breadcrumb":{"@id":"https:\/\/algarve7.pt\/index.php\/2021\/09\/estacao-salva-vidas-de-sagres-apoia-tres-veleiros-que-sofreram-interacoes-com-orcas-ao-largo-de-lagos-e-sagres\/atualidade\/23\/16\/#breadcrumb"},"inLanguage":"pt-PT","potentialAction":[{"@type":"ReadAction","target":["https:\/\/algarve7.pt\/index.php\/2021\/09\/estacao-salva-vidas-de-sagres-apoia-tres-veleiros-que-sofreram-interacoes-com-orcas-ao-largo-de-lagos-e-sagres\/atualidade\/23\/16\/"]}]},{"@type":"ImageObject","inLanguage":"pt-PT","@id":"https:\/\/algarve7.pt\/index.php\/2021\/09\/estacao-salva-vidas-de-sagres-apoia-tres-veleiros-que-sofreram-interacoes-com-orcas-ao-largo-de-lagos-e-sagres\/atualidade\/23\/16\/#primaryimage","url":"https:\/\/algarve7.pt\/wp-content\/uploads\/2021\/09\/WhatsApp-Image-2021-09-05-at-12.57.06.jpeg","contentUrl":"https:\/\/algarve7.pt\/wp-content\/uploads\/2021\/09\/WhatsApp-Image-2021-09-05-at-12.57.06.jpeg","width":1440,"height":1919},{"@type":"BreadcrumbList","@id":"https:\/\/algarve7.pt\/index.php\/2021\/09\/estacao-salva-vidas-de-sagres-apoia-tres-veleiros-que-sofreram-interacoes-com-orcas-ao-largo-de-lagos-e-sagres\/atualidade\/23\/16\/#breadcrumb","itemListElement":[{"@type":"ListItem","position":1,"name":"In\u00edcio","item":"https:\/\/algarve7.pt\/"},{"@type":"ListItem","position":2,"name":"Esta\u00e7\u00e3o Salva-vidas de Sagres apoia tr\u00eas veleiros que sofreram intera\u00e7\u00f5es com orcas ao largo de Lagos e Sagres"}]},{"@type":"WebSite","@id":"https:\/\/algarve7.pt\/#website","url":"https:\/\/algarve7.pt\/","name":"Algarve 7","description":"Informa\u00e7\u00e3o sobre o Algarve","publisher":{"@id":"https:\/\/algarve7.pt\/#organization"},"potentialAction":[{"@type":"SearchAction","target":{"@type":"EntryPoint","urlTemplate":"https:\/\/algarve7.pt\/?s={search_term_string}"},"query-input":{"@type":"PropertyValueSpecification","valueRequired":true,"valueName":"search_term_string"}}],"inLanguage":"pt-PT"},{"@type":"Organization","@id":"https:\/\/algarve7.pt\/#organization","name":"Algarve 7","url":"https:\/\/algarve7.pt\/","logo":{"@type":"ImageObject","inLanguage":"pt-PT","@id":"https:\/\/algarve7.pt\/#\/schema\/logo\/image\/","url":"https:\/\/algarve7.pt\/wp-content\/uploads\/2020\/10\/Logo-8.jpg","contentUrl":"https:\/\/algarve7.pt\/wp-content\/uploads\/2020\/10\/Logo-8.jpg","width":1680,"height":1186,"caption":"Algarve 7"},"image":{"@id":"https:\/\/algarve7.pt\/#\/schema\/logo\/image\/"},"sameAs":["https:\/\/www.facebook.com\/algarve7","https:\/\/x.com\/Algarvesete","https:\/\/www.instagram.com\/jornalalgarve7\/","https:\/\/www.linkedin.com\/company\/algarve7","https:\/\/www.pinterest.pt\/geral0939\/_created\/"]},{"@type":"Person","@id":"https:\/\/algarve7.pt\/#\/schema\/person\/23fa70681308e7b319a3204bcea45e0c","name":"Algarve 7","sameAs":["https:\/\/algarve7.pt","https:\/\/www.facebook.com\/algarve7"],"url":"https:\/\/algarve7.pt\/index.php\/author\/geralalgarve7-pt\/"}]}},"jetpack_publicize_connections":[],"jetpack_featured_media_url":"https:\/\/algarve7.pt\/wp-content\/uploads\/2021\/09\/WhatsApp-Image-2021-09-05-at-12.57.06.jpeg","jetpack_shortlink":"https:\/\/wp.me\/pcezmW-2VR","jetpack_sharing_enabled":true,"_links":{"self":[{"href":"https:\/\/algarve7.pt\/index.php\/wp-json\/wp\/v2\/posts\/11275","targetHints":{"allow":["GET"]}}],"collection":[{"href":"https:\/\/algarve7.pt\/index.php\/wp-json\/wp\/v2\/posts"}],"about":[{"href":"https:\/\/algarve7.pt\/index.php\/wp-json\/wp\/v2\/types\/post"}],"author":[{"embeddable":true,"href":"https:\/\/algarve7.pt\/index.php\/wp-json\/wp\/v2\/users\/1"}],"replies":[{"embeddable":true,"href":"https:\/\/algarve7.pt\/index.php\/wp-json\/wp\/v2\/comments?post=11275"}],"version-history":[{"count":0,"href":"https:\/\/algarve7.pt\/index.php\/wp-json\/wp\/v2\/posts\/11275\/revisions"}],"wp:featuredmedia":[{"embeddable":true,"href":"https:\/\/algarve7.pt\/index.php\/wp-json\/wp\/v2\/media\/11276"}],"wp:attachment":[{"href":"https:\/\/algarve7.pt\/index.php\/wp-json\/wp\/v2\/media?parent=11275"}],"wp:term":[{"taxonomy":"category","embeddable":true,"href":"https:\/\/algarve7.pt\/index.php\/wp-json\/wp\/v2\/categories?post=11275"},{"taxonomy":"post_tag","embeddable":true,"href":"https:\/\/algarve7.pt\/index.php\/wp-json\/wp\/v2\/tags?post=11275"}],"curies":[{"name":"wp","href":"https:\/\/api.w.org\/{rel}","templated":true}]}}