{"id":11251,"date":"2021-09-04T14:01:00","date_gmt":"2021-09-04T13:01:00","guid":{"rendered":"https:\/\/algarve7.pt\/?p=11251"},"modified":"2021-09-04T13:03:19","modified_gmt":"2021-09-04T12:03:19","slug":"ualg-disponibiliza-mais-250-vagas-para-o-concurso-nacional-de-acesso-ao-ensino-superior","status":"publish","type":"post","link":"https:\/\/algarve7.pt\/index.php\/2021\/09\/ualg-disponibiliza-mais-250-vagas-para-o-concurso-nacional-de-acesso-ao-ensino-superior\/educacao\/14\/01\/","title":{"rendered":"UAlg disponibiliza mais 250 vagas para o Concurso Nacional de Acesso ao Ensino Superior"},"content":{"rendered":"\n<p>Na sequ\u00eancia da elevada procura por parte dos estudantes, a Universidade do Algarve vai aumentar o n\u00famero de vagas para o Concurso Nacional de Acesso ao Ensino Superior, com um refor\u00e7o de mais 250 vagas.<\/p>\n\n\n\n<p>Segundo o Minist\u00e9rio da Ci\u00eancia, Tecnologia e Ensino Superior, candidataram-se \u00e0 1.\u00aa fase do Concurso Nacional de Acesso (CNA) 63 878 estudantes para o ano letivo de 2021-2022, representando um aumento de 1203 candidatos face ao per\u00edodo hom\u00f3logo de 2020, altura em que se candidataram 62.675 estudantes.<\/p>\n\n\n\n<p>A UAlg, que j\u00e1 havia disponibilizado 1500 vagas, acrescenta 250 nos cursos com maior procura, para dar resposta ao elevado n\u00famero de candidaturas verificado este ano. Situa\u00e7\u00e3o similar ocorreu o ano passado, quando foram adicionadas 245 vagas \u00e0s 1475 iniciais. Assim, a UAlg oferece para este ano letivo 1750 vagas, mais 30 do que em 2020\/21.<\/p>\n\n\n\n<p>Refira-se que no ano transato, a UAlg atingiu o n\u00famero mais elevado de candidatos colocados na 1\u00aa fase do Concurso Nacional de Acesso ao Ensino Superior dos \u00faltimos 20 anos, com um crescimento de 29%, quase duas vezes superior \u00e0 m\u00e9dia nacional (15%).<\/p>\n\n\n\n<p>A UAlg oferece cursos de forma\u00e7\u00e3o inicial e p\u00f3s-graduada, nas suas diversas \u00e1reas de forma\u00e7\u00e3o &#8211; Artes, Comunica\u00e7\u00e3o e Patrim\u00f3nio; Ci\u00eancias Exatas e Naturais; Ci\u00eancias Sociais e da Educa\u00e7\u00e3o; Ci\u00eancias e Tecnologias da Sa\u00fade; Economia, Gest\u00e3o e Turismo; Engenharias e Tecnologias -, disponibilizando 44 cursos de licenciatura e um mestrado integrado para o ano letivo de 2021\/22.<\/p>\n\n\n\n<p>Recorde-se que o valor da propina na UAlg mant\u00e9m-se nos 697,00 euros, que podem ser liquidados em dez presta\u00e7\u00f5es mensais.<\/p>\n\n\n\n<p>Os alunos que pretendam ingressar na Universidade do Algarve poder\u00e3o consultar quais os&nbsp;<strong>cursos dispon\u00edveis<\/strong>, as&nbsp;<strong>condi\u00e7\u00f5es de acesso<\/strong>&nbsp;e outras&nbsp;<strong>informa\u00e7\u00f5es \u00fateis<\/strong>&nbsp;em:&nbsp;<\/p>\n\n\n\n<p><a href=\"https:\/\/www.ualg.pt\/sabe-tudo-sobre-o-concurso-nacional-de-acesso-ao-ensino%20superior\" target=\"_blank\" rel=\"noreferrer noopener\">https:\/\/www.ualg.pt\/sabe-tudo-sobre-o-concurso-nacional-de-acesso-ao-ensino superior<\/a><\/p>\n","protected":false},"excerpt":{"rendered":"<p>Na sequ\u00eancia da elevada procura por parte dos estudantes, a Universidade do Algarve vai aumentar o n\u00famero de vagas para<\/p>\n","protected":false},"author":1,"featured_media":11252,"comment_status":"closed","ping_status":"open","sticky":false,"template":"","format":"standard","meta":{"colormag_page_container_layout":"default_layout","colormag_page_sidebar_layout":"default_layout","_monsterinsights_skip_tracking":false,"_monsterinsights_sitenote_active":false,"_monsterinsights_sitenote_note":"","_monsterinsights_sitenote_category":0,"jetpack_post_was_ever_published":false,"_jetpack_newsletter_access":"","_jetpack_dont_email_post_to_subs":false,"_jetpack_newsletter_tier_id":0,"_jetpack_memberships_contains_paywalled_content":false,"_jetpack_memberships_contains_paid_content":false,"footnotes":"","jetpack_publicize_message":"","jetpack_publicize_feature_enabled":true,"jetpack_social_post_already_shared":true,"jetpack_social_options":{"image_generator_settings":{"template":"highway","default_image_id":0,"font":"","enabled":false},"version":2}},"categories":[93],"tags":[36,74,182,433],"class_list":["post-11251","post","type-post","status-publish","format-standard","has-post-thumbnail","hentry","category-educacao","tag-algarve","tag-educacao","tag-ualg","tag-universidade"],"yoast_head":"<!-- This site is optimized with the Yoast SEO plugin v27.5 - https:\/\/yoast.com\/product\/yoast-seo-wordpress\/ -->\n<title>UAlg disponibiliza mais 250 vagas para o Concurso Nacional de Acesso ao Ensino Superior - Algarve 7<\/title>\n<meta name=\"description\" content=\"UAlg disponibiliza mais 250 vagas para o Concurso Nacional de Acesso ao Ensino Superior Educa\u00e7\u00e3o\" \/>\n<meta name=\"robots\" content=\"index, follow, max-snippet:-1, max-image-preview:large, max-video-preview:-1\" \/>\n<link rel=\"canonical\" href=\"https:\/\/algarve7.pt\/index.php\/2021\/09\/ualg-disponibiliza-mais-250-vagas-para-o-concurso-nacional-de-acesso-ao-ensino-superior\/educacao\/14\/01\/\" \/>\n<meta property=\"og:locale\" content=\"pt_PT\" \/>\n<meta property=\"og:type\" content=\"article\" \/>\n<meta property=\"og:title\" content=\"UAlg disponibiliza mais 250 vagas para o Concurso Nacional de Acesso ao Ensino Superior - Algarve 7\" \/>\n<meta property=\"og:description\" content=\"UAlg disponibiliza mais 250 vagas para o Concurso Nacional de Acesso ao Ensino Superior Educa\u00e7\u00e3o\" \/>\n<meta property=\"og:url\" content=\"https:\/\/algarve7.pt\/index.php\/2021\/09\/ualg-disponibiliza-mais-250-vagas-para-o-concurso-nacional-de-acesso-ao-ensino-superior\/educacao\/14\/01\/\" \/>\n<meta property=\"og:site_name\" content=\"Algarve 7\" \/>\n<meta property=\"article:publisher\" content=\"https:\/\/www.facebook.com\/algarve7\" \/>\n<meta property=\"article:author\" content=\"https:\/\/www.facebook.com\/algarve7\" \/>\n<meta property=\"article:published_time\" content=\"2021-09-04T13:01:00+00:00\" \/>\n<meta property=\"og:image\" content=\"https:\/\/algarve7.pt\/wp-content\/uploads\/2021\/09\/Captura-de-ecra-2021-09-04-as-13.01.01-1024x565.png\" \/>\n\t<meta property=\"og:image:width\" content=\"1024\" \/>\n\t<meta property=\"og:image:height\" content=\"565\" \/>\n\t<meta property=\"og:image:type\" content=\"image\/png\" \/>\n<meta name=\"author\" content=\"Algarve 7\" \/>\n<meta name=\"twitter:card\" content=\"summary_large_image\" \/>\n<meta name=\"twitter:creator\" content=\"@Algarvesete\" \/>\n<meta name=\"twitter:site\" content=\"@Algarvesete\" \/>\n<meta name=\"twitter:label1\" content=\"Escrito por\" \/>\n\t<meta name=\"twitter:data1\" content=\"Algarve 7\" \/>\n\t<meta name=\"twitter:label2\" content=\"Tempo estimado de leitura\" \/>\n\t<meta name=\"twitter:data2\" content=\"2 minutos\" \/>\n<script type=\"application\/ld+json\" class=\"yoast-schema-graph\">{\"@context\":\"https:\\\/\\\/schema.org\",\"@graph\":[{\"@type\":\"Article\",\"@id\":\"https:\\\/\\\/algarve7.pt\\\/index.php\\\/2021\\\/09\\\/ualg-disponibiliza-mais-250-vagas-para-o-concurso-nacional-de-acesso-ao-ensino-superior\\\/educacao\\\/14\\\/01\\\/#article\",\"isPartOf\":{\"@id\":\"https:\\\/\\\/algarve7.pt\\\/index.php\\\/2021\\\/09\\\/ualg-disponibiliza-mais-250-vagas-para-o-concurso-nacional-de-acesso-ao-ensino-superior\\\/educacao\\\/14\\\/01\\\/\"},\"author\":{\"name\":\"Algarve 7\",\"@id\":\"https:\\\/\\\/algarve7.pt\\\/#\\\/schema\\\/person\\\/23fa70681308e7b319a3204bcea45e0c\"},\"headline\":\"UAlg disponibiliza mais 250 vagas para o Concurso Nacional de Acesso ao Ensino Superior\",\"datePublished\":\"2021-09-04T13:01:00+00:00\",\"mainEntityOfPage\":{\"@id\":\"https:\\\/\\\/algarve7.pt\\\/index.php\\\/2021\\\/09\\\/ualg-disponibiliza-mais-250-vagas-para-o-concurso-nacional-de-acesso-ao-ensino-superior\\\/educacao\\\/14\\\/01\\\/\"},\"wordCount\":312,\"publisher\":{\"@id\":\"https:\\\/\\\/algarve7.pt\\\/#organization\"},\"image\":{\"@id\":\"https:\\\/\\\/algarve7.pt\\\/index.php\\\/2021\\\/09\\\/ualg-disponibiliza-mais-250-vagas-para-o-concurso-nacional-de-acesso-ao-ensino-superior\\\/educacao\\\/14\\\/01\\\/#primaryimage\"},\"thumbnailUrl\":\"https:\\\/\\\/algarve7.pt\\\/wp-content\\\/uploads\\\/2021\\\/09\\\/Captura-de-ecra-2021-09-04-as-13.01.01.png\",\"keywords\":[\"Algarve\",\"Educa\u00e7\u00e3o\",\"UALG\",\"Universidade\"],\"articleSection\":[\"Educa\u00e7\u00e3o\"],\"inLanguage\":\"pt-PT\"},{\"@type\":\"WebPage\",\"@id\":\"https:\\\/\\\/algarve7.pt\\\/index.php\\\/2021\\\/09\\\/ualg-disponibiliza-mais-250-vagas-para-o-concurso-nacional-de-acesso-ao-ensino-superior\\\/educacao\\\/14\\\/01\\\/\",\"url\":\"https:\\\/\\\/algarve7.pt\\\/index.php\\\/2021\\\/09\\\/ualg-disponibiliza-mais-250-vagas-para-o-concurso-nacional-de-acesso-ao-ensino-superior\\\/educacao\\\/14\\\/01\\\/\",\"name\":\"UAlg disponibiliza mais 250 vagas para o Concurso Nacional de Acesso ao Ensino Superior - Algarve 7\",\"isPartOf\":{\"@id\":\"https:\\\/\\\/algarve7.pt\\\/#website\"},\"primaryImageOfPage\":{\"@id\":\"https:\\\/\\\/algarve7.pt\\\/index.php\\\/2021\\\/09\\\/ualg-disponibiliza-mais-250-vagas-para-o-concurso-nacional-de-acesso-ao-ensino-superior\\\/educacao\\\/14\\\/01\\\/#primaryimage\"},\"image\":{\"@id\":\"https:\\\/\\\/algarve7.pt\\\/index.php\\\/2021\\\/09\\\/ualg-disponibiliza-mais-250-vagas-para-o-concurso-nacional-de-acesso-ao-ensino-superior\\\/educacao\\\/14\\\/01\\\/#primaryimage\"},\"thumbnailUrl\":\"https:\\\/\\\/algarve7.pt\\\/wp-content\\\/uploads\\\/2021\\\/09\\\/Captura-de-ecra-2021-09-04-as-13.01.01.png\",\"datePublished\":\"2021-09-04T13:01:00+00:00\",\"description\":\"UAlg disponibiliza mais 250 vagas para o Concurso Nacional de Acesso ao Ensino Superior Educa\u00e7\u00e3o\",\"breadcrumb\":{\"@id\":\"https:\\\/\\\/algarve7.pt\\\/index.php\\\/2021\\\/09\\\/ualg-disponibiliza-mais-250-vagas-para-o-concurso-nacional-de-acesso-ao-ensino-superior\\\/educacao\\\/14\\\/01\\\/#breadcrumb\"},\"inLanguage\":\"pt-PT\",\"potentialAction\":[{\"@type\":\"ReadAction\",\"target\":[\"https:\\\/\\\/algarve7.pt\\\/index.php\\\/2021\\\/09\\\/ualg-disponibiliza-mais-250-vagas-para-o-concurso-nacional-de-acesso-ao-ensino-superior\\\/educacao\\\/14\\\/01\\\/\"]}]},{\"@type\":\"ImageObject\",\"inLanguage\":\"pt-PT\",\"@id\":\"https:\\\/\\\/algarve7.pt\\\/index.php\\\/2021\\\/09\\\/ualg-disponibiliza-mais-250-vagas-para-o-concurso-nacional-de-acesso-ao-ensino-superior\\\/educacao\\\/14\\\/01\\\/#primaryimage\",\"url\":\"https:\\\/\\\/algarve7.pt\\\/wp-content\\\/uploads\\\/2021\\\/09\\\/Captura-de-ecra-2021-09-04-as-13.01.01.png\",\"contentUrl\":\"https:\\\/\\\/algarve7.pt\\\/wp-content\\\/uploads\\\/2021\\\/09\\\/Captura-de-ecra-2021-09-04-as-13.01.01.png\",\"width\":1548,\"height\":854},{\"@type\":\"BreadcrumbList\",\"@id\":\"https:\\\/\\\/algarve7.pt\\\/index.php\\\/2021\\\/09\\\/ualg-disponibiliza-mais-250-vagas-para-o-concurso-nacional-de-acesso-ao-ensino-superior\\\/educacao\\\/14\\\/01\\\/#breadcrumb\",\"itemListElement\":[{\"@type\":\"ListItem\",\"position\":1,\"name\":\"In\u00edcio\",\"item\":\"https:\\\/\\\/algarve7.pt\\\/\"},{\"@type\":\"ListItem\",\"position\":2,\"name\":\"UAlg disponibiliza mais 250 vagas para o Concurso Nacional de Acesso ao Ensino Superior\"}]},{\"@type\":\"WebSite\",\"@id\":\"https:\\\/\\\/algarve7.pt\\\/#website\",\"url\":\"https:\\\/\\\/algarve7.pt\\\/\",\"name\":\"Algarve 7\",\"description\":\"Informa\u00e7\u00e3o sobre o Algarve\",\"publisher\":{\"@id\":\"https:\\\/\\\/algarve7.pt\\\/#organization\"},\"potentialAction\":[{\"@type\":\"SearchAction\",\"target\":{\"@type\":\"EntryPoint\",\"urlTemplate\":\"https:\\\/\\\/algarve7.pt\\\/?s={search_term_string}\"},\"query-input\":{\"@type\":\"PropertyValueSpecification\",\"valueRequired\":true,\"valueName\":\"search_term_string\"}}],\"inLanguage\":\"pt-PT\"},{\"@type\":\"Organization\",\"@id\":\"https:\\\/\\\/algarve7.pt\\\/#organization\",\"name\":\"Algarve 7\",\"url\":\"https:\\\/\\\/algarve7.pt\\\/\",\"logo\":{\"@type\":\"ImageObject\",\"inLanguage\":\"pt-PT\",\"@id\":\"https:\\\/\\\/algarve7.pt\\\/#\\\/schema\\\/logo\\\/image\\\/\",\"url\":\"https:\\\/\\\/algarve7.pt\\\/wp-content\\\/uploads\\\/2020\\\/10\\\/Logo-8.jpg\",\"contentUrl\":\"https:\\\/\\\/algarve7.pt\\\/wp-content\\\/uploads\\\/2020\\\/10\\\/Logo-8.jpg\",\"width\":1680,\"height\":1186,\"caption\":\"Algarve 7\"},\"image\":{\"@id\":\"https:\\\/\\\/algarve7.pt\\\/#\\\/schema\\\/logo\\\/image\\\/\"},\"sameAs\":[\"https:\\\/\\\/www.facebook.com\\\/algarve7\",\"https:\\\/\\\/x.com\\\/Algarvesete\",\"https:\\\/\\\/www.instagram.com\\\/jornalalgarve7\\\/\",\"https:\\\/\\\/www.linkedin.com\\\/company\\\/algarve7\",\"https:\\\/\\\/www.pinterest.pt\\\/geral0939\\\/_created\\\/\"]},{\"@type\":\"Person\",\"@id\":\"https:\\\/\\\/algarve7.pt\\\/#\\\/schema\\\/person\\\/23fa70681308e7b319a3204bcea45e0c\",\"name\":\"Algarve 7\",\"sameAs\":[\"https:\\\/\\\/algarve7.pt\",\"https:\\\/\\\/www.facebook.com\\\/algarve7\"],\"url\":\"https:\\\/\\\/algarve7.pt\\\/index.php\\\/author\\\/geralalgarve7-pt\\\/\"}]}<\/script>\n<!-- \/ Yoast SEO plugin. -->","yoast_head_json":{"title":"UAlg disponibiliza mais 250 vagas para o Concurso Nacional de Acesso ao Ensino Superior - Algarve 7","description":"UAlg disponibiliza mais 250 vagas para o Concurso Nacional de Acesso ao Ensino Superior Educa\u00e7\u00e3o","robots":{"index":"index","follow":"follow","max-snippet":"max-snippet:-1","max-image-preview":"max-image-preview:large","max-video-preview":"max-video-preview:-1"},"canonical":"https:\/\/algarve7.pt\/index.php\/2021\/09\/ualg-disponibiliza-mais-250-vagas-para-o-concurso-nacional-de-acesso-ao-ensino-superior\/educacao\/14\/01\/","og_locale":"pt_PT","og_type":"article","og_title":"UAlg disponibiliza mais 250 vagas para o Concurso Nacional de Acesso ao Ensino Superior - Algarve 7","og_description":"UAlg disponibiliza mais 250 vagas para o Concurso Nacional de Acesso ao Ensino Superior Educa\u00e7\u00e3o","og_url":"https:\/\/algarve7.pt\/index.php\/2021\/09\/ualg-disponibiliza-mais-250-vagas-para-o-concurso-nacional-de-acesso-ao-ensino-superior\/educacao\/14\/01\/","og_site_name":"Algarve 7","article_publisher":"https:\/\/www.facebook.com\/algarve7","article_author":"https:\/\/www.facebook.com\/algarve7","article_published_time":"2021-09-04T13:01:00+00:00","og_image":[{"width":1024,"height":565,"url":"https:\/\/algarve7.pt\/wp-content\/uploads\/2021\/09\/Captura-de-ecra-2021-09-04-as-13.01.01-1024x565.png","type":"image\/png"}],"author":"Algarve 7","twitter_card":"summary_large_image","twitter_creator":"@Algarvesete","twitter_site":"@Algarvesete","twitter_misc":{"Escrito por":"Algarve 7","Tempo estimado de leitura":"2 minutos"},"schema":{"@context":"https:\/\/schema.org","@graph":[{"@type":"Article","@id":"https:\/\/algarve7.pt\/index.php\/2021\/09\/ualg-disponibiliza-mais-250-vagas-para-o-concurso-nacional-de-acesso-ao-ensino-superior\/educacao\/14\/01\/#article","isPartOf":{"@id":"https:\/\/algarve7.pt\/index.php\/2021\/09\/ualg-disponibiliza-mais-250-vagas-para-o-concurso-nacional-de-acesso-ao-ensino-superior\/educacao\/14\/01\/"},"author":{"name":"Algarve 7","@id":"https:\/\/algarve7.pt\/#\/schema\/person\/23fa70681308e7b319a3204bcea45e0c"},"headline":"UAlg disponibiliza mais 250 vagas para o Concurso Nacional de Acesso ao Ensino Superior","datePublished":"2021-09-04T13:01:00+00:00","mainEntityOfPage":{"@id":"https:\/\/algarve7.pt\/index.php\/2021\/09\/ualg-disponibiliza-mais-250-vagas-para-o-concurso-nacional-de-acesso-ao-ensino-superior\/educacao\/14\/01\/"},"wordCount":312,"publisher":{"@id":"https:\/\/algarve7.pt\/#organization"},"image":{"@id":"https:\/\/algarve7.pt\/index.php\/2021\/09\/ualg-disponibiliza-mais-250-vagas-para-o-concurso-nacional-de-acesso-ao-ensino-superior\/educacao\/14\/01\/#primaryimage"},"thumbnailUrl":"https:\/\/algarve7.pt\/wp-content\/uploads\/2021\/09\/Captura-de-ecra-2021-09-04-as-13.01.01.png","keywords":["Algarve","Educa\u00e7\u00e3o","UALG","Universidade"],"articleSection":["Educa\u00e7\u00e3o"],"inLanguage":"pt-PT"},{"@type":"WebPage","@id":"https:\/\/algarve7.pt\/index.php\/2021\/09\/ualg-disponibiliza-mais-250-vagas-para-o-concurso-nacional-de-acesso-ao-ensino-superior\/educacao\/14\/01\/","url":"https:\/\/algarve7.pt\/index.php\/2021\/09\/ualg-disponibiliza-mais-250-vagas-para-o-concurso-nacional-de-acesso-ao-ensino-superior\/educacao\/14\/01\/","name":"UAlg disponibiliza mais 250 vagas para o Concurso Nacional de Acesso ao Ensino Superior - Algarve 7","isPartOf":{"@id":"https:\/\/algarve7.pt\/#website"},"primaryImageOfPage":{"@id":"https:\/\/algarve7.pt\/index.php\/2021\/09\/ualg-disponibiliza-mais-250-vagas-para-o-concurso-nacional-de-acesso-ao-ensino-superior\/educacao\/14\/01\/#primaryimage"},"image":{"@id":"https:\/\/algarve7.pt\/index.php\/2021\/09\/ualg-disponibiliza-mais-250-vagas-para-o-concurso-nacional-de-acesso-ao-ensino-superior\/educacao\/14\/01\/#primaryimage"},"thumbnailUrl":"https:\/\/algarve7.pt\/wp-content\/uploads\/2021\/09\/Captura-de-ecra-2021-09-04-as-13.01.01.png","datePublished":"2021-09-04T13:01:00+00:00","description":"UAlg disponibiliza mais 250 vagas para o Concurso Nacional de Acesso ao Ensino Superior Educa\u00e7\u00e3o","breadcrumb":{"@id":"https:\/\/algarve7.pt\/index.php\/2021\/09\/ualg-disponibiliza-mais-250-vagas-para-o-concurso-nacional-de-acesso-ao-ensino-superior\/educacao\/14\/01\/#breadcrumb"},"inLanguage":"pt-PT","potentialAction":[{"@type":"ReadAction","target":["https:\/\/algarve7.pt\/index.php\/2021\/09\/ualg-disponibiliza-mais-250-vagas-para-o-concurso-nacional-de-acesso-ao-ensino-superior\/educacao\/14\/01\/"]}]},{"@type":"ImageObject","inLanguage":"pt-PT","@id":"https:\/\/algarve7.pt\/index.php\/2021\/09\/ualg-disponibiliza-mais-250-vagas-para-o-concurso-nacional-de-acesso-ao-ensino-superior\/educacao\/14\/01\/#primaryimage","url":"https:\/\/algarve7.pt\/wp-content\/uploads\/2021\/09\/Captura-de-ecra-2021-09-04-as-13.01.01.png","contentUrl":"https:\/\/algarve7.pt\/wp-content\/uploads\/2021\/09\/Captura-de-ecra-2021-09-04-as-13.01.01.png","width":1548,"height":854},{"@type":"BreadcrumbList","@id":"https:\/\/algarve7.pt\/index.php\/2021\/09\/ualg-disponibiliza-mais-250-vagas-para-o-concurso-nacional-de-acesso-ao-ensino-superior\/educacao\/14\/01\/#breadcrumb","itemListElement":[{"@type":"ListItem","position":1,"name":"In\u00edcio","item":"https:\/\/algarve7.pt\/"},{"@type":"ListItem","position":2,"name":"UAlg disponibiliza mais 250 vagas para o Concurso Nacional de Acesso ao Ensino Superior"}]},{"@type":"WebSite","@id":"https:\/\/algarve7.pt\/#website","url":"https:\/\/algarve7.pt\/","name":"Algarve 7","description":"Informa\u00e7\u00e3o sobre o Algarve","publisher":{"@id":"https:\/\/algarve7.pt\/#organization"},"potentialAction":[{"@type":"SearchAction","target":{"@type":"EntryPoint","urlTemplate":"https:\/\/algarve7.pt\/?s={search_term_string}"},"query-input":{"@type":"PropertyValueSpecification","valueRequired":true,"valueName":"search_term_string"}}],"inLanguage":"pt-PT"},{"@type":"Organization","@id":"https:\/\/algarve7.pt\/#organization","name":"Algarve 7","url":"https:\/\/algarve7.pt\/","logo":{"@type":"ImageObject","inLanguage":"pt-PT","@id":"https:\/\/algarve7.pt\/#\/schema\/logo\/image\/","url":"https:\/\/algarve7.pt\/wp-content\/uploads\/2020\/10\/Logo-8.jpg","contentUrl":"https:\/\/algarve7.pt\/wp-content\/uploads\/2020\/10\/Logo-8.jpg","width":1680,"height":1186,"caption":"Algarve 7"},"image":{"@id":"https:\/\/algarve7.pt\/#\/schema\/logo\/image\/"},"sameAs":["https:\/\/www.facebook.com\/algarve7","https:\/\/x.com\/Algarvesete","https:\/\/www.instagram.com\/jornalalgarve7\/","https:\/\/www.linkedin.com\/company\/algarve7","https:\/\/www.pinterest.pt\/geral0939\/_created\/"]},{"@type":"Person","@id":"https:\/\/algarve7.pt\/#\/schema\/person\/23fa70681308e7b319a3204bcea45e0c","name":"Algarve 7","sameAs":["https:\/\/algarve7.pt","https:\/\/www.facebook.com\/algarve7"],"url":"https:\/\/algarve7.pt\/index.php\/author\/geralalgarve7-pt\/"}]}},"jetpack_publicize_connections":[],"jetpack_featured_media_url":"https:\/\/algarve7.pt\/wp-content\/uploads\/2021\/09\/Captura-de-ecra-2021-09-04-as-13.01.01.png","jetpack_shortlink":"https:\/\/wp.me\/pcezmW-2Vt","jetpack_sharing_enabled":true,"_links":{"self":[{"href":"https:\/\/algarve7.pt\/index.php\/wp-json\/wp\/v2\/posts\/11251","targetHints":{"allow":["GET"]}}],"collection":[{"href":"https:\/\/algarve7.pt\/index.php\/wp-json\/wp\/v2\/posts"}],"about":[{"href":"https:\/\/algarve7.pt\/index.php\/wp-json\/wp\/v2\/types\/post"}],"author":[{"embeddable":true,"href":"https:\/\/algarve7.pt\/index.php\/wp-json\/wp\/v2\/users\/1"}],"replies":[{"embeddable":true,"href":"https:\/\/algarve7.pt\/index.php\/wp-json\/wp\/v2\/comments?post=11251"}],"version-history":[{"count":0,"href":"https:\/\/algarve7.pt\/index.php\/wp-json\/wp\/v2\/posts\/11251\/revisions"}],"wp:featuredmedia":[{"embeddable":true,"href":"https:\/\/algarve7.pt\/index.php\/wp-json\/wp\/v2\/media\/11252"}],"wp:attachment":[{"href":"https:\/\/algarve7.pt\/index.php\/wp-json\/wp\/v2\/media?parent=11251"}],"wp:term":[{"taxonomy":"category","embeddable":true,"href":"https:\/\/algarve7.pt\/index.php\/wp-json\/wp\/v2\/categories?post=11251"},{"taxonomy":"post_tag","embeddable":true,"href":"https:\/\/algarve7.pt\/index.php\/wp-json\/wp\/v2\/tags?post=11251"}],"curies":[{"name":"wp","href":"https:\/\/api.w.org\/{rel}","templated":true}]}}