{"id":11240,"date":"2021-09-03T17:14:40","date_gmt":"2021-09-03T16:14:40","guid":{"rendered":"https:\/\/algarve7.pt\/?p=11240"},"modified":"2021-09-03T17:14:43","modified_gmt":"2021-09-03T16:14:43","slug":"portugal-masters-entra-no-calendario-do-european-tour","status":"publish","type":"post","link":"https:\/\/algarve7.pt\/index.php\/2021\/09\/portugal-masters-entra-no-calendario-do-european-tour\/desporto\/17\/14\/","title":{"rendered":"Portugal Masters entra no calend\u00e1rio do European Tour"},"content":{"rendered":"\n<p><strong><em>AFINAL SEMPRE HAVER\u00c1 UM TORNEIO DA PRIMEIRA DIVIS\u00c3O DO GOLFE PROFISSIONAL EUROPEU EM PORTUGAL EM 2021 COM O DOM PEDRO VICTORIA GOLF COURSE A RECEBER O EVENTO PELO 15.\u00ba ANO CONSECUTIVO, DE 4 A 7 DE NOVEMBRO\u00a0<\/em><\/strong><\/p>\n\n\n\n<p><em>O European Tour adicionou hoje o Portugal Masters ao seu calend\u00e1rio de 2021, com a nova data da prova a fixar-se de 4 a 7 de Novembro, no Dom Pedro Victoria Golf Course, em Vilamoura. Ser\u00e1 a 15.\u00aa edi\u00e7\u00e3o do evento que integra o European Tour desde 2007.\u00a0O torneio de 1,5 milh\u00f5es de euros em pr\u00e9mios monet\u00e1rios estava originalmente marcado para Abril, mas foi adiado devido \u00e0s dificuldades de desloca\u00e7\u00f5es e viagens provocadas pela pandemia da COVID-19.\u00a0Foi agora recalendarizado para 4 a 7 de Novembro, substituindo o Volvo China Open que, devido aos efeitos da pandemia, ser\u00e1 jogado unicamente este ano como um evento nacional e n\u00e3o ser\u00e1 sancionado pelo European Tour.\u00a0<\/em><\/p>\n\n\n\n<p><em>O sul-africano George Coetzee conquistou a \u00faltima edi\u00e7\u00e3o do Portugal Masters, em Setembro de 2020, com 2 pancadas de vantagem sobre o ingl\u00eas Laure Canter, somando o seu quinto t\u00edtulo do European Tour. Juntou-se, assim, a uma prestigiada lista de campe\u00f5es que incluem Lee Westwood (2009), Shane Lowry (2012) e Padraig Harrington (2016).\u00a0Keith Pelley, o Presidente-executivo do European Tour, disse: \u00abEstamos encantados de podermos confirmar a recalendariza\u00e7\u00e3o do Portugal Masters, no \u00e2mbito da reorganiza\u00e7\u00e3o do final de temporada e no seguimento do an\u00fancio que fizemos ontem do Mallorca Open.\u00a0\u00abO Dom Pedro Victoria Golf Course \u00e9 um destino popular entre os nossos jogadores e tem gerado imenso entusiasmo, pelo que estamos satisfeitos de podermos ali regressar pelo 15.\u00ba ano consecutivo. <\/em><\/p>\n\n\n\n<p><em>Agradecemos ao campo por receber-nos numa altura do ano bem movimentada, bem como ao Turismo de Portugal pelo seu apoio ao torneio desde sempre.\u00a0\u00abEstamos, naturalmente, desapontados por n\u00e3o sancionarmos este ano o Volvo China Open, mas mantemos um longo relacionamento com a Volvo e a Federa\u00e7\u00e3o de Golfe da China, pelo que estamos desejosos do regresso deste evento ao nosso calend\u00e1rio em 2022\u00bb.\u00a0<\/em><\/p>\n\n\n\n<p><em>tefano Saviotti, o Presidente do Dom Pedro Hotels &amp; Golf Collection sublinhou que \u00abo Portugal Masters \u00e9 uma importante montra do golfe no Algarve e estamos encantados por podermos, uma vez mais, receber alguns dos melhores jogadores de golfe no Dom Pedro Victoria Golf Course. Depois de um per\u00edodo dif\u00edcil, o regresso do European Tour \u00e0s nossas instala\u00e7\u00f5es permite-nos demonstrar a reputa\u00e7\u00e3o de Vilamoura e do Dom Pedro Hotels &amp; Golf Collection como um dos destinos de golfe mais procurados. Apreciamos o papel de anfitri\u00f5es de um evento t\u00e3o prestigiado e estamos desejosos de coroar o campe\u00e3o de 2021\u00bb.\u00a0<\/em><\/p>\n\n\n\n<p><em>Lu\u00eds Ara\u00fajo, o Presidente do Turismo de Portugal, considerou que \u00abo Portugal Masters desempenha um papel muito importante no turismo deste sector em Portugal, ao proporcionar uma extensa cobertura medi\u00e1tica de todo o pa\u00eds. \u00c9 a confirma\u00e7\u00e3o de que Portugal continua a ser um excelente destino para todos os golfistas e fixa a nossa presen\u00e7a internacional no seio dos grandes eventos desportivos. Trata-se de uma competi\u00e7\u00e3o prestigiada e ser\u00e1 um importante momento para mostrarmos o prest\u00edgio internacional do nosso pa\u00eds\u00bb.<\/em><\/p>\n","protected":false},"excerpt":{"rendered":"<p>AFINAL SEMPRE HAVER\u00c1 UM TORNEIO DA PRIMEIRA DIVIS\u00c3O DO GOLFE PROFISSIONAL EUROPEU EM PORTUGAL EM 2021 COM O DOM PEDRO<\/p>\n","protected":false},"author":1,"featured_media":11241,"comment_status":"open","ping_status":"open","sticky":false,"template":"","format":"standard","meta":{"colormag_page_container_layout":"default_layout","colormag_page_sidebar_layout":"default_layout","_monsterinsights_skip_tracking":false,"_monsterinsights_sitenote_active":false,"_monsterinsights_sitenote_note":"","_monsterinsights_sitenote_category":0,"jetpack_post_was_ever_published":false,"_jetpack_newsletter_access":"","_jetpack_dont_email_post_to_subs":false,"_jetpack_newsletter_tier_id":0,"_jetpack_memberships_contains_paywalled_content":false,"_jetpack_memberships_contains_paid_content":false,"footnotes":"","jetpack_publicize_message":"","jetpack_publicize_feature_enabled":true,"jetpack_social_post_already_shared":true,"jetpack_social_options":{"image_generator_settings":{"template":"highway","default_image_id":0,"font":"","enabled":false},"version":2}},"categories":[15],"tags":[36,40,120],"class_list":["post-11240","post","type-post","status-publish","format-standard","has-post-thumbnail","hentry","category-desporto","tag-algarve","tag-desporto","tag-golfe"],"yoast_head":"<!-- This site is optimized with the Yoast SEO plugin v27.5 - https:\/\/yoast.com\/product\/yoast-seo-wordpress\/ -->\n<title>Portugal Masters entra no calend\u00e1rio do European Tour - Algarve 7<\/title>\n<meta name=\"description\" content=\"Portugal Masters entra no calend\u00e1rio do European Tour Desporto\" \/>\n<meta name=\"robots\" content=\"index, follow, max-snippet:-1, max-image-preview:large, max-video-preview:-1\" \/>\n<link rel=\"canonical\" href=\"https:\/\/algarve7.pt\/index.php\/2021\/09\/portugal-masters-entra-no-calendario-do-european-tour\/desporto\/17\/14\/\" \/>\n<meta property=\"og:locale\" content=\"pt_PT\" \/>\n<meta property=\"og:type\" content=\"article\" \/>\n<meta property=\"og:title\" content=\"Portugal Masters entra no calend\u00e1rio do European Tour - Algarve 7\" \/>\n<meta property=\"og:description\" content=\"Portugal Masters entra no calend\u00e1rio do European Tour Desporto\" \/>\n<meta property=\"og:url\" content=\"https:\/\/algarve7.pt\/index.php\/2021\/09\/portugal-masters-entra-no-calendario-do-european-tour\/desporto\/17\/14\/\" \/>\n<meta property=\"og:site_name\" content=\"Algarve 7\" \/>\n<meta property=\"article:publisher\" content=\"https:\/\/www.facebook.com\/algarve7\" \/>\n<meta property=\"article:author\" content=\"https:\/\/www.facebook.com\/algarve7\" \/>\n<meta property=\"article:published_time\" content=\"2021-09-03T16:14:40+00:00\" \/>\n<meta property=\"article:modified_time\" content=\"2021-09-03T16:14:43+00:00\" \/>\n<meta property=\"og:image\" content=\"https:\/\/algarve7.pt\/wp-content\/uploads\/2021\/09\/1271312343.jpg\" \/>\n\t<meta property=\"og:image:width\" content=\"1920\" \/>\n\t<meta property=\"og:image:height\" content=\"1265\" \/>\n\t<meta property=\"og:image:type\" content=\"image\/jpeg\" \/>\n<meta name=\"author\" content=\"Algarve 7\" \/>\n<meta name=\"twitter:card\" content=\"summary_large_image\" \/>\n<meta name=\"twitter:creator\" content=\"@Algarvesete\" \/>\n<meta name=\"twitter:site\" content=\"@Algarvesete\" \/>\n<meta name=\"twitter:label1\" content=\"Escrito por\" \/>\n\t<meta name=\"twitter:data1\" content=\"Algarve 7\" \/>\n\t<meta name=\"twitter:label2\" content=\"Tempo estimado de leitura\" \/>\n\t<meta name=\"twitter:data2\" content=\"3 minutos\" \/>\n<script type=\"application\/ld+json\" class=\"yoast-schema-graph\">{\"@context\":\"https:\\\/\\\/schema.org\",\"@graph\":[{\"@type\":\"Article\",\"@id\":\"https:\\\/\\\/algarve7.pt\\\/index.php\\\/2021\\\/09\\\/portugal-masters-entra-no-calendario-do-european-tour\\\/desporto\\\/17\\\/14\\\/#article\",\"isPartOf\":{\"@id\":\"https:\\\/\\\/algarve7.pt\\\/index.php\\\/2021\\\/09\\\/portugal-masters-entra-no-calendario-do-european-tour\\\/desporto\\\/17\\\/14\\\/\"},\"author\":{\"name\":\"Algarve 7\",\"@id\":\"https:\\\/\\\/algarve7.pt\\\/#\\\/schema\\\/person\\\/23fa70681308e7b319a3204bcea45e0c\"},\"headline\":\"Portugal Masters entra no calend\u00e1rio do European Tour\",\"datePublished\":\"2021-09-03T16:14:40+00:00\",\"dateModified\":\"2021-09-03T16:14:43+00:00\",\"mainEntityOfPage\":{\"@id\":\"https:\\\/\\\/algarve7.pt\\\/index.php\\\/2021\\\/09\\\/portugal-masters-entra-no-calendario-do-european-tour\\\/desporto\\\/17\\\/14\\\/\"},\"wordCount\":535,\"commentCount\":0,\"publisher\":{\"@id\":\"https:\\\/\\\/algarve7.pt\\\/#organization\"},\"image\":{\"@id\":\"https:\\\/\\\/algarve7.pt\\\/index.php\\\/2021\\\/09\\\/portugal-masters-entra-no-calendario-do-european-tour\\\/desporto\\\/17\\\/14\\\/#primaryimage\"},\"thumbnailUrl\":\"https:\\\/\\\/algarve7.pt\\\/wp-content\\\/uploads\\\/2021\\\/09\\\/1271312343.jpg\",\"keywords\":[\"Algarve\",\"Desporto\",\"Golfe\"],\"articleSection\":[\"Desporto\"],\"inLanguage\":\"pt-PT\",\"potentialAction\":[{\"@type\":\"CommentAction\",\"name\":\"Comment\",\"target\":[\"https:\\\/\\\/algarve7.pt\\\/index.php\\\/2021\\\/09\\\/portugal-masters-entra-no-calendario-do-european-tour\\\/desporto\\\/17\\\/14\\\/#respond\"]}]},{\"@type\":\"WebPage\",\"@id\":\"https:\\\/\\\/algarve7.pt\\\/index.php\\\/2021\\\/09\\\/portugal-masters-entra-no-calendario-do-european-tour\\\/desporto\\\/17\\\/14\\\/\",\"url\":\"https:\\\/\\\/algarve7.pt\\\/index.php\\\/2021\\\/09\\\/portugal-masters-entra-no-calendario-do-european-tour\\\/desporto\\\/17\\\/14\\\/\",\"name\":\"Portugal Masters entra no calend\u00e1rio do European Tour - Algarve 7\",\"isPartOf\":{\"@id\":\"https:\\\/\\\/algarve7.pt\\\/#website\"},\"primaryImageOfPage\":{\"@id\":\"https:\\\/\\\/algarve7.pt\\\/index.php\\\/2021\\\/09\\\/portugal-masters-entra-no-calendario-do-european-tour\\\/desporto\\\/17\\\/14\\\/#primaryimage\"},\"image\":{\"@id\":\"https:\\\/\\\/algarve7.pt\\\/index.php\\\/2021\\\/09\\\/portugal-masters-entra-no-calendario-do-european-tour\\\/desporto\\\/17\\\/14\\\/#primaryimage\"},\"thumbnailUrl\":\"https:\\\/\\\/algarve7.pt\\\/wp-content\\\/uploads\\\/2021\\\/09\\\/1271312343.jpg\",\"datePublished\":\"2021-09-03T16:14:40+00:00\",\"dateModified\":\"2021-09-03T16:14:43+00:00\",\"description\":\"Portugal Masters entra no calend\u00e1rio do European Tour Desporto\",\"breadcrumb\":{\"@id\":\"https:\\\/\\\/algarve7.pt\\\/index.php\\\/2021\\\/09\\\/portugal-masters-entra-no-calendario-do-european-tour\\\/desporto\\\/17\\\/14\\\/#breadcrumb\"},\"inLanguage\":\"pt-PT\",\"potentialAction\":[{\"@type\":\"ReadAction\",\"target\":[\"https:\\\/\\\/algarve7.pt\\\/index.php\\\/2021\\\/09\\\/portugal-masters-entra-no-calendario-do-european-tour\\\/desporto\\\/17\\\/14\\\/\"]}]},{\"@type\":\"ImageObject\",\"inLanguage\":\"pt-PT\",\"@id\":\"https:\\\/\\\/algarve7.pt\\\/index.php\\\/2021\\\/09\\\/portugal-masters-entra-no-calendario-do-european-tour\\\/desporto\\\/17\\\/14\\\/#primaryimage\",\"url\":\"https:\\\/\\\/algarve7.pt\\\/wp-content\\\/uploads\\\/2021\\\/09\\\/1271312343.jpg\",\"contentUrl\":\"https:\\\/\\\/algarve7.pt\\\/wp-content\\\/uploads\\\/2021\\\/09\\\/1271312343.jpg\",\"width\":1920,\"height\":1265,\"caption\":\"QUARTEIRA, PORTUGAL - SEPTEMBER 08: Jamie Donaldson of Wales and his caddie walk up the 18th fairway prior to the Portugal Masters at Dom Pedro Victoria Golf Course on September 08, 2020 in Quarteira, Portugal. (Photo by Luke Walker\\\/Getty Images)\"},{\"@type\":\"BreadcrumbList\",\"@id\":\"https:\\\/\\\/algarve7.pt\\\/index.php\\\/2021\\\/09\\\/portugal-masters-entra-no-calendario-do-european-tour\\\/desporto\\\/17\\\/14\\\/#breadcrumb\",\"itemListElement\":[{\"@type\":\"ListItem\",\"position\":1,\"name\":\"In\u00edcio\",\"item\":\"https:\\\/\\\/algarve7.pt\\\/\"},{\"@type\":\"ListItem\",\"position\":2,\"name\":\"Portugal Masters entra no calend\u00e1rio do European Tour\"}]},{\"@type\":\"WebSite\",\"@id\":\"https:\\\/\\\/algarve7.pt\\\/#website\",\"url\":\"https:\\\/\\\/algarve7.pt\\\/\",\"name\":\"Algarve 7\",\"description\":\"Informa\u00e7\u00e3o sobre o Algarve\",\"publisher\":{\"@id\":\"https:\\\/\\\/algarve7.pt\\\/#organization\"},\"potentialAction\":[{\"@type\":\"SearchAction\",\"target\":{\"@type\":\"EntryPoint\",\"urlTemplate\":\"https:\\\/\\\/algarve7.pt\\\/?s={search_term_string}\"},\"query-input\":{\"@type\":\"PropertyValueSpecification\",\"valueRequired\":true,\"valueName\":\"search_term_string\"}}],\"inLanguage\":\"pt-PT\"},{\"@type\":\"Organization\",\"@id\":\"https:\\\/\\\/algarve7.pt\\\/#organization\",\"name\":\"Algarve 7\",\"url\":\"https:\\\/\\\/algarve7.pt\\\/\",\"logo\":{\"@type\":\"ImageObject\",\"inLanguage\":\"pt-PT\",\"@id\":\"https:\\\/\\\/algarve7.pt\\\/#\\\/schema\\\/logo\\\/image\\\/\",\"url\":\"https:\\\/\\\/algarve7.pt\\\/wp-content\\\/uploads\\\/2020\\\/10\\\/Logo-8.jpg\",\"contentUrl\":\"https:\\\/\\\/algarve7.pt\\\/wp-content\\\/uploads\\\/2020\\\/10\\\/Logo-8.jpg\",\"width\":1680,\"height\":1186,\"caption\":\"Algarve 7\"},\"image\":{\"@id\":\"https:\\\/\\\/algarve7.pt\\\/#\\\/schema\\\/logo\\\/image\\\/\"},\"sameAs\":[\"https:\\\/\\\/www.facebook.com\\\/algarve7\",\"https:\\\/\\\/x.com\\\/Algarvesete\",\"https:\\\/\\\/www.instagram.com\\\/jornalalgarve7\\\/\",\"https:\\\/\\\/www.linkedin.com\\\/company\\\/algarve7\",\"https:\\\/\\\/www.pinterest.pt\\\/geral0939\\\/_created\\\/\"]},{\"@type\":\"Person\",\"@id\":\"https:\\\/\\\/algarve7.pt\\\/#\\\/schema\\\/person\\\/23fa70681308e7b319a3204bcea45e0c\",\"name\":\"Algarve 7\",\"sameAs\":[\"https:\\\/\\\/algarve7.pt\",\"https:\\\/\\\/www.facebook.com\\\/algarve7\"],\"url\":\"https:\\\/\\\/algarve7.pt\\\/index.php\\\/author\\\/geralalgarve7-pt\\\/\"}]}<\/script>\n<!-- \/ Yoast SEO plugin. -->","yoast_head_json":{"title":"Portugal Masters entra no calend\u00e1rio do European Tour - Algarve 7","description":"Portugal Masters entra no calend\u00e1rio do European Tour Desporto","robots":{"index":"index","follow":"follow","max-snippet":"max-snippet:-1","max-image-preview":"max-image-preview:large","max-video-preview":"max-video-preview:-1"},"canonical":"https:\/\/algarve7.pt\/index.php\/2021\/09\/portugal-masters-entra-no-calendario-do-european-tour\/desporto\/17\/14\/","og_locale":"pt_PT","og_type":"article","og_title":"Portugal Masters entra no calend\u00e1rio do European Tour - Algarve 7","og_description":"Portugal Masters entra no calend\u00e1rio do European Tour Desporto","og_url":"https:\/\/algarve7.pt\/index.php\/2021\/09\/portugal-masters-entra-no-calendario-do-european-tour\/desporto\/17\/14\/","og_site_name":"Algarve 7","article_publisher":"https:\/\/www.facebook.com\/algarve7","article_author":"https:\/\/www.facebook.com\/algarve7","article_published_time":"2021-09-03T16:14:40+00:00","article_modified_time":"2021-09-03T16:14:43+00:00","og_image":[{"width":1920,"height":1265,"url":"https:\/\/algarve7.pt\/wp-content\/uploads\/2021\/09\/1271312343.jpg","type":"image\/jpeg"}],"author":"Algarve 7","twitter_card":"summary_large_image","twitter_creator":"@Algarvesete","twitter_site":"@Algarvesete","twitter_misc":{"Escrito por":"Algarve 7","Tempo estimado de leitura":"3 minutos"},"schema":{"@context":"https:\/\/schema.org","@graph":[{"@type":"Article","@id":"https:\/\/algarve7.pt\/index.php\/2021\/09\/portugal-masters-entra-no-calendario-do-european-tour\/desporto\/17\/14\/#article","isPartOf":{"@id":"https:\/\/algarve7.pt\/index.php\/2021\/09\/portugal-masters-entra-no-calendario-do-european-tour\/desporto\/17\/14\/"},"author":{"name":"Algarve 7","@id":"https:\/\/algarve7.pt\/#\/schema\/person\/23fa70681308e7b319a3204bcea45e0c"},"headline":"Portugal Masters entra no calend\u00e1rio do European Tour","datePublished":"2021-09-03T16:14:40+00:00","dateModified":"2021-09-03T16:14:43+00:00","mainEntityOfPage":{"@id":"https:\/\/algarve7.pt\/index.php\/2021\/09\/portugal-masters-entra-no-calendario-do-european-tour\/desporto\/17\/14\/"},"wordCount":535,"commentCount":0,"publisher":{"@id":"https:\/\/algarve7.pt\/#organization"},"image":{"@id":"https:\/\/algarve7.pt\/index.php\/2021\/09\/portugal-masters-entra-no-calendario-do-european-tour\/desporto\/17\/14\/#primaryimage"},"thumbnailUrl":"https:\/\/algarve7.pt\/wp-content\/uploads\/2021\/09\/1271312343.jpg","keywords":["Algarve","Desporto","Golfe"],"articleSection":["Desporto"],"inLanguage":"pt-PT","potentialAction":[{"@type":"CommentAction","name":"Comment","target":["https:\/\/algarve7.pt\/index.php\/2021\/09\/portugal-masters-entra-no-calendario-do-european-tour\/desporto\/17\/14\/#respond"]}]},{"@type":"WebPage","@id":"https:\/\/algarve7.pt\/index.php\/2021\/09\/portugal-masters-entra-no-calendario-do-european-tour\/desporto\/17\/14\/","url":"https:\/\/algarve7.pt\/index.php\/2021\/09\/portugal-masters-entra-no-calendario-do-european-tour\/desporto\/17\/14\/","name":"Portugal Masters entra no calend\u00e1rio do European Tour - Algarve 7","isPartOf":{"@id":"https:\/\/algarve7.pt\/#website"},"primaryImageOfPage":{"@id":"https:\/\/algarve7.pt\/index.php\/2021\/09\/portugal-masters-entra-no-calendario-do-european-tour\/desporto\/17\/14\/#primaryimage"},"image":{"@id":"https:\/\/algarve7.pt\/index.php\/2021\/09\/portugal-masters-entra-no-calendario-do-european-tour\/desporto\/17\/14\/#primaryimage"},"thumbnailUrl":"https:\/\/algarve7.pt\/wp-content\/uploads\/2021\/09\/1271312343.jpg","datePublished":"2021-09-03T16:14:40+00:00","dateModified":"2021-09-03T16:14:43+00:00","description":"Portugal Masters entra no calend\u00e1rio do European Tour Desporto","breadcrumb":{"@id":"https:\/\/algarve7.pt\/index.php\/2021\/09\/portugal-masters-entra-no-calendario-do-european-tour\/desporto\/17\/14\/#breadcrumb"},"inLanguage":"pt-PT","potentialAction":[{"@type":"ReadAction","target":["https:\/\/algarve7.pt\/index.php\/2021\/09\/portugal-masters-entra-no-calendario-do-european-tour\/desporto\/17\/14\/"]}]},{"@type":"ImageObject","inLanguage":"pt-PT","@id":"https:\/\/algarve7.pt\/index.php\/2021\/09\/portugal-masters-entra-no-calendario-do-european-tour\/desporto\/17\/14\/#primaryimage","url":"https:\/\/algarve7.pt\/wp-content\/uploads\/2021\/09\/1271312343.jpg","contentUrl":"https:\/\/algarve7.pt\/wp-content\/uploads\/2021\/09\/1271312343.jpg","width":1920,"height":1265,"caption":"QUARTEIRA, PORTUGAL - SEPTEMBER 08: Jamie Donaldson of Wales and his caddie walk up the 18th fairway prior to the Portugal Masters at Dom Pedro Victoria Golf Course on September 08, 2020 in Quarteira, Portugal. (Photo by Luke Walker\/Getty Images)"},{"@type":"BreadcrumbList","@id":"https:\/\/algarve7.pt\/index.php\/2021\/09\/portugal-masters-entra-no-calendario-do-european-tour\/desporto\/17\/14\/#breadcrumb","itemListElement":[{"@type":"ListItem","position":1,"name":"In\u00edcio","item":"https:\/\/algarve7.pt\/"},{"@type":"ListItem","position":2,"name":"Portugal Masters entra no calend\u00e1rio do European Tour"}]},{"@type":"WebSite","@id":"https:\/\/algarve7.pt\/#website","url":"https:\/\/algarve7.pt\/","name":"Algarve 7","description":"Informa\u00e7\u00e3o sobre o Algarve","publisher":{"@id":"https:\/\/algarve7.pt\/#organization"},"potentialAction":[{"@type":"SearchAction","target":{"@type":"EntryPoint","urlTemplate":"https:\/\/algarve7.pt\/?s={search_term_string}"},"query-input":{"@type":"PropertyValueSpecification","valueRequired":true,"valueName":"search_term_string"}}],"inLanguage":"pt-PT"},{"@type":"Organization","@id":"https:\/\/algarve7.pt\/#organization","name":"Algarve 7","url":"https:\/\/algarve7.pt\/","logo":{"@type":"ImageObject","inLanguage":"pt-PT","@id":"https:\/\/algarve7.pt\/#\/schema\/logo\/image\/","url":"https:\/\/algarve7.pt\/wp-content\/uploads\/2020\/10\/Logo-8.jpg","contentUrl":"https:\/\/algarve7.pt\/wp-content\/uploads\/2020\/10\/Logo-8.jpg","width":1680,"height":1186,"caption":"Algarve 7"},"image":{"@id":"https:\/\/algarve7.pt\/#\/schema\/logo\/image\/"},"sameAs":["https:\/\/www.facebook.com\/algarve7","https:\/\/x.com\/Algarvesete","https:\/\/www.instagram.com\/jornalalgarve7\/","https:\/\/www.linkedin.com\/company\/algarve7","https:\/\/www.pinterest.pt\/geral0939\/_created\/"]},{"@type":"Person","@id":"https:\/\/algarve7.pt\/#\/schema\/person\/23fa70681308e7b319a3204bcea45e0c","name":"Algarve 7","sameAs":["https:\/\/algarve7.pt","https:\/\/www.facebook.com\/algarve7"],"url":"https:\/\/algarve7.pt\/index.php\/author\/geralalgarve7-pt\/"}]}},"jetpack_publicize_connections":[],"jetpack_featured_media_url":"https:\/\/algarve7.pt\/wp-content\/uploads\/2021\/09\/1271312343.jpg","jetpack_shortlink":"https:\/\/wp.me\/pcezmW-2Vi","jetpack_sharing_enabled":true,"_links":{"self":[{"href":"https:\/\/algarve7.pt\/index.php\/wp-json\/wp\/v2\/posts\/11240","targetHints":{"allow":["GET"]}}],"collection":[{"href":"https:\/\/algarve7.pt\/index.php\/wp-json\/wp\/v2\/posts"}],"about":[{"href":"https:\/\/algarve7.pt\/index.php\/wp-json\/wp\/v2\/types\/post"}],"author":[{"embeddable":true,"href":"https:\/\/algarve7.pt\/index.php\/wp-json\/wp\/v2\/users\/1"}],"replies":[{"embeddable":true,"href":"https:\/\/algarve7.pt\/index.php\/wp-json\/wp\/v2\/comments?post=11240"}],"version-history":[{"count":0,"href":"https:\/\/algarve7.pt\/index.php\/wp-json\/wp\/v2\/posts\/11240\/revisions"}],"wp:featuredmedia":[{"embeddable":true,"href":"https:\/\/algarve7.pt\/index.php\/wp-json\/wp\/v2\/media\/11241"}],"wp:attachment":[{"href":"https:\/\/algarve7.pt\/index.php\/wp-json\/wp\/v2\/media?parent=11240"}],"wp:term":[{"taxonomy":"category","embeddable":true,"href":"https:\/\/algarve7.pt\/index.php\/wp-json\/wp\/v2\/categories?post=11240"},{"taxonomy":"post_tag","embeddable":true,"href":"https:\/\/algarve7.pt\/index.php\/wp-json\/wp\/v2\/tags?post=11240"}],"curies":[{"name":"wp","href":"https:\/\/api.w.org\/{rel}","templated":true}]}}