{"id":11038,"date":"2021-08-25T17:45:00","date_gmt":"2021-08-25T16:45:00","guid":{"rendered":"https:\/\/algarve7.pt\/?p=11038"},"modified":"2021-08-25T16:59:11","modified_gmt":"2021-08-25T15:59:11","slug":"animacao-de-verao-regressa-a-armacao-de-pera-nos-dias-26-e-28-de-agosto","status":"publish","type":"post","link":"https:\/\/algarve7.pt\/index.php\/2021\/08\/animacao-de-verao-regressa-a-armacao-de-pera-nos-dias-26-e-28-de-agosto\/cultura\/17\/45\/","title":{"rendered":"Anima\u00e7\u00e3o de ver\u00e3o regressa a Arma\u00e7\u00e3o de P\u00eara nos dias 26 e 28 de agosto"},"content":{"rendered":"\n<p>O evento Anima\u00e7\u00e3o de Ver\u00e3o regressa a Arma\u00e7\u00e3o de P\u00eara, levando a esta vila a banda da Sociedade Filarm\u00f3nica Silvense e Ver\u00f3nica Monteiro, respetivamente, nos dias 26 e 28 de agosto, pelas 22h00, onde atuar\u00e3o junto \u00e0 Fortaleza. Com entrada livre, a iniciativa \u00e9 promovida pelo Munic\u00edpio de Silves com o apoio da Junta de Freguesia de Arma\u00e7\u00e3o de P\u00eara.<\/p>\n\n\n\n<p>Ser\u00e3o, assim, duas noites com sons e estilos diversificados. A primeira com a atua\u00e7\u00e3o da banda filarm\u00f3nica do nosso concelho composta por mais de tr\u00eas dezenas de m\u00fasicos, que interpretar\u00e3o diversas pe\u00e7as, sob a batuta do Maestro Pedro Coutinho. Segue-se, a 28 de agosto, a cantora e instrumentista Ver\u00f3nica Monteiro, natural de Faro e residente em Silves. M\u00fasica portuguesa, jazz, bossa-nova, blues, pop, reggae, soul music s\u00e3o alguns dos estilos que se far\u00e3o ouvir nessa noite.<\/p>\n\n\n\n<p>O evento cumpre as orienta\u00e7\u00f5es da DGS em mat\u00e9ria de espet\u00e1culos ao ar livre. A entrada no recinto \u00e9 efetuada mediante voucher de entrada (entregue no local a partir das 21h00), estando limitada \u00e0 ocupa\u00e7\u00e3o de 100 lugares.<\/p>\n\n\n\n<p>+ info : sector de Cultura da CMS | 282 440 856 |\u00a0<a href=\"mailto:cultura@cm-silves.pt\" target=\"_blank\" rel=\"noreferrer noopener\">cultura@cm-silves.pt<\/a><\/p>\n\n\n\n<p><strong>+ sobre Sociedade Filarm\u00f3nica Silvense&nbsp;<\/strong><\/p>\n\n\n\n<p>No ano de 1842 surgiu em Silves e pela primeira vez uma Banda Filarm\u00f3nica, a \u201cFilarm\u00f3nica do Guerreiro\u201d, criada e regida pela fam\u00edlia do respetivo top\u00f3nimo, que viveu nesta cidade at\u00e9 1865. Pelo Carnaval de 1869, nascia uma nova Banda a \u201cFilarm\u00f3nica dos Fraldas\u201d, criada por alguns cidad\u00e3os progressistas que sa\u00edram \u00e0 rua simplesmente de fraldas, dirigiram essa Banda: Salvador Gomes Vilarinho, Ant\u00f3nio Caldas, Vicente de Almeida e depois Henrique Rocha (filho) que substitu\u00edra Vicente de Almeida, como Regente. Das rivalidades pol\u00edticas entre o Partido Progressista e o Partido Regenerador, surgiu uma segunda banda, a \u201cFilarm\u00f3nica dos Moleiros\u201d, que teve na sua origem Greg\u00f3rio Mascarenhas. Tamb\u00e9m se vestiam de fraldas, mas estas eram verdes e vermelhas e da\u00ed lhe adveio o r\u00f3tulo de \u201cOs Periquitos\u201d. Foi dirigida por Henrique Rocha (pai) e Jos\u00e9 da Cruz Guerreiro. N\u00e3o foram f\u00e1ceis nem pac\u00edficos esses anos, porque sempre que estas duas Bandas, que representavam duas Ind\u00fastrias (as Caldas e as Mascarenhas), se cruzavam nas ruas, havia pancadaria, tal era a rivalidade. Em paralelo, nasceu ainda um Grupo de Ocarinas, instrumento musical feito de barro, cujo som \u00e9 id\u00eantico ao da flauta. Esse grupo cultivou pela primeira vez em Silves este instrumento.&nbsp;&nbsp;<\/p>\n\n\n\n<p>O revirar do s\u00e9culo e a crise das f\u00e1bricas que originaram as duas Bandas, marcou o fim da Caldas em 1906 e da Mascarenhas em 1910. Mas enquanto umas morriam, uma nova Banda j\u00e1 tinha nascido em 1908 a \u201cOrquestra Freire\u201d, era uma orquestra de instrumentos de corda e teve como Regente Henrique Rocha (J\u00fanior), pianista que atuava na Sociedade Vilarinho. A Orquestra Freire sobreviveu at\u00e9 ao surgimento do cinema sonoro. Embora n\u00e3o haja registos, entre os anos 1865-1869 e 1910-1912 sabe-se que nos primeiros anos da Rep\u00fablica Portuguesa a \u201cSociedade de Classe\u201d adquiriu instrumentos musicais das anteriores Bandas e criou uma Filarm\u00f3nica que ia funcionando, embora com car\u00eancias. Quando a \u201cSociedade de Classe\u201d se extinguiu, foi constitu\u00edda a atual Filarm\u00f3nica que aprovou os seus estatutos em 1933 com o nome \u201cSociedade Filarm\u00f3nica Silvense\u201d.&nbsp;&nbsp;<\/p>\n\n\n\n<p>Durante v\u00e1rias d\u00e9cadas e at\u00e9 Outubro de 2002 teve a sua sede no Teatro Greg\u00f3rio Mascarenhas. Provisoriamente, a Sociedade Filarm\u00f3nica Silvense esteve no edif\u00edcio da Cooperativa \u201c A Compensadora\u201d. Em Novembro de 2014 mudou-se definitivamente para a sua nova sede no Largo 1\u00ba de Maio.&nbsp;<\/p>\n\n\n\n<p>J\u00e1 teve um Rancho Folcl\u00f3rico, nascido em 1981 da sua componente etnol\u00f3gica, versando e divulgando cantares e dan\u00e7as de Silves e do Algarve.&nbsp;&nbsp;<\/p>\n\n\n\n<p>Faz parte desta associa\u00e7\u00e3o o grupo de teatro amador \u201cO Gruta\u201d datado de 1981 (Atualmente sem atividade) e o Grupo Coral criado em Outubro 1998.&nbsp;&nbsp;<\/p>\n\n\n\n<p>Em 2019 a Banda Filarm\u00f3nica conta com cerca de 35 m\u00fasicos. Ao longo dos anos, v\u00e1rios foram os maestros e m\u00fasicos, que dela fizeram parte. Atualmente \u00e9 regida pelo Maestro Pedro Coutinho.&nbsp;<\/p>\n\n\n\n<p>Todos s\u00e3o amadores: m\u00fasicos, atores e coralistas<\/p>\n\n\n\n<p><strong>+ sobre Ver\u00f3nica Monteiro<\/strong><\/p>\n\n\n\n<p>Natural de Faro e residente em Silves Iniciou os seus estudos musicais no Conservat\u00f3rio Maria Campina. Ao longo do tempo esteve envolvida, em v\u00e1rios projetos musicais como vocalista. Em 2012, inicia o seu percurso a solo, como cantora e instrumentista. O seu repert\u00f3rio \u00e9 bastante diversificado viajando um pouco por v\u00e1rios estilos musicais. Incluindo, m\u00fasica portuguesa, jazz, bossa-nova, blues, Pop, reggae, soul music.<\/p>\n\n\n\n<p>As suas refer\u00eancias musicais t\u00eam influ\u00eancia: Alice Russel; Norah Jones; Lisa Ekdhal ; Stacey kent; Melody Gardot; Astrud Gilbert; Tom Jobim; George Gershiwn; Mayra Andrade; Mafalda Veiga; S\u00f3nia Tavares; Mariza; Ant\u00f3nio Zambujo; entre outros.<\/p>\n","protected":false},"excerpt":{"rendered":"<p>O evento Anima\u00e7\u00e3o de Ver\u00e3o regressa a Arma\u00e7\u00e3o de P\u00eara, levando a esta vila a banda da Sociedade Filarm\u00f3nica Silvense<\/p>\n","protected":false},"author":1,"featured_media":11039,"comment_status":"closed","ping_status":"open","sticky":false,"template":"","format":"standard","meta":{"colormag_page_container_layout":"default_layout","colormag_page_sidebar_layout":"default_layout","_monsterinsights_skip_tracking":false,"_monsterinsights_sitenote_active":false,"_monsterinsights_sitenote_note":"","_monsterinsights_sitenote_category":0,"jetpack_post_was_ever_published":false,"_jetpack_newsletter_access":"","_jetpack_dont_email_post_to_subs":false,"_jetpack_newsletter_tier_id":0,"_jetpack_memberships_contains_paywalled_content":false,"_jetpack_memberships_contains_paid_content":false,"footnotes":"","jetpack_publicize_message":"","jetpack_publicize_feature_enabled":true,"jetpack_social_post_already_shared":true,"jetpack_social_options":{"image_generator_settings":{"template":"highway","default_image_id":0,"font":"","enabled":false},"version":2}},"categories":[14],"tags":[36,196,52,35,42],"class_list":["post-11038","post","type-post","status-publish","format-standard","has-post-thumbnail","hentry","category-cultura","tag-algarve","tag-armacao-de-pera","tag-concerto","tag-cultura","tag-silves"],"yoast_head":"<!-- This site is optimized with the Yoast SEO plugin v27.5 - https:\/\/yoast.com\/product\/yoast-seo-wordpress\/ -->\n<title>Anima\u00e7\u00e3o de ver\u00e3o regressa a Arma\u00e7\u00e3o de P\u00eara nos dias 26 e 28 de agosto - Algarve 7<\/title>\n<meta name=\"description\" content=\"Anima\u00e7\u00e3o de ver\u00e3o regressa a Arma\u00e7\u00e3o de P\u00eara nos dias 26 e 28 de agosto Cultura\" \/>\n<meta name=\"robots\" content=\"index, follow, max-snippet:-1, max-image-preview:large, max-video-preview:-1\" \/>\n<link rel=\"canonical\" href=\"https:\/\/algarve7.pt\/index.php\/2021\/08\/animacao-de-verao-regressa-a-armacao-de-pera-nos-dias-26-e-28-de-agosto\/cultura\/17\/45\/\" \/>\n<meta property=\"og:locale\" content=\"pt_PT\" \/>\n<meta property=\"og:type\" content=\"article\" \/>\n<meta property=\"og:title\" content=\"Anima\u00e7\u00e3o de ver\u00e3o regressa a Arma\u00e7\u00e3o de P\u00eara nos dias 26 e 28 de agosto - Algarve 7\" \/>\n<meta property=\"og:description\" content=\"Anima\u00e7\u00e3o de ver\u00e3o regressa a Arma\u00e7\u00e3o de P\u00eara nos dias 26 e 28 de agosto Cultura\" \/>\n<meta property=\"og:url\" content=\"https:\/\/algarve7.pt\/index.php\/2021\/08\/animacao-de-verao-regressa-a-armacao-de-pera-nos-dias-26-e-28-de-agosto\/cultura\/17\/45\/\" \/>\n<meta property=\"og:site_name\" content=\"Algarve 7\" \/>\n<meta property=\"article:publisher\" content=\"https:\/\/www.facebook.com\/algarve7\" \/>\n<meta property=\"article:author\" content=\"https:\/\/www.facebook.com\/algarve7\" \/>\n<meta property=\"article:published_time\" content=\"2021-08-25T16:45:00+00:00\" \/>\n<meta property=\"og:image\" content=\"https:\/\/algarve7.pt\/wp-content\/uploads\/2021\/08\/animacao-de-verao-2021.jpg\" \/>\n\t<meta property=\"og:image:width\" content=\"1280\" \/>\n\t<meta property=\"og:image:height\" content=\"620\" \/>\n\t<meta property=\"og:image:type\" content=\"image\/jpeg\" \/>\n<meta name=\"author\" content=\"Algarve 7\" \/>\n<meta name=\"twitter:card\" content=\"summary_large_image\" \/>\n<meta name=\"twitter:creator\" content=\"@Algarvesete\" \/>\n<meta name=\"twitter:site\" content=\"@Algarvesete\" \/>\n<meta name=\"twitter:label1\" content=\"Escrito por\" \/>\n\t<meta name=\"twitter:data1\" content=\"Algarve 7\" \/>\n\t<meta name=\"twitter:label2\" content=\"Tempo estimado de leitura\" \/>\n\t<meta name=\"twitter:data2\" content=\"4 minutos\" \/>\n<script type=\"application\/ld+json\" class=\"yoast-schema-graph\">{\"@context\":\"https:\\\/\\\/schema.org\",\"@graph\":[{\"@type\":\"Article\",\"@id\":\"https:\\\/\\\/algarve7.pt\\\/index.php\\\/2021\\\/08\\\/animacao-de-verao-regressa-a-armacao-de-pera-nos-dias-26-e-28-de-agosto\\\/cultura\\\/17\\\/45\\\/#article\",\"isPartOf\":{\"@id\":\"https:\\\/\\\/algarve7.pt\\\/index.php\\\/2021\\\/08\\\/animacao-de-verao-regressa-a-armacao-de-pera-nos-dias-26-e-28-de-agosto\\\/cultura\\\/17\\\/45\\\/\"},\"author\":{\"name\":\"Algarve 7\",\"@id\":\"https:\\\/\\\/algarve7.pt\\\/#\\\/schema\\\/person\\\/23fa70681308e7b319a3204bcea45e0c\"},\"headline\":\"Anima\u00e7\u00e3o de ver\u00e3o regressa a Arma\u00e7\u00e3o de P\u00eara nos dias 26 e 28 de agosto\",\"datePublished\":\"2021-08-25T16:45:00+00:00\",\"mainEntityOfPage\":{\"@id\":\"https:\\\/\\\/algarve7.pt\\\/index.php\\\/2021\\\/08\\\/animacao-de-verao-regressa-a-armacao-de-pera-nos-dias-26-e-28-de-agosto\\\/cultura\\\/17\\\/45\\\/\"},\"wordCount\":830,\"publisher\":{\"@id\":\"https:\\\/\\\/algarve7.pt\\\/#organization\"},\"image\":{\"@id\":\"https:\\\/\\\/algarve7.pt\\\/index.php\\\/2021\\\/08\\\/animacao-de-verao-regressa-a-armacao-de-pera-nos-dias-26-e-28-de-agosto\\\/cultura\\\/17\\\/45\\\/#primaryimage\"},\"thumbnailUrl\":\"https:\\\/\\\/algarve7.pt\\\/wp-content\\\/uploads\\\/2021\\\/08\\\/animacao-de-verao-2021.jpg\",\"keywords\":[\"Algarve\",\"Arma\u00e7\u00e3o de P\u00eara\",\"Concerto\",\"Cultura\",\"Silves\"],\"articleSection\":[\"Cultura\"],\"inLanguage\":\"pt-PT\"},{\"@type\":\"WebPage\",\"@id\":\"https:\\\/\\\/algarve7.pt\\\/index.php\\\/2021\\\/08\\\/animacao-de-verao-regressa-a-armacao-de-pera-nos-dias-26-e-28-de-agosto\\\/cultura\\\/17\\\/45\\\/\",\"url\":\"https:\\\/\\\/algarve7.pt\\\/index.php\\\/2021\\\/08\\\/animacao-de-verao-regressa-a-armacao-de-pera-nos-dias-26-e-28-de-agosto\\\/cultura\\\/17\\\/45\\\/\",\"name\":\"Anima\u00e7\u00e3o de ver\u00e3o regressa a Arma\u00e7\u00e3o de P\u00eara nos dias 26 e 28 de agosto - Algarve 7\",\"isPartOf\":{\"@id\":\"https:\\\/\\\/algarve7.pt\\\/#website\"},\"primaryImageOfPage\":{\"@id\":\"https:\\\/\\\/algarve7.pt\\\/index.php\\\/2021\\\/08\\\/animacao-de-verao-regressa-a-armacao-de-pera-nos-dias-26-e-28-de-agosto\\\/cultura\\\/17\\\/45\\\/#primaryimage\"},\"image\":{\"@id\":\"https:\\\/\\\/algarve7.pt\\\/index.php\\\/2021\\\/08\\\/animacao-de-verao-regressa-a-armacao-de-pera-nos-dias-26-e-28-de-agosto\\\/cultura\\\/17\\\/45\\\/#primaryimage\"},\"thumbnailUrl\":\"https:\\\/\\\/algarve7.pt\\\/wp-content\\\/uploads\\\/2021\\\/08\\\/animacao-de-verao-2021.jpg\",\"datePublished\":\"2021-08-25T16:45:00+00:00\",\"description\":\"Anima\u00e7\u00e3o de ver\u00e3o regressa a Arma\u00e7\u00e3o de P\u00eara nos dias 26 e 28 de agosto Cultura\",\"breadcrumb\":{\"@id\":\"https:\\\/\\\/algarve7.pt\\\/index.php\\\/2021\\\/08\\\/animacao-de-verao-regressa-a-armacao-de-pera-nos-dias-26-e-28-de-agosto\\\/cultura\\\/17\\\/45\\\/#breadcrumb\"},\"inLanguage\":\"pt-PT\",\"potentialAction\":[{\"@type\":\"ReadAction\",\"target\":[\"https:\\\/\\\/algarve7.pt\\\/index.php\\\/2021\\\/08\\\/animacao-de-verao-regressa-a-armacao-de-pera-nos-dias-26-e-28-de-agosto\\\/cultura\\\/17\\\/45\\\/\"]}]},{\"@type\":\"ImageObject\",\"inLanguage\":\"pt-PT\",\"@id\":\"https:\\\/\\\/algarve7.pt\\\/index.php\\\/2021\\\/08\\\/animacao-de-verao-regressa-a-armacao-de-pera-nos-dias-26-e-28-de-agosto\\\/cultura\\\/17\\\/45\\\/#primaryimage\",\"url\":\"https:\\\/\\\/algarve7.pt\\\/wp-content\\\/uploads\\\/2021\\\/08\\\/animacao-de-verao-2021.jpg\",\"contentUrl\":\"https:\\\/\\\/algarve7.pt\\\/wp-content\\\/uploads\\\/2021\\\/08\\\/animacao-de-verao-2021.jpg\",\"width\":1280,\"height\":620},{\"@type\":\"BreadcrumbList\",\"@id\":\"https:\\\/\\\/algarve7.pt\\\/index.php\\\/2021\\\/08\\\/animacao-de-verao-regressa-a-armacao-de-pera-nos-dias-26-e-28-de-agosto\\\/cultura\\\/17\\\/45\\\/#breadcrumb\",\"itemListElement\":[{\"@type\":\"ListItem\",\"position\":1,\"name\":\"In\u00edcio\",\"item\":\"https:\\\/\\\/algarve7.pt\\\/\"},{\"@type\":\"ListItem\",\"position\":2,\"name\":\"Anima\u00e7\u00e3o de ver\u00e3o regressa a Arma\u00e7\u00e3o de P\u00eara nos dias 26 e 28 de agosto\"}]},{\"@type\":\"WebSite\",\"@id\":\"https:\\\/\\\/algarve7.pt\\\/#website\",\"url\":\"https:\\\/\\\/algarve7.pt\\\/\",\"name\":\"Algarve 7\",\"description\":\"Informa\u00e7\u00e3o sobre o Algarve\",\"publisher\":{\"@id\":\"https:\\\/\\\/algarve7.pt\\\/#organization\"},\"potentialAction\":[{\"@type\":\"SearchAction\",\"target\":{\"@type\":\"EntryPoint\",\"urlTemplate\":\"https:\\\/\\\/algarve7.pt\\\/?s={search_term_string}\"},\"query-input\":{\"@type\":\"PropertyValueSpecification\",\"valueRequired\":true,\"valueName\":\"search_term_string\"}}],\"inLanguage\":\"pt-PT\"},{\"@type\":\"Organization\",\"@id\":\"https:\\\/\\\/algarve7.pt\\\/#organization\",\"name\":\"Algarve 7\",\"url\":\"https:\\\/\\\/algarve7.pt\\\/\",\"logo\":{\"@type\":\"ImageObject\",\"inLanguage\":\"pt-PT\",\"@id\":\"https:\\\/\\\/algarve7.pt\\\/#\\\/schema\\\/logo\\\/image\\\/\",\"url\":\"https:\\\/\\\/algarve7.pt\\\/wp-content\\\/uploads\\\/2020\\\/10\\\/Logo-8.jpg\",\"contentUrl\":\"https:\\\/\\\/algarve7.pt\\\/wp-content\\\/uploads\\\/2020\\\/10\\\/Logo-8.jpg\",\"width\":1680,\"height\":1186,\"caption\":\"Algarve 7\"},\"image\":{\"@id\":\"https:\\\/\\\/algarve7.pt\\\/#\\\/schema\\\/logo\\\/image\\\/\"},\"sameAs\":[\"https:\\\/\\\/www.facebook.com\\\/algarve7\",\"https:\\\/\\\/x.com\\\/Algarvesete\",\"https:\\\/\\\/www.instagram.com\\\/jornalalgarve7\\\/\",\"https:\\\/\\\/www.linkedin.com\\\/company\\\/algarve7\",\"https:\\\/\\\/www.pinterest.pt\\\/geral0939\\\/_created\\\/\"]},{\"@type\":\"Person\",\"@id\":\"https:\\\/\\\/algarve7.pt\\\/#\\\/schema\\\/person\\\/23fa70681308e7b319a3204bcea45e0c\",\"name\":\"Algarve 7\",\"sameAs\":[\"https:\\\/\\\/algarve7.pt\",\"https:\\\/\\\/www.facebook.com\\\/algarve7\"],\"url\":\"https:\\\/\\\/algarve7.pt\\\/index.php\\\/author\\\/geralalgarve7-pt\\\/\"}]}<\/script>\n<!-- \/ Yoast SEO plugin. -->","yoast_head_json":{"title":"Anima\u00e7\u00e3o de ver\u00e3o regressa a Arma\u00e7\u00e3o de P\u00eara nos dias 26 e 28 de agosto - Algarve 7","description":"Anima\u00e7\u00e3o de ver\u00e3o regressa a Arma\u00e7\u00e3o de P\u00eara nos dias 26 e 28 de agosto Cultura","robots":{"index":"index","follow":"follow","max-snippet":"max-snippet:-1","max-image-preview":"max-image-preview:large","max-video-preview":"max-video-preview:-1"},"canonical":"https:\/\/algarve7.pt\/index.php\/2021\/08\/animacao-de-verao-regressa-a-armacao-de-pera-nos-dias-26-e-28-de-agosto\/cultura\/17\/45\/","og_locale":"pt_PT","og_type":"article","og_title":"Anima\u00e7\u00e3o de ver\u00e3o regressa a Arma\u00e7\u00e3o de P\u00eara nos dias 26 e 28 de agosto - Algarve 7","og_description":"Anima\u00e7\u00e3o de ver\u00e3o regressa a Arma\u00e7\u00e3o de P\u00eara nos dias 26 e 28 de agosto Cultura","og_url":"https:\/\/algarve7.pt\/index.php\/2021\/08\/animacao-de-verao-regressa-a-armacao-de-pera-nos-dias-26-e-28-de-agosto\/cultura\/17\/45\/","og_site_name":"Algarve 7","article_publisher":"https:\/\/www.facebook.com\/algarve7","article_author":"https:\/\/www.facebook.com\/algarve7","article_published_time":"2021-08-25T16:45:00+00:00","og_image":[{"width":1280,"height":620,"url":"https:\/\/algarve7.pt\/wp-content\/uploads\/2021\/08\/animacao-de-verao-2021.jpg","type":"image\/jpeg"}],"author":"Algarve 7","twitter_card":"summary_large_image","twitter_creator":"@Algarvesete","twitter_site":"@Algarvesete","twitter_misc":{"Escrito por":"Algarve 7","Tempo estimado de leitura":"4 minutos"},"schema":{"@context":"https:\/\/schema.org","@graph":[{"@type":"Article","@id":"https:\/\/algarve7.pt\/index.php\/2021\/08\/animacao-de-verao-regressa-a-armacao-de-pera-nos-dias-26-e-28-de-agosto\/cultura\/17\/45\/#article","isPartOf":{"@id":"https:\/\/algarve7.pt\/index.php\/2021\/08\/animacao-de-verao-regressa-a-armacao-de-pera-nos-dias-26-e-28-de-agosto\/cultura\/17\/45\/"},"author":{"name":"Algarve 7","@id":"https:\/\/algarve7.pt\/#\/schema\/person\/23fa70681308e7b319a3204bcea45e0c"},"headline":"Anima\u00e7\u00e3o de ver\u00e3o regressa a Arma\u00e7\u00e3o de P\u00eara nos dias 26 e 28 de agosto","datePublished":"2021-08-25T16:45:00+00:00","mainEntityOfPage":{"@id":"https:\/\/algarve7.pt\/index.php\/2021\/08\/animacao-de-verao-regressa-a-armacao-de-pera-nos-dias-26-e-28-de-agosto\/cultura\/17\/45\/"},"wordCount":830,"publisher":{"@id":"https:\/\/algarve7.pt\/#organization"},"image":{"@id":"https:\/\/algarve7.pt\/index.php\/2021\/08\/animacao-de-verao-regressa-a-armacao-de-pera-nos-dias-26-e-28-de-agosto\/cultura\/17\/45\/#primaryimage"},"thumbnailUrl":"https:\/\/algarve7.pt\/wp-content\/uploads\/2021\/08\/animacao-de-verao-2021.jpg","keywords":["Algarve","Arma\u00e7\u00e3o de P\u00eara","Concerto","Cultura","Silves"],"articleSection":["Cultura"],"inLanguage":"pt-PT"},{"@type":"WebPage","@id":"https:\/\/algarve7.pt\/index.php\/2021\/08\/animacao-de-verao-regressa-a-armacao-de-pera-nos-dias-26-e-28-de-agosto\/cultura\/17\/45\/","url":"https:\/\/algarve7.pt\/index.php\/2021\/08\/animacao-de-verao-regressa-a-armacao-de-pera-nos-dias-26-e-28-de-agosto\/cultura\/17\/45\/","name":"Anima\u00e7\u00e3o de ver\u00e3o regressa a Arma\u00e7\u00e3o de P\u00eara nos dias 26 e 28 de agosto - Algarve 7","isPartOf":{"@id":"https:\/\/algarve7.pt\/#website"},"primaryImageOfPage":{"@id":"https:\/\/algarve7.pt\/index.php\/2021\/08\/animacao-de-verao-regressa-a-armacao-de-pera-nos-dias-26-e-28-de-agosto\/cultura\/17\/45\/#primaryimage"},"image":{"@id":"https:\/\/algarve7.pt\/index.php\/2021\/08\/animacao-de-verao-regressa-a-armacao-de-pera-nos-dias-26-e-28-de-agosto\/cultura\/17\/45\/#primaryimage"},"thumbnailUrl":"https:\/\/algarve7.pt\/wp-content\/uploads\/2021\/08\/animacao-de-verao-2021.jpg","datePublished":"2021-08-25T16:45:00+00:00","description":"Anima\u00e7\u00e3o de ver\u00e3o regressa a Arma\u00e7\u00e3o de P\u00eara nos dias 26 e 28 de agosto Cultura","breadcrumb":{"@id":"https:\/\/algarve7.pt\/index.php\/2021\/08\/animacao-de-verao-regressa-a-armacao-de-pera-nos-dias-26-e-28-de-agosto\/cultura\/17\/45\/#breadcrumb"},"inLanguage":"pt-PT","potentialAction":[{"@type":"ReadAction","target":["https:\/\/algarve7.pt\/index.php\/2021\/08\/animacao-de-verao-regressa-a-armacao-de-pera-nos-dias-26-e-28-de-agosto\/cultura\/17\/45\/"]}]},{"@type":"ImageObject","inLanguage":"pt-PT","@id":"https:\/\/algarve7.pt\/index.php\/2021\/08\/animacao-de-verao-regressa-a-armacao-de-pera-nos-dias-26-e-28-de-agosto\/cultura\/17\/45\/#primaryimage","url":"https:\/\/algarve7.pt\/wp-content\/uploads\/2021\/08\/animacao-de-verao-2021.jpg","contentUrl":"https:\/\/algarve7.pt\/wp-content\/uploads\/2021\/08\/animacao-de-verao-2021.jpg","width":1280,"height":620},{"@type":"BreadcrumbList","@id":"https:\/\/algarve7.pt\/index.php\/2021\/08\/animacao-de-verao-regressa-a-armacao-de-pera-nos-dias-26-e-28-de-agosto\/cultura\/17\/45\/#breadcrumb","itemListElement":[{"@type":"ListItem","position":1,"name":"In\u00edcio","item":"https:\/\/algarve7.pt\/"},{"@type":"ListItem","position":2,"name":"Anima\u00e7\u00e3o de ver\u00e3o regressa a Arma\u00e7\u00e3o de P\u00eara nos dias 26 e 28 de agosto"}]},{"@type":"WebSite","@id":"https:\/\/algarve7.pt\/#website","url":"https:\/\/algarve7.pt\/","name":"Algarve 7","description":"Informa\u00e7\u00e3o sobre o Algarve","publisher":{"@id":"https:\/\/algarve7.pt\/#organization"},"potentialAction":[{"@type":"SearchAction","target":{"@type":"EntryPoint","urlTemplate":"https:\/\/algarve7.pt\/?s={search_term_string}"},"query-input":{"@type":"PropertyValueSpecification","valueRequired":true,"valueName":"search_term_string"}}],"inLanguage":"pt-PT"},{"@type":"Organization","@id":"https:\/\/algarve7.pt\/#organization","name":"Algarve 7","url":"https:\/\/algarve7.pt\/","logo":{"@type":"ImageObject","inLanguage":"pt-PT","@id":"https:\/\/algarve7.pt\/#\/schema\/logo\/image\/","url":"https:\/\/algarve7.pt\/wp-content\/uploads\/2020\/10\/Logo-8.jpg","contentUrl":"https:\/\/algarve7.pt\/wp-content\/uploads\/2020\/10\/Logo-8.jpg","width":1680,"height":1186,"caption":"Algarve 7"},"image":{"@id":"https:\/\/algarve7.pt\/#\/schema\/logo\/image\/"},"sameAs":["https:\/\/www.facebook.com\/algarve7","https:\/\/x.com\/Algarvesete","https:\/\/www.instagram.com\/jornalalgarve7\/","https:\/\/www.linkedin.com\/company\/algarve7","https:\/\/www.pinterest.pt\/geral0939\/_created\/"]},{"@type":"Person","@id":"https:\/\/algarve7.pt\/#\/schema\/person\/23fa70681308e7b319a3204bcea45e0c","name":"Algarve 7","sameAs":["https:\/\/algarve7.pt","https:\/\/www.facebook.com\/algarve7"],"url":"https:\/\/algarve7.pt\/index.php\/author\/geralalgarve7-pt\/"}]}},"jetpack_publicize_connections":[],"jetpack_featured_media_url":"https:\/\/algarve7.pt\/wp-content\/uploads\/2021\/08\/animacao-de-verao-2021.jpg","jetpack_shortlink":"https:\/\/wp.me\/pcezmW-2S2","jetpack_sharing_enabled":true,"_links":{"self":[{"href":"https:\/\/algarve7.pt\/index.php\/wp-json\/wp\/v2\/posts\/11038","targetHints":{"allow":["GET"]}}],"collection":[{"href":"https:\/\/algarve7.pt\/index.php\/wp-json\/wp\/v2\/posts"}],"about":[{"href":"https:\/\/algarve7.pt\/index.php\/wp-json\/wp\/v2\/types\/post"}],"author":[{"embeddable":true,"href":"https:\/\/algarve7.pt\/index.php\/wp-json\/wp\/v2\/users\/1"}],"replies":[{"embeddable":true,"href":"https:\/\/algarve7.pt\/index.php\/wp-json\/wp\/v2\/comments?post=11038"}],"version-history":[{"count":0,"href":"https:\/\/algarve7.pt\/index.php\/wp-json\/wp\/v2\/posts\/11038\/revisions"}],"wp:featuredmedia":[{"embeddable":true,"href":"https:\/\/algarve7.pt\/index.php\/wp-json\/wp\/v2\/media\/11039"}],"wp:attachment":[{"href":"https:\/\/algarve7.pt\/index.php\/wp-json\/wp\/v2\/media?parent=11038"}],"wp:term":[{"taxonomy":"category","embeddable":true,"href":"https:\/\/algarve7.pt\/index.php\/wp-json\/wp\/v2\/categories?post=11038"},{"taxonomy":"post_tag","embeddable":true,"href":"https:\/\/algarve7.pt\/index.php\/wp-json\/wp\/v2\/tags?post=11038"}],"curies":[{"name":"wp","href":"https:\/\/api.w.org\/{rel}","templated":true}]}}