{"id":11035,"date":"2021-08-25T16:55:25","date_gmt":"2021-08-25T15:55:25","guid":{"rendered":"https:\/\/algarve7.pt\/?p=11035"},"modified":"2021-08-25T16:55:29","modified_gmt":"2021-08-25T15:55:29","slug":"ferias-de-verao-2021-animaram-mais-de-1600-criancas-e-jovens-de-portimao","status":"publish","type":"post","link":"https:\/\/algarve7.pt\/index.php\/2021\/08\/ferias-de-verao-2021-animaram-mais-de-1600-criancas-e-jovens-de-portimao\/educacao\/16\/55\/","title":{"rendered":"F\u00e9rias de Ver\u00e3o 2021 animaram mais de 1600 crian\u00e7as e jovens de Portim\u00e3o"},"content":{"rendered":"\n<p>Com um total de 1622 crian\u00e7as e jovens inscritos, entre os 6 e os 12 anos e residentes em Portim\u00e3o, as F\u00e9rias de Ver\u00e3o 2021 decorreram com muito ritmo e anima\u00e7\u00e3o durante seis semanas, no per\u00edodo compreendido entre 12 de julho e 20 de agosto.<\/p>\n\n\n\n<p>Os participantes tiveram oportunidade de ocupar os seus tempos livres de forma divertida e l\u00fadica atrav\u00e9s deste projeto da C\u00e2mara Municipal de Portim\u00e3o pensado para ocupar os mais novos durante a paragem escolar nos meses de ver\u00e3o.<\/p>\n\n\n\n<p>Ao dispor tiveram um diversificado programa de atividades desportivas, culturais, l\u00fadicas e\u202feducativas, dividido em dez n\u00facleos e envolvendo 44 monitores, tendo sido efetuados 436 testes \u00e0 Covid-19, no rigoroso cumprimento das atuais normas de seguran\u00e7a sanit\u00e1ria e ao abrigo do plano de conting\u00eancia aprovado pela autoridade de sa\u00fade local e pela Prote\u00e7\u00e3o Civil Municipal.&nbsp;<\/p>\n\n\n\n<p>As F\u00e9rias de Ver\u00e3o 2021 proporcionaram \u00e0s crian\u00e7as e jovens brincar, vivenciar experi\u00eancias diferentes e adquirir h\u00e1bitos de vida saud\u00e1vel, tendo representado em simult\u00e2neo uma resposta efetiva aos encarregados de educa\u00e7\u00e3o a trabalhar.<\/p>\n\n\n\n<p>A iniciativa\u202fteve lugar em todas as tr\u00eas freguesias do concelho, com atividades distintas no\u202fMuseu de Portim\u00e3o, Biblioteca Municipal Manuel Teixeira Gomes,\u202fQuinta Pedag\u00f3gica de Portim\u00e3o, TEMPO\u202f\u2013 Teatro Municipal de Portim\u00e3o,\u202f\u00c1rea Desportiva da Praia da Rocha,\u202fClube Naval de Portim\u00e3o,\u202fComplexo Municipal de T\u00e9nis e Padel e Piscina Municipal de Portim\u00e3o, Pavilh\u00e3o Desportivo da Boavista, Complexo Desportivo de Alvor e Complexo Desportivo da Mexilhoeira Grande.<\/p>\n\n\n\n<p>Colaboraram nesta iniciativa municipal a Associa\u00e7\u00e3o Humanit\u00e1ria dos Bombeiros Volunt\u00e1rios de Portim\u00e3o, o Clube de T\u00e9nis e Padel de Portim\u00e3o, a Portinado, o Clube Naval de Portim\u00e3o, o Portim\u00e3o Surf Clube e o TIPO \u2013 Teatro Infantil de Portim\u00e3o, sendo parceiros a Sand City e o Zoomarine.<\/p>\n","protected":false},"excerpt":{"rendered":"<p>Com um total de 1622 crian\u00e7as e jovens inscritos, entre os 6 e os 12 anos e residentes em Portim\u00e3o,<\/p>\n","protected":false},"author":1,"featured_media":11036,"comment_status":"closed","ping_status":"open","sticky":false,"template":"","format":"standard","meta":{"colormag_page_container_layout":"default_layout","colormag_page_sidebar_layout":"default_layout","_monsterinsights_skip_tracking":false,"_monsterinsights_sitenote_active":false,"_monsterinsights_sitenote_note":"","_monsterinsights_sitenote_category":0,"jetpack_post_was_ever_published":false,"_jetpack_newsletter_access":"","_jetpack_dont_email_post_to_subs":false,"_jetpack_newsletter_tier_id":0,"_jetpack_memberships_contains_paywalled_content":false,"_jetpack_memberships_contains_paid_content":false,"footnotes":"","jetpack_publicize_message":"","jetpack_publicize_feature_enabled":true,"jetpack_social_post_already_shared":true,"jetpack_social_options":{"image_generator_settings":{"template":"highway","default_image_id":0,"font":"","enabled":false},"version":2}},"categories":[93],"tags":[36,74,285,72],"class_list":["post-11035","post","type-post","status-publish","format-standard","has-post-thumbnail","hentry","category-educacao","tag-algarve","tag-educacao","tag-ferias","tag-portimao"],"yoast_head":"<!-- This site is optimized with the Yoast SEO plugin v27.5 - https:\/\/yoast.com\/product\/yoast-seo-wordpress\/ -->\n<title>F\u00e9rias de Ver\u00e3o 2021 animaram mais de 1600 crian\u00e7as e jovens de Portim\u00e3o - Algarve 7<\/title>\n<meta name=\"description\" content=\"F\u00e9rias de Ver\u00e3o 2021 animaram mais de 1600 crian\u00e7as e jovens de Portim\u00e3o Educa\u00e7\u00e3o\" \/>\n<meta name=\"robots\" content=\"index, follow, max-snippet:-1, max-image-preview:large, max-video-preview:-1\" \/>\n<link rel=\"canonical\" href=\"https:\/\/algarve7.pt\/index.php\/2021\/08\/ferias-de-verao-2021-animaram-mais-de-1600-criancas-e-jovens-de-portimao\/educacao\/16\/55\/\" \/>\n<meta property=\"og:locale\" content=\"pt_PT\" \/>\n<meta property=\"og:type\" content=\"article\" \/>\n<meta property=\"og:title\" content=\"F\u00e9rias de Ver\u00e3o 2021 animaram mais de 1600 crian\u00e7as e jovens de Portim\u00e3o - Algarve 7\" \/>\n<meta property=\"og:description\" content=\"F\u00e9rias de Ver\u00e3o 2021 animaram mais de 1600 crian\u00e7as e jovens de Portim\u00e3o Educa\u00e7\u00e3o\" \/>\n<meta property=\"og:url\" content=\"https:\/\/algarve7.pt\/index.php\/2021\/08\/ferias-de-verao-2021-animaram-mais-de-1600-criancas-e-jovens-de-portimao\/educacao\/16\/55\/\" \/>\n<meta property=\"og:site_name\" content=\"Algarve 7\" \/>\n<meta property=\"article:publisher\" content=\"https:\/\/www.facebook.com\/algarve7\" \/>\n<meta property=\"article:author\" content=\"https:\/\/www.facebook.com\/algarve7\" \/>\n<meta property=\"article:published_time\" content=\"2021-08-25T15:55:25+00:00\" \/>\n<meta property=\"article:modified_time\" content=\"2021-08-25T15:55:29+00:00\" \/>\n<meta property=\"og:image\" content=\"https:\/\/algarve7.pt\/wp-content\/uploads\/2021\/08\/Ferias-de-Verao-Portimao-2021.jpg\" \/>\n\t<meta property=\"og:image:width\" content=\"1280\" \/>\n\t<meta property=\"og:image:height\" content=\"720\" \/>\n\t<meta property=\"og:image:type\" content=\"image\/jpeg\" \/>\n<meta name=\"author\" content=\"Algarve 7\" \/>\n<meta name=\"twitter:card\" content=\"summary_large_image\" \/>\n<meta name=\"twitter:creator\" content=\"@Algarvesete\" \/>\n<meta name=\"twitter:site\" content=\"@Algarvesete\" \/>\n<meta name=\"twitter:label1\" content=\"Escrito por\" \/>\n\t<meta name=\"twitter:data1\" content=\"Algarve 7\" \/>\n\t<meta name=\"twitter:label2\" content=\"Tempo estimado de leitura\" \/>\n\t<meta name=\"twitter:data2\" content=\"2 minutos\" \/>\n<script type=\"application\/ld+json\" class=\"yoast-schema-graph\">{\"@context\":\"https:\\\/\\\/schema.org\",\"@graph\":[{\"@type\":\"Article\",\"@id\":\"https:\\\/\\\/algarve7.pt\\\/index.php\\\/2021\\\/08\\\/ferias-de-verao-2021-animaram-mais-de-1600-criancas-e-jovens-de-portimao\\\/educacao\\\/16\\\/55\\\/#article\",\"isPartOf\":{\"@id\":\"https:\\\/\\\/algarve7.pt\\\/index.php\\\/2021\\\/08\\\/ferias-de-verao-2021-animaram-mais-de-1600-criancas-e-jovens-de-portimao\\\/educacao\\\/16\\\/55\\\/\"},\"author\":{\"name\":\"Algarve 7\",\"@id\":\"https:\\\/\\\/algarve7.pt\\\/#\\\/schema\\\/person\\\/23fa70681308e7b319a3204bcea45e0c\"},\"headline\":\"F\u00e9rias de Ver\u00e3o 2021 animaram mais de 1600 crian\u00e7as e jovens de Portim\u00e3o\",\"datePublished\":\"2021-08-25T15:55:25+00:00\",\"dateModified\":\"2021-08-25T15:55:29+00:00\",\"mainEntityOfPage\":{\"@id\":\"https:\\\/\\\/algarve7.pt\\\/index.php\\\/2021\\\/08\\\/ferias-de-verao-2021-animaram-mais-de-1600-criancas-e-jovens-de-portimao\\\/educacao\\\/16\\\/55\\\/\"},\"wordCount\":333,\"publisher\":{\"@id\":\"https:\\\/\\\/algarve7.pt\\\/#organization\"},\"image\":{\"@id\":\"https:\\\/\\\/algarve7.pt\\\/index.php\\\/2021\\\/08\\\/ferias-de-verao-2021-animaram-mais-de-1600-criancas-e-jovens-de-portimao\\\/educacao\\\/16\\\/55\\\/#primaryimage\"},\"thumbnailUrl\":\"https:\\\/\\\/algarve7.pt\\\/wp-content\\\/uploads\\\/2021\\\/08\\\/Ferias-de-Verao-Portimao-2021.jpg\",\"keywords\":[\"Algarve\",\"Educa\u00e7\u00e3o\",\"F\u00e9rias\",\"Portim\u00e3o\"],\"articleSection\":[\"Educa\u00e7\u00e3o\"],\"inLanguage\":\"pt-PT\"},{\"@type\":\"WebPage\",\"@id\":\"https:\\\/\\\/algarve7.pt\\\/index.php\\\/2021\\\/08\\\/ferias-de-verao-2021-animaram-mais-de-1600-criancas-e-jovens-de-portimao\\\/educacao\\\/16\\\/55\\\/\",\"url\":\"https:\\\/\\\/algarve7.pt\\\/index.php\\\/2021\\\/08\\\/ferias-de-verao-2021-animaram-mais-de-1600-criancas-e-jovens-de-portimao\\\/educacao\\\/16\\\/55\\\/\",\"name\":\"F\u00e9rias de Ver\u00e3o 2021 animaram mais de 1600 crian\u00e7as e jovens de Portim\u00e3o - Algarve 7\",\"isPartOf\":{\"@id\":\"https:\\\/\\\/algarve7.pt\\\/#website\"},\"primaryImageOfPage\":{\"@id\":\"https:\\\/\\\/algarve7.pt\\\/index.php\\\/2021\\\/08\\\/ferias-de-verao-2021-animaram-mais-de-1600-criancas-e-jovens-de-portimao\\\/educacao\\\/16\\\/55\\\/#primaryimage\"},\"image\":{\"@id\":\"https:\\\/\\\/algarve7.pt\\\/index.php\\\/2021\\\/08\\\/ferias-de-verao-2021-animaram-mais-de-1600-criancas-e-jovens-de-portimao\\\/educacao\\\/16\\\/55\\\/#primaryimage\"},\"thumbnailUrl\":\"https:\\\/\\\/algarve7.pt\\\/wp-content\\\/uploads\\\/2021\\\/08\\\/Ferias-de-Verao-Portimao-2021.jpg\",\"datePublished\":\"2021-08-25T15:55:25+00:00\",\"dateModified\":\"2021-08-25T15:55:29+00:00\",\"description\":\"F\u00e9rias de Ver\u00e3o 2021 animaram mais de 1600 crian\u00e7as e jovens de Portim\u00e3o Educa\u00e7\u00e3o\",\"breadcrumb\":{\"@id\":\"https:\\\/\\\/algarve7.pt\\\/index.php\\\/2021\\\/08\\\/ferias-de-verao-2021-animaram-mais-de-1600-criancas-e-jovens-de-portimao\\\/educacao\\\/16\\\/55\\\/#breadcrumb\"},\"inLanguage\":\"pt-PT\",\"potentialAction\":[{\"@type\":\"ReadAction\",\"target\":[\"https:\\\/\\\/algarve7.pt\\\/index.php\\\/2021\\\/08\\\/ferias-de-verao-2021-animaram-mais-de-1600-criancas-e-jovens-de-portimao\\\/educacao\\\/16\\\/55\\\/\"]}]},{\"@type\":\"ImageObject\",\"inLanguage\":\"pt-PT\",\"@id\":\"https:\\\/\\\/algarve7.pt\\\/index.php\\\/2021\\\/08\\\/ferias-de-verao-2021-animaram-mais-de-1600-criancas-e-jovens-de-portimao\\\/educacao\\\/16\\\/55\\\/#primaryimage\",\"url\":\"https:\\\/\\\/algarve7.pt\\\/wp-content\\\/uploads\\\/2021\\\/08\\\/Ferias-de-Verao-Portimao-2021.jpg\",\"contentUrl\":\"https:\\\/\\\/algarve7.pt\\\/wp-content\\\/uploads\\\/2021\\\/08\\\/Ferias-de-Verao-Portimao-2021.jpg\",\"width\":1280,\"height\":720},{\"@type\":\"BreadcrumbList\",\"@id\":\"https:\\\/\\\/algarve7.pt\\\/index.php\\\/2021\\\/08\\\/ferias-de-verao-2021-animaram-mais-de-1600-criancas-e-jovens-de-portimao\\\/educacao\\\/16\\\/55\\\/#breadcrumb\",\"itemListElement\":[{\"@type\":\"ListItem\",\"position\":1,\"name\":\"In\u00edcio\",\"item\":\"https:\\\/\\\/algarve7.pt\\\/\"},{\"@type\":\"ListItem\",\"position\":2,\"name\":\"F\u00e9rias de Ver\u00e3o 2021 animaram mais de 1600 crian\u00e7as e jovens de Portim\u00e3o\"}]},{\"@type\":\"WebSite\",\"@id\":\"https:\\\/\\\/algarve7.pt\\\/#website\",\"url\":\"https:\\\/\\\/algarve7.pt\\\/\",\"name\":\"Algarve 7\",\"description\":\"Informa\u00e7\u00e3o sobre o Algarve\",\"publisher\":{\"@id\":\"https:\\\/\\\/algarve7.pt\\\/#organization\"},\"potentialAction\":[{\"@type\":\"SearchAction\",\"target\":{\"@type\":\"EntryPoint\",\"urlTemplate\":\"https:\\\/\\\/algarve7.pt\\\/?s={search_term_string}\"},\"query-input\":{\"@type\":\"PropertyValueSpecification\",\"valueRequired\":true,\"valueName\":\"search_term_string\"}}],\"inLanguage\":\"pt-PT\"},{\"@type\":\"Organization\",\"@id\":\"https:\\\/\\\/algarve7.pt\\\/#organization\",\"name\":\"Algarve 7\",\"url\":\"https:\\\/\\\/algarve7.pt\\\/\",\"logo\":{\"@type\":\"ImageObject\",\"inLanguage\":\"pt-PT\",\"@id\":\"https:\\\/\\\/algarve7.pt\\\/#\\\/schema\\\/logo\\\/image\\\/\",\"url\":\"https:\\\/\\\/algarve7.pt\\\/wp-content\\\/uploads\\\/2020\\\/10\\\/Logo-8.jpg\",\"contentUrl\":\"https:\\\/\\\/algarve7.pt\\\/wp-content\\\/uploads\\\/2020\\\/10\\\/Logo-8.jpg\",\"width\":1680,\"height\":1186,\"caption\":\"Algarve 7\"},\"image\":{\"@id\":\"https:\\\/\\\/algarve7.pt\\\/#\\\/schema\\\/logo\\\/image\\\/\"},\"sameAs\":[\"https:\\\/\\\/www.facebook.com\\\/algarve7\",\"https:\\\/\\\/x.com\\\/Algarvesete\",\"https:\\\/\\\/www.instagram.com\\\/jornalalgarve7\\\/\",\"https:\\\/\\\/www.linkedin.com\\\/company\\\/algarve7\",\"https:\\\/\\\/www.pinterest.pt\\\/geral0939\\\/_created\\\/\"]},{\"@type\":\"Person\",\"@id\":\"https:\\\/\\\/algarve7.pt\\\/#\\\/schema\\\/person\\\/23fa70681308e7b319a3204bcea45e0c\",\"name\":\"Algarve 7\",\"sameAs\":[\"https:\\\/\\\/algarve7.pt\",\"https:\\\/\\\/www.facebook.com\\\/algarve7\"],\"url\":\"https:\\\/\\\/algarve7.pt\\\/index.php\\\/author\\\/geralalgarve7-pt\\\/\"}]}<\/script>\n<!-- \/ Yoast SEO plugin. -->","yoast_head_json":{"title":"F\u00e9rias de Ver\u00e3o 2021 animaram mais de 1600 crian\u00e7as e jovens de Portim\u00e3o - Algarve 7","description":"F\u00e9rias de Ver\u00e3o 2021 animaram mais de 1600 crian\u00e7as e jovens de Portim\u00e3o Educa\u00e7\u00e3o","robots":{"index":"index","follow":"follow","max-snippet":"max-snippet:-1","max-image-preview":"max-image-preview:large","max-video-preview":"max-video-preview:-1"},"canonical":"https:\/\/algarve7.pt\/index.php\/2021\/08\/ferias-de-verao-2021-animaram-mais-de-1600-criancas-e-jovens-de-portimao\/educacao\/16\/55\/","og_locale":"pt_PT","og_type":"article","og_title":"F\u00e9rias de Ver\u00e3o 2021 animaram mais de 1600 crian\u00e7as e jovens de Portim\u00e3o - Algarve 7","og_description":"F\u00e9rias de Ver\u00e3o 2021 animaram mais de 1600 crian\u00e7as e jovens de Portim\u00e3o Educa\u00e7\u00e3o","og_url":"https:\/\/algarve7.pt\/index.php\/2021\/08\/ferias-de-verao-2021-animaram-mais-de-1600-criancas-e-jovens-de-portimao\/educacao\/16\/55\/","og_site_name":"Algarve 7","article_publisher":"https:\/\/www.facebook.com\/algarve7","article_author":"https:\/\/www.facebook.com\/algarve7","article_published_time":"2021-08-25T15:55:25+00:00","article_modified_time":"2021-08-25T15:55:29+00:00","og_image":[{"width":1280,"height":720,"url":"https:\/\/algarve7.pt\/wp-content\/uploads\/2021\/08\/Ferias-de-Verao-Portimao-2021.jpg","type":"image\/jpeg"}],"author":"Algarve 7","twitter_card":"summary_large_image","twitter_creator":"@Algarvesete","twitter_site":"@Algarvesete","twitter_misc":{"Escrito por":"Algarve 7","Tempo estimado de leitura":"2 minutos"},"schema":{"@context":"https:\/\/schema.org","@graph":[{"@type":"Article","@id":"https:\/\/algarve7.pt\/index.php\/2021\/08\/ferias-de-verao-2021-animaram-mais-de-1600-criancas-e-jovens-de-portimao\/educacao\/16\/55\/#article","isPartOf":{"@id":"https:\/\/algarve7.pt\/index.php\/2021\/08\/ferias-de-verao-2021-animaram-mais-de-1600-criancas-e-jovens-de-portimao\/educacao\/16\/55\/"},"author":{"name":"Algarve 7","@id":"https:\/\/algarve7.pt\/#\/schema\/person\/23fa70681308e7b319a3204bcea45e0c"},"headline":"F\u00e9rias de Ver\u00e3o 2021 animaram mais de 1600 crian\u00e7as e jovens de Portim\u00e3o","datePublished":"2021-08-25T15:55:25+00:00","dateModified":"2021-08-25T15:55:29+00:00","mainEntityOfPage":{"@id":"https:\/\/algarve7.pt\/index.php\/2021\/08\/ferias-de-verao-2021-animaram-mais-de-1600-criancas-e-jovens-de-portimao\/educacao\/16\/55\/"},"wordCount":333,"publisher":{"@id":"https:\/\/algarve7.pt\/#organization"},"image":{"@id":"https:\/\/algarve7.pt\/index.php\/2021\/08\/ferias-de-verao-2021-animaram-mais-de-1600-criancas-e-jovens-de-portimao\/educacao\/16\/55\/#primaryimage"},"thumbnailUrl":"https:\/\/algarve7.pt\/wp-content\/uploads\/2021\/08\/Ferias-de-Verao-Portimao-2021.jpg","keywords":["Algarve","Educa\u00e7\u00e3o","F\u00e9rias","Portim\u00e3o"],"articleSection":["Educa\u00e7\u00e3o"],"inLanguage":"pt-PT"},{"@type":"WebPage","@id":"https:\/\/algarve7.pt\/index.php\/2021\/08\/ferias-de-verao-2021-animaram-mais-de-1600-criancas-e-jovens-de-portimao\/educacao\/16\/55\/","url":"https:\/\/algarve7.pt\/index.php\/2021\/08\/ferias-de-verao-2021-animaram-mais-de-1600-criancas-e-jovens-de-portimao\/educacao\/16\/55\/","name":"F\u00e9rias de Ver\u00e3o 2021 animaram mais de 1600 crian\u00e7as e jovens de Portim\u00e3o - Algarve 7","isPartOf":{"@id":"https:\/\/algarve7.pt\/#website"},"primaryImageOfPage":{"@id":"https:\/\/algarve7.pt\/index.php\/2021\/08\/ferias-de-verao-2021-animaram-mais-de-1600-criancas-e-jovens-de-portimao\/educacao\/16\/55\/#primaryimage"},"image":{"@id":"https:\/\/algarve7.pt\/index.php\/2021\/08\/ferias-de-verao-2021-animaram-mais-de-1600-criancas-e-jovens-de-portimao\/educacao\/16\/55\/#primaryimage"},"thumbnailUrl":"https:\/\/algarve7.pt\/wp-content\/uploads\/2021\/08\/Ferias-de-Verao-Portimao-2021.jpg","datePublished":"2021-08-25T15:55:25+00:00","dateModified":"2021-08-25T15:55:29+00:00","description":"F\u00e9rias de Ver\u00e3o 2021 animaram mais de 1600 crian\u00e7as e jovens de Portim\u00e3o Educa\u00e7\u00e3o","breadcrumb":{"@id":"https:\/\/algarve7.pt\/index.php\/2021\/08\/ferias-de-verao-2021-animaram-mais-de-1600-criancas-e-jovens-de-portimao\/educacao\/16\/55\/#breadcrumb"},"inLanguage":"pt-PT","potentialAction":[{"@type":"ReadAction","target":["https:\/\/algarve7.pt\/index.php\/2021\/08\/ferias-de-verao-2021-animaram-mais-de-1600-criancas-e-jovens-de-portimao\/educacao\/16\/55\/"]}]},{"@type":"ImageObject","inLanguage":"pt-PT","@id":"https:\/\/algarve7.pt\/index.php\/2021\/08\/ferias-de-verao-2021-animaram-mais-de-1600-criancas-e-jovens-de-portimao\/educacao\/16\/55\/#primaryimage","url":"https:\/\/algarve7.pt\/wp-content\/uploads\/2021\/08\/Ferias-de-Verao-Portimao-2021.jpg","contentUrl":"https:\/\/algarve7.pt\/wp-content\/uploads\/2021\/08\/Ferias-de-Verao-Portimao-2021.jpg","width":1280,"height":720},{"@type":"BreadcrumbList","@id":"https:\/\/algarve7.pt\/index.php\/2021\/08\/ferias-de-verao-2021-animaram-mais-de-1600-criancas-e-jovens-de-portimao\/educacao\/16\/55\/#breadcrumb","itemListElement":[{"@type":"ListItem","position":1,"name":"In\u00edcio","item":"https:\/\/algarve7.pt\/"},{"@type":"ListItem","position":2,"name":"F\u00e9rias de Ver\u00e3o 2021 animaram mais de 1600 crian\u00e7as e jovens de Portim\u00e3o"}]},{"@type":"WebSite","@id":"https:\/\/algarve7.pt\/#website","url":"https:\/\/algarve7.pt\/","name":"Algarve 7","description":"Informa\u00e7\u00e3o sobre o Algarve","publisher":{"@id":"https:\/\/algarve7.pt\/#organization"},"potentialAction":[{"@type":"SearchAction","target":{"@type":"EntryPoint","urlTemplate":"https:\/\/algarve7.pt\/?s={search_term_string}"},"query-input":{"@type":"PropertyValueSpecification","valueRequired":true,"valueName":"search_term_string"}}],"inLanguage":"pt-PT"},{"@type":"Organization","@id":"https:\/\/algarve7.pt\/#organization","name":"Algarve 7","url":"https:\/\/algarve7.pt\/","logo":{"@type":"ImageObject","inLanguage":"pt-PT","@id":"https:\/\/algarve7.pt\/#\/schema\/logo\/image\/","url":"https:\/\/algarve7.pt\/wp-content\/uploads\/2020\/10\/Logo-8.jpg","contentUrl":"https:\/\/algarve7.pt\/wp-content\/uploads\/2020\/10\/Logo-8.jpg","width":1680,"height":1186,"caption":"Algarve 7"},"image":{"@id":"https:\/\/algarve7.pt\/#\/schema\/logo\/image\/"},"sameAs":["https:\/\/www.facebook.com\/algarve7","https:\/\/x.com\/Algarvesete","https:\/\/www.instagram.com\/jornalalgarve7\/","https:\/\/www.linkedin.com\/company\/algarve7","https:\/\/www.pinterest.pt\/geral0939\/_created\/"]},{"@type":"Person","@id":"https:\/\/algarve7.pt\/#\/schema\/person\/23fa70681308e7b319a3204bcea45e0c","name":"Algarve 7","sameAs":["https:\/\/algarve7.pt","https:\/\/www.facebook.com\/algarve7"],"url":"https:\/\/algarve7.pt\/index.php\/author\/geralalgarve7-pt\/"}]}},"jetpack_publicize_connections":[],"jetpack_featured_media_url":"https:\/\/algarve7.pt\/wp-content\/uploads\/2021\/08\/Ferias-de-Verao-Portimao-2021.jpg","jetpack_shortlink":"https:\/\/wp.me\/pcezmW-2RZ","jetpack_sharing_enabled":true,"_links":{"self":[{"href":"https:\/\/algarve7.pt\/index.php\/wp-json\/wp\/v2\/posts\/11035","targetHints":{"allow":["GET"]}}],"collection":[{"href":"https:\/\/algarve7.pt\/index.php\/wp-json\/wp\/v2\/posts"}],"about":[{"href":"https:\/\/algarve7.pt\/index.php\/wp-json\/wp\/v2\/types\/post"}],"author":[{"embeddable":true,"href":"https:\/\/algarve7.pt\/index.php\/wp-json\/wp\/v2\/users\/1"}],"replies":[{"embeddable":true,"href":"https:\/\/algarve7.pt\/index.php\/wp-json\/wp\/v2\/comments?post=11035"}],"version-history":[{"count":0,"href":"https:\/\/algarve7.pt\/index.php\/wp-json\/wp\/v2\/posts\/11035\/revisions"}],"wp:featuredmedia":[{"embeddable":true,"href":"https:\/\/algarve7.pt\/index.php\/wp-json\/wp\/v2\/media\/11036"}],"wp:attachment":[{"href":"https:\/\/algarve7.pt\/index.php\/wp-json\/wp\/v2\/media?parent=11035"}],"wp:term":[{"taxonomy":"category","embeddable":true,"href":"https:\/\/algarve7.pt\/index.php\/wp-json\/wp\/v2\/categories?post=11035"},{"taxonomy":"post_tag","embeddable":true,"href":"https:\/\/algarve7.pt\/index.php\/wp-json\/wp\/v2\/tags?post=11035"}],"curies":[{"name":"wp","href":"https:\/\/api.w.org\/{rel}","templated":true}]}}