{"id":1103,"date":"2020-09-04T17:18:18","date_gmt":"2020-09-04T16:18:18","guid":{"rendered":"https:\/\/algarve7.pt\/?p=1103"},"modified":"2020-09-04T17:18:18","modified_gmt":"2020-09-04T16:18:18","slug":"portimao-parque-da-juventude-vai-ter-cara-lavada-e-vida-nova","status":"publish","type":"post","link":"https:\/\/algarve7.pt\/index.php\/2020\/09\/portimao-parque-da-juventude-vai-ter-cara-lavada-e-vida-nova\/atualidade\/17\/18\/","title":{"rendered":"Portim\u00e3o Parque da Juventude vai ter cara lavada e vida nova"},"content":{"rendered":"\n<p><strong>Requalifica\u00e7\u00e3o paisag\u00edstica,&nbsp;or\u00e7ada em 1,3 milh\u00f5es de euros,&nbsp;visa tornar mais atrativo o&nbsp;maior&nbsp;espa\u00e7o verde da cidade.<\/strong>&nbsp;<\/p>\n\n\n\n<p>A C\u00e2mara Municipal de Portim\u00e3o&nbsp;j\u00e1 aprovou&nbsp;a abertura de procedimento para a segunda e \u00faltima fase da requalifica\u00e7\u00e3o paisag\u00edstica do Parque da Juventude de Portim\u00e3o, or\u00e7ada em perto de 1,3 milh\u00f5es de euros.&nbsp;<\/p>\n\n\n\n<p>O concurso p\u00fablico ser\u00e1 agora publicado no Di\u00e1rio da Rep\u00fablica,&nbsp;sendo que os crit\u00e9rios de adjudica\u00e7\u00e3o s\u00e3o o prazo de execu\u00e7\u00e3o e o pre\u00e7o da proposta. Note-se&nbsp;que, face ao montante do investimento, o contrato com a empresa que ganhar esta empreitada&nbsp;ser\u00e1 sujeito a visto pr\u00e9vio do Tribunal de Contas.&nbsp;&nbsp;<\/p>\n\n\n\n<p>O programa de concurso protagoniza uma&nbsp;profunda interven\u00e7\u00e3o&nbsp;com&nbsp;dois grandes objetivos,&nbsp;que&nbsp;incidem na requalifica\u00e7\u00e3o propriamente dita da infraestrutura e na cria\u00e7\u00e3o de um parque radical desportivo que v\u00e1 de encontro a um desejo antigo da comunidade local, sobretudo dos jovens.&nbsp;<\/p>\n\n\n\n<p>No fundo, a C\u00e2mara de Portim\u00e3o&nbsp;visa tornar mais atrativo o maior espa\u00e7o verde da cidade, criando melhores condi\u00e7\u00f5es de lazer numa \u00e1rea superior a 15.300m2, atrav\u00e9s da uniformiza\u00e7\u00e3o de toda a estrutura, com renova\u00e7\u00e3o da sua imagem. Outro dos objetivos&nbsp;desta&nbsp;interven\u00e7\u00e3o \u00e9 tornar o Parque da Juventude sustent\u00e1vel e socialmente inclusivo.&nbsp;&nbsp;<\/p>\n\n\n\n<p><strong>UM PASSADI\u00c7O PARA&nbsp;PASSEAR JUNTO \u00c0 COPA DAS \u00c1RVORES<\/strong>&nbsp;<\/p>\n\n\n\n<p>Para al\u00e9m da cria\u00e7\u00e3o de novas estruturas e de melhoramentos nas existentes,&nbsp;esta&nbsp;interven\u00e7\u00e3o criar\u00e1 uma liga\u00e7\u00e3o entre as entradas sul e norte do Parque da Juventude. Nalguns locais ser\u00e3o constru\u00eddos passadi\u00e7os sobrelevados, que poder\u00e3o mesmo atingir o n\u00edvel da copa das \u00e1rvores.&nbsp;<\/p>\n\n\n\n<p>A acessibilidade e mobilidade dos percursos pedonais constitui outra das prioridades do projeto, permitindo a qualquer pessoa passear pelo Parque e utilizar os seus equipamentos. Por sua vez, ser\u00e3o substitu\u00eddos os pain\u00e9is informativos e a atual sinal\u00e9tica, bem como o mobili\u00e1rio urbano e as papeleiras.&nbsp;<\/p>\n\n\n\n<p>Uma das principais apostas na sociabiliza\u00e7\u00e3o do Parque da Juventude de Portim\u00e3o passar\u00e1 pela cria\u00e7\u00e3o de uma zona de merendas, estando igualmente consagrada a edifica\u00e7\u00e3o de uma torre&nbsp;de vigia&nbsp;na \u00e1rea mais alta e central, para que os visitantes desfrutem de uma vista panor\u00e2mica do&nbsp;espa\u00e7o verde que os rodeia.&nbsp;&nbsp;Quanto ao atual lago, situado logo \u00e0 entrada, ser\u00e1&nbsp;renaturalizado,&nbsp;pelo que ser\u00e3o introduzidas&nbsp;plantas depuradoras de \u00e1gua&nbsp;e um deck.&nbsp;<\/p>\n\n\n\n<p>O&nbsp;parque de estacionamento vai ser ampliado, estando igualmente contemplada a elimina\u00e7\u00e3o de obst\u00e1culos visuais no exterior que impe\u00e7am a clara visualiza\u00e7\u00e3o da entrada do Parque da Juventude.&nbsp;&nbsp;<\/p>\n\n\n\n<p><strong>PARQUE RADICAL PARA TODOS OS GOSTOS<\/strong>&nbsp;<\/p>\n\n\n\n<p>Na \u00e1rea perpendicular \u00e0 Av. S. Louren\u00e7o da Barrosa, mais conhecida como V6, ser\u00e1 criado o parque radical com cerca de 1870 m2, no s\u00edtio onde existia uma pista para carros telecomandados.&nbsp;A&nbsp;ideia conceptual foi baseada na tradu\u00e7\u00e3o geogr\u00e1fica da zona costeira de Portim\u00e3o, nomeadamente da Praia da Rocha, sem esquecer o interior do concelho, sob um ponto de vista fortemente ecol\u00f3gico.&nbsp;&nbsp;<\/p>\n\n\n\n<p>Essa analogia entre mar e terra, reflexo da cidade e dos seus habitantes, traduzir-se-\u00e1 na constru\u00e7\u00e3o de diferentes equipamentos para atividades radicais, imitando elementos ic\u00f3nicos como o Forte de St. Catarina de Ribamar, o Miradouro e o Molhe\/Pont\u00e3o da Praia da Rocha.&nbsp;<\/p>\n\n\n\n<p>As estruturas, dirigidas a v\u00e1rias faixas et\u00e1rias e com diferentes graus de dificuldade,&nbsp;adaptam-se \u00e0 morfologia do terreno e&nbsp;proporcionar\u00e3o aos praticantes do parque o car\u00e1ter de inicia\u00e7\u00e3o, prepara\u00e7\u00e3o e aperfei\u00e7oamento.&nbsp;Haver\u00e1 in\u00fameros&nbsp;elementos de \u2018street&nbsp;section\u2019,&nbsp;com&nbsp;obst\u00e1culos e desn\u00edveis&nbsp;repletos de desafios,&nbsp;para todos os gostos e capacidades&nbsp;atl\u00e9ticas.&nbsp;<\/p>\n\n\n\n<p>Ainda nesta&nbsp;zona sul do Parque da Juventude,&nbsp;onde&nbsp;originalmente&nbsp;havia&nbsp;rampas de madeira, vai ser edificado um polidesportivo descoberto, para utiliza\u00e7\u00e3o como campo de jogos informal.&nbsp;&nbsp;<\/p>\n\n\n\n<p><strong>QUIOSQUE COM LINHAS MODERNAS<\/strong>&nbsp;<\/p>\n\n\n\n<p>Tamb\u00e9m fazem parte do plano a constru\u00e7\u00e3o de um novo quiosque em semic\u00edrculo, com duas \u00e1reas de esplanada, uma coberta e outra envidra\u00e7ada. Essa estrutura ter\u00e1 linhas din\u00e2micas e vem substituir o atual edif\u00edcio, incluindo no seu conjunto as instala\u00e7\u00f5es sanit\u00e1rias, preparadas para receber pessoas com mobilidade condicionada. Todo este conjunto abranger\u00e1 uma \u00e1rea total de 152 m2.&nbsp;<\/p>\n\n\n\n<p>A empreitada prev\u00ea ainda a instala\u00e7\u00e3o de antenas&nbsp;wifi&nbsp;em diversos pontos do Parque da Juventude e a reabilita\u00e7\u00e3o da rede ilumina\u00e7\u00e3o na zona do chamado \u2018parque radical\u2019, sem esquecer a&nbsp;cria\u00e7\u00e3o de dois parques infantis, com equipamentos adequados a diversas faixas et\u00e1rias, refor\u00e7ando a oferta existente, presentemente composta por um pequeno espa\u00e7o com baloi\u00e7os.&nbsp;Os mais velhinhos poder\u00e3o brincar&nbsp;no parque situado junto \u00e0 entrada sul, enquanto o receio dos pequeninos&nbsp;se localizar\u00e1 perto da entrada norte.&nbsp;<\/p>\n\n\n\n<p><strong>PISTA BMX DE TOPO<\/strong>&nbsp;<\/p>\n\n\n\n<p>O Parque da Juventude foi inaugurado em 1996, localiza-se junto \u00e0 Urbaniza\u00e7\u00e3o Alto do Pacheco e a mais recente interven\u00e7\u00e3o camar\u00e1ria ocorreu h\u00e1 cerca de um ano, com&nbsp;a abertura da pista de BMX&nbsp;Race, no \u00e2mbito de Portim\u00e3o &#8211; Cidade Europeia do Desporto 2019.&nbsp;&nbsp;<\/p>\n\n\n\n<p>Sob projeto do Clube&nbsp;Bicross&nbsp;de Portim\u00e3o, a pista representou um investimento aut\u00e1rquico de 123 mil euros, sendo considerada uma das melhores do pa\u00eds. Entre as suas val\u00eancias, est\u00e1 dotada de um mecanismo totalmente el\u00e9trico na grelha de partida,&nbsp;pioneiro a n\u00edvel ib\u00e9rico.&nbsp;&nbsp;<\/p>\n","protected":false},"excerpt":{"rendered":"<p>Requalifica\u00e7\u00e3o paisag\u00edstica,&nbsp;or\u00e7ada em 1,3 milh\u00f5es de euros,&nbsp;visa tornar mais atrativo o&nbsp;maior&nbsp;espa\u00e7o verde da cidade.&nbsp; A C\u00e2mara Municipal de Portim\u00e3o&nbsp;j\u00e1 aprovou&nbsp;a<\/p>\n","protected":false},"author":1,"featured_media":1104,"comment_status":"closed","ping_status":"open","sticky":false,"template":"","format":"standard","meta":{"colormag_page_container_layout":"default_layout","colormag_page_sidebar_layout":"default_layout","_monsterinsights_skip_tracking":false,"_monsterinsights_sitenote_active":false,"_monsterinsights_sitenote_note":"","_monsterinsights_sitenote_category":0,"jetpack_post_was_ever_published":false,"_jetpack_newsletter_access":"","_jetpack_dont_email_post_to_subs":false,"_jetpack_newsletter_tier_id":0,"_jetpack_memberships_contains_paywalled_content":false,"_jetpack_memberships_contains_paid_content":false,"footnotes":"","jetpack_publicize_message":"","jetpack_publicize_feature_enabled":true,"jetpack_social_post_already_shared":true,"jetpack_social_options":{"image_generator_settings":{"template":"highway","default_image_id":0,"font":"","enabled":false},"version":2}},"categories":[11,15],"tags":[32,114,40,72],"class_list":["post-1103","post","type-post","status-publish","format-standard","has-post-thumbnail","hentry","category-atualidade","category-desporto","tag-ambiente","tag-bmx","tag-desporto","tag-portimao"],"yoast_head":"<!-- This site is optimized with the Yoast SEO plugin v27.5 - https:\/\/yoast.com\/product\/yoast-seo-wordpress\/ -->\n<title>Portim\u00e3o Parque da Juventude vai ter cara lavada e vida nova - Algarve 7<\/title>\n<meta name=\"description\" content=\"Portim\u00e3o Parque da Juventude vai ter cara lavada e vida nova\" \/>\n<meta name=\"robots\" content=\"index, follow, max-snippet:-1, max-image-preview:large, max-video-preview:-1\" \/>\n<link rel=\"canonical\" href=\"https:\/\/algarve7.pt\/index.php\/2020\/09\/portimao-parque-da-juventude-vai-ter-cara-lavada-e-vida-nova\/atualidade\/17\/18\/\" \/>\n<meta property=\"og:locale\" content=\"pt_PT\" \/>\n<meta property=\"og:type\" content=\"article\" \/>\n<meta property=\"og:title\" content=\"Portim\u00e3o Parque da Juventude vai ter cara lavada e vida nova - Algarve 7\" \/>\n<meta property=\"og:description\" content=\"Portim\u00e3o Parque da Juventude vai ter cara lavada e vida nova\" \/>\n<meta property=\"og:url\" content=\"https:\/\/algarve7.pt\/index.php\/2020\/09\/portimao-parque-da-juventude-vai-ter-cara-lavada-e-vida-nova\/atualidade\/17\/18\/\" \/>\n<meta property=\"og:site_name\" content=\"Algarve 7\" \/>\n<meta property=\"article:publisher\" content=\"https:\/\/www.facebook.com\/algarve7\" \/>\n<meta property=\"article:author\" content=\"https:\/\/www.facebook.com\/algarve7\" \/>\n<meta property=\"article:published_time\" content=\"2020-09-04T16:18:18+00:00\" \/>\n<meta property=\"og:image\" content=\"https:\/\/algarve7.pt\/wp-content\/uploads\/2020\/09\/Parque-da-Juvrentude-novidades.png\" \/>\n\t<meta property=\"og:image:width\" content=\"1280\" \/>\n\t<meta property=\"og:image:height\" content=\"720\" \/>\n\t<meta property=\"og:image:type\" content=\"image\/png\" \/>\n<meta name=\"author\" content=\"Algarve 7\" \/>\n<meta name=\"twitter:card\" content=\"summary_large_image\" \/>\n<meta name=\"twitter:creator\" content=\"@Algarvesete\" \/>\n<meta name=\"twitter:site\" content=\"@Algarvesete\" \/>\n<meta name=\"twitter:label1\" content=\"Escrito por\" \/>\n\t<meta name=\"twitter:data1\" content=\"Algarve 7\" \/>\n\t<meta name=\"twitter:label2\" content=\"Tempo estimado de leitura\" \/>\n\t<meta name=\"twitter:data2\" content=\"5 minutos\" \/>\n<script type=\"application\/ld+json\" class=\"yoast-schema-graph\">{\"@context\":\"https:\\\/\\\/schema.org\",\"@graph\":[{\"@type\":\"Article\",\"@id\":\"https:\\\/\\\/algarve7.pt\\\/index.php\\\/2020\\\/09\\\/portimao-parque-da-juventude-vai-ter-cara-lavada-e-vida-nova\\\/atualidade\\\/17\\\/18\\\/#article\",\"isPartOf\":{\"@id\":\"https:\\\/\\\/algarve7.pt\\\/index.php\\\/2020\\\/09\\\/portimao-parque-da-juventude-vai-ter-cara-lavada-e-vida-nova\\\/atualidade\\\/17\\\/18\\\/\"},\"author\":{\"name\":\"Algarve 7\",\"@id\":\"https:\\\/\\\/algarve7.pt\\\/#\\\/schema\\\/person\\\/23fa70681308e7b319a3204bcea45e0c\"},\"headline\":\"Portim\u00e3o Parque da Juventude vai ter cara lavada e vida nova\",\"datePublished\":\"2020-09-04T16:18:18+00:00\",\"mainEntityOfPage\":{\"@id\":\"https:\\\/\\\/algarve7.pt\\\/index.php\\\/2020\\\/09\\\/portimao-parque-da-juventude-vai-ter-cara-lavada-e-vida-nova\\\/atualidade\\\/17\\\/18\\\/\"},\"wordCount\":1009,\"publisher\":{\"@id\":\"https:\\\/\\\/algarve7.pt\\\/#organization\"},\"image\":{\"@id\":\"https:\\\/\\\/algarve7.pt\\\/index.php\\\/2020\\\/09\\\/portimao-parque-da-juventude-vai-ter-cara-lavada-e-vida-nova\\\/atualidade\\\/17\\\/18\\\/#primaryimage\"},\"thumbnailUrl\":\"https:\\\/\\\/algarve7.pt\\\/wp-content\\\/uploads\\\/2020\\\/09\\\/Parque-da-Juvrentude-novidades.png\",\"keywords\":[\"Ambiente\",\"BMX\",\"Desporto\",\"Portim\u00e3o\"],\"articleSection\":[\"Atualidade\",\"Desporto\"],\"inLanguage\":\"pt-PT\"},{\"@type\":\"WebPage\",\"@id\":\"https:\\\/\\\/algarve7.pt\\\/index.php\\\/2020\\\/09\\\/portimao-parque-da-juventude-vai-ter-cara-lavada-e-vida-nova\\\/atualidade\\\/17\\\/18\\\/\",\"url\":\"https:\\\/\\\/algarve7.pt\\\/index.php\\\/2020\\\/09\\\/portimao-parque-da-juventude-vai-ter-cara-lavada-e-vida-nova\\\/atualidade\\\/17\\\/18\\\/\",\"name\":\"Portim\u00e3o Parque da Juventude vai ter cara lavada e vida nova - Algarve 7\",\"isPartOf\":{\"@id\":\"https:\\\/\\\/algarve7.pt\\\/#website\"},\"primaryImageOfPage\":{\"@id\":\"https:\\\/\\\/algarve7.pt\\\/index.php\\\/2020\\\/09\\\/portimao-parque-da-juventude-vai-ter-cara-lavada-e-vida-nova\\\/atualidade\\\/17\\\/18\\\/#primaryimage\"},\"image\":{\"@id\":\"https:\\\/\\\/algarve7.pt\\\/index.php\\\/2020\\\/09\\\/portimao-parque-da-juventude-vai-ter-cara-lavada-e-vida-nova\\\/atualidade\\\/17\\\/18\\\/#primaryimage\"},\"thumbnailUrl\":\"https:\\\/\\\/algarve7.pt\\\/wp-content\\\/uploads\\\/2020\\\/09\\\/Parque-da-Juvrentude-novidades.png\",\"datePublished\":\"2020-09-04T16:18:18+00:00\",\"description\":\"Portim\u00e3o Parque da Juventude vai ter cara lavada e vida nova\",\"breadcrumb\":{\"@id\":\"https:\\\/\\\/algarve7.pt\\\/index.php\\\/2020\\\/09\\\/portimao-parque-da-juventude-vai-ter-cara-lavada-e-vida-nova\\\/atualidade\\\/17\\\/18\\\/#breadcrumb\"},\"inLanguage\":\"pt-PT\",\"potentialAction\":[{\"@type\":\"ReadAction\",\"target\":[\"https:\\\/\\\/algarve7.pt\\\/index.php\\\/2020\\\/09\\\/portimao-parque-da-juventude-vai-ter-cara-lavada-e-vida-nova\\\/atualidade\\\/17\\\/18\\\/\"]}]},{\"@type\":\"ImageObject\",\"inLanguage\":\"pt-PT\",\"@id\":\"https:\\\/\\\/algarve7.pt\\\/index.php\\\/2020\\\/09\\\/portimao-parque-da-juventude-vai-ter-cara-lavada-e-vida-nova\\\/atualidade\\\/17\\\/18\\\/#primaryimage\",\"url\":\"https:\\\/\\\/algarve7.pt\\\/wp-content\\\/uploads\\\/2020\\\/09\\\/Parque-da-Juvrentude-novidades.png\",\"contentUrl\":\"https:\\\/\\\/algarve7.pt\\\/wp-content\\\/uploads\\\/2020\\\/09\\\/Parque-da-Juvrentude-novidades.png\",\"width\":1280,\"height\":720},{\"@type\":\"BreadcrumbList\",\"@id\":\"https:\\\/\\\/algarve7.pt\\\/index.php\\\/2020\\\/09\\\/portimao-parque-da-juventude-vai-ter-cara-lavada-e-vida-nova\\\/atualidade\\\/17\\\/18\\\/#breadcrumb\",\"itemListElement\":[{\"@type\":\"ListItem\",\"position\":1,\"name\":\"In\u00edcio\",\"item\":\"https:\\\/\\\/algarve7.pt\\\/\"},{\"@type\":\"ListItem\",\"position\":2,\"name\":\"Portim\u00e3o Parque da Juventude vai ter cara lavada e vida nova\"}]},{\"@type\":\"WebSite\",\"@id\":\"https:\\\/\\\/algarve7.pt\\\/#website\",\"url\":\"https:\\\/\\\/algarve7.pt\\\/\",\"name\":\"Algarve 7\",\"description\":\"Informa\u00e7\u00e3o sobre o Algarve\",\"publisher\":{\"@id\":\"https:\\\/\\\/algarve7.pt\\\/#organization\"},\"potentialAction\":[{\"@type\":\"SearchAction\",\"target\":{\"@type\":\"EntryPoint\",\"urlTemplate\":\"https:\\\/\\\/algarve7.pt\\\/?s={search_term_string}\"},\"query-input\":{\"@type\":\"PropertyValueSpecification\",\"valueRequired\":true,\"valueName\":\"search_term_string\"}}],\"inLanguage\":\"pt-PT\"},{\"@type\":\"Organization\",\"@id\":\"https:\\\/\\\/algarve7.pt\\\/#organization\",\"name\":\"Algarve 7\",\"url\":\"https:\\\/\\\/algarve7.pt\\\/\",\"logo\":{\"@type\":\"ImageObject\",\"inLanguage\":\"pt-PT\",\"@id\":\"https:\\\/\\\/algarve7.pt\\\/#\\\/schema\\\/logo\\\/image\\\/\",\"url\":\"https:\\\/\\\/algarve7.pt\\\/wp-content\\\/uploads\\\/2020\\\/10\\\/Logo-8.jpg\",\"contentUrl\":\"https:\\\/\\\/algarve7.pt\\\/wp-content\\\/uploads\\\/2020\\\/10\\\/Logo-8.jpg\",\"width\":1680,\"height\":1186,\"caption\":\"Algarve 7\"},\"image\":{\"@id\":\"https:\\\/\\\/algarve7.pt\\\/#\\\/schema\\\/logo\\\/image\\\/\"},\"sameAs\":[\"https:\\\/\\\/www.facebook.com\\\/algarve7\",\"https:\\\/\\\/x.com\\\/Algarvesete\",\"https:\\\/\\\/www.instagram.com\\\/jornalalgarve7\\\/\",\"https:\\\/\\\/www.linkedin.com\\\/company\\\/algarve7\",\"https:\\\/\\\/www.pinterest.pt\\\/geral0939\\\/_created\\\/\"]},{\"@type\":\"Person\",\"@id\":\"https:\\\/\\\/algarve7.pt\\\/#\\\/schema\\\/person\\\/23fa70681308e7b319a3204bcea45e0c\",\"name\":\"Algarve 7\",\"sameAs\":[\"https:\\\/\\\/algarve7.pt\",\"https:\\\/\\\/www.facebook.com\\\/algarve7\"],\"url\":\"https:\\\/\\\/algarve7.pt\\\/index.php\\\/author\\\/geralalgarve7-pt\\\/\"}]}<\/script>\n<!-- \/ Yoast SEO plugin. -->","yoast_head_json":{"title":"Portim\u00e3o Parque da Juventude vai ter cara lavada e vida nova - Algarve 7","description":"Portim\u00e3o Parque da Juventude vai ter cara lavada e vida nova","robots":{"index":"index","follow":"follow","max-snippet":"max-snippet:-1","max-image-preview":"max-image-preview:large","max-video-preview":"max-video-preview:-1"},"canonical":"https:\/\/algarve7.pt\/index.php\/2020\/09\/portimao-parque-da-juventude-vai-ter-cara-lavada-e-vida-nova\/atualidade\/17\/18\/","og_locale":"pt_PT","og_type":"article","og_title":"Portim\u00e3o Parque da Juventude vai ter cara lavada e vida nova - Algarve 7","og_description":"Portim\u00e3o Parque da Juventude vai ter cara lavada e vida nova","og_url":"https:\/\/algarve7.pt\/index.php\/2020\/09\/portimao-parque-da-juventude-vai-ter-cara-lavada-e-vida-nova\/atualidade\/17\/18\/","og_site_name":"Algarve 7","article_publisher":"https:\/\/www.facebook.com\/algarve7","article_author":"https:\/\/www.facebook.com\/algarve7","article_published_time":"2020-09-04T16:18:18+00:00","og_image":[{"width":1280,"height":720,"url":"https:\/\/algarve7.pt\/wp-content\/uploads\/2020\/09\/Parque-da-Juvrentude-novidades.png","type":"image\/png"}],"author":"Algarve 7","twitter_card":"summary_large_image","twitter_creator":"@Algarvesete","twitter_site":"@Algarvesete","twitter_misc":{"Escrito por":"Algarve 7","Tempo estimado de leitura":"5 minutos"},"schema":{"@context":"https:\/\/schema.org","@graph":[{"@type":"Article","@id":"https:\/\/algarve7.pt\/index.php\/2020\/09\/portimao-parque-da-juventude-vai-ter-cara-lavada-e-vida-nova\/atualidade\/17\/18\/#article","isPartOf":{"@id":"https:\/\/algarve7.pt\/index.php\/2020\/09\/portimao-parque-da-juventude-vai-ter-cara-lavada-e-vida-nova\/atualidade\/17\/18\/"},"author":{"name":"Algarve 7","@id":"https:\/\/algarve7.pt\/#\/schema\/person\/23fa70681308e7b319a3204bcea45e0c"},"headline":"Portim\u00e3o Parque da Juventude vai ter cara lavada e vida nova","datePublished":"2020-09-04T16:18:18+00:00","mainEntityOfPage":{"@id":"https:\/\/algarve7.pt\/index.php\/2020\/09\/portimao-parque-da-juventude-vai-ter-cara-lavada-e-vida-nova\/atualidade\/17\/18\/"},"wordCount":1009,"publisher":{"@id":"https:\/\/algarve7.pt\/#organization"},"image":{"@id":"https:\/\/algarve7.pt\/index.php\/2020\/09\/portimao-parque-da-juventude-vai-ter-cara-lavada-e-vida-nova\/atualidade\/17\/18\/#primaryimage"},"thumbnailUrl":"https:\/\/algarve7.pt\/wp-content\/uploads\/2020\/09\/Parque-da-Juvrentude-novidades.png","keywords":["Ambiente","BMX","Desporto","Portim\u00e3o"],"articleSection":["Atualidade","Desporto"],"inLanguage":"pt-PT"},{"@type":"WebPage","@id":"https:\/\/algarve7.pt\/index.php\/2020\/09\/portimao-parque-da-juventude-vai-ter-cara-lavada-e-vida-nova\/atualidade\/17\/18\/","url":"https:\/\/algarve7.pt\/index.php\/2020\/09\/portimao-parque-da-juventude-vai-ter-cara-lavada-e-vida-nova\/atualidade\/17\/18\/","name":"Portim\u00e3o Parque da Juventude vai ter cara lavada e vida nova - Algarve 7","isPartOf":{"@id":"https:\/\/algarve7.pt\/#website"},"primaryImageOfPage":{"@id":"https:\/\/algarve7.pt\/index.php\/2020\/09\/portimao-parque-da-juventude-vai-ter-cara-lavada-e-vida-nova\/atualidade\/17\/18\/#primaryimage"},"image":{"@id":"https:\/\/algarve7.pt\/index.php\/2020\/09\/portimao-parque-da-juventude-vai-ter-cara-lavada-e-vida-nova\/atualidade\/17\/18\/#primaryimage"},"thumbnailUrl":"https:\/\/algarve7.pt\/wp-content\/uploads\/2020\/09\/Parque-da-Juvrentude-novidades.png","datePublished":"2020-09-04T16:18:18+00:00","description":"Portim\u00e3o Parque da Juventude vai ter cara lavada e vida nova","breadcrumb":{"@id":"https:\/\/algarve7.pt\/index.php\/2020\/09\/portimao-parque-da-juventude-vai-ter-cara-lavada-e-vida-nova\/atualidade\/17\/18\/#breadcrumb"},"inLanguage":"pt-PT","potentialAction":[{"@type":"ReadAction","target":["https:\/\/algarve7.pt\/index.php\/2020\/09\/portimao-parque-da-juventude-vai-ter-cara-lavada-e-vida-nova\/atualidade\/17\/18\/"]}]},{"@type":"ImageObject","inLanguage":"pt-PT","@id":"https:\/\/algarve7.pt\/index.php\/2020\/09\/portimao-parque-da-juventude-vai-ter-cara-lavada-e-vida-nova\/atualidade\/17\/18\/#primaryimage","url":"https:\/\/algarve7.pt\/wp-content\/uploads\/2020\/09\/Parque-da-Juvrentude-novidades.png","contentUrl":"https:\/\/algarve7.pt\/wp-content\/uploads\/2020\/09\/Parque-da-Juvrentude-novidades.png","width":1280,"height":720},{"@type":"BreadcrumbList","@id":"https:\/\/algarve7.pt\/index.php\/2020\/09\/portimao-parque-da-juventude-vai-ter-cara-lavada-e-vida-nova\/atualidade\/17\/18\/#breadcrumb","itemListElement":[{"@type":"ListItem","position":1,"name":"In\u00edcio","item":"https:\/\/algarve7.pt\/"},{"@type":"ListItem","position":2,"name":"Portim\u00e3o Parque da Juventude vai ter cara lavada e vida nova"}]},{"@type":"WebSite","@id":"https:\/\/algarve7.pt\/#website","url":"https:\/\/algarve7.pt\/","name":"Algarve 7","description":"Informa\u00e7\u00e3o sobre o Algarve","publisher":{"@id":"https:\/\/algarve7.pt\/#organization"},"potentialAction":[{"@type":"SearchAction","target":{"@type":"EntryPoint","urlTemplate":"https:\/\/algarve7.pt\/?s={search_term_string}"},"query-input":{"@type":"PropertyValueSpecification","valueRequired":true,"valueName":"search_term_string"}}],"inLanguage":"pt-PT"},{"@type":"Organization","@id":"https:\/\/algarve7.pt\/#organization","name":"Algarve 7","url":"https:\/\/algarve7.pt\/","logo":{"@type":"ImageObject","inLanguage":"pt-PT","@id":"https:\/\/algarve7.pt\/#\/schema\/logo\/image\/","url":"https:\/\/algarve7.pt\/wp-content\/uploads\/2020\/10\/Logo-8.jpg","contentUrl":"https:\/\/algarve7.pt\/wp-content\/uploads\/2020\/10\/Logo-8.jpg","width":1680,"height":1186,"caption":"Algarve 7"},"image":{"@id":"https:\/\/algarve7.pt\/#\/schema\/logo\/image\/"},"sameAs":["https:\/\/www.facebook.com\/algarve7","https:\/\/x.com\/Algarvesete","https:\/\/www.instagram.com\/jornalalgarve7\/","https:\/\/www.linkedin.com\/company\/algarve7","https:\/\/www.pinterest.pt\/geral0939\/_created\/"]},{"@type":"Person","@id":"https:\/\/algarve7.pt\/#\/schema\/person\/23fa70681308e7b319a3204bcea45e0c","name":"Algarve 7","sameAs":["https:\/\/algarve7.pt","https:\/\/www.facebook.com\/algarve7"],"url":"https:\/\/algarve7.pt\/index.php\/author\/geralalgarve7-pt\/"}]}},"jetpack_publicize_connections":[],"jetpack_featured_media_url":"https:\/\/algarve7.pt\/wp-content\/uploads\/2020\/09\/Parque-da-Juvrentude-novidades.png","jetpack_shortlink":"https:\/\/wp.me\/pcezmW-hN","jetpack_sharing_enabled":true,"_links":{"self":[{"href":"https:\/\/algarve7.pt\/index.php\/wp-json\/wp\/v2\/posts\/1103","targetHints":{"allow":["GET"]}}],"collection":[{"href":"https:\/\/algarve7.pt\/index.php\/wp-json\/wp\/v2\/posts"}],"about":[{"href":"https:\/\/algarve7.pt\/index.php\/wp-json\/wp\/v2\/types\/post"}],"author":[{"embeddable":true,"href":"https:\/\/algarve7.pt\/index.php\/wp-json\/wp\/v2\/users\/1"}],"replies":[{"embeddable":true,"href":"https:\/\/algarve7.pt\/index.php\/wp-json\/wp\/v2\/comments?post=1103"}],"version-history":[{"count":0,"href":"https:\/\/algarve7.pt\/index.php\/wp-json\/wp\/v2\/posts\/1103\/revisions"}],"wp:featuredmedia":[{"embeddable":true,"href":"https:\/\/algarve7.pt\/index.php\/wp-json\/wp\/v2\/media\/1104"}],"wp:attachment":[{"href":"https:\/\/algarve7.pt\/index.php\/wp-json\/wp\/v2\/media?parent=1103"}],"wp:term":[{"taxonomy":"category","embeddable":true,"href":"https:\/\/algarve7.pt\/index.php\/wp-json\/wp\/v2\/categories?post=1103"},{"taxonomy":"post_tag","embeddable":true,"href":"https:\/\/algarve7.pt\/index.php\/wp-json\/wp\/v2\/tags?post=1103"}],"curies":[{"name":"wp","href":"https:\/\/api.w.org\/{rel}","templated":true}]}}