{"id":11017,"date":"2021-08-25T10:30:00","date_gmt":"2021-08-25T09:30:00","guid":{"rendered":"https:\/\/algarve7.pt\/?p=11017"},"modified":"2021-08-25T10:04:57","modified_gmt":"2021-08-25T09:04:57","slug":"mercados-de-verao-estao-de-regresso-a-portimao","status":"publish","type":"post","link":"https:\/\/algarve7.pt\/index.php\/2021\/08\/mercados-de-verao-estao-de-regresso-a-portimao\/cultura\/10\/30\/","title":{"rendered":"Mercados de Ver\u00e3o est\u00e3o de regresso a Portim\u00e3o"},"content":{"rendered":"\n<p>Ap\u00f3s o sucesso da 1.\u00aa edi\u00e7\u00e3o, que marcou o regresso dos artes\u00e3os \u00e0s ruas, os Mercados de Ver\u00e3o voltam a \u201cocupar\u201d o&nbsp;Jardim 1.\u00ba de Dezembro, em&nbsp;Portim\u00e3o, para apresentar pequenos neg\u00f3cios de artesanato, novo design e produtos gourmet, ao p\u00fablico em geral.<\/p>\n\n\n\n<p>Nos dias&nbsp;27, 28 e 29 de agosto, das&nbsp;18h00 \u00e0s 23h00, haver\u00e1 20 expositores a visitar, entre algumas marcas j\u00e1 presentes na 1\u00aa edi\u00e7\u00e3o e outras novidades \u201cfresquinhas\u201d que prometem conquistar os visitantes. Na sexta-feira seguinte,&nbsp;3 de setembro, o evento ter\u00e1 in\u00edcio \u00e0s&nbsp;20h30&nbsp;e prosseguir\u00e1 nesse fim de semana, dias&nbsp;4 e 5 de setembro, no hor\u00e1rio habitual, a partir das 18h00.<\/p>\n\n\n\n<p>Novas marcas que se juntam ao evento s\u00e3o a \u201cANAH\u00cd\u201d&nbsp;com vestu\u00e1rio feito \u00e0 m\u00e3o a partir de saris de seda reciclada, a \u201cShyr\u00e9nia\u2019s Creations\u201d&nbsp;com artigos de moda em capulana, a \u201cPor um Fio\u201d&nbsp;com brinquedos em crochet e amigurumi.&nbsp;Mafalda Os\u00f3rio&nbsp;leva consigo bonecas de pano, figuras m\u00edticas e mandalas, a \u201cPandina\u201d&nbsp;apresenta artigos para beb\u00eas \u00e0 base de silicone e teremos mais cer\u00e2mica com a \u201cZM\u201d.<\/p>\n\n\n\n<p>No expositor da&nbsp;Teia D\u2019Impulsos, associa\u00e7\u00e3o organizadora do evento, poder\u00e1 ainda ser adquirido o&nbsp;Passaporte para a Rota do Petisco 2021, no valor de 1,5\u20ac que reverte na \u00edntegra para os projetos sociais apoiados este ano pela Rota Solid\u00e1ria.<\/p>\n\n\n\n<p>Raz\u00f5es n\u00e3o faltam para (re)visitar os Mercados de Ver\u00e3o e apoiar estes pequenos neg\u00f3cios na sua retoma. O evento \u00e9 organizado pela Associa\u00e7\u00e3o Teia D\u2019Impulsos e conta com o apoio da C\u00e2mara Municipal e da Junta de Freguesia de Portim\u00e3o.<\/p>\n\n\n\n<p><strong>Sobre a Teia D&#8217;Impulsos<\/strong><\/p>\n\n\n\n<p>A Teia D\u2019Impulsos \u00e9 uma associa\u00e7\u00e3o sem fins lucrativos cujo principal objetivo \u00e9 o desenvolvimento de projetos de cariz social, cultural e desportivo alicer\u00e7ados na igualdade de direitos e oportunidades entre todos os cidad\u00e3os.<\/p>\n","protected":false},"excerpt":{"rendered":"<p>Ap\u00f3s o sucesso da 1.\u00aa edi\u00e7\u00e3o, que marcou o regresso dos artes\u00e3os \u00e0s ruas, os Mercados de Ver\u00e3o voltam a<\/p>\n","protected":false},"author":1,"featured_media":11018,"comment_status":"closed","ping_status":"open","sticky":false,"template":"","format":"standard","meta":{"colormag_page_container_layout":"default_layout","colormag_page_sidebar_layout":"default_layout","_monsterinsights_skip_tracking":false,"_monsterinsights_sitenote_active":false,"_monsterinsights_sitenote_note":"","_monsterinsights_sitenote_category":0,"jetpack_post_was_ever_published":false,"_jetpack_newsletter_access":"","_jetpack_dont_email_post_to_subs":false,"_jetpack_newsletter_tier_id":0,"_jetpack_memberships_contains_paywalled_content":false,"_jetpack_memberships_contains_paid_content":false,"footnotes":"","jetpack_publicize_message":"","jetpack_publicize_feature_enabled":true,"jetpack_social_post_already_shared":true,"jetpack_social_options":{"image_generator_settings":{"template":"highway","default_image_id":0,"font":"","enabled":false},"version":2}},"categories":[14],"tags":[36,35,273,72],"class_list":["post-11017","post","type-post","status-publish","format-standard","has-post-thumbnail","hentry","category-cultura","tag-algarve","tag-cultura","tag-mercado","tag-portimao"],"yoast_head":"<!-- This site is optimized with the Yoast SEO plugin v27.5 - https:\/\/yoast.com\/product\/yoast-seo-wordpress\/ -->\n<title>Mercados de Ver\u00e3o est\u00e3o de regresso a Portim\u00e3o - Algarve 7<\/title>\n<meta name=\"description\" content=\"Mercados de Ver\u00e3o est\u00e3o de regresso a Portim\u00e3o Cultura\" \/>\n<meta name=\"robots\" content=\"index, follow, max-snippet:-1, max-image-preview:large, max-video-preview:-1\" \/>\n<link rel=\"canonical\" href=\"https:\/\/algarve7.pt\/index.php\/2021\/08\/mercados-de-verao-estao-de-regresso-a-portimao\/cultura\/10\/30\/\" \/>\n<meta property=\"og:locale\" content=\"pt_PT\" \/>\n<meta property=\"og:type\" content=\"article\" \/>\n<meta property=\"og:title\" content=\"Mercados de Ver\u00e3o est\u00e3o de regresso a Portim\u00e3o - Algarve 7\" \/>\n<meta property=\"og:description\" content=\"Mercados de Ver\u00e3o est\u00e3o de regresso a Portim\u00e3o Cultura\" \/>\n<meta property=\"og:url\" content=\"https:\/\/algarve7.pt\/index.php\/2021\/08\/mercados-de-verao-estao-de-regresso-a-portimao\/cultura\/10\/30\/\" \/>\n<meta property=\"og:site_name\" content=\"Algarve 7\" \/>\n<meta property=\"article:publisher\" content=\"https:\/\/www.facebook.com\/algarve7\" \/>\n<meta property=\"article:author\" content=\"https:\/\/www.facebook.com\/algarve7\" \/>\n<meta property=\"article:published_time\" content=\"2021-08-25T09:30:00+00:00\" \/>\n<meta property=\"og:image\" content=\"https:\/\/algarve7.pt\/wp-content\/uploads\/2021\/08\/Suculentas-do-Ze.jpg\" \/>\n\t<meta property=\"og:image:width\" content=\"1280\" \/>\n\t<meta property=\"og:image:height\" content=\"853\" \/>\n\t<meta property=\"og:image:type\" content=\"image\/jpeg\" \/>\n<meta name=\"author\" content=\"Algarve 7\" \/>\n<meta name=\"twitter:card\" content=\"summary_large_image\" \/>\n<meta name=\"twitter:creator\" content=\"@Algarvesete\" \/>\n<meta name=\"twitter:site\" content=\"@Algarvesete\" \/>\n<meta name=\"twitter:label1\" content=\"Escrito por\" \/>\n\t<meta name=\"twitter:data1\" content=\"Algarve 7\" \/>\n\t<meta name=\"twitter:label2\" content=\"Tempo estimado de leitura\" \/>\n\t<meta name=\"twitter:data2\" content=\"2 minutos\" \/>\n<script type=\"application\/ld+json\" class=\"yoast-schema-graph\">{\"@context\":\"https:\\\/\\\/schema.org\",\"@graph\":[{\"@type\":\"Article\",\"@id\":\"https:\\\/\\\/algarve7.pt\\\/index.php\\\/2021\\\/08\\\/mercados-de-verao-estao-de-regresso-a-portimao\\\/cultura\\\/10\\\/30\\\/#article\",\"isPartOf\":{\"@id\":\"https:\\\/\\\/algarve7.pt\\\/index.php\\\/2021\\\/08\\\/mercados-de-verao-estao-de-regresso-a-portimao\\\/cultura\\\/10\\\/30\\\/\"},\"author\":{\"name\":\"Algarve 7\",\"@id\":\"https:\\\/\\\/algarve7.pt\\\/#\\\/schema\\\/person\\\/23fa70681308e7b319a3204bcea45e0c\"},\"headline\":\"Mercados de Ver\u00e3o est\u00e3o de regresso a Portim\u00e3o\",\"datePublished\":\"2021-08-25T09:30:00+00:00\",\"mainEntityOfPage\":{\"@id\":\"https:\\\/\\\/algarve7.pt\\\/index.php\\\/2021\\\/08\\\/mercados-de-verao-estao-de-regresso-a-portimao\\\/cultura\\\/10\\\/30\\\/\"},\"wordCount\":340,\"publisher\":{\"@id\":\"https:\\\/\\\/algarve7.pt\\\/#organization\"},\"image\":{\"@id\":\"https:\\\/\\\/algarve7.pt\\\/index.php\\\/2021\\\/08\\\/mercados-de-verao-estao-de-regresso-a-portimao\\\/cultura\\\/10\\\/30\\\/#primaryimage\"},\"thumbnailUrl\":\"https:\\\/\\\/algarve7.pt\\\/wp-content\\\/uploads\\\/2021\\\/08\\\/Suculentas-do-Ze.jpg\",\"keywords\":[\"Algarve\",\"Cultura\",\"Mercado\",\"Portim\u00e3o\"],\"articleSection\":[\"Cultura\"],\"inLanguage\":\"pt-PT\"},{\"@type\":\"WebPage\",\"@id\":\"https:\\\/\\\/algarve7.pt\\\/index.php\\\/2021\\\/08\\\/mercados-de-verao-estao-de-regresso-a-portimao\\\/cultura\\\/10\\\/30\\\/\",\"url\":\"https:\\\/\\\/algarve7.pt\\\/index.php\\\/2021\\\/08\\\/mercados-de-verao-estao-de-regresso-a-portimao\\\/cultura\\\/10\\\/30\\\/\",\"name\":\"Mercados de Ver\u00e3o est\u00e3o de regresso a Portim\u00e3o - Algarve 7\",\"isPartOf\":{\"@id\":\"https:\\\/\\\/algarve7.pt\\\/#website\"},\"primaryImageOfPage\":{\"@id\":\"https:\\\/\\\/algarve7.pt\\\/index.php\\\/2021\\\/08\\\/mercados-de-verao-estao-de-regresso-a-portimao\\\/cultura\\\/10\\\/30\\\/#primaryimage\"},\"image\":{\"@id\":\"https:\\\/\\\/algarve7.pt\\\/index.php\\\/2021\\\/08\\\/mercados-de-verao-estao-de-regresso-a-portimao\\\/cultura\\\/10\\\/30\\\/#primaryimage\"},\"thumbnailUrl\":\"https:\\\/\\\/algarve7.pt\\\/wp-content\\\/uploads\\\/2021\\\/08\\\/Suculentas-do-Ze.jpg\",\"datePublished\":\"2021-08-25T09:30:00+00:00\",\"description\":\"Mercados de Ver\u00e3o est\u00e3o de regresso a Portim\u00e3o Cultura\",\"breadcrumb\":{\"@id\":\"https:\\\/\\\/algarve7.pt\\\/index.php\\\/2021\\\/08\\\/mercados-de-verao-estao-de-regresso-a-portimao\\\/cultura\\\/10\\\/30\\\/#breadcrumb\"},\"inLanguage\":\"pt-PT\",\"potentialAction\":[{\"@type\":\"ReadAction\",\"target\":[\"https:\\\/\\\/algarve7.pt\\\/index.php\\\/2021\\\/08\\\/mercados-de-verao-estao-de-regresso-a-portimao\\\/cultura\\\/10\\\/30\\\/\"]}]},{\"@type\":\"ImageObject\",\"inLanguage\":\"pt-PT\",\"@id\":\"https:\\\/\\\/algarve7.pt\\\/index.php\\\/2021\\\/08\\\/mercados-de-verao-estao-de-regresso-a-portimao\\\/cultura\\\/10\\\/30\\\/#primaryimage\",\"url\":\"https:\\\/\\\/algarve7.pt\\\/wp-content\\\/uploads\\\/2021\\\/08\\\/Suculentas-do-Ze.jpg\",\"contentUrl\":\"https:\\\/\\\/algarve7.pt\\\/wp-content\\\/uploads\\\/2021\\\/08\\\/Suculentas-do-Ze.jpg\",\"width\":1280,\"height\":853},{\"@type\":\"BreadcrumbList\",\"@id\":\"https:\\\/\\\/algarve7.pt\\\/index.php\\\/2021\\\/08\\\/mercados-de-verao-estao-de-regresso-a-portimao\\\/cultura\\\/10\\\/30\\\/#breadcrumb\",\"itemListElement\":[{\"@type\":\"ListItem\",\"position\":1,\"name\":\"In\u00edcio\",\"item\":\"https:\\\/\\\/algarve7.pt\\\/\"},{\"@type\":\"ListItem\",\"position\":2,\"name\":\"Mercados de Ver\u00e3o est\u00e3o de regresso a Portim\u00e3o\"}]},{\"@type\":\"WebSite\",\"@id\":\"https:\\\/\\\/algarve7.pt\\\/#website\",\"url\":\"https:\\\/\\\/algarve7.pt\\\/\",\"name\":\"Algarve 7\",\"description\":\"Informa\u00e7\u00e3o sobre o Algarve\",\"publisher\":{\"@id\":\"https:\\\/\\\/algarve7.pt\\\/#organization\"},\"potentialAction\":[{\"@type\":\"SearchAction\",\"target\":{\"@type\":\"EntryPoint\",\"urlTemplate\":\"https:\\\/\\\/algarve7.pt\\\/?s={search_term_string}\"},\"query-input\":{\"@type\":\"PropertyValueSpecification\",\"valueRequired\":true,\"valueName\":\"search_term_string\"}}],\"inLanguage\":\"pt-PT\"},{\"@type\":\"Organization\",\"@id\":\"https:\\\/\\\/algarve7.pt\\\/#organization\",\"name\":\"Algarve 7\",\"url\":\"https:\\\/\\\/algarve7.pt\\\/\",\"logo\":{\"@type\":\"ImageObject\",\"inLanguage\":\"pt-PT\",\"@id\":\"https:\\\/\\\/algarve7.pt\\\/#\\\/schema\\\/logo\\\/image\\\/\",\"url\":\"https:\\\/\\\/algarve7.pt\\\/wp-content\\\/uploads\\\/2020\\\/10\\\/Logo-8.jpg\",\"contentUrl\":\"https:\\\/\\\/algarve7.pt\\\/wp-content\\\/uploads\\\/2020\\\/10\\\/Logo-8.jpg\",\"width\":1680,\"height\":1186,\"caption\":\"Algarve 7\"},\"image\":{\"@id\":\"https:\\\/\\\/algarve7.pt\\\/#\\\/schema\\\/logo\\\/image\\\/\"},\"sameAs\":[\"https:\\\/\\\/www.facebook.com\\\/algarve7\",\"https:\\\/\\\/x.com\\\/Algarvesete\",\"https:\\\/\\\/www.instagram.com\\\/jornalalgarve7\\\/\",\"https:\\\/\\\/www.linkedin.com\\\/company\\\/algarve7\",\"https:\\\/\\\/www.pinterest.pt\\\/geral0939\\\/_created\\\/\"]},{\"@type\":\"Person\",\"@id\":\"https:\\\/\\\/algarve7.pt\\\/#\\\/schema\\\/person\\\/23fa70681308e7b319a3204bcea45e0c\",\"name\":\"Algarve 7\",\"sameAs\":[\"https:\\\/\\\/algarve7.pt\",\"https:\\\/\\\/www.facebook.com\\\/algarve7\"],\"url\":\"https:\\\/\\\/algarve7.pt\\\/index.php\\\/author\\\/geralalgarve7-pt\\\/\"}]}<\/script>\n<!-- \/ Yoast SEO plugin. -->","yoast_head_json":{"title":"Mercados de Ver\u00e3o est\u00e3o de regresso a Portim\u00e3o - Algarve 7","description":"Mercados de Ver\u00e3o est\u00e3o de regresso a Portim\u00e3o Cultura","robots":{"index":"index","follow":"follow","max-snippet":"max-snippet:-1","max-image-preview":"max-image-preview:large","max-video-preview":"max-video-preview:-1"},"canonical":"https:\/\/algarve7.pt\/index.php\/2021\/08\/mercados-de-verao-estao-de-regresso-a-portimao\/cultura\/10\/30\/","og_locale":"pt_PT","og_type":"article","og_title":"Mercados de Ver\u00e3o est\u00e3o de regresso a Portim\u00e3o - Algarve 7","og_description":"Mercados de Ver\u00e3o est\u00e3o de regresso a Portim\u00e3o Cultura","og_url":"https:\/\/algarve7.pt\/index.php\/2021\/08\/mercados-de-verao-estao-de-regresso-a-portimao\/cultura\/10\/30\/","og_site_name":"Algarve 7","article_publisher":"https:\/\/www.facebook.com\/algarve7","article_author":"https:\/\/www.facebook.com\/algarve7","article_published_time":"2021-08-25T09:30:00+00:00","og_image":[{"width":1280,"height":853,"url":"https:\/\/algarve7.pt\/wp-content\/uploads\/2021\/08\/Suculentas-do-Ze.jpg","type":"image\/jpeg"}],"author":"Algarve 7","twitter_card":"summary_large_image","twitter_creator":"@Algarvesete","twitter_site":"@Algarvesete","twitter_misc":{"Escrito por":"Algarve 7","Tempo estimado de leitura":"2 minutos"},"schema":{"@context":"https:\/\/schema.org","@graph":[{"@type":"Article","@id":"https:\/\/algarve7.pt\/index.php\/2021\/08\/mercados-de-verao-estao-de-regresso-a-portimao\/cultura\/10\/30\/#article","isPartOf":{"@id":"https:\/\/algarve7.pt\/index.php\/2021\/08\/mercados-de-verao-estao-de-regresso-a-portimao\/cultura\/10\/30\/"},"author":{"name":"Algarve 7","@id":"https:\/\/algarve7.pt\/#\/schema\/person\/23fa70681308e7b319a3204bcea45e0c"},"headline":"Mercados de Ver\u00e3o est\u00e3o de regresso a Portim\u00e3o","datePublished":"2021-08-25T09:30:00+00:00","mainEntityOfPage":{"@id":"https:\/\/algarve7.pt\/index.php\/2021\/08\/mercados-de-verao-estao-de-regresso-a-portimao\/cultura\/10\/30\/"},"wordCount":340,"publisher":{"@id":"https:\/\/algarve7.pt\/#organization"},"image":{"@id":"https:\/\/algarve7.pt\/index.php\/2021\/08\/mercados-de-verao-estao-de-regresso-a-portimao\/cultura\/10\/30\/#primaryimage"},"thumbnailUrl":"https:\/\/algarve7.pt\/wp-content\/uploads\/2021\/08\/Suculentas-do-Ze.jpg","keywords":["Algarve","Cultura","Mercado","Portim\u00e3o"],"articleSection":["Cultura"],"inLanguage":"pt-PT"},{"@type":"WebPage","@id":"https:\/\/algarve7.pt\/index.php\/2021\/08\/mercados-de-verao-estao-de-regresso-a-portimao\/cultura\/10\/30\/","url":"https:\/\/algarve7.pt\/index.php\/2021\/08\/mercados-de-verao-estao-de-regresso-a-portimao\/cultura\/10\/30\/","name":"Mercados de Ver\u00e3o est\u00e3o de regresso a Portim\u00e3o - Algarve 7","isPartOf":{"@id":"https:\/\/algarve7.pt\/#website"},"primaryImageOfPage":{"@id":"https:\/\/algarve7.pt\/index.php\/2021\/08\/mercados-de-verao-estao-de-regresso-a-portimao\/cultura\/10\/30\/#primaryimage"},"image":{"@id":"https:\/\/algarve7.pt\/index.php\/2021\/08\/mercados-de-verao-estao-de-regresso-a-portimao\/cultura\/10\/30\/#primaryimage"},"thumbnailUrl":"https:\/\/algarve7.pt\/wp-content\/uploads\/2021\/08\/Suculentas-do-Ze.jpg","datePublished":"2021-08-25T09:30:00+00:00","description":"Mercados de Ver\u00e3o est\u00e3o de regresso a Portim\u00e3o Cultura","breadcrumb":{"@id":"https:\/\/algarve7.pt\/index.php\/2021\/08\/mercados-de-verao-estao-de-regresso-a-portimao\/cultura\/10\/30\/#breadcrumb"},"inLanguage":"pt-PT","potentialAction":[{"@type":"ReadAction","target":["https:\/\/algarve7.pt\/index.php\/2021\/08\/mercados-de-verao-estao-de-regresso-a-portimao\/cultura\/10\/30\/"]}]},{"@type":"ImageObject","inLanguage":"pt-PT","@id":"https:\/\/algarve7.pt\/index.php\/2021\/08\/mercados-de-verao-estao-de-regresso-a-portimao\/cultura\/10\/30\/#primaryimage","url":"https:\/\/algarve7.pt\/wp-content\/uploads\/2021\/08\/Suculentas-do-Ze.jpg","contentUrl":"https:\/\/algarve7.pt\/wp-content\/uploads\/2021\/08\/Suculentas-do-Ze.jpg","width":1280,"height":853},{"@type":"BreadcrumbList","@id":"https:\/\/algarve7.pt\/index.php\/2021\/08\/mercados-de-verao-estao-de-regresso-a-portimao\/cultura\/10\/30\/#breadcrumb","itemListElement":[{"@type":"ListItem","position":1,"name":"In\u00edcio","item":"https:\/\/algarve7.pt\/"},{"@type":"ListItem","position":2,"name":"Mercados de Ver\u00e3o est\u00e3o de regresso a Portim\u00e3o"}]},{"@type":"WebSite","@id":"https:\/\/algarve7.pt\/#website","url":"https:\/\/algarve7.pt\/","name":"Algarve 7","description":"Informa\u00e7\u00e3o sobre o Algarve","publisher":{"@id":"https:\/\/algarve7.pt\/#organization"},"potentialAction":[{"@type":"SearchAction","target":{"@type":"EntryPoint","urlTemplate":"https:\/\/algarve7.pt\/?s={search_term_string}"},"query-input":{"@type":"PropertyValueSpecification","valueRequired":true,"valueName":"search_term_string"}}],"inLanguage":"pt-PT"},{"@type":"Organization","@id":"https:\/\/algarve7.pt\/#organization","name":"Algarve 7","url":"https:\/\/algarve7.pt\/","logo":{"@type":"ImageObject","inLanguage":"pt-PT","@id":"https:\/\/algarve7.pt\/#\/schema\/logo\/image\/","url":"https:\/\/algarve7.pt\/wp-content\/uploads\/2020\/10\/Logo-8.jpg","contentUrl":"https:\/\/algarve7.pt\/wp-content\/uploads\/2020\/10\/Logo-8.jpg","width":1680,"height":1186,"caption":"Algarve 7"},"image":{"@id":"https:\/\/algarve7.pt\/#\/schema\/logo\/image\/"},"sameAs":["https:\/\/www.facebook.com\/algarve7","https:\/\/x.com\/Algarvesete","https:\/\/www.instagram.com\/jornalalgarve7\/","https:\/\/www.linkedin.com\/company\/algarve7","https:\/\/www.pinterest.pt\/geral0939\/_created\/"]},{"@type":"Person","@id":"https:\/\/algarve7.pt\/#\/schema\/person\/23fa70681308e7b319a3204bcea45e0c","name":"Algarve 7","sameAs":["https:\/\/algarve7.pt","https:\/\/www.facebook.com\/algarve7"],"url":"https:\/\/algarve7.pt\/index.php\/author\/geralalgarve7-pt\/"}]}},"jetpack_publicize_connections":[],"jetpack_featured_media_url":"https:\/\/algarve7.pt\/wp-content\/uploads\/2021\/08\/Suculentas-do-Ze.jpg","jetpack_shortlink":"https:\/\/wp.me\/pcezmW-2RH","jetpack_sharing_enabled":true,"_links":{"self":[{"href":"https:\/\/algarve7.pt\/index.php\/wp-json\/wp\/v2\/posts\/11017","targetHints":{"allow":["GET"]}}],"collection":[{"href":"https:\/\/algarve7.pt\/index.php\/wp-json\/wp\/v2\/posts"}],"about":[{"href":"https:\/\/algarve7.pt\/index.php\/wp-json\/wp\/v2\/types\/post"}],"author":[{"embeddable":true,"href":"https:\/\/algarve7.pt\/index.php\/wp-json\/wp\/v2\/users\/1"}],"replies":[{"embeddable":true,"href":"https:\/\/algarve7.pt\/index.php\/wp-json\/wp\/v2\/comments?post=11017"}],"version-history":[{"count":0,"href":"https:\/\/algarve7.pt\/index.php\/wp-json\/wp\/v2\/posts\/11017\/revisions"}],"wp:featuredmedia":[{"embeddable":true,"href":"https:\/\/algarve7.pt\/index.php\/wp-json\/wp\/v2\/media\/11018"}],"wp:attachment":[{"href":"https:\/\/algarve7.pt\/index.php\/wp-json\/wp\/v2\/media?parent=11017"}],"wp:term":[{"taxonomy":"category","embeddable":true,"href":"https:\/\/algarve7.pt\/index.php\/wp-json\/wp\/v2\/categories?post=11017"},{"taxonomy":"post_tag","embeddable":true,"href":"https:\/\/algarve7.pt\/index.php\/wp-json\/wp\/v2\/tags?post=11017"}],"curies":[{"name":"wp","href":"https:\/\/api.w.org\/{rel}","templated":true}]}}