{"id":11014,"date":"2021-08-25T10:00:27","date_gmt":"2021-08-25T09:00:27","guid":{"rendered":"https:\/\/algarve7.pt\/?p=11014"},"modified":"2021-08-25T10:00:30","modified_gmt":"2021-08-25T09:00:30","slug":"regiao-do-algarve-defende-uma-ligacao-ferroviaria-algarve-huelva-sevilha","status":"publish","type":"post","link":"https:\/\/algarve7.pt\/index.php\/2021\/08\/regiao-do-algarve-defende-uma-ligacao-ferroviaria-algarve-huelva-sevilha\/atualidade\/10\/00\/","title":{"rendered":"Regi\u00e3o do Algarve defende uma liga\u00e7\u00e3o ferrovi\u00e1ria Algarve &#8211; Huelva &#8211; Sevilha"},"content":{"rendered":"\n<p>No quadro da rede ferrovi\u00e1ria transeuropeia, a Regi\u00e3o do Algarve defende como priorit\u00e1ria uma nova liga\u00e7\u00e3o ferrovi\u00e1ria Algarve \u2013 Huelva &#8211; Sevilha, conectando os Aeroportos internacionais de Faro e Sevilha, investimento estrat\u00e9gico que tem recebido o apoio e suporte das associa\u00e7\u00f5es empresariais de Sevilha, de Huelva e do Algarve, do Vice-Conselheiro de Fomento, Infraestruturas e Ordenamento do Territ\u00f3rio da Junta de Andaluzia e dos Munic\u00edpios do Algarve.<\/p>\n\n\n\n<p>O apoio formal a este posicionamento foi reafirmado no passado dia 18 de junho de 2021, em ato p\u00fablico realizado na C\u00e2mara de Com\u00e9rcio de Sevilha, com a presen\u00e7a e subscri\u00e7\u00e3o de manifesto pela Comunidade Intermunicipal do Algarve (AMAL), presidida por Ant\u00f3nio Miguel Pina, e pela Associa\u00e7\u00e3o Empresarial do Algarve (NERA), presidida por V\u00edtor Neto.&nbsp;<\/p>\n\n\n\n<p>Em nosso entendimento, a eletrifica\u00e7\u00e3o da Linha do Algarve entre Vila Real de Santo Ant\u00f3nio e Lagos, prevista concluir at\u00e9 ao final de 2023, dever\u00e1 ser acompanhada pela reativa\u00e7\u00e3o da linha Huelva \u2013 Ayamonte e por investimento ferrovi\u00e1rio estruturante para o Sudoeste da Pen\u00ednsula Ib\u00e9rica ligando o Algarve \u00e0 Andaluzia e \u00e0 rede europeia de alta velocidade.&nbsp;<\/p>\n\n\n\n<p>Em paralelo torna se necess\u00e1rio avan\u00e7ar com a liga\u00e7\u00e3o ferrovi\u00e1ria ligeira Faro \u2013 Aeroporto \u2013 Universidade do Algarve \u2013 Parque das Cidades (Loul\u00e9), assegurando por parte das Infraestruturas de Portugal, em sede de planos municipais de ordenamento do territ\u00f3rio, os indispens\u00e1veis corredores e usos compat\u00edveis com a aposta no transporte p\u00fablico ferrovi\u00e1rio como contributo indispens\u00e1vel para a mobilidade e descarboniza\u00e7\u00e3o.<\/p>\n","protected":false},"excerpt":{"rendered":"<p>No quadro da rede ferrovi\u00e1ria transeuropeia, a Regi\u00e3o do Algarve defende como priorit\u00e1ria uma nova liga\u00e7\u00e3o ferrovi\u00e1ria Algarve \u2013 Huelva<\/p>\n","protected":false},"author":1,"featured_media":11015,"comment_status":"open","ping_status":"open","sticky":false,"template":"","format":"standard","meta":{"colormag_page_container_layout":"default_layout","colormag_page_sidebar_layout":"default_layout","_monsterinsights_skip_tracking":false,"_monsterinsights_sitenote_active":false,"_monsterinsights_sitenote_note":"","_monsterinsights_sitenote_category":0,"jetpack_post_was_ever_published":false,"_jetpack_newsletter_access":"","_jetpack_dont_email_post_to_subs":false,"_jetpack_newsletter_tier_id":0,"_jetpack_memberships_contains_paywalled_content":false,"_jetpack_memberships_contains_paid_content":false,"footnotes":"","jetpack_publicize_message":"","jetpack_publicize_feature_enabled":true,"jetpack_social_post_already_shared":true,"jetpack_social_options":{"image_generator_settings":{"template":"highway","default_image_id":0,"font":"","enabled":false},"version":2}},"categories":[11],"tags":[36,62],"class_list":["post-11014","post","type-post","status-publish","format-standard","has-post-thumbnail","hentry","category-atualidade","tag-algarve","tag-atualidade"],"yoast_head":"<!-- This site is optimized with the Yoast SEO plugin v27.5 - https:\/\/yoast.com\/product\/yoast-seo-wordpress\/ -->\n<title>Regi\u00e3o do Algarve defende uma liga\u00e7\u00e3o ferrovi\u00e1ria Algarve - Huelva - Sevilha - Algarve 7<\/title>\n<meta name=\"description\" content=\"Regi\u00e3o do Algarve defende uma liga\u00e7\u00e3o ferrovi\u00e1ria Algarve - Huelva - Sevilha Atualidade\" \/>\n<meta name=\"robots\" content=\"index, follow, max-snippet:-1, max-image-preview:large, max-video-preview:-1\" \/>\n<link rel=\"canonical\" href=\"https:\/\/algarve7.pt\/index.php\/2021\/08\/regiao-do-algarve-defende-uma-ligacao-ferroviaria-algarve-huelva-sevilha\/atualidade\/10\/00\/\" \/>\n<meta property=\"og:locale\" content=\"pt_PT\" \/>\n<meta property=\"og:type\" content=\"article\" \/>\n<meta property=\"og:title\" content=\"Regi\u00e3o do Algarve defende uma liga\u00e7\u00e3o ferrovi\u00e1ria Algarve - Huelva - Sevilha - Algarve 7\" \/>\n<meta property=\"og:description\" content=\"Regi\u00e3o do Algarve defende uma liga\u00e7\u00e3o ferrovi\u00e1ria Algarve - Huelva - Sevilha Atualidade\" \/>\n<meta property=\"og:url\" content=\"https:\/\/algarve7.pt\/index.php\/2021\/08\/regiao-do-algarve-defende-uma-ligacao-ferroviaria-algarve-huelva-sevilha\/atualidade\/10\/00\/\" \/>\n<meta property=\"og:site_name\" content=\"Algarve 7\" \/>\n<meta property=\"article:publisher\" content=\"https:\/\/www.facebook.com\/algarve7\" \/>\n<meta property=\"article:author\" content=\"https:\/\/www.facebook.com\/algarve7\" \/>\n<meta property=\"article:published_time\" content=\"2021-08-25T09:00:27+00:00\" \/>\n<meta property=\"article:modified_time\" content=\"2021-08-25T09:00:30+00:00\" \/>\n<meta property=\"og:image\" content=\"https:\/\/algarve7.pt\/wp-content\/uploads\/2021\/08\/0300_p.jpg\" \/>\n\t<meta property=\"og:image:width\" content=\"550\" \/>\n\t<meta property=\"og:image:height\" content=\"350\" \/>\n\t<meta property=\"og:image:type\" content=\"image\/jpeg\" \/>\n<meta name=\"author\" content=\"Algarve 7\" \/>\n<meta name=\"twitter:card\" content=\"summary_large_image\" \/>\n<meta name=\"twitter:creator\" content=\"@Algarvesete\" \/>\n<meta name=\"twitter:site\" content=\"@Algarvesete\" \/>\n<meta name=\"twitter:label1\" content=\"Escrito por\" \/>\n\t<meta name=\"twitter:data1\" content=\"Algarve 7\" \/>\n\t<meta name=\"twitter:label2\" content=\"Tempo estimado de leitura\" \/>\n\t<meta name=\"twitter:data2\" content=\"2 minutos\" \/>\n<script type=\"application\/ld+json\" class=\"yoast-schema-graph\">{\"@context\":\"https:\\\/\\\/schema.org\",\"@graph\":[{\"@type\":\"Article\",\"@id\":\"https:\\\/\\\/algarve7.pt\\\/index.php\\\/2021\\\/08\\\/regiao-do-algarve-defende-uma-ligacao-ferroviaria-algarve-huelva-sevilha\\\/atualidade\\\/10\\\/00\\\/#article\",\"isPartOf\":{\"@id\":\"https:\\\/\\\/algarve7.pt\\\/index.php\\\/2021\\\/08\\\/regiao-do-algarve-defende-uma-ligacao-ferroviaria-algarve-huelva-sevilha\\\/atualidade\\\/10\\\/00\\\/\"},\"author\":{\"name\":\"Algarve 7\",\"@id\":\"https:\\\/\\\/algarve7.pt\\\/#\\\/schema\\\/person\\\/23fa70681308e7b319a3204bcea45e0c\"},\"headline\":\"Regi\u00e3o do Algarve defende uma liga\u00e7\u00e3o ferrovi\u00e1ria Algarve &#8211; Huelva &#8211; Sevilha\",\"datePublished\":\"2021-08-25T09:00:27+00:00\",\"dateModified\":\"2021-08-25T09:00:30+00:00\",\"mainEntityOfPage\":{\"@id\":\"https:\\\/\\\/algarve7.pt\\\/index.php\\\/2021\\\/08\\\/regiao-do-algarve-defende-uma-ligacao-ferroviaria-algarve-huelva-sevilha\\\/atualidade\\\/10\\\/00\\\/\"},\"wordCount\":280,\"commentCount\":0,\"publisher\":{\"@id\":\"https:\\\/\\\/algarve7.pt\\\/#organization\"},\"image\":{\"@id\":\"https:\\\/\\\/algarve7.pt\\\/index.php\\\/2021\\\/08\\\/regiao-do-algarve-defende-uma-ligacao-ferroviaria-algarve-huelva-sevilha\\\/atualidade\\\/10\\\/00\\\/#primaryimage\"},\"thumbnailUrl\":\"https:\\\/\\\/algarve7.pt\\\/wp-content\\\/uploads\\\/2021\\\/08\\\/0300_p.jpg\",\"keywords\":[\"Algarve\",\"Atualidade\"],\"articleSection\":[\"Atualidade\"],\"inLanguage\":\"pt-PT\",\"potentialAction\":[{\"@type\":\"CommentAction\",\"name\":\"Comment\",\"target\":[\"https:\\\/\\\/algarve7.pt\\\/index.php\\\/2021\\\/08\\\/regiao-do-algarve-defende-uma-ligacao-ferroviaria-algarve-huelva-sevilha\\\/atualidade\\\/10\\\/00\\\/#respond\"]}]},{\"@type\":\"WebPage\",\"@id\":\"https:\\\/\\\/algarve7.pt\\\/index.php\\\/2021\\\/08\\\/regiao-do-algarve-defende-uma-ligacao-ferroviaria-algarve-huelva-sevilha\\\/atualidade\\\/10\\\/00\\\/\",\"url\":\"https:\\\/\\\/algarve7.pt\\\/index.php\\\/2021\\\/08\\\/regiao-do-algarve-defende-uma-ligacao-ferroviaria-algarve-huelva-sevilha\\\/atualidade\\\/10\\\/00\\\/\",\"name\":\"Regi\u00e3o do Algarve defende uma liga\u00e7\u00e3o ferrovi\u00e1ria Algarve - Huelva - Sevilha - Algarve 7\",\"isPartOf\":{\"@id\":\"https:\\\/\\\/algarve7.pt\\\/#website\"},\"primaryImageOfPage\":{\"@id\":\"https:\\\/\\\/algarve7.pt\\\/index.php\\\/2021\\\/08\\\/regiao-do-algarve-defende-uma-ligacao-ferroviaria-algarve-huelva-sevilha\\\/atualidade\\\/10\\\/00\\\/#primaryimage\"},\"image\":{\"@id\":\"https:\\\/\\\/algarve7.pt\\\/index.php\\\/2021\\\/08\\\/regiao-do-algarve-defende-uma-ligacao-ferroviaria-algarve-huelva-sevilha\\\/atualidade\\\/10\\\/00\\\/#primaryimage\"},\"thumbnailUrl\":\"https:\\\/\\\/algarve7.pt\\\/wp-content\\\/uploads\\\/2021\\\/08\\\/0300_p.jpg\",\"datePublished\":\"2021-08-25T09:00:27+00:00\",\"dateModified\":\"2021-08-25T09:00:30+00:00\",\"description\":\"Regi\u00e3o do Algarve defende uma liga\u00e7\u00e3o ferrovi\u00e1ria Algarve - Huelva - Sevilha Atualidade\",\"breadcrumb\":{\"@id\":\"https:\\\/\\\/algarve7.pt\\\/index.php\\\/2021\\\/08\\\/regiao-do-algarve-defende-uma-ligacao-ferroviaria-algarve-huelva-sevilha\\\/atualidade\\\/10\\\/00\\\/#breadcrumb\"},\"inLanguage\":\"pt-PT\",\"potentialAction\":[{\"@type\":\"ReadAction\",\"target\":[\"https:\\\/\\\/algarve7.pt\\\/index.php\\\/2021\\\/08\\\/regiao-do-algarve-defende-uma-ligacao-ferroviaria-algarve-huelva-sevilha\\\/atualidade\\\/10\\\/00\\\/\"]}]},{\"@type\":\"ImageObject\",\"inLanguage\":\"pt-PT\",\"@id\":\"https:\\\/\\\/algarve7.pt\\\/index.php\\\/2021\\\/08\\\/regiao-do-algarve-defende-uma-ligacao-ferroviaria-algarve-huelva-sevilha\\\/atualidade\\\/10\\\/00\\\/#primaryimage\",\"url\":\"https:\\\/\\\/algarve7.pt\\\/wp-content\\\/uploads\\\/2021\\\/08\\\/0300_p.jpg\",\"contentUrl\":\"https:\\\/\\\/algarve7.pt\\\/wp-content\\\/uploads\\\/2021\\\/08\\\/0300_p.jpg\",\"width\":550,\"height\":350},{\"@type\":\"BreadcrumbList\",\"@id\":\"https:\\\/\\\/algarve7.pt\\\/index.php\\\/2021\\\/08\\\/regiao-do-algarve-defende-uma-ligacao-ferroviaria-algarve-huelva-sevilha\\\/atualidade\\\/10\\\/00\\\/#breadcrumb\",\"itemListElement\":[{\"@type\":\"ListItem\",\"position\":1,\"name\":\"In\u00edcio\",\"item\":\"https:\\\/\\\/algarve7.pt\\\/\"},{\"@type\":\"ListItem\",\"position\":2,\"name\":\"Regi\u00e3o do Algarve defende uma liga\u00e7\u00e3o ferrovi\u00e1ria Algarve &#8211; Huelva &#8211; Sevilha\"}]},{\"@type\":\"WebSite\",\"@id\":\"https:\\\/\\\/algarve7.pt\\\/#website\",\"url\":\"https:\\\/\\\/algarve7.pt\\\/\",\"name\":\"Algarve 7\",\"description\":\"Informa\u00e7\u00e3o sobre o Algarve\",\"publisher\":{\"@id\":\"https:\\\/\\\/algarve7.pt\\\/#organization\"},\"potentialAction\":[{\"@type\":\"SearchAction\",\"target\":{\"@type\":\"EntryPoint\",\"urlTemplate\":\"https:\\\/\\\/algarve7.pt\\\/?s={search_term_string}\"},\"query-input\":{\"@type\":\"PropertyValueSpecification\",\"valueRequired\":true,\"valueName\":\"search_term_string\"}}],\"inLanguage\":\"pt-PT\"},{\"@type\":\"Organization\",\"@id\":\"https:\\\/\\\/algarve7.pt\\\/#organization\",\"name\":\"Algarve 7\",\"url\":\"https:\\\/\\\/algarve7.pt\\\/\",\"logo\":{\"@type\":\"ImageObject\",\"inLanguage\":\"pt-PT\",\"@id\":\"https:\\\/\\\/algarve7.pt\\\/#\\\/schema\\\/logo\\\/image\\\/\",\"url\":\"https:\\\/\\\/algarve7.pt\\\/wp-content\\\/uploads\\\/2020\\\/10\\\/Logo-8.jpg\",\"contentUrl\":\"https:\\\/\\\/algarve7.pt\\\/wp-content\\\/uploads\\\/2020\\\/10\\\/Logo-8.jpg\",\"width\":1680,\"height\":1186,\"caption\":\"Algarve 7\"},\"image\":{\"@id\":\"https:\\\/\\\/algarve7.pt\\\/#\\\/schema\\\/logo\\\/image\\\/\"},\"sameAs\":[\"https:\\\/\\\/www.facebook.com\\\/algarve7\",\"https:\\\/\\\/x.com\\\/Algarvesete\",\"https:\\\/\\\/www.instagram.com\\\/jornalalgarve7\\\/\",\"https:\\\/\\\/www.linkedin.com\\\/company\\\/algarve7\",\"https:\\\/\\\/www.pinterest.pt\\\/geral0939\\\/_created\\\/\"]},{\"@type\":\"Person\",\"@id\":\"https:\\\/\\\/algarve7.pt\\\/#\\\/schema\\\/person\\\/23fa70681308e7b319a3204bcea45e0c\",\"name\":\"Algarve 7\",\"sameAs\":[\"https:\\\/\\\/algarve7.pt\",\"https:\\\/\\\/www.facebook.com\\\/algarve7\"],\"url\":\"https:\\\/\\\/algarve7.pt\\\/index.php\\\/author\\\/geralalgarve7-pt\\\/\"}]}<\/script>\n<!-- \/ Yoast SEO plugin. -->","yoast_head_json":{"title":"Regi\u00e3o do Algarve defende uma liga\u00e7\u00e3o ferrovi\u00e1ria Algarve - Huelva - Sevilha - Algarve 7","description":"Regi\u00e3o do Algarve defende uma liga\u00e7\u00e3o ferrovi\u00e1ria Algarve - Huelva - Sevilha Atualidade","robots":{"index":"index","follow":"follow","max-snippet":"max-snippet:-1","max-image-preview":"max-image-preview:large","max-video-preview":"max-video-preview:-1"},"canonical":"https:\/\/algarve7.pt\/index.php\/2021\/08\/regiao-do-algarve-defende-uma-ligacao-ferroviaria-algarve-huelva-sevilha\/atualidade\/10\/00\/","og_locale":"pt_PT","og_type":"article","og_title":"Regi\u00e3o do Algarve defende uma liga\u00e7\u00e3o ferrovi\u00e1ria Algarve - Huelva - Sevilha - Algarve 7","og_description":"Regi\u00e3o do Algarve defende uma liga\u00e7\u00e3o ferrovi\u00e1ria Algarve - Huelva - Sevilha Atualidade","og_url":"https:\/\/algarve7.pt\/index.php\/2021\/08\/regiao-do-algarve-defende-uma-ligacao-ferroviaria-algarve-huelva-sevilha\/atualidade\/10\/00\/","og_site_name":"Algarve 7","article_publisher":"https:\/\/www.facebook.com\/algarve7","article_author":"https:\/\/www.facebook.com\/algarve7","article_published_time":"2021-08-25T09:00:27+00:00","article_modified_time":"2021-08-25T09:00:30+00:00","og_image":[{"width":550,"height":350,"url":"https:\/\/algarve7.pt\/wp-content\/uploads\/2021\/08\/0300_p.jpg","type":"image\/jpeg"}],"author":"Algarve 7","twitter_card":"summary_large_image","twitter_creator":"@Algarvesete","twitter_site":"@Algarvesete","twitter_misc":{"Escrito por":"Algarve 7","Tempo estimado de leitura":"2 minutos"},"schema":{"@context":"https:\/\/schema.org","@graph":[{"@type":"Article","@id":"https:\/\/algarve7.pt\/index.php\/2021\/08\/regiao-do-algarve-defende-uma-ligacao-ferroviaria-algarve-huelva-sevilha\/atualidade\/10\/00\/#article","isPartOf":{"@id":"https:\/\/algarve7.pt\/index.php\/2021\/08\/regiao-do-algarve-defende-uma-ligacao-ferroviaria-algarve-huelva-sevilha\/atualidade\/10\/00\/"},"author":{"name":"Algarve 7","@id":"https:\/\/algarve7.pt\/#\/schema\/person\/23fa70681308e7b319a3204bcea45e0c"},"headline":"Regi\u00e3o do Algarve defende uma liga\u00e7\u00e3o ferrovi\u00e1ria Algarve &#8211; Huelva &#8211; Sevilha","datePublished":"2021-08-25T09:00:27+00:00","dateModified":"2021-08-25T09:00:30+00:00","mainEntityOfPage":{"@id":"https:\/\/algarve7.pt\/index.php\/2021\/08\/regiao-do-algarve-defende-uma-ligacao-ferroviaria-algarve-huelva-sevilha\/atualidade\/10\/00\/"},"wordCount":280,"commentCount":0,"publisher":{"@id":"https:\/\/algarve7.pt\/#organization"},"image":{"@id":"https:\/\/algarve7.pt\/index.php\/2021\/08\/regiao-do-algarve-defende-uma-ligacao-ferroviaria-algarve-huelva-sevilha\/atualidade\/10\/00\/#primaryimage"},"thumbnailUrl":"https:\/\/algarve7.pt\/wp-content\/uploads\/2021\/08\/0300_p.jpg","keywords":["Algarve","Atualidade"],"articleSection":["Atualidade"],"inLanguage":"pt-PT","potentialAction":[{"@type":"CommentAction","name":"Comment","target":["https:\/\/algarve7.pt\/index.php\/2021\/08\/regiao-do-algarve-defende-uma-ligacao-ferroviaria-algarve-huelva-sevilha\/atualidade\/10\/00\/#respond"]}]},{"@type":"WebPage","@id":"https:\/\/algarve7.pt\/index.php\/2021\/08\/regiao-do-algarve-defende-uma-ligacao-ferroviaria-algarve-huelva-sevilha\/atualidade\/10\/00\/","url":"https:\/\/algarve7.pt\/index.php\/2021\/08\/regiao-do-algarve-defende-uma-ligacao-ferroviaria-algarve-huelva-sevilha\/atualidade\/10\/00\/","name":"Regi\u00e3o do Algarve defende uma liga\u00e7\u00e3o ferrovi\u00e1ria Algarve - Huelva - Sevilha - Algarve 7","isPartOf":{"@id":"https:\/\/algarve7.pt\/#website"},"primaryImageOfPage":{"@id":"https:\/\/algarve7.pt\/index.php\/2021\/08\/regiao-do-algarve-defende-uma-ligacao-ferroviaria-algarve-huelva-sevilha\/atualidade\/10\/00\/#primaryimage"},"image":{"@id":"https:\/\/algarve7.pt\/index.php\/2021\/08\/regiao-do-algarve-defende-uma-ligacao-ferroviaria-algarve-huelva-sevilha\/atualidade\/10\/00\/#primaryimage"},"thumbnailUrl":"https:\/\/algarve7.pt\/wp-content\/uploads\/2021\/08\/0300_p.jpg","datePublished":"2021-08-25T09:00:27+00:00","dateModified":"2021-08-25T09:00:30+00:00","description":"Regi\u00e3o do Algarve defende uma liga\u00e7\u00e3o ferrovi\u00e1ria Algarve - Huelva - Sevilha Atualidade","breadcrumb":{"@id":"https:\/\/algarve7.pt\/index.php\/2021\/08\/regiao-do-algarve-defende-uma-ligacao-ferroviaria-algarve-huelva-sevilha\/atualidade\/10\/00\/#breadcrumb"},"inLanguage":"pt-PT","potentialAction":[{"@type":"ReadAction","target":["https:\/\/algarve7.pt\/index.php\/2021\/08\/regiao-do-algarve-defende-uma-ligacao-ferroviaria-algarve-huelva-sevilha\/atualidade\/10\/00\/"]}]},{"@type":"ImageObject","inLanguage":"pt-PT","@id":"https:\/\/algarve7.pt\/index.php\/2021\/08\/regiao-do-algarve-defende-uma-ligacao-ferroviaria-algarve-huelva-sevilha\/atualidade\/10\/00\/#primaryimage","url":"https:\/\/algarve7.pt\/wp-content\/uploads\/2021\/08\/0300_p.jpg","contentUrl":"https:\/\/algarve7.pt\/wp-content\/uploads\/2021\/08\/0300_p.jpg","width":550,"height":350},{"@type":"BreadcrumbList","@id":"https:\/\/algarve7.pt\/index.php\/2021\/08\/regiao-do-algarve-defende-uma-ligacao-ferroviaria-algarve-huelva-sevilha\/atualidade\/10\/00\/#breadcrumb","itemListElement":[{"@type":"ListItem","position":1,"name":"In\u00edcio","item":"https:\/\/algarve7.pt\/"},{"@type":"ListItem","position":2,"name":"Regi\u00e3o do Algarve defende uma liga\u00e7\u00e3o ferrovi\u00e1ria Algarve &#8211; Huelva &#8211; Sevilha"}]},{"@type":"WebSite","@id":"https:\/\/algarve7.pt\/#website","url":"https:\/\/algarve7.pt\/","name":"Algarve 7","description":"Informa\u00e7\u00e3o sobre o Algarve","publisher":{"@id":"https:\/\/algarve7.pt\/#organization"},"potentialAction":[{"@type":"SearchAction","target":{"@type":"EntryPoint","urlTemplate":"https:\/\/algarve7.pt\/?s={search_term_string}"},"query-input":{"@type":"PropertyValueSpecification","valueRequired":true,"valueName":"search_term_string"}}],"inLanguage":"pt-PT"},{"@type":"Organization","@id":"https:\/\/algarve7.pt\/#organization","name":"Algarve 7","url":"https:\/\/algarve7.pt\/","logo":{"@type":"ImageObject","inLanguage":"pt-PT","@id":"https:\/\/algarve7.pt\/#\/schema\/logo\/image\/","url":"https:\/\/algarve7.pt\/wp-content\/uploads\/2020\/10\/Logo-8.jpg","contentUrl":"https:\/\/algarve7.pt\/wp-content\/uploads\/2020\/10\/Logo-8.jpg","width":1680,"height":1186,"caption":"Algarve 7"},"image":{"@id":"https:\/\/algarve7.pt\/#\/schema\/logo\/image\/"},"sameAs":["https:\/\/www.facebook.com\/algarve7","https:\/\/x.com\/Algarvesete","https:\/\/www.instagram.com\/jornalalgarve7\/","https:\/\/www.linkedin.com\/company\/algarve7","https:\/\/www.pinterest.pt\/geral0939\/_created\/"]},{"@type":"Person","@id":"https:\/\/algarve7.pt\/#\/schema\/person\/23fa70681308e7b319a3204bcea45e0c","name":"Algarve 7","sameAs":["https:\/\/algarve7.pt","https:\/\/www.facebook.com\/algarve7"],"url":"https:\/\/algarve7.pt\/index.php\/author\/geralalgarve7-pt\/"}]}},"jetpack_publicize_connections":[],"jetpack_featured_media_url":"https:\/\/algarve7.pt\/wp-content\/uploads\/2021\/08\/0300_p.jpg","jetpack_shortlink":"https:\/\/wp.me\/pcezmW-2RE","jetpack_sharing_enabled":true,"_links":{"self":[{"href":"https:\/\/algarve7.pt\/index.php\/wp-json\/wp\/v2\/posts\/11014","targetHints":{"allow":["GET"]}}],"collection":[{"href":"https:\/\/algarve7.pt\/index.php\/wp-json\/wp\/v2\/posts"}],"about":[{"href":"https:\/\/algarve7.pt\/index.php\/wp-json\/wp\/v2\/types\/post"}],"author":[{"embeddable":true,"href":"https:\/\/algarve7.pt\/index.php\/wp-json\/wp\/v2\/users\/1"}],"replies":[{"embeddable":true,"href":"https:\/\/algarve7.pt\/index.php\/wp-json\/wp\/v2\/comments?post=11014"}],"version-history":[{"count":0,"href":"https:\/\/algarve7.pt\/index.php\/wp-json\/wp\/v2\/posts\/11014\/revisions"}],"wp:featuredmedia":[{"embeddable":true,"href":"https:\/\/algarve7.pt\/index.php\/wp-json\/wp\/v2\/media\/11015"}],"wp:attachment":[{"href":"https:\/\/algarve7.pt\/index.php\/wp-json\/wp\/v2\/media?parent=11014"}],"wp:term":[{"taxonomy":"category","embeddable":true,"href":"https:\/\/algarve7.pt\/index.php\/wp-json\/wp\/v2\/categories?post=11014"},{"taxonomy":"post_tag","embeddable":true,"href":"https:\/\/algarve7.pt\/index.php\/wp-json\/wp\/v2\/tags?post=11014"}],"curies":[{"name":"wp","href":"https:\/\/api.w.org\/{rel}","templated":true}]}}