{"id":10985,"date":"2021-08-22T11:15:12","date_gmt":"2021-08-22T10:15:12","guid":{"rendered":"https:\/\/algarve7.pt\/?p=10985"},"modified":"2021-08-22T11:15:16","modified_gmt":"2021-08-22T10:15:16","slug":"presidentes-das-assembleias-municipais-do-algarve-apelam-a-navegabilidade-do-rio-arade","status":"publish","type":"post","link":"https:\/\/algarve7.pt\/index.php\/2021\/08\/presidentes-das-assembleias-municipais-do-algarve-apelam-a-navegabilidade-do-rio-arade\/atualidade\/11\/15\/","title":{"rendered":"Presidentes das assembleias municipais do Algarve apelam \u00e0 navegabilidade do Rio Arade"},"content":{"rendered":"\n<p>Decorreu em Silves, no passado s\u00e1bado, dia 14 do corrente m\u00eas, o 11.\u00ba encontro de Presidentes das Assembleias Municipais do Algarve, subordinado ao tema \u201cO Rio Arade e a sua navegabilidade como fator de desenvolvimento socioecon\u00f3mico no Algarve\u201d.<\/p>\n\n\n\n<p>A iniciativa foi precedida de uma visita guiada com a subida do rio Arade, desde a marina de Portim\u00e3o at\u00e9 ao cais de Silves, onde os participantes presenciaram \u201c<em>in loco<\/em>\u201d as potencialidades do rio Arade e os constrangimentos \u00e0 sua navegabilidade.<\/p>\n\n\n\n<p>Chegados a Silves, o encontro culminou com um col\u00f3quio, realizado na Fissul, sobre o tema proposto, em que participaram os Presidentes das Assembleias Municipais do Algarve, bem como diversas entidades e personalidades, que conclu\u00edram unanimemente o seguinte:<\/p>\n\n\n\n<ol class=\"wp-block-list\" type=\"1\"><li>O projeto de desassoreamento, navegabilidade e requalifica\u00e7\u00e3o das margens do Rio Arade, entre Portim\u00e3o e Silves, constitui um projeto estruturante para a regi\u00e3o do Algarve.&nbsp;<\/li><\/ol>\n\n\n\n<ul class=\"wp-block-list\"><li>A sua inscri\u00e7\u00e3o no futuro, com o apoio da CCDR-Algarve, no Plano de Recupera\u00e7\u00e3o e Resili\u00eancia (PRR), agregado ao alargamento do Porto de Cruzeiro de Portim\u00e3o, constitui o reconhecimento da sua relev\u00e2ncia para o desenvolvimento econ\u00f3mico sustent\u00e1vel da regi\u00e3o do Algarve.<\/li><\/ul>\n\n\n\n<ul class=\"wp-block-list\"><li>O desassoreamento e a navegabilidade do Rio Arade dever\u00e3o ser considerados numa vis\u00e3o integrada do Algarve, no que respeita ao seu desenvolvimento em torno de dois eixos fundamentais, o do Rio Guadiana e o do Rio Arade, na perspetiva do refor\u00e7o da coes\u00e3o territorial e social, da promo\u00e7\u00e3o das acessibilidades e mobilidade de pessoas e bens e da diversifica\u00e7\u00e3o da oferta tur\u00edstica regional, valorizando os territ\u00f3rios e as popula\u00e7\u00f5es do interior algarvio e reduzindo as assimetrias regionais.<\/li><\/ul>\n","protected":false},"excerpt":{"rendered":"<p>Decorreu em Silves, no passado s\u00e1bado, dia 14 do corrente m\u00eas, o 11.\u00ba encontro de Presidentes das Assembleias Municipais do<\/p>\n","protected":false},"author":1,"featured_media":10986,"comment_status":"closed","ping_status":"open","sticky":false,"template":"","format":"standard","meta":{"colormag_page_container_layout":"default_layout","colormag_page_sidebar_layout":"default_layout","_monsterinsights_skip_tracking":false,"_monsterinsights_sitenote_active":false,"_monsterinsights_sitenote_note":"","_monsterinsights_sitenote_category":0,"jetpack_post_was_ever_published":false,"_jetpack_newsletter_access":"","_jetpack_dont_email_post_to_subs":false,"_jetpack_newsletter_tier_id":0,"_jetpack_memberships_contains_paywalled_content":false,"_jetpack_memberships_contains_paid_content":false,"footnotes":"","jetpack_publicize_message":"","jetpack_publicize_feature_enabled":true,"jetpack_social_post_already_shared":true,"jetpack_social_options":{"image_generator_settings":{"template":"highway","default_image_id":0,"font":"","enabled":false},"version":2}},"categories":[11],"tags":[36,62],"class_list":["post-10985","post","type-post","status-publish","format-standard","has-post-thumbnail","hentry","category-atualidade","tag-algarve","tag-atualidade"],"yoast_head":"<!-- This site is optimized with the Yoast SEO plugin v27.5 - https:\/\/yoast.com\/product\/yoast-seo-wordpress\/ -->\n<title>Presidentes das assembleias municipais do Algarve apelam \u00e0 navegabilidade do Rio Arade - Algarve 7<\/title>\n<meta name=\"description\" content=\"Presidentes das assembleias municipais do Algarve apelam \u00e0 navegabilidade do Rio Arade Atualidade\" \/>\n<meta name=\"robots\" content=\"index, follow, max-snippet:-1, max-image-preview:large, max-video-preview:-1\" \/>\n<link rel=\"canonical\" href=\"https:\/\/algarve7.pt\/index.php\/2021\/08\/presidentes-das-assembleias-municipais-do-algarve-apelam-a-navegabilidade-do-rio-arade\/atualidade\/11\/15\/\" \/>\n<meta property=\"og:locale\" content=\"pt_PT\" \/>\n<meta property=\"og:type\" content=\"article\" \/>\n<meta property=\"og:title\" content=\"Presidentes das assembleias municipais do Algarve apelam \u00e0 navegabilidade do Rio Arade - Algarve 7\" \/>\n<meta property=\"og:description\" content=\"Presidentes das assembleias municipais do Algarve apelam \u00e0 navegabilidade do Rio Arade Atualidade\" \/>\n<meta property=\"og:url\" content=\"https:\/\/algarve7.pt\/index.php\/2021\/08\/presidentes-das-assembleias-municipais-do-algarve-apelam-a-navegabilidade-do-rio-arade\/atualidade\/11\/15\/\" \/>\n<meta property=\"og:site_name\" content=\"Algarve 7\" \/>\n<meta property=\"article:publisher\" content=\"https:\/\/www.facebook.com\/algarve7\" \/>\n<meta property=\"article:author\" content=\"https:\/\/www.facebook.com\/algarve7\" \/>\n<meta property=\"article:published_time\" content=\"2021-08-22T10:15:12+00:00\" \/>\n<meta property=\"article:modified_time\" content=\"2021-08-22T10:15:16+00:00\" \/>\n<meta property=\"og:image\" content=\"https:\/\/algarve7.pt\/wp-content\/uploads\/2021\/08\/11-encontro-de-Presidentes-das-Assembleias-Municipais-do-Algarve.jpg\" \/>\n\t<meta property=\"og:image:width\" content=\"1280\" \/>\n\t<meta property=\"og:image:height\" content=\"620\" \/>\n\t<meta property=\"og:image:type\" content=\"image\/jpeg\" \/>\n<meta name=\"author\" content=\"Algarve 7\" \/>\n<meta name=\"twitter:card\" content=\"summary_large_image\" \/>\n<meta name=\"twitter:creator\" content=\"@Algarvesete\" \/>\n<meta name=\"twitter:site\" content=\"@Algarvesete\" \/>\n<meta name=\"twitter:label1\" content=\"Escrito por\" \/>\n\t<meta name=\"twitter:data1\" content=\"Algarve 7\" \/>\n\t<meta name=\"twitter:label2\" content=\"Tempo estimado de leitura\" \/>\n\t<meta name=\"twitter:data2\" content=\"2 minutos\" \/>\n<script type=\"application\/ld+json\" class=\"yoast-schema-graph\">{\"@context\":\"https:\\\/\\\/schema.org\",\"@graph\":[{\"@type\":\"Article\",\"@id\":\"https:\\\/\\\/algarve7.pt\\\/index.php\\\/2021\\\/08\\\/presidentes-das-assembleias-municipais-do-algarve-apelam-a-navegabilidade-do-rio-arade\\\/atualidade\\\/11\\\/15\\\/#article\",\"isPartOf\":{\"@id\":\"https:\\\/\\\/algarve7.pt\\\/index.php\\\/2021\\\/08\\\/presidentes-das-assembleias-municipais-do-algarve-apelam-a-navegabilidade-do-rio-arade\\\/atualidade\\\/11\\\/15\\\/\"},\"author\":{\"name\":\"Algarve 7\",\"@id\":\"https:\\\/\\\/algarve7.pt\\\/#\\\/schema\\\/person\\\/23fa70681308e7b319a3204bcea45e0c\"},\"headline\":\"Presidentes das assembleias municipais do Algarve apelam \u00e0 navegabilidade do Rio Arade\",\"datePublished\":\"2021-08-22T10:15:12+00:00\",\"dateModified\":\"2021-08-22T10:15:16+00:00\",\"mainEntityOfPage\":{\"@id\":\"https:\\\/\\\/algarve7.pt\\\/index.php\\\/2021\\\/08\\\/presidentes-das-assembleias-municipais-do-algarve-apelam-a-navegabilidade-do-rio-arade\\\/atualidade\\\/11\\\/15\\\/\"},\"wordCount\":294,\"publisher\":{\"@id\":\"https:\\\/\\\/algarve7.pt\\\/#organization\"},\"image\":{\"@id\":\"https:\\\/\\\/algarve7.pt\\\/index.php\\\/2021\\\/08\\\/presidentes-das-assembleias-municipais-do-algarve-apelam-a-navegabilidade-do-rio-arade\\\/atualidade\\\/11\\\/15\\\/#primaryimage\"},\"thumbnailUrl\":\"https:\\\/\\\/algarve7.pt\\\/wp-content\\\/uploads\\\/2021\\\/08\\\/11-encontro-de-Presidentes-das-Assembleias-Municipais-do-Algarve.jpg\",\"keywords\":[\"Algarve\",\"Atualidade\"],\"articleSection\":[\"Atualidade\"],\"inLanguage\":\"pt-PT\"},{\"@type\":\"WebPage\",\"@id\":\"https:\\\/\\\/algarve7.pt\\\/index.php\\\/2021\\\/08\\\/presidentes-das-assembleias-municipais-do-algarve-apelam-a-navegabilidade-do-rio-arade\\\/atualidade\\\/11\\\/15\\\/\",\"url\":\"https:\\\/\\\/algarve7.pt\\\/index.php\\\/2021\\\/08\\\/presidentes-das-assembleias-municipais-do-algarve-apelam-a-navegabilidade-do-rio-arade\\\/atualidade\\\/11\\\/15\\\/\",\"name\":\"Presidentes das assembleias municipais do Algarve apelam \u00e0 navegabilidade do Rio Arade - Algarve 7\",\"isPartOf\":{\"@id\":\"https:\\\/\\\/algarve7.pt\\\/#website\"},\"primaryImageOfPage\":{\"@id\":\"https:\\\/\\\/algarve7.pt\\\/index.php\\\/2021\\\/08\\\/presidentes-das-assembleias-municipais-do-algarve-apelam-a-navegabilidade-do-rio-arade\\\/atualidade\\\/11\\\/15\\\/#primaryimage\"},\"image\":{\"@id\":\"https:\\\/\\\/algarve7.pt\\\/index.php\\\/2021\\\/08\\\/presidentes-das-assembleias-municipais-do-algarve-apelam-a-navegabilidade-do-rio-arade\\\/atualidade\\\/11\\\/15\\\/#primaryimage\"},\"thumbnailUrl\":\"https:\\\/\\\/algarve7.pt\\\/wp-content\\\/uploads\\\/2021\\\/08\\\/11-encontro-de-Presidentes-das-Assembleias-Municipais-do-Algarve.jpg\",\"datePublished\":\"2021-08-22T10:15:12+00:00\",\"dateModified\":\"2021-08-22T10:15:16+00:00\",\"description\":\"Presidentes das assembleias municipais do Algarve apelam \u00e0 navegabilidade do Rio Arade Atualidade\",\"breadcrumb\":{\"@id\":\"https:\\\/\\\/algarve7.pt\\\/index.php\\\/2021\\\/08\\\/presidentes-das-assembleias-municipais-do-algarve-apelam-a-navegabilidade-do-rio-arade\\\/atualidade\\\/11\\\/15\\\/#breadcrumb\"},\"inLanguage\":\"pt-PT\",\"potentialAction\":[{\"@type\":\"ReadAction\",\"target\":[\"https:\\\/\\\/algarve7.pt\\\/index.php\\\/2021\\\/08\\\/presidentes-das-assembleias-municipais-do-algarve-apelam-a-navegabilidade-do-rio-arade\\\/atualidade\\\/11\\\/15\\\/\"]}]},{\"@type\":\"ImageObject\",\"inLanguage\":\"pt-PT\",\"@id\":\"https:\\\/\\\/algarve7.pt\\\/index.php\\\/2021\\\/08\\\/presidentes-das-assembleias-municipais-do-algarve-apelam-a-navegabilidade-do-rio-arade\\\/atualidade\\\/11\\\/15\\\/#primaryimage\",\"url\":\"https:\\\/\\\/algarve7.pt\\\/wp-content\\\/uploads\\\/2021\\\/08\\\/11-encontro-de-Presidentes-das-Assembleias-Municipais-do-Algarve.jpg\",\"contentUrl\":\"https:\\\/\\\/algarve7.pt\\\/wp-content\\\/uploads\\\/2021\\\/08\\\/11-encontro-de-Presidentes-das-Assembleias-Municipais-do-Algarve.jpg\",\"width\":1280,\"height\":620},{\"@type\":\"BreadcrumbList\",\"@id\":\"https:\\\/\\\/algarve7.pt\\\/index.php\\\/2021\\\/08\\\/presidentes-das-assembleias-municipais-do-algarve-apelam-a-navegabilidade-do-rio-arade\\\/atualidade\\\/11\\\/15\\\/#breadcrumb\",\"itemListElement\":[{\"@type\":\"ListItem\",\"position\":1,\"name\":\"In\u00edcio\",\"item\":\"https:\\\/\\\/algarve7.pt\\\/\"},{\"@type\":\"ListItem\",\"position\":2,\"name\":\"Presidentes das assembleias municipais do Algarve apelam \u00e0 navegabilidade do Rio Arade\"}]},{\"@type\":\"WebSite\",\"@id\":\"https:\\\/\\\/algarve7.pt\\\/#website\",\"url\":\"https:\\\/\\\/algarve7.pt\\\/\",\"name\":\"Algarve 7\",\"description\":\"Informa\u00e7\u00e3o sobre o Algarve\",\"publisher\":{\"@id\":\"https:\\\/\\\/algarve7.pt\\\/#organization\"},\"potentialAction\":[{\"@type\":\"SearchAction\",\"target\":{\"@type\":\"EntryPoint\",\"urlTemplate\":\"https:\\\/\\\/algarve7.pt\\\/?s={search_term_string}\"},\"query-input\":{\"@type\":\"PropertyValueSpecification\",\"valueRequired\":true,\"valueName\":\"search_term_string\"}}],\"inLanguage\":\"pt-PT\"},{\"@type\":\"Organization\",\"@id\":\"https:\\\/\\\/algarve7.pt\\\/#organization\",\"name\":\"Algarve 7\",\"url\":\"https:\\\/\\\/algarve7.pt\\\/\",\"logo\":{\"@type\":\"ImageObject\",\"inLanguage\":\"pt-PT\",\"@id\":\"https:\\\/\\\/algarve7.pt\\\/#\\\/schema\\\/logo\\\/image\\\/\",\"url\":\"https:\\\/\\\/algarve7.pt\\\/wp-content\\\/uploads\\\/2020\\\/10\\\/Logo-8.jpg\",\"contentUrl\":\"https:\\\/\\\/algarve7.pt\\\/wp-content\\\/uploads\\\/2020\\\/10\\\/Logo-8.jpg\",\"width\":1680,\"height\":1186,\"caption\":\"Algarve 7\"},\"image\":{\"@id\":\"https:\\\/\\\/algarve7.pt\\\/#\\\/schema\\\/logo\\\/image\\\/\"},\"sameAs\":[\"https:\\\/\\\/www.facebook.com\\\/algarve7\",\"https:\\\/\\\/x.com\\\/Algarvesete\",\"https:\\\/\\\/www.instagram.com\\\/jornalalgarve7\\\/\",\"https:\\\/\\\/www.linkedin.com\\\/company\\\/algarve7\",\"https:\\\/\\\/www.pinterest.pt\\\/geral0939\\\/_created\\\/\"]},{\"@type\":\"Person\",\"@id\":\"https:\\\/\\\/algarve7.pt\\\/#\\\/schema\\\/person\\\/23fa70681308e7b319a3204bcea45e0c\",\"name\":\"Algarve 7\",\"sameAs\":[\"https:\\\/\\\/algarve7.pt\",\"https:\\\/\\\/www.facebook.com\\\/algarve7\"],\"url\":\"https:\\\/\\\/algarve7.pt\\\/index.php\\\/author\\\/geralalgarve7-pt\\\/\"}]}<\/script>\n<!-- \/ Yoast SEO plugin. -->","yoast_head_json":{"title":"Presidentes das assembleias municipais do Algarve apelam \u00e0 navegabilidade do Rio Arade - Algarve 7","description":"Presidentes das assembleias municipais do Algarve apelam \u00e0 navegabilidade do Rio Arade Atualidade","robots":{"index":"index","follow":"follow","max-snippet":"max-snippet:-1","max-image-preview":"max-image-preview:large","max-video-preview":"max-video-preview:-1"},"canonical":"https:\/\/algarve7.pt\/index.php\/2021\/08\/presidentes-das-assembleias-municipais-do-algarve-apelam-a-navegabilidade-do-rio-arade\/atualidade\/11\/15\/","og_locale":"pt_PT","og_type":"article","og_title":"Presidentes das assembleias municipais do Algarve apelam \u00e0 navegabilidade do Rio Arade - Algarve 7","og_description":"Presidentes das assembleias municipais do Algarve apelam \u00e0 navegabilidade do Rio Arade Atualidade","og_url":"https:\/\/algarve7.pt\/index.php\/2021\/08\/presidentes-das-assembleias-municipais-do-algarve-apelam-a-navegabilidade-do-rio-arade\/atualidade\/11\/15\/","og_site_name":"Algarve 7","article_publisher":"https:\/\/www.facebook.com\/algarve7","article_author":"https:\/\/www.facebook.com\/algarve7","article_published_time":"2021-08-22T10:15:12+00:00","article_modified_time":"2021-08-22T10:15:16+00:00","og_image":[{"width":1280,"height":620,"url":"https:\/\/algarve7.pt\/wp-content\/uploads\/2021\/08\/11-encontro-de-Presidentes-das-Assembleias-Municipais-do-Algarve.jpg","type":"image\/jpeg"}],"author":"Algarve 7","twitter_card":"summary_large_image","twitter_creator":"@Algarvesete","twitter_site":"@Algarvesete","twitter_misc":{"Escrito por":"Algarve 7","Tempo estimado de leitura":"2 minutos"},"schema":{"@context":"https:\/\/schema.org","@graph":[{"@type":"Article","@id":"https:\/\/algarve7.pt\/index.php\/2021\/08\/presidentes-das-assembleias-municipais-do-algarve-apelam-a-navegabilidade-do-rio-arade\/atualidade\/11\/15\/#article","isPartOf":{"@id":"https:\/\/algarve7.pt\/index.php\/2021\/08\/presidentes-das-assembleias-municipais-do-algarve-apelam-a-navegabilidade-do-rio-arade\/atualidade\/11\/15\/"},"author":{"name":"Algarve 7","@id":"https:\/\/algarve7.pt\/#\/schema\/person\/23fa70681308e7b319a3204bcea45e0c"},"headline":"Presidentes das assembleias municipais do Algarve apelam \u00e0 navegabilidade do Rio Arade","datePublished":"2021-08-22T10:15:12+00:00","dateModified":"2021-08-22T10:15:16+00:00","mainEntityOfPage":{"@id":"https:\/\/algarve7.pt\/index.php\/2021\/08\/presidentes-das-assembleias-municipais-do-algarve-apelam-a-navegabilidade-do-rio-arade\/atualidade\/11\/15\/"},"wordCount":294,"publisher":{"@id":"https:\/\/algarve7.pt\/#organization"},"image":{"@id":"https:\/\/algarve7.pt\/index.php\/2021\/08\/presidentes-das-assembleias-municipais-do-algarve-apelam-a-navegabilidade-do-rio-arade\/atualidade\/11\/15\/#primaryimage"},"thumbnailUrl":"https:\/\/algarve7.pt\/wp-content\/uploads\/2021\/08\/11-encontro-de-Presidentes-das-Assembleias-Municipais-do-Algarve.jpg","keywords":["Algarve","Atualidade"],"articleSection":["Atualidade"],"inLanguage":"pt-PT"},{"@type":"WebPage","@id":"https:\/\/algarve7.pt\/index.php\/2021\/08\/presidentes-das-assembleias-municipais-do-algarve-apelam-a-navegabilidade-do-rio-arade\/atualidade\/11\/15\/","url":"https:\/\/algarve7.pt\/index.php\/2021\/08\/presidentes-das-assembleias-municipais-do-algarve-apelam-a-navegabilidade-do-rio-arade\/atualidade\/11\/15\/","name":"Presidentes das assembleias municipais do Algarve apelam \u00e0 navegabilidade do Rio Arade - Algarve 7","isPartOf":{"@id":"https:\/\/algarve7.pt\/#website"},"primaryImageOfPage":{"@id":"https:\/\/algarve7.pt\/index.php\/2021\/08\/presidentes-das-assembleias-municipais-do-algarve-apelam-a-navegabilidade-do-rio-arade\/atualidade\/11\/15\/#primaryimage"},"image":{"@id":"https:\/\/algarve7.pt\/index.php\/2021\/08\/presidentes-das-assembleias-municipais-do-algarve-apelam-a-navegabilidade-do-rio-arade\/atualidade\/11\/15\/#primaryimage"},"thumbnailUrl":"https:\/\/algarve7.pt\/wp-content\/uploads\/2021\/08\/11-encontro-de-Presidentes-das-Assembleias-Municipais-do-Algarve.jpg","datePublished":"2021-08-22T10:15:12+00:00","dateModified":"2021-08-22T10:15:16+00:00","description":"Presidentes das assembleias municipais do Algarve apelam \u00e0 navegabilidade do Rio Arade Atualidade","breadcrumb":{"@id":"https:\/\/algarve7.pt\/index.php\/2021\/08\/presidentes-das-assembleias-municipais-do-algarve-apelam-a-navegabilidade-do-rio-arade\/atualidade\/11\/15\/#breadcrumb"},"inLanguage":"pt-PT","potentialAction":[{"@type":"ReadAction","target":["https:\/\/algarve7.pt\/index.php\/2021\/08\/presidentes-das-assembleias-municipais-do-algarve-apelam-a-navegabilidade-do-rio-arade\/atualidade\/11\/15\/"]}]},{"@type":"ImageObject","inLanguage":"pt-PT","@id":"https:\/\/algarve7.pt\/index.php\/2021\/08\/presidentes-das-assembleias-municipais-do-algarve-apelam-a-navegabilidade-do-rio-arade\/atualidade\/11\/15\/#primaryimage","url":"https:\/\/algarve7.pt\/wp-content\/uploads\/2021\/08\/11-encontro-de-Presidentes-das-Assembleias-Municipais-do-Algarve.jpg","contentUrl":"https:\/\/algarve7.pt\/wp-content\/uploads\/2021\/08\/11-encontro-de-Presidentes-das-Assembleias-Municipais-do-Algarve.jpg","width":1280,"height":620},{"@type":"BreadcrumbList","@id":"https:\/\/algarve7.pt\/index.php\/2021\/08\/presidentes-das-assembleias-municipais-do-algarve-apelam-a-navegabilidade-do-rio-arade\/atualidade\/11\/15\/#breadcrumb","itemListElement":[{"@type":"ListItem","position":1,"name":"In\u00edcio","item":"https:\/\/algarve7.pt\/"},{"@type":"ListItem","position":2,"name":"Presidentes das assembleias municipais do Algarve apelam \u00e0 navegabilidade do Rio Arade"}]},{"@type":"WebSite","@id":"https:\/\/algarve7.pt\/#website","url":"https:\/\/algarve7.pt\/","name":"Algarve 7","description":"Informa\u00e7\u00e3o sobre o Algarve","publisher":{"@id":"https:\/\/algarve7.pt\/#organization"},"potentialAction":[{"@type":"SearchAction","target":{"@type":"EntryPoint","urlTemplate":"https:\/\/algarve7.pt\/?s={search_term_string}"},"query-input":{"@type":"PropertyValueSpecification","valueRequired":true,"valueName":"search_term_string"}}],"inLanguage":"pt-PT"},{"@type":"Organization","@id":"https:\/\/algarve7.pt\/#organization","name":"Algarve 7","url":"https:\/\/algarve7.pt\/","logo":{"@type":"ImageObject","inLanguage":"pt-PT","@id":"https:\/\/algarve7.pt\/#\/schema\/logo\/image\/","url":"https:\/\/algarve7.pt\/wp-content\/uploads\/2020\/10\/Logo-8.jpg","contentUrl":"https:\/\/algarve7.pt\/wp-content\/uploads\/2020\/10\/Logo-8.jpg","width":1680,"height":1186,"caption":"Algarve 7"},"image":{"@id":"https:\/\/algarve7.pt\/#\/schema\/logo\/image\/"},"sameAs":["https:\/\/www.facebook.com\/algarve7","https:\/\/x.com\/Algarvesete","https:\/\/www.instagram.com\/jornalalgarve7\/","https:\/\/www.linkedin.com\/company\/algarve7","https:\/\/www.pinterest.pt\/geral0939\/_created\/"]},{"@type":"Person","@id":"https:\/\/algarve7.pt\/#\/schema\/person\/23fa70681308e7b319a3204bcea45e0c","name":"Algarve 7","sameAs":["https:\/\/algarve7.pt","https:\/\/www.facebook.com\/algarve7"],"url":"https:\/\/algarve7.pt\/index.php\/author\/geralalgarve7-pt\/"}]}},"jetpack_publicize_connections":[],"jetpack_featured_media_url":"https:\/\/algarve7.pt\/wp-content\/uploads\/2021\/08\/11-encontro-de-Presidentes-das-Assembleias-Municipais-do-Algarve.jpg","jetpack_shortlink":"https:\/\/wp.me\/pcezmW-2Rb","jetpack_sharing_enabled":true,"_links":{"self":[{"href":"https:\/\/algarve7.pt\/index.php\/wp-json\/wp\/v2\/posts\/10985","targetHints":{"allow":["GET"]}}],"collection":[{"href":"https:\/\/algarve7.pt\/index.php\/wp-json\/wp\/v2\/posts"}],"about":[{"href":"https:\/\/algarve7.pt\/index.php\/wp-json\/wp\/v2\/types\/post"}],"author":[{"embeddable":true,"href":"https:\/\/algarve7.pt\/index.php\/wp-json\/wp\/v2\/users\/1"}],"replies":[{"embeddable":true,"href":"https:\/\/algarve7.pt\/index.php\/wp-json\/wp\/v2\/comments?post=10985"}],"version-history":[{"count":0,"href":"https:\/\/algarve7.pt\/index.php\/wp-json\/wp\/v2\/posts\/10985\/revisions"}],"wp:featuredmedia":[{"embeddable":true,"href":"https:\/\/algarve7.pt\/index.php\/wp-json\/wp\/v2\/media\/10986"}],"wp:attachment":[{"href":"https:\/\/algarve7.pt\/index.php\/wp-json\/wp\/v2\/media?parent=10985"}],"wp:term":[{"taxonomy":"category","embeddable":true,"href":"https:\/\/algarve7.pt\/index.php\/wp-json\/wp\/v2\/categories?post=10985"},{"taxonomy":"post_tag","embeddable":true,"href":"https:\/\/algarve7.pt\/index.php\/wp-json\/wp\/v2\/tags?post=10985"}],"curies":[{"name":"wp","href":"https:\/\/api.w.org\/{rel}","templated":true}]}}