{"id":10930,"date":"2021-08-19T13:24:30","date_gmt":"2021-08-19T12:24:30","guid":{"rendered":"https:\/\/algarve7.pt\/?p=10930"},"modified":"2021-08-19T13:24:31","modified_gmt":"2021-08-19T12:24:31","slug":"portugal-triplicou-a-percentagem-de-contributo-da-eletricidade-proveniente-de-origem-solar-entre-2018-e-2021","status":"publish","type":"post","link":"https:\/\/algarve7.pt\/index.php\/2021\/08\/portugal-triplicou-a-percentagem-de-contributo-da-eletricidade-proveniente-de-origem-solar-entre-2018-e-2021\/ambiente\/13\/24\/","title":{"rendered":"Portugal triplicou a percentagem de contributo da eletricidade proveniente de origem solar entre 2018 e 2021"},"content":{"rendered":"\n<p>EMBER e ZERO analisaram os dados sobre o crescimento da energia solar durante o ver\u00e3o \/ Novo record em Portugal, com o solar a assegurar seis por cento da produ\u00e7\u00e3o total de eletricidade.<\/p>\n\n\n\n<p>A mais recente an\u00e1lise do grupo de reflex\u00e3o e investiga\u00e7\u00e3o em energia EMBER em conjunto com a ZERO para o caso de Portugal, revela que, pela primeira vez, os pain\u00e9is solares produziram um d\u00e9cimo da eletricidade da UE-27 durante os meses de pico de junho e julho deste ano. Novos recordes foram estabelecidos em oito pa\u00edses da Uni\u00e3o Europeia, entre eles Portugal. Ainda assim, os pain\u00e9is solares produziram menos eletricidade do que as centrais a carv\u00e3o da Europa, mesmo durante o auge do ver\u00e3o. A an\u00e1lise mostra que, o crescimento anual da produ\u00e7\u00e3o solar precisa de duplicar para cumprir as metas de emiss\u00f5es da UE para 2030.<\/p>\n\n\n\n<p><strong>Crescimento da energia solar na Europa<\/strong><\/p>\n\n\n\n<p>A an\u00e1lise mostra que os picos de produ\u00e7\u00e3o de eletricidade a partir de energia solar na Europa durante o ver\u00e3o, que acontecem em junho e julho, est\u00e3o a crescer a cada ano. Os pain\u00e9is solares produziram um recorde de 10% da eletricidade da UE (39 TWh) em junho-julho de 2021, comparativamente com os 28 TWh no mesmo per\u00edodo em 2018. O crescimento est\u00e1 a acelerar: a UE viu a produ\u00e7\u00e3o solar aumentar 5,1 TWh entre junho-julho de 2020 e 2021, uma mudan\u00e7a anual maior do que em 2020 (+3,1 TWh) ou 2019 (+2,6 TWh).<\/p>\n\n\n\n<p>\u2756&nbsp;<em>Oito pa\u00edses da UE estabeleceram um novo recorde na quota de produ\u00e7\u00e3o de energia solar durante o pico do ver\u00e3o deste ano: Est\u00f3nia, Alemanha, Hungria, Litu\u00e2nia, Holanda, Pol\u00f3nia, Portugal e Espanha.&nbsp;<\/em><\/p>\n\n\n\n<p>Sete pa\u00edses da UE produziram mais de um d\u00e9cimo da sua eletricidade a partir de pain\u00e9is solares em junho-julho de 2021, com a Holanda (17%), Alemanha (17%), Espanha (16%), Gr\u00e9cia (13%) e It\u00e1lia (13%), a assumirem a lideran\u00e7a. A Hungria quadruplicou a participa\u00e7\u00e3o na energia solar desde junho-julho de 2018, enquanto a Holanda e a Espanha duplicaram. A Est\u00f3nia e a Pol\u00f3nia transitaram de praticamente zero em energia solar, em 2018, para 10% e 5%, respetivamente, em junho-julho de 2021.<\/p>\n\n\n\n<p>Pela primeira vez, a energia solar superou a do carv\u00e3o na Hungria no ver\u00e3o de 2021, um marco que j\u00e1 havia sido alcan\u00e7ado no ano anterior na Gr\u00e9cia e em Portugal, e h\u00e1 v\u00e1rios anos na Holanda, It\u00e1lia, Fran\u00e7a, Espanha, \u00c1ustria e B\u00e9lgica. A Hungria assistiu a um aumento da energia solar de 3% da eletricidade produzida em junho-julho de 2018 para 12% neste ver\u00e3o. Em compara\u00e7\u00e3o, a eletricidade produzida a partir do carv\u00e3o do na Hungria caiu de 17% em junho-julho de 2018 para apenas 10% neste ver\u00e3o.<\/p>\n\n\n\n<p><strong>Portugal triplicou a percentagem de contributo da eletricidade proveniente de origem solar entre 2018 e 2021<\/strong><\/p>\n\n\n\n<p>De acordo com a an\u00e1lise efetuada pela EMBER, no caso de Portugal, em 2018 a produ\u00e7\u00e3o de eletricidade a partir de fonte solar atingiu 176 GWh no total de junho e julho em 2018, enquanto este ano atingiu 392 GWh. Por\u00e9m, em termos de percentagem, enquanto em 2018 a fra\u00e7\u00e3o de produ\u00e7\u00e3o solar foi de 2 por cento, este ano atingiu j\u00e1 6%, isto \u00e9 tr\u00eas vezes mais. <\/p>\n\n\n\n<p><strong>Revolu\u00e7\u00e3o solar ainda est\u00e1 por acontecer&nbsp;<\/strong><\/p>\n\n\n\n<p>Apesar dos ganhos recentes, a produ\u00e7\u00e3o de eletricidade na Uni\u00e3o Europeia a partir de pain\u00e9is solares ainda \u00e9 inferior \u00e0 das centrais a carv\u00e3o, que geraram 14% da eletricidade da UE em junho-julho de 2021 (58 TWh).<\/p>\n\n\n\n<p>A UE-27 tem adicionado cerca de 14 TWh de produ\u00e7\u00e3o de energia solar em cada ano, em m\u00e9dia, nos \u00faltimos dois anos. No entanto, e de acordo com a Comiss\u00e3o Europeia, o crescimento anual na pr\u00f3xima d\u00e9cada deve duplicar para os 30 TWh, a fim de cumprir com as novas metas clim\u00e1ticas da UE para 2030.<\/p>\n\n\n\n<p>O mercado solar est\u00e1 preparado para suportar o crescimento necess\u00e1rio. Produzir eletricidade a partir de novos pain\u00e9is solares custa agora metade do que produzi-la nas centrais de queima de combust\u00edveis f\u00f3sseis existentes nos principais mercados, incluindo Alemanha, Reino Unido, It\u00e1lia, Fran\u00e7a e Espanha. O custo nivelado m\u00e9dio global de eletricidade (LCOEs) para energia solar fotovoltaica em escala de utilidade colapsou de $381 \/ MWh USD em 2010 para $57 \/ MWh em 2020.<\/p>\n\n\n\n<p><strong>Charles Moore, L\u00edder do EMBER Europa<\/strong>, disse: \u201cA Europa apresentou um ver\u00e3o recorde de energia solar, mas ainda n\u00e3o aproveitou todo o seu potencial. O custo da energia solar caiu na \u00faltima d\u00e9cada e estamos a presenciar os primeiros sinais da revolu\u00e7\u00e3o solar da Europa em pa\u00edses como Espanha, Holanda, Hungria e at\u00e9 mesmo na Pol\u00f3nia, que ainda aposta fortemente na energia a carv\u00e3o. Contudo, ainda h\u00e1 um longo caminho a percorrer antes que a energia solar forne\u00e7a mais\u00a0energia do que os combust\u00edveis f\u00f3sseis, mesmo no auge do sol de ver\u00e3o na Europa. Os eventos clim\u00e1ticos extremos, em toda a Europa neste ver\u00e3o, deram um alerta urgente aos governos que agora devem transformar as metas clim\u00e1ticas em a\u00e7\u00f5es clim\u00e1ticas, impulsionando o arranque da energia solar.<\/p>\n\n\n\n<p><strong>Francisco Ferreira, Presidente da ZERO<\/strong>, disse: \u201cApesar dos elevados pre\u00e7os de eletricidade, ser\u00e3o as renov\u00e1veis no m\u00e9dio prazo que assegurar\u00e3o os menores custos para os consumidores. A expans\u00e3o do solar \u00e9 indispens\u00e1vel, devendo no entanto respeitar-se princ\u00edpios de sustentabilidade no que respeita \u00e0s \u00e1reas e locais selecionados no que respeita \u00e0s grandes centrais que est\u00e3o previstas e\/ou em implementa\u00e7\u00e3o. Com uma menor capacidade das fontes h\u00eddrica e e\u00f3lica durante o ver\u00e3o, \u00e9 fundamental que o solar ocupe uma percentagem muito maior da energia prim\u00e1ria associada \u00e0 produ\u00e7\u00e3o de eletricidade em Portugal.<\/p>\n","protected":false},"excerpt":{"rendered":"<p>EMBER e ZERO analisaram os dados sobre o crescimento da energia solar durante o ver\u00e3o \/ Novo record em Portugal,<\/p>\n","protected":false},"author":1,"featured_media":10931,"comment_status":"closed","ping_status":"open","sticky":false,"template":"","format":"standard","meta":{"colormag_page_container_layout":"default_layout","colormag_page_sidebar_layout":"default_layout","_monsterinsights_skip_tracking":false,"_monsterinsights_sitenote_active":false,"_monsterinsights_sitenote_note":"","_monsterinsights_sitenote_category":0,"jetpack_post_was_ever_published":false,"_jetpack_newsletter_access":"","_jetpack_dont_email_post_to_subs":false,"_jetpack_newsletter_tier_id":0,"_jetpack_memberships_contains_paywalled_content":false,"_jetpack_memberships_contains_paid_content":false,"footnotes":"","jetpack_publicize_message":"","jetpack_publicize_feature_enabled":true,"jetpack_social_post_already_shared":true,"jetpack_social_options":{"image_generator_settings":{"template":"highway","default_image_id":0,"font":"","enabled":false},"version":2}},"categories":[5],"tags":[32,98,220],"class_list":["post-10930","post","type-post","status-publish","format-standard","has-post-thumbnail","hentry","category-ambiente","tag-ambiente","tag-nacional","tag-zero"],"yoast_head":"<!-- This site is optimized with the Yoast SEO plugin v27.5 - https:\/\/yoast.com\/product\/yoast-seo-wordpress\/ -->\n<title>Portugal triplicou a percentagem de contributo da eletricidade proveniente de origem solar entre 2018 e 2021 - Algarve 7<\/title>\n<meta name=\"description\" content=\"Portugal triplicou a percentagem de contributo da eletricidade proveniente de origem solar entre 2018 e 2021 Ambiente\" \/>\n<meta name=\"robots\" content=\"index, follow, max-snippet:-1, max-image-preview:large, max-video-preview:-1\" \/>\n<link rel=\"canonical\" href=\"https:\/\/algarve7.pt\/index.php\/2021\/08\/portugal-triplicou-a-percentagem-de-contributo-da-eletricidade-proveniente-de-origem-solar-entre-2018-e-2021\/ambiente\/13\/24\/\" \/>\n<meta property=\"og:locale\" content=\"pt_PT\" \/>\n<meta property=\"og:type\" content=\"article\" \/>\n<meta property=\"og:title\" content=\"Portugal triplicou a percentagem de contributo da eletricidade proveniente de origem solar entre 2018 e 2021 - Algarve 7\" \/>\n<meta property=\"og:description\" content=\"Portugal triplicou a percentagem de contributo da eletricidade proveniente de origem solar entre 2018 e 2021 Ambiente\" \/>\n<meta property=\"og:url\" content=\"https:\/\/algarve7.pt\/index.php\/2021\/08\/portugal-triplicou-a-percentagem-de-contributo-da-eletricidade-proveniente-de-origem-solar-entre-2018-e-2021\/ambiente\/13\/24\/\" \/>\n<meta property=\"og:site_name\" content=\"Algarve 7\" \/>\n<meta property=\"article:publisher\" content=\"https:\/\/www.facebook.com\/algarve7\" \/>\n<meta property=\"article:author\" content=\"https:\/\/www.facebook.com\/algarve7\" \/>\n<meta property=\"article:published_time\" content=\"2021-08-19T12:24:30+00:00\" \/>\n<meta property=\"article:modified_time\" content=\"2021-08-19T12:24:31+00:00\" \/>\n<meta property=\"og:image\" content=\"https:\/\/algarve7.pt\/wp-content\/uploads\/2021\/08\/electricity-3287817_1920.jpg.webp\" \/>\n\t<meta property=\"og:image:width\" content=\"670\" \/>\n\t<meta property=\"og:image:height\" content=\"300\" \/>\n\t<meta property=\"og:image:type\" content=\"image\/webp\" \/>\n<meta name=\"author\" content=\"Algarve 7\" \/>\n<meta name=\"twitter:card\" content=\"summary_large_image\" \/>\n<meta name=\"twitter:creator\" content=\"@Algarvesete\" \/>\n<meta name=\"twitter:site\" content=\"@Algarvesete\" \/>\n<meta name=\"twitter:label1\" content=\"Escrito por\" \/>\n\t<meta name=\"twitter:data1\" content=\"Algarve 7\" \/>\n\t<meta name=\"twitter:label2\" content=\"Tempo estimado de leitura\" \/>\n\t<meta name=\"twitter:data2\" content=\"5 minutos\" \/>\n<script type=\"application\/ld+json\" class=\"yoast-schema-graph\">{\"@context\":\"https:\\\/\\\/schema.org\",\"@graph\":[{\"@type\":\"Article\",\"@id\":\"https:\\\/\\\/algarve7.pt\\\/index.php\\\/2021\\\/08\\\/portugal-triplicou-a-percentagem-de-contributo-da-eletricidade-proveniente-de-origem-solar-entre-2018-e-2021\\\/ambiente\\\/13\\\/24\\\/#article\",\"isPartOf\":{\"@id\":\"https:\\\/\\\/algarve7.pt\\\/index.php\\\/2021\\\/08\\\/portugal-triplicou-a-percentagem-de-contributo-da-eletricidade-proveniente-de-origem-solar-entre-2018-e-2021\\\/ambiente\\\/13\\\/24\\\/\"},\"author\":{\"name\":\"Algarve 7\",\"@id\":\"https:\\\/\\\/algarve7.pt\\\/#\\\/schema\\\/person\\\/23fa70681308e7b319a3204bcea45e0c\"},\"headline\":\"Portugal triplicou a percentagem de contributo da eletricidade proveniente de origem solar entre 2018 e 2021\",\"datePublished\":\"2021-08-19T12:24:30+00:00\",\"dateModified\":\"2021-08-19T12:24:31+00:00\",\"mainEntityOfPage\":{\"@id\":\"https:\\\/\\\/algarve7.pt\\\/index.php\\\/2021\\\/08\\\/portugal-triplicou-a-percentagem-de-contributo-da-eletricidade-proveniente-de-origem-solar-entre-2018-e-2021\\\/ambiente\\\/13\\\/24\\\/\"},\"wordCount\":978,\"publisher\":{\"@id\":\"https:\\\/\\\/algarve7.pt\\\/#organization\"},\"image\":{\"@id\":\"https:\\\/\\\/algarve7.pt\\\/index.php\\\/2021\\\/08\\\/portugal-triplicou-a-percentagem-de-contributo-da-eletricidade-proveniente-de-origem-solar-entre-2018-e-2021\\\/ambiente\\\/13\\\/24\\\/#primaryimage\"},\"thumbnailUrl\":\"https:\\\/\\\/algarve7.pt\\\/wp-content\\\/uploads\\\/2021\\\/08\\\/electricity-3287817_1920.jpg.webp\",\"keywords\":[\"Ambiente\",\"Nacional\",\"ZERO\"],\"articleSection\":[\"Ambiente\"],\"inLanguage\":\"pt-PT\"},{\"@type\":\"WebPage\",\"@id\":\"https:\\\/\\\/algarve7.pt\\\/index.php\\\/2021\\\/08\\\/portugal-triplicou-a-percentagem-de-contributo-da-eletricidade-proveniente-de-origem-solar-entre-2018-e-2021\\\/ambiente\\\/13\\\/24\\\/\",\"url\":\"https:\\\/\\\/algarve7.pt\\\/index.php\\\/2021\\\/08\\\/portugal-triplicou-a-percentagem-de-contributo-da-eletricidade-proveniente-de-origem-solar-entre-2018-e-2021\\\/ambiente\\\/13\\\/24\\\/\",\"name\":\"Portugal triplicou a percentagem de contributo da eletricidade proveniente de origem solar entre 2018 e 2021 - Algarve 7\",\"isPartOf\":{\"@id\":\"https:\\\/\\\/algarve7.pt\\\/#website\"},\"primaryImageOfPage\":{\"@id\":\"https:\\\/\\\/algarve7.pt\\\/index.php\\\/2021\\\/08\\\/portugal-triplicou-a-percentagem-de-contributo-da-eletricidade-proveniente-de-origem-solar-entre-2018-e-2021\\\/ambiente\\\/13\\\/24\\\/#primaryimage\"},\"image\":{\"@id\":\"https:\\\/\\\/algarve7.pt\\\/index.php\\\/2021\\\/08\\\/portugal-triplicou-a-percentagem-de-contributo-da-eletricidade-proveniente-de-origem-solar-entre-2018-e-2021\\\/ambiente\\\/13\\\/24\\\/#primaryimage\"},\"thumbnailUrl\":\"https:\\\/\\\/algarve7.pt\\\/wp-content\\\/uploads\\\/2021\\\/08\\\/electricity-3287817_1920.jpg.webp\",\"datePublished\":\"2021-08-19T12:24:30+00:00\",\"dateModified\":\"2021-08-19T12:24:31+00:00\",\"description\":\"Portugal triplicou a percentagem de contributo da eletricidade proveniente de origem solar entre 2018 e 2021 Ambiente\",\"breadcrumb\":{\"@id\":\"https:\\\/\\\/algarve7.pt\\\/index.php\\\/2021\\\/08\\\/portugal-triplicou-a-percentagem-de-contributo-da-eletricidade-proveniente-de-origem-solar-entre-2018-e-2021\\\/ambiente\\\/13\\\/24\\\/#breadcrumb\"},\"inLanguage\":\"pt-PT\",\"potentialAction\":[{\"@type\":\"ReadAction\",\"target\":[\"https:\\\/\\\/algarve7.pt\\\/index.php\\\/2021\\\/08\\\/portugal-triplicou-a-percentagem-de-contributo-da-eletricidade-proveniente-de-origem-solar-entre-2018-e-2021\\\/ambiente\\\/13\\\/24\\\/\"]}]},{\"@type\":\"ImageObject\",\"inLanguage\":\"pt-PT\",\"@id\":\"https:\\\/\\\/algarve7.pt\\\/index.php\\\/2021\\\/08\\\/portugal-triplicou-a-percentagem-de-contributo-da-eletricidade-proveniente-de-origem-solar-entre-2018-e-2021\\\/ambiente\\\/13\\\/24\\\/#primaryimage\",\"url\":\"https:\\\/\\\/algarve7.pt\\\/wp-content\\\/uploads\\\/2021\\\/08\\\/electricity-3287817_1920.jpg.webp\",\"contentUrl\":\"https:\\\/\\\/algarve7.pt\\\/wp-content\\\/uploads\\\/2021\\\/08\\\/electricity-3287817_1920.jpg.webp\",\"width\":670,\"height\":300},{\"@type\":\"BreadcrumbList\",\"@id\":\"https:\\\/\\\/algarve7.pt\\\/index.php\\\/2021\\\/08\\\/portugal-triplicou-a-percentagem-de-contributo-da-eletricidade-proveniente-de-origem-solar-entre-2018-e-2021\\\/ambiente\\\/13\\\/24\\\/#breadcrumb\",\"itemListElement\":[{\"@type\":\"ListItem\",\"position\":1,\"name\":\"In\u00edcio\",\"item\":\"https:\\\/\\\/algarve7.pt\\\/\"},{\"@type\":\"ListItem\",\"position\":2,\"name\":\"Portugal triplicou a percentagem de contributo da eletricidade proveniente de origem solar entre 2018 e 2021\"}]},{\"@type\":\"WebSite\",\"@id\":\"https:\\\/\\\/algarve7.pt\\\/#website\",\"url\":\"https:\\\/\\\/algarve7.pt\\\/\",\"name\":\"Algarve 7\",\"description\":\"Informa\u00e7\u00e3o sobre o Algarve\",\"publisher\":{\"@id\":\"https:\\\/\\\/algarve7.pt\\\/#organization\"},\"potentialAction\":[{\"@type\":\"SearchAction\",\"target\":{\"@type\":\"EntryPoint\",\"urlTemplate\":\"https:\\\/\\\/algarve7.pt\\\/?s={search_term_string}\"},\"query-input\":{\"@type\":\"PropertyValueSpecification\",\"valueRequired\":true,\"valueName\":\"search_term_string\"}}],\"inLanguage\":\"pt-PT\"},{\"@type\":\"Organization\",\"@id\":\"https:\\\/\\\/algarve7.pt\\\/#organization\",\"name\":\"Algarve 7\",\"url\":\"https:\\\/\\\/algarve7.pt\\\/\",\"logo\":{\"@type\":\"ImageObject\",\"inLanguage\":\"pt-PT\",\"@id\":\"https:\\\/\\\/algarve7.pt\\\/#\\\/schema\\\/logo\\\/image\\\/\",\"url\":\"https:\\\/\\\/algarve7.pt\\\/wp-content\\\/uploads\\\/2020\\\/10\\\/Logo-8.jpg\",\"contentUrl\":\"https:\\\/\\\/algarve7.pt\\\/wp-content\\\/uploads\\\/2020\\\/10\\\/Logo-8.jpg\",\"width\":1680,\"height\":1186,\"caption\":\"Algarve 7\"},\"image\":{\"@id\":\"https:\\\/\\\/algarve7.pt\\\/#\\\/schema\\\/logo\\\/image\\\/\"},\"sameAs\":[\"https:\\\/\\\/www.facebook.com\\\/algarve7\",\"https:\\\/\\\/x.com\\\/Algarvesete\",\"https:\\\/\\\/www.instagram.com\\\/jornalalgarve7\\\/\",\"https:\\\/\\\/www.linkedin.com\\\/company\\\/algarve7\",\"https:\\\/\\\/www.pinterest.pt\\\/geral0939\\\/_created\\\/\"]},{\"@type\":\"Person\",\"@id\":\"https:\\\/\\\/algarve7.pt\\\/#\\\/schema\\\/person\\\/23fa70681308e7b319a3204bcea45e0c\",\"name\":\"Algarve 7\",\"sameAs\":[\"https:\\\/\\\/algarve7.pt\",\"https:\\\/\\\/www.facebook.com\\\/algarve7\"],\"url\":\"https:\\\/\\\/algarve7.pt\\\/index.php\\\/author\\\/geralalgarve7-pt\\\/\"}]}<\/script>\n<!-- \/ Yoast SEO plugin. -->","yoast_head_json":{"title":"Portugal triplicou a percentagem de contributo da eletricidade proveniente de origem solar entre 2018 e 2021 - Algarve 7","description":"Portugal triplicou a percentagem de contributo da eletricidade proveniente de origem solar entre 2018 e 2021 Ambiente","robots":{"index":"index","follow":"follow","max-snippet":"max-snippet:-1","max-image-preview":"max-image-preview:large","max-video-preview":"max-video-preview:-1"},"canonical":"https:\/\/algarve7.pt\/index.php\/2021\/08\/portugal-triplicou-a-percentagem-de-contributo-da-eletricidade-proveniente-de-origem-solar-entre-2018-e-2021\/ambiente\/13\/24\/","og_locale":"pt_PT","og_type":"article","og_title":"Portugal triplicou a percentagem de contributo da eletricidade proveniente de origem solar entre 2018 e 2021 - Algarve 7","og_description":"Portugal triplicou a percentagem de contributo da eletricidade proveniente de origem solar entre 2018 e 2021 Ambiente","og_url":"https:\/\/algarve7.pt\/index.php\/2021\/08\/portugal-triplicou-a-percentagem-de-contributo-da-eletricidade-proveniente-de-origem-solar-entre-2018-e-2021\/ambiente\/13\/24\/","og_site_name":"Algarve 7","article_publisher":"https:\/\/www.facebook.com\/algarve7","article_author":"https:\/\/www.facebook.com\/algarve7","article_published_time":"2021-08-19T12:24:30+00:00","article_modified_time":"2021-08-19T12:24:31+00:00","og_image":[{"width":670,"height":300,"url":"https:\/\/algarve7.pt\/wp-content\/uploads\/2021\/08\/electricity-3287817_1920.jpg.webp","type":"image\/webp"}],"author":"Algarve 7","twitter_card":"summary_large_image","twitter_creator":"@Algarvesete","twitter_site":"@Algarvesete","twitter_misc":{"Escrito por":"Algarve 7","Tempo estimado de leitura":"5 minutos"},"schema":{"@context":"https:\/\/schema.org","@graph":[{"@type":"Article","@id":"https:\/\/algarve7.pt\/index.php\/2021\/08\/portugal-triplicou-a-percentagem-de-contributo-da-eletricidade-proveniente-de-origem-solar-entre-2018-e-2021\/ambiente\/13\/24\/#article","isPartOf":{"@id":"https:\/\/algarve7.pt\/index.php\/2021\/08\/portugal-triplicou-a-percentagem-de-contributo-da-eletricidade-proveniente-de-origem-solar-entre-2018-e-2021\/ambiente\/13\/24\/"},"author":{"name":"Algarve 7","@id":"https:\/\/algarve7.pt\/#\/schema\/person\/23fa70681308e7b319a3204bcea45e0c"},"headline":"Portugal triplicou a percentagem de contributo da eletricidade proveniente de origem solar entre 2018 e 2021","datePublished":"2021-08-19T12:24:30+00:00","dateModified":"2021-08-19T12:24:31+00:00","mainEntityOfPage":{"@id":"https:\/\/algarve7.pt\/index.php\/2021\/08\/portugal-triplicou-a-percentagem-de-contributo-da-eletricidade-proveniente-de-origem-solar-entre-2018-e-2021\/ambiente\/13\/24\/"},"wordCount":978,"publisher":{"@id":"https:\/\/algarve7.pt\/#organization"},"image":{"@id":"https:\/\/algarve7.pt\/index.php\/2021\/08\/portugal-triplicou-a-percentagem-de-contributo-da-eletricidade-proveniente-de-origem-solar-entre-2018-e-2021\/ambiente\/13\/24\/#primaryimage"},"thumbnailUrl":"https:\/\/algarve7.pt\/wp-content\/uploads\/2021\/08\/electricity-3287817_1920.jpg.webp","keywords":["Ambiente","Nacional","ZERO"],"articleSection":["Ambiente"],"inLanguage":"pt-PT"},{"@type":"WebPage","@id":"https:\/\/algarve7.pt\/index.php\/2021\/08\/portugal-triplicou-a-percentagem-de-contributo-da-eletricidade-proveniente-de-origem-solar-entre-2018-e-2021\/ambiente\/13\/24\/","url":"https:\/\/algarve7.pt\/index.php\/2021\/08\/portugal-triplicou-a-percentagem-de-contributo-da-eletricidade-proveniente-de-origem-solar-entre-2018-e-2021\/ambiente\/13\/24\/","name":"Portugal triplicou a percentagem de contributo da eletricidade proveniente de origem solar entre 2018 e 2021 - Algarve 7","isPartOf":{"@id":"https:\/\/algarve7.pt\/#website"},"primaryImageOfPage":{"@id":"https:\/\/algarve7.pt\/index.php\/2021\/08\/portugal-triplicou-a-percentagem-de-contributo-da-eletricidade-proveniente-de-origem-solar-entre-2018-e-2021\/ambiente\/13\/24\/#primaryimage"},"image":{"@id":"https:\/\/algarve7.pt\/index.php\/2021\/08\/portugal-triplicou-a-percentagem-de-contributo-da-eletricidade-proveniente-de-origem-solar-entre-2018-e-2021\/ambiente\/13\/24\/#primaryimage"},"thumbnailUrl":"https:\/\/algarve7.pt\/wp-content\/uploads\/2021\/08\/electricity-3287817_1920.jpg.webp","datePublished":"2021-08-19T12:24:30+00:00","dateModified":"2021-08-19T12:24:31+00:00","description":"Portugal triplicou a percentagem de contributo da eletricidade proveniente de origem solar entre 2018 e 2021 Ambiente","breadcrumb":{"@id":"https:\/\/algarve7.pt\/index.php\/2021\/08\/portugal-triplicou-a-percentagem-de-contributo-da-eletricidade-proveniente-de-origem-solar-entre-2018-e-2021\/ambiente\/13\/24\/#breadcrumb"},"inLanguage":"pt-PT","potentialAction":[{"@type":"ReadAction","target":["https:\/\/algarve7.pt\/index.php\/2021\/08\/portugal-triplicou-a-percentagem-de-contributo-da-eletricidade-proveniente-de-origem-solar-entre-2018-e-2021\/ambiente\/13\/24\/"]}]},{"@type":"ImageObject","inLanguage":"pt-PT","@id":"https:\/\/algarve7.pt\/index.php\/2021\/08\/portugal-triplicou-a-percentagem-de-contributo-da-eletricidade-proveniente-de-origem-solar-entre-2018-e-2021\/ambiente\/13\/24\/#primaryimage","url":"https:\/\/algarve7.pt\/wp-content\/uploads\/2021\/08\/electricity-3287817_1920.jpg.webp","contentUrl":"https:\/\/algarve7.pt\/wp-content\/uploads\/2021\/08\/electricity-3287817_1920.jpg.webp","width":670,"height":300},{"@type":"BreadcrumbList","@id":"https:\/\/algarve7.pt\/index.php\/2021\/08\/portugal-triplicou-a-percentagem-de-contributo-da-eletricidade-proveniente-de-origem-solar-entre-2018-e-2021\/ambiente\/13\/24\/#breadcrumb","itemListElement":[{"@type":"ListItem","position":1,"name":"In\u00edcio","item":"https:\/\/algarve7.pt\/"},{"@type":"ListItem","position":2,"name":"Portugal triplicou a percentagem de contributo da eletricidade proveniente de origem solar entre 2018 e 2021"}]},{"@type":"WebSite","@id":"https:\/\/algarve7.pt\/#website","url":"https:\/\/algarve7.pt\/","name":"Algarve 7","description":"Informa\u00e7\u00e3o sobre o Algarve","publisher":{"@id":"https:\/\/algarve7.pt\/#organization"},"potentialAction":[{"@type":"SearchAction","target":{"@type":"EntryPoint","urlTemplate":"https:\/\/algarve7.pt\/?s={search_term_string}"},"query-input":{"@type":"PropertyValueSpecification","valueRequired":true,"valueName":"search_term_string"}}],"inLanguage":"pt-PT"},{"@type":"Organization","@id":"https:\/\/algarve7.pt\/#organization","name":"Algarve 7","url":"https:\/\/algarve7.pt\/","logo":{"@type":"ImageObject","inLanguage":"pt-PT","@id":"https:\/\/algarve7.pt\/#\/schema\/logo\/image\/","url":"https:\/\/algarve7.pt\/wp-content\/uploads\/2020\/10\/Logo-8.jpg","contentUrl":"https:\/\/algarve7.pt\/wp-content\/uploads\/2020\/10\/Logo-8.jpg","width":1680,"height":1186,"caption":"Algarve 7"},"image":{"@id":"https:\/\/algarve7.pt\/#\/schema\/logo\/image\/"},"sameAs":["https:\/\/www.facebook.com\/algarve7","https:\/\/x.com\/Algarvesete","https:\/\/www.instagram.com\/jornalalgarve7\/","https:\/\/www.linkedin.com\/company\/algarve7","https:\/\/www.pinterest.pt\/geral0939\/_created\/"]},{"@type":"Person","@id":"https:\/\/algarve7.pt\/#\/schema\/person\/23fa70681308e7b319a3204bcea45e0c","name":"Algarve 7","sameAs":["https:\/\/algarve7.pt","https:\/\/www.facebook.com\/algarve7"],"url":"https:\/\/algarve7.pt\/index.php\/author\/geralalgarve7-pt\/"}]}},"jetpack_publicize_connections":[],"jetpack_featured_media_url":"https:\/\/algarve7.pt\/wp-content\/uploads\/2021\/08\/electricity-3287817_1920.jpg.webp","jetpack_shortlink":"https:\/\/wp.me\/pcezmW-2Qi","jetpack_sharing_enabled":true,"_links":{"self":[{"href":"https:\/\/algarve7.pt\/index.php\/wp-json\/wp\/v2\/posts\/10930","targetHints":{"allow":["GET"]}}],"collection":[{"href":"https:\/\/algarve7.pt\/index.php\/wp-json\/wp\/v2\/posts"}],"about":[{"href":"https:\/\/algarve7.pt\/index.php\/wp-json\/wp\/v2\/types\/post"}],"author":[{"embeddable":true,"href":"https:\/\/algarve7.pt\/index.php\/wp-json\/wp\/v2\/users\/1"}],"replies":[{"embeddable":true,"href":"https:\/\/algarve7.pt\/index.php\/wp-json\/wp\/v2\/comments?post=10930"}],"version-history":[{"count":0,"href":"https:\/\/algarve7.pt\/index.php\/wp-json\/wp\/v2\/posts\/10930\/revisions"}],"wp:featuredmedia":[{"embeddable":true,"href":"https:\/\/algarve7.pt\/index.php\/wp-json\/wp\/v2\/media\/10931"}],"wp:attachment":[{"href":"https:\/\/algarve7.pt\/index.php\/wp-json\/wp\/v2\/media?parent=10930"}],"wp:term":[{"taxonomy":"category","embeddable":true,"href":"https:\/\/algarve7.pt\/index.php\/wp-json\/wp\/v2\/categories?post=10930"},{"taxonomy":"post_tag","embeddable":true,"href":"https:\/\/algarve7.pt\/index.php\/wp-json\/wp\/v2\/tags?post=10930"}],"curies":[{"name":"wp","href":"https:\/\/api.w.org\/{rel}","templated":true}]}}