{"id":10915,"date":"2021-08-19T10:05:00","date_gmt":"2021-08-19T09:05:00","guid":{"rendered":"https:\/\/algarve7.pt\/?p=10915"},"modified":"2021-08-19T09:45:02","modified_gmt":"2021-08-19T08:45:02","slug":"camara-de-monchique-isenta-familias-e-empresas-do-concelho-do-pagamento-de-agua-saneamento-e-esplanadas-dos-espacos-comerciais","status":"publish","type":"post","link":"https:\/\/algarve7.pt\/index.php\/2021\/08\/camara-de-monchique-isenta-familias-e-empresas-do-concelho-do-pagamento-de-agua-saneamento-e-esplanadas-dos-espacos-comerciais\/economia\/10\/05\/","title":{"rendered":"C\u00e2mara de Monchique isenta fam\u00edlias e empresas do concelho do pagamento de \u00e1gua, saneamento e esplanadas dos espa\u00e7os comerciais."},"content":{"rendered":"\n<p>A C\u00e2mara Municipal de Monchique aprovou, na sua reuni\u00e3o de dia 10 de Agosto, a isen\u00e7\u00e3o do pagamento dos consumos de \u00e1gua at\u00e9 Outubro deste ano, depois de, em julho de 2020 e depois em Dezembro desse mesmo ano, j\u00e1 ter tomado igual decis\u00e3o. Assim, desde Mar\u00e7o de 2020 e at\u00e9 Outubro de 2021, o Munic\u00edpio de Monchique isenta os seus mun\u00edcipes do pagamento destas tarifas municipais. Esta medida abrange todos os consumidores&nbsp;dom\u00e9sticos, n\u00e3o-dom\u00e9sticos e p\u00fablicos, na fatura\u00e7\u00e3o do consumo de \u00e1gua&nbsp;do primeiro e segundo escal\u00f5es, bem como uma redu\u00e7\u00e3o significativa nos restantes escal\u00f5es. A isen\u00e7\u00e3o total do pagamento de \u00e1gua de consumo dom\u00e9stico e com\u00e9rcio veio refor\u00e7ar as medidas de apoio social tomadas no \u00e2mbito da pandemia e \u00e9 uma importante ajuda neste dif\u00edcil ano, estando integradas nesta decis\u00e3o as tarifas de \u00e1gua e saneamento e tamb\u00e9m a tarifa de disponibilidade, igualmente isentadas.<\/p>\n\n\n\n<p>Nesta mesma reuni\u00e3o do Executivo municipal foi ainda deliberada a isen\u00e7\u00e3o total das taxas previstas no artigo 93\u00ba e n\u00ba3 do artigo 95\u00ba do Regulamento e Tabela Geral de Taxas e Pre\u00e7os do Munic\u00edpio, referentes \u00e0 ocupa\u00e7\u00e3o do solo com esplanadas at\u00e9 final do ano.<\/p>\n\n\n\n<p>Tendo em conta o impacto econ\u00f3mico, social e familiar que este per\u00edodo de pandemia tem gerado na sociedade, que ainda hoje \u00e9 dif\u00edcil de contabilizar e tamb\u00e9m de adivinhar as consequ\u00eancias a medio e longo prazo, a autarquia pretende proporcionar todas as medidas de suporte social para minimizar essas consequ\u00eancias.<\/p>\n\n\n\n<p>Estas isen\u00e7\u00f5es a n\u00edvel tarif\u00e1rio dom\u00e9stico e com\u00e9rcio v\u00eam refor\u00e7ar as medidas de apoio social tomadas no \u00e2mbito da pandemia por este munic\u00edpio e pretendem aliviar a sobrecarga or\u00e7amental associada a uma redu\u00e7\u00e3o da receita por parte do com\u00e9rcio local. Esta medida de exce\u00e7\u00e3o, que estes tempos de exce\u00e7\u00e3o tamb\u00e9m exigem, ir\u00e3o certamente permitir a redu\u00e7\u00e3o do impacto provocado nos or\u00e7amentos familiares e das empresas do concelho pela pandemia.<\/p>\n","protected":false},"excerpt":{"rendered":"<p>A C\u00e2mara Municipal de Monchique aprovou, na sua reuni\u00e3o de dia 10 de Agosto, a isen\u00e7\u00e3o do pagamento dos consumos<\/p>\n","protected":false},"author":1,"featured_media":4987,"comment_status":"closed","ping_status":"open","sticky":false,"template":"","format":"standard","meta":{"colormag_page_container_layout":"default_layout","colormag_page_sidebar_layout":"default_layout","_monsterinsights_skip_tracking":false,"_monsterinsights_sitenote_active":false,"_monsterinsights_sitenote_note":"","_monsterinsights_sitenote_category":0,"jetpack_post_was_ever_published":false,"_jetpack_newsletter_access":"","_jetpack_dont_email_post_to_subs":false,"_jetpack_newsletter_tier_id":0,"_jetpack_memberships_contains_paywalled_content":false,"_jetpack_memberships_contains_paid_content":false,"footnotes":"","jetpack_publicize_message":"","jetpack_publicize_feature_enabled":true,"jetpack_social_post_already_shared":true,"jetpack_social_options":{"image_generator_settings":{"template":"highway","default_image_id":0,"font":"","enabled":false},"version":2}},"categories":[151],"tags":[36,153,171],"class_list":["post-10915","post","type-post","status-publish","format-standard","has-post-thumbnail","hentry","category-economia","tag-algarve","tag-economia","tag-monchique"],"yoast_head":"<!-- This site is optimized with the Yoast SEO plugin v27.5 - https:\/\/yoast.com\/product\/yoast-seo-wordpress\/ -->\n<title>C\u00e2mara de Monchique isenta fam\u00edlias e empresas do concelho do pagamento de \u00e1gua, saneamento e esplanadas dos espa\u00e7os comerciais. - Algarve 7<\/title>\n<meta name=\"description\" content=\"C\u00e2mara de Monchique isenta fam\u00edlias e empresas do concelho do pagamento de \u00e1gua, saneamento e esplanadas dos espa\u00e7os comerciais. Economia\" \/>\n<meta name=\"robots\" content=\"index, follow, max-snippet:-1, max-image-preview:large, max-video-preview:-1\" \/>\n<link rel=\"canonical\" href=\"https:\/\/algarve7.pt\/index.php\/2021\/08\/camara-de-monchique-isenta-familias-e-empresas-do-concelho-do-pagamento-de-agua-saneamento-e-esplanadas-dos-espacos-comerciais\/economia\/10\/05\/\" \/>\n<meta property=\"og:locale\" content=\"pt_PT\" \/>\n<meta property=\"og:type\" content=\"article\" \/>\n<meta property=\"og:title\" content=\"C\u00e2mara de Monchique isenta fam\u00edlias e empresas do concelho do pagamento de \u00e1gua, saneamento e esplanadas dos espa\u00e7os comerciais. - Algarve 7\" \/>\n<meta property=\"og:description\" content=\"C\u00e2mara de Monchique isenta fam\u00edlias e empresas do concelho do pagamento de \u00e1gua, saneamento e esplanadas dos espa\u00e7os comerciais. Economia\" \/>\n<meta property=\"og:url\" content=\"https:\/\/algarve7.pt\/index.php\/2021\/08\/camara-de-monchique-isenta-familias-e-empresas-do-concelho-do-pagamento-de-agua-saneamento-e-esplanadas-dos-espacos-comerciais\/economia\/10\/05\/\" \/>\n<meta property=\"og:site_name\" content=\"Algarve 7\" \/>\n<meta property=\"article:publisher\" content=\"https:\/\/www.facebook.com\/algarve7\" \/>\n<meta property=\"article:author\" content=\"https:\/\/www.facebook.com\/algarve7\" \/>\n<meta property=\"article:published_time\" content=\"2021-08-19T09:05:00+00:00\" \/>\n<meta property=\"og:image\" content=\"https:\/\/algarve7.pt\/wp-content\/uploads\/2020\/12\/7-Maravilhas-Docaria-Monchique-16-08-2019-6.jpg\" \/>\n\t<meta property=\"og:image:width\" content=\"1920\" \/>\n\t<meta property=\"og:image:height\" content=\"1280\" \/>\n\t<meta property=\"og:image:type\" content=\"image\/jpeg\" \/>\n<meta name=\"author\" content=\"Algarve 7\" \/>\n<meta name=\"twitter:card\" content=\"summary_large_image\" \/>\n<meta name=\"twitter:creator\" content=\"@Algarvesete\" \/>\n<meta name=\"twitter:site\" content=\"@Algarvesete\" \/>\n<meta name=\"twitter:label1\" content=\"Escrito por\" \/>\n\t<meta name=\"twitter:data1\" content=\"Algarve 7\" \/>\n\t<meta name=\"twitter:label2\" content=\"Tempo estimado de leitura\" \/>\n\t<meta name=\"twitter:data2\" content=\"2 minutos\" \/>\n<script type=\"application\/ld+json\" class=\"yoast-schema-graph\">{\"@context\":\"https:\\\/\\\/schema.org\",\"@graph\":[{\"@type\":\"Article\",\"@id\":\"https:\\\/\\\/algarve7.pt\\\/index.php\\\/2021\\\/08\\\/camara-de-monchique-isenta-familias-e-empresas-do-concelho-do-pagamento-de-agua-saneamento-e-esplanadas-dos-espacos-comerciais\\\/economia\\\/10\\\/05\\\/#article\",\"isPartOf\":{\"@id\":\"https:\\\/\\\/algarve7.pt\\\/index.php\\\/2021\\\/08\\\/camara-de-monchique-isenta-familias-e-empresas-do-concelho-do-pagamento-de-agua-saneamento-e-esplanadas-dos-espacos-comerciais\\\/economia\\\/10\\\/05\\\/\"},\"author\":{\"name\":\"Algarve 7\",\"@id\":\"https:\\\/\\\/algarve7.pt\\\/#\\\/schema\\\/person\\\/23fa70681308e7b319a3204bcea45e0c\"},\"headline\":\"C\u00e2mara de Monchique isenta fam\u00edlias e empresas do concelho do pagamento de \u00e1gua, saneamento e esplanadas dos espa\u00e7os comerciais.\",\"datePublished\":\"2021-08-19T09:05:00+00:00\",\"mainEntityOfPage\":{\"@id\":\"https:\\\/\\\/algarve7.pt\\\/index.php\\\/2021\\\/08\\\/camara-de-monchique-isenta-familias-e-empresas-do-concelho-do-pagamento-de-agua-saneamento-e-esplanadas-dos-espacos-comerciais\\\/economia\\\/10\\\/05\\\/\"},\"wordCount\":375,\"publisher\":{\"@id\":\"https:\\\/\\\/algarve7.pt\\\/#organization\"},\"image\":{\"@id\":\"https:\\\/\\\/algarve7.pt\\\/index.php\\\/2021\\\/08\\\/camara-de-monchique-isenta-familias-e-empresas-do-concelho-do-pagamento-de-agua-saneamento-e-esplanadas-dos-espacos-comerciais\\\/economia\\\/10\\\/05\\\/#primaryimage\"},\"thumbnailUrl\":\"https:\\\/\\\/algarve7.pt\\\/wp-content\\\/uploads\\\/2020\\\/12\\\/7-Maravilhas-Docaria-Monchique-16-08-2019-6.jpg\",\"keywords\":[\"Algarve\",\"Economia\",\"Monchique\"],\"articleSection\":[\"Economia\"],\"inLanguage\":\"pt-PT\"},{\"@type\":\"WebPage\",\"@id\":\"https:\\\/\\\/algarve7.pt\\\/index.php\\\/2021\\\/08\\\/camara-de-monchique-isenta-familias-e-empresas-do-concelho-do-pagamento-de-agua-saneamento-e-esplanadas-dos-espacos-comerciais\\\/economia\\\/10\\\/05\\\/\",\"url\":\"https:\\\/\\\/algarve7.pt\\\/index.php\\\/2021\\\/08\\\/camara-de-monchique-isenta-familias-e-empresas-do-concelho-do-pagamento-de-agua-saneamento-e-esplanadas-dos-espacos-comerciais\\\/economia\\\/10\\\/05\\\/\",\"name\":\"C\u00e2mara de Monchique isenta fam\u00edlias e empresas do concelho do pagamento de \u00e1gua, saneamento e esplanadas dos espa\u00e7os comerciais. - Algarve 7\",\"isPartOf\":{\"@id\":\"https:\\\/\\\/algarve7.pt\\\/#website\"},\"primaryImageOfPage\":{\"@id\":\"https:\\\/\\\/algarve7.pt\\\/index.php\\\/2021\\\/08\\\/camara-de-monchique-isenta-familias-e-empresas-do-concelho-do-pagamento-de-agua-saneamento-e-esplanadas-dos-espacos-comerciais\\\/economia\\\/10\\\/05\\\/#primaryimage\"},\"image\":{\"@id\":\"https:\\\/\\\/algarve7.pt\\\/index.php\\\/2021\\\/08\\\/camara-de-monchique-isenta-familias-e-empresas-do-concelho-do-pagamento-de-agua-saneamento-e-esplanadas-dos-espacos-comerciais\\\/economia\\\/10\\\/05\\\/#primaryimage\"},\"thumbnailUrl\":\"https:\\\/\\\/algarve7.pt\\\/wp-content\\\/uploads\\\/2020\\\/12\\\/7-Maravilhas-Docaria-Monchique-16-08-2019-6.jpg\",\"datePublished\":\"2021-08-19T09:05:00+00:00\",\"description\":\"C\u00e2mara de Monchique isenta fam\u00edlias e empresas do concelho do pagamento de \u00e1gua, saneamento e esplanadas dos espa\u00e7os comerciais. Economia\",\"breadcrumb\":{\"@id\":\"https:\\\/\\\/algarve7.pt\\\/index.php\\\/2021\\\/08\\\/camara-de-monchique-isenta-familias-e-empresas-do-concelho-do-pagamento-de-agua-saneamento-e-esplanadas-dos-espacos-comerciais\\\/economia\\\/10\\\/05\\\/#breadcrumb\"},\"inLanguage\":\"pt-PT\",\"potentialAction\":[{\"@type\":\"ReadAction\",\"target\":[\"https:\\\/\\\/algarve7.pt\\\/index.php\\\/2021\\\/08\\\/camara-de-monchique-isenta-familias-e-empresas-do-concelho-do-pagamento-de-agua-saneamento-e-esplanadas-dos-espacos-comerciais\\\/economia\\\/10\\\/05\\\/\"]}]},{\"@type\":\"ImageObject\",\"inLanguage\":\"pt-PT\",\"@id\":\"https:\\\/\\\/algarve7.pt\\\/index.php\\\/2021\\\/08\\\/camara-de-monchique-isenta-familias-e-empresas-do-concelho-do-pagamento-de-agua-saneamento-e-esplanadas-dos-espacos-comerciais\\\/economia\\\/10\\\/05\\\/#primaryimage\",\"url\":\"https:\\\/\\\/algarve7.pt\\\/wp-content\\\/uploads\\\/2020\\\/12\\\/7-Maravilhas-Docaria-Monchique-16-08-2019-6.jpg\",\"contentUrl\":\"https:\\\/\\\/algarve7.pt\\\/wp-content\\\/uploads\\\/2020\\\/12\\\/7-Maravilhas-Docaria-Monchique-16-08-2019-6.jpg\",\"width\":1920,\"height\":1280},{\"@type\":\"BreadcrumbList\",\"@id\":\"https:\\\/\\\/algarve7.pt\\\/index.php\\\/2021\\\/08\\\/camara-de-monchique-isenta-familias-e-empresas-do-concelho-do-pagamento-de-agua-saneamento-e-esplanadas-dos-espacos-comerciais\\\/economia\\\/10\\\/05\\\/#breadcrumb\",\"itemListElement\":[{\"@type\":\"ListItem\",\"position\":1,\"name\":\"In\u00edcio\",\"item\":\"https:\\\/\\\/algarve7.pt\\\/\"},{\"@type\":\"ListItem\",\"position\":2,\"name\":\"C\u00e2mara de Monchique isenta fam\u00edlias e empresas do concelho do pagamento de \u00e1gua, saneamento e esplanadas dos espa\u00e7os comerciais.\"}]},{\"@type\":\"WebSite\",\"@id\":\"https:\\\/\\\/algarve7.pt\\\/#website\",\"url\":\"https:\\\/\\\/algarve7.pt\\\/\",\"name\":\"Algarve 7\",\"description\":\"Informa\u00e7\u00e3o sobre o Algarve\",\"publisher\":{\"@id\":\"https:\\\/\\\/algarve7.pt\\\/#organization\"},\"potentialAction\":[{\"@type\":\"SearchAction\",\"target\":{\"@type\":\"EntryPoint\",\"urlTemplate\":\"https:\\\/\\\/algarve7.pt\\\/?s={search_term_string}\"},\"query-input\":{\"@type\":\"PropertyValueSpecification\",\"valueRequired\":true,\"valueName\":\"search_term_string\"}}],\"inLanguage\":\"pt-PT\"},{\"@type\":\"Organization\",\"@id\":\"https:\\\/\\\/algarve7.pt\\\/#organization\",\"name\":\"Algarve 7\",\"url\":\"https:\\\/\\\/algarve7.pt\\\/\",\"logo\":{\"@type\":\"ImageObject\",\"inLanguage\":\"pt-PT\",\"@id\":\"https:\\\/\\\/algarve7.pt\\\/#\\\/schema\\\/logo\\\/image\\\/\",\"url\":\"https:\\\/\\\/algarve7.pt\\\/wp-content\\\/uploads\\\/2020\\\/10\\\/Logo-8.jpg\",\"contentUrl\":\"https:\\\/\\\/algarve7.pt\\\/wp-content\\\/uploads\\\/2020\\\/10\\\/Logo-8.jpg\",\"width\":1680,\"height\":1186,\"caption\":\"Algarve 7\"},\"image\":{\"@id\":\"https:\\\/\\\/algarve7.pt\\\/#\\\/schema\\\/logo\\\/image\\\/\"},\"sameAs\":[\"https:\\\/\\\/www.facebook.com\\\/algarve7\",\"https:\\\/\\\/x.com\\\/Algarvesete\",\"https:\\\/\\\/www.instagram.com\\\/jornalalgarve7\\\/\",\"https:\\\/\\\/www.linkedin.com\\\/company\\\/algarve7\",\"https:\\\/\\\/www.pinterest.pt\\\/geral0939\\\/_created\\\/\"]},{\"@type\":\"Person\",\"@id\":\"https:\\\/\\\/algarve7.pt\\\/#\\\/schema\\\/person\\\/23fa70681308e7b319a3204bcea45e0c\",\"name\":\"Algarve 7\",\"sameAs\":[\"https:\\\/\\\/algarve7.pt\",\"https:\\\/\\\/www.facebook.com\\\/algarve7\"],\"url\":\"https:\\\/\\\/algarve7.pt\\\/index.php\\\/author\\\/geralalgarve7-pt\\\/\"}]}<\/script>\n<!-- \/ Yoast SEO plugin. -->","yoast_head_json":{"title":"C\u00e2mara de Monchique isenta fam\u00edlias e empresas do concelho do pagamento de \u00e1gua, saneamento e esplanadas dos espa\u00e7os comerciais. - Algarve 7","description":"C\u00e2mara de Monchique isenta fam\u00edlias e empresas do concelho do pagamento de \u00e1gua, saneamento e esplanadas dos espa\u00e7os comerciais. Economia","robots":{"index":"index","follow":"follow","max-snippet":"max-snippet:-1","max-image-preview":"max-image-preview:large","max-video-preview":"max-video-preview:-1"},"canonical":"https:\/\/algarve7.pt\/index.php\/2021\/08\/camara-de-monchique-isenta-familias-e-empresas-do-concelho-do-pagamento-de-agua-saneamento-e-esplanadas-dos-espacos-comerciais\/economia\/10\/05\/","og_locale":"pt_PT","og_type":"article","og_title":"C\u00e2mara de Monchique isenta fam\u00edlias e empresas do concelho do pagamento de \u00e1gua, saneamento e esplanadas dos espa\u00e7os comerciais. - Algarve 7","og_description":"C\u00e2mara de Monchique isenta fam\u00edlias e empresas do concelho do pagamento de \u00e1gua, saneamento e esplanadas dos espa\u00e7os comerciais. Economia","og_url":"https:\/\/algarve7.pt\/index.php\/2021\/08\/camara-de-monchique-isenta-familias-e-empresas-do-concelho-do-pagamento-de-agua-saneamento-e-esplanadas-dos-espacos-comerciais\/economia\/10\/05\/","og_site_name":"Algarve 7","article_publisher":"https:\/\/www.facebook.com\/algarve7","article_author":"https:\/\/www.facebook.com\/algarve7","article_published_time":"2021-08-19T09:05:00+00:00","og_image":[{"width":1920,"height":1280,"url":"https:\/\/algarve7.pt\/wp-content\/uploads\/2020\/12\/7-Maravilhas-Docaria-Monchique-16-08-2019-6.jpg","type":"image\/jpeg"}],"author":"Algarve 7","twitter_card":"summary_large_image","twitter_creator":"@Algarvesete","twitter_site":"@Algarvesete","twitter_misc":{"Escrito por":"Algarve 7","Tempo estimado de leitura":"2 minutos"},"schema":{"@context":"https:\/\/schema.org","@graph":[{"@type":"Article","@id":"https:\/\/algarve7.pt\/index.php\/2021\/08\/camara-de-monchique-isenta-familias-e-empresas-do-concelho-do-pagamento-de-agua-saneamento-e-esplanadas-dos-espacos-comerciais\/economia\/10\/05\/#article","isPartOf":{"@id":"https:\/\/algarve7.pt\/index.php\/2021\/08\/camara-de-monchique-isenta-familias-e-empresas-do-concelho-do-pagamento-de-agua-saneamento-e-esplanadas-dos-espacos-comerciais\/economia\/10\/05\/"},"author":{"name":"Algarve 7","@id":"https:\/\/algarve7.pt\/#\/schema\/person\/23fa70681308e7b319a3204bcea45e0c"},"headline":"C\u00e2mara de Monchique isenta fam\u00edlias e empresas do concelho do pagamento de \u00e1gua, saneamento e esplanadas dos espa\u00e7os comerciais.","datePublished":"2021-08-19T09:05:00+00:00","mainEntityOfPage":{"@id":"https:\/\/algarve7.pt\/index.php\/2021\/08\/camara-de-monchique-isenta-familias-e-empresas-do-concelho-do-pagamento-de-agua-saneamento-e-esplanadas-dos-espacos-comerciais\/economia\/10\/05\/"},"wordCount":375,"publisher":{"@id":"https:\/\/algarve7.pt\/#organization"},"image":{"@id":"https:\/\/algarve7.pt\/index.php\/2021\/08\/camara-de-monchique-isenta-familias-e-empresas-do-concelho-do-pagamento-de-agua-saneamento-e-esplanadas-dos-espacos-comerciais\/economia\/10\/05\/#primaryimage"},"thumbnailUrl":"https:\/\/algarve7.pt\/wp-content\/uploads\/2020\/12\/7-Maravilhas-Docaria-Monchique-16-08-2019-6.jpg","keywords":["Algarve","Economia","Monchique"],"articleSection":["Economia"],"inLanguage":"pt-PT"},{"@type":"WebPage","@id":"https:\/\/algarve7.pt\/index.php\/2021\/08\/camara-de-monchique-isenta-familias-e-empresas-do-concelho-do-pagamento-de-agua-saneamento-e-esplanadas-dos-espacos-comerciais\/economia\/10\/05\/","url":"https:\/\/algarve7.pt\/index.php\/2021\/08\/camara-de-monchique-isenta-familias-e-empresas-do-concelho-do-pagamento-de-agua-saneamento-e-esplanadas-dos-espacos-comerciais\/economia\/10\/05\/","name":"C\u00e2mara de Monchique isenta fam\u00edlias e empresas do concelho do pagamento de \u00e1gua, saneamento e esplanadas dos espa\u00e7os comerciais. - Algarve 7","isPartOf":{"@id":"https:\/\/algarve7.pt\/#website"},"primaryImageOfPage":{"@id":"https:\/\/algarve7.pt\/index.php\/2021\/08\/camara-de-monchique-isenta-familias-e-empresas-do-concelho-do-pagamento-de-agua-saneamento-e-esplanadas-dos-espacos-comerciais\/economia\/10\/05\/#primaryimage"},"image":{"@id":"https:\/\/algarve7.pt\/index.php\/2021\/08\/camara-de-monchique-isenta-familias-e-empresas-do-concelho-do-pagamento-de-agua-saneamento-e-esplanadas-dos-espacos-comerciais\/economia\/10\/05\/#primaryimage"},"thumbnailUrl":"https:\/\/algarve7.pt\/wp-content\/uploads\/2020\/12\/7-Maravilhas-Docaria-Monchique-16-08-2019-6.jpg","datePublished":"2021-08-19T09:05:00+00:00","description":"C\u00e2mara de Monchique isenta fam\u00edlias e empresas do concelho do pagamento de \u00e1gua, saneamento e esplanadas dos espa\u00e7os comerciais. Economia","breadcrumb":{"@id":"https:\/\/algarve7.pt\/index.php\/2021\/08\/camara-de-monchique-isenta-familias-e-empresas-do-concelho-do-pagamento-de-agua-saneamento-e-esplanadas-dos-espacos-comerciais\/economia\/10\/05\/#breadcrumb"},"inLanguage":"pt-PT","potentialAction":[{"@type":"ReadAction","target":["https:\/\/algarve7.pt\/index.php\/2021\/08\/camara-de-monchique-isenta-familias-e-empresas-do-concelho-do-pagamento-de-agua-saneamento-e-esplanadas-dos-espacos-comerciais\/economia\/10\/05\/"]}]},{"@type":"ImageObject","inLanguage":"pt-PT","@id":"https:\/\/algarve7.pt\/index.php\/2021\/08\/camara-de-monchique-isenta-familias-e-empresas-do-concelho-do-pagamento-de-agua-saneamento-e-esplanadas-dos-espacos-comerciais\/economia\/10\/05\/#primaryimage","url":"https:\/\/algarve7.pt\/wp-content\/uploads\/2020\/12\/7-Maravilhas-Docaria-Monchique-16-08-2019-6.jpg","contentUrl":"https:\/\/algarve7.pt\/wp-content\/uploads\/2020\/12\/7-Maravilhas-Docaria-Monchique-16-08-2019-6.jpg","width":1920,"height":1280},{"@type":"BreadcrumbList","@id":"https:\/\/algarve7.pt\/index.php\/2021\/08\/camara-de-monchique-isenta-familias-e-empresas-do-concelho-do-pagamento-de-agua-saneamento-e-esplanadas-dos-espacos-comerciais\/economia\/10\/05\/#breadcrumb","itemListElement":[{"@type":"ListItem","position":1,"name":"In\u00edcio","item":"https:\/\/algarve7.pt\/"},{"@type":"ListItem","position":2,"name":"C\u00e2mara de Monchique isenta fam\u00edlias e empresas do concelho do pagamento de \u00e1gua, saneamento e esplanadas dos espa\u00e7os comerciais."}]},{"@type":"WebSite","@id":"https:\/\/algarve7.pt\/#website","url":"https:\/\/algarve7.pt\/","name":"Algarve 7","description":"Informa\u00e7\u00e3o sobre o Algarve","publisher":{"@id":"https:\/\/algarve7.pt\/#organization"},"potentialAction":[{"@type":"SearchAction","target":{"@type":"EntryPoint","urlTemplate":"https:\/\/algarve7.pt\/?s={search_term_string}"},"query-input":{"@type":"PropertyValueSpecification","valueRequired":true,"valueName":"search_term_string"}}],"inLanguage":"pt-PT"},{"@type":"Organization","@id":"https:\/\/algarve7.pt\/#organization","name":"Algarve 7","url":"https:\/\/algarve7.pt\/","logo":{"@type":"ImageObject","inLanguage":"pt-PT","@id":"https:\/\/algarve7.pt\/#\/schema\/logo\/image\/","url":"https:\/\/algarve7.pt\/wp-content\/uploads\/2020\/10\/Logo-8.jpg","contentUrl":"https:\/\/algarve7.pt\/wp-content\/uploads\/2020\/10\/Logo-8.jpg","width":1680,"height":1186,"caption":"Algarve 7"},"image":{"@id":"https:\/\/algarve7.pt\/#\/schema\/logo\/image\/"},"sameAs":["https:\/\/www.facebook.com\/algarve7","https:\/\/x.com\/Algarvesete","https:\/\/www.instagram.com\/jornalalgarve7\/","https:\/\/www.linkedin.com\/company\/algarve7","https:\/\/www.pinterest.pt\/geral0939\/_created\/"]},{"@type":"Person","@id":"https:\/\/algarve7.pt\/#\/schema\/person\/23fa70681308e7b319a3204bcea45e0c","name":"Algarve 7","sameAs":["https:\/\/algarve7.pt","https:\/\/www.facebook.com\/algarve7"],"url":"https:\/\/algarve7.pt\/index.php\/author\/geralalgarve7-pt\/"}]}},"jetpack_publicize_connections":[],"jetpack_featured_media_url":"https:\/\/algarve7.pt\/wp-content\/uploads\/2020\/12\/7-Maravilhas-Docaria-Monchique-16-08-2019-6.jpg","jetpack_shortlink":"https:\/\/wp.me\/pcezmW-2Q3","jetpack_sharing_enabled":true,"_links":{"self":[{"href":"https:\/\/algarve7.pt\/index.php\/wp-json\/wp\/v2\/posts\/10915","targetHints":{"allow":["GET"]}}],"collection":[{"href":"https:\/\/algarve7.pt\/index.php\/wp-json\/wp\/v2\/posts"}],"about":[{"href":"https:\/\/algarve7.pt\/index.php\/wp-json\/wp\/v2\/types\/post"}],"author":[{"embeddable":true,"href":"https:\/\/algarve7.pt\/index.php\/wp-json\/wp\/v2\/users\/1"}],"replies":[{"embeddable":true,"href":"https:\/\/algarve7.pt\/index.php\/wp-json\/wp\/v2\/comments?post=10915"}],"version-history":[{"count":0,"href":"https:\/\/algarve7.pt\/index.php\/wp-json\/wp\/v2\/posts\/10915\/revisions"}],"wp:featuredmedia":[{"embeddable":true,"href":"https:\/\/algarve7.pt\/index.php\/wp-json\/wp\/v2\/media\/4987"}],"wp:attachment":[{"href":"https:\/\/algarve7.pt\/index.php\/wp-json\/wp\/v2\/media?parent=10915"}],"wp:term":[{"taxonomy":"category","embeddable":true,"href":"https:\/\/algarve7.pt\/index.php\/wp-json\/wp\/v2\/categories?post=10915"},{"taxonomy":"post_tag","embeddable":true,"href":"https:\/\/algarve7.pt\/index.php\/wp-json\/wp\/v2\/tags?post=10915"}],"curies":[{"name":"wp","href":"https:\/\/api.w.org\/{rel}","templated":true}]}}