{"id":10912,"date":"2021-08-19T09:41:41","date_gmt":"2021-08-19T08:41:41","guid":{"rendered":"https:\/\/algarve7.pt\/?p=10912"},"modified":"2021-08-19T09:41:45","modified_gmt":"2021-08-19T08:41:45","slug":"algarve-qualificacao-de-jovens-para-o-setor-turistico-com-seis-milhoes-de-euros-de-investimento","status":"publish","type":"post","link":"https:\/\/algarve7.pt\/index.php\/2021\/08\/algarve-qualificacao-de-jovens-para-o-setor-turistico-com-seis-milhoes-de-euros-de-investimento\/turismo\/09\/41\/","title":{"rendered":"Algarve: qualifica\u00e7\u00e3o de jovens para o setor tur\u00edstico com seis milh\u00f5es de euros de investimento"},"content":{"rendered":"\n<p>Ao longo do atual Quadro Financeiro Plurianual, iniciado em 2014, os fundos europeus geridos pelo Programa Operacional do Algarve &#8211; CRESC ALGARVE 2020 assumiram um papel determinante na qualifica\u00e7\u00e3o de jovens profissionais para o setor tur\u00edstico na Regi\u00e3o.<\/p>\n\n\n\n<p>Os n\u00fameros s\u00e3o, por si s\u00f3, expressivos: 38 Cursos de Especializa\u00e7\u00e3o Tecnol\u00f3gica (CET\u2019s) apoiados, envolvendo quase oito centenas de formandos e mais de 56 mil horas de forma\u00e7\u00e3o ministradas, que permitiram a qualifica\u00e7\u00e3o profissional e p\u00f3s-secund\u00e1ria.<\/p>\n\n\n\n<p>Para al\u00e9m da forma\u00e7\u00e3o de jovens, foi tamb\u00e9m aprovada a cria\u00e7\u00e3o nas Escolas de Hotelaria e Turismo de um Laborat\u00f3rio para a produ\u00e7\u00e3o de recursos did\u00e1ticos digitais e de um Clube Ci\u00eancia Viva na Escola, dedicado \u00e0 Dieta Mediterr\u00e2nica.<\/p>\n\n\n\n<p>O montante do investimento total foi superior a 5,94 Milh\u00f5es de Euros (M\u20ac), sendo o financiamento pelo Fundo Social Europeu (FSE) superior 4 Milh\u00f5es de Euros, contribuindo para suprir a necessidade de quadros interm\u00e9dios necess\u00e1rios \u00e0 melhoria da competitividade das empresas e da economia regional.<\/p>\n\n\n\n<p>Neste contexto, e no sentido de priorizar a forma\u00e7\u00e3o de jovens da Regi\u00e3o no Plano de A\u00e7\u00e3o \u201cReativar o Turismo &#8211; Construir Futuro\u201d, realizou-se ontem um encontro com as principais associa\u00e7\u00f5es empresariais da Regi\u00e3o do Algarve \u2013 AHETA, AIHSA, CEAL, NERA, ACRAL e Associa\u00e7\u00e3o de Desenvolvimento do Barlavento, por forma a preparar o plano de a\u00e7\u00e3o na forma\u00e7\u00e3o profissional no Quadro Financeiro Plurianual 2021 &#8211; 2027.<\/p>\n\n\n\n<p>Consulte&nbsp;<a href=\"https:\/\/algarve2020.pt\/info\/projetos-aprovados\">AQUI<\/a>&nbsp;estes e outros projetos aprovados, no \u00e2mbito do Programa Operacional do Algarve, com o apoio dos fundos da Uni\u00e3o Europeia.<\/p>\n","protected":false},"excerpt":{"rendered":"<p>Ao longo do atual Quadro Financeiro Plurianual, iniciado em 2014, os fundos europeus geridos pelo Programa Operacional do Algarve &#8211;<\/p>\n","protected":false},"author":1,"featured_media":10913,"comment_status":"closed","ping_status":"open","sticky":false,"template":"","format":"standard","meta":{"colormag_page_container_layout":"default_layout","colormag_page_sidebar_layout":"default_layout","_monsterinsights_skip_tracking":false,"_monsterinsights_sitenote_active":false,"_monsterinsights_sitenote_note":"","_monsterinsights_sitenote_category":0,"jetpack_post_was_ever_published":false,"_jetpack_newsletter_access":"","_jetpack_dont_email_post_to_subs":false,"_jetpack_newsletter_tier_id":0,"_jetpack_memberships_contains_paywalled_content":false,"_jetpack_memberships_contains_paid_content":false,"footnotes":"","jetpack_publicize_message":"","jetpack_publicize_feature_enabled":true,"jetpack_social_post_already_shared":true,"jetpack_social_options":{"image_generator_settings":{"template":"highway","default_image_id":0,"font":"","enabled":false},"version":2}},"categories":[17],"tags":[36,143,288,45],"class_list":["post-10912","post","type-post","status-publish","format-standard","has-post-thumbnail","hentry","category-turismo","tag-algarve","tag-ccdr-algarve","tag-cresc-algarve-2020","tag-turismo"],"yoast_head":"<!-- This site is optimized with the Yoast SEO plugin v27.5 - https:\/\/yoast.com\/product\/yoast-seo-wordpress\/ -->\n<title>Algarve: qualifica\u00e7\u00e3o de jovens para o setor tur\u00edstico com seis milh\u00f5es de euros de investimento - Algarve 7<\/title>\n<meta name=\"description\" content=\"Algarve: qualifica\u00e7\u00e3o de jovens para o setor tur\u00edstico com seis milh\u00f5es de euros de investimento Turismo\" \/>\n<meta name=\"robots\" content=\"index, follow, max-snippet:-1, max-image-preview:large, max-video-preview:-1\" \/>\n<link rel=\"canonical\" href=\"https:\/\/algarve7.pt\/index.php\/2021\/08\/algarve-qualificacao-de-jovens-para-o-setor-turistico-com-seis-milhoes-de-euros-de-investimento\/turismo\/09\/41\/\" \/>\n<meta property=\"og:locale\" content=\"pt_PT\" \/>\n<meta property=\"og:type\" content=\"article\" \/>\n<meta property=\"og:title\" content=\"Algarve: qualifica\u00e7\u00e3o de jovens para o setor tur\u00edstico com seis milh\u00f5es de euros de investimento - Algarve 7\" \/>\n<meta property=\"og:description\" content=\"Algarve: qualifica\u00e7\u00e3o de jovens para o setor tur\u00edstico com seis milh\u00f5es de euros de investimento Turismo\" \/>\n<meta property=\"og:url\" content=\"https:\/\/algarve7.pt\/index.php\/2021\/08\/algarve-qualificacao-de-jovens-para-o-setor-turistico-com-seis-milhoes-de-euros-de-investimento\/turismo\/09\/41\/\" \/>\n<meta property=\"og:site_name\" content=\"Algarve 7\" \/>\n<meta property=\"article:publisher\" content=\"https:\/\/www.facebook.com\/algarve7\" \/>\n<meta property=\"article:author\" content=\"https:\/\/www.facebook.com\/algarve7\" \/>\n<meta property=\"article:published_time\" content=\"2021-08-19T08:41:41+00:00\" \/>\n<meta property=\"article:modified_time\" content=\"2021-08-19T08:41:45+00:00\" \/>\n<meta property=\"og:image\" content=\"https:\/\/algarve7.pt\/wp-content\/uploads\/2021\/08\/EHTAlgarve_DietaMediterranica_Faro.jpg\" \/>\n\t<meta property=\"og:image:width\" content=\"1505\" \/>\n\t<meta property=\"og:image:height\" content=\"1128\" \/>\n\t<meta property=\"og:image:type\" content=\"image\/jpeg\" \/>\n<meta name=\"author\" content=\"Algarve 7\" \/>\n<meta name=\"twitter:card\" content=\"summary_large_image\" \/>\n<meta name=\"twitter:creator\" content=\"@Algarvesete\" \/>\n<meta name=\"twitter:site\" content=\"@Algarvesete\" \/>\n<meta name=\"twitter:label1\" content=\"Escrito por\" \/>\n\t<meta name=\"twitter:data1\" content=\"Algarve 7\" \/>\n\t<meta name=\"twitter:label2\" content=\"Tempo estimado de leitura\" \/>\n\t<meta name=\"twitter:data2\" content=\"2 minutos\" \/>\n<script type=\"application\/ld+json\" class=\"yoast-schema-graph\">{\"@context\":\"https:\\\/\\\/schema.org\",\"@graph\":[{\"@type\":\"Article\",\"@id\":\"https:\\\/\\\/algarve7.pt\\\/index.php\\\/2021\\\/08\\\/algarve-qualificacao-de-jovens-para-o-setor-turistico-com-seis-milhoes-de-euros-de-investimento\\\/turismo\\\/09\\\/41\\\/#article\",\"isPartOf\":{\"@id\":\"https:\\\/\\\/algarve7.pt\\\/index.php\\\/2021\\\/08\\\/algarve-qualificacao-de-jovens-para-o-setor-turistico-com-seis-milhoes-de-euros-de-investimento\\\/turismo\\\/09\\\/41\\\/\"},\"author\":{\"name\":\"Algarve 7\",\"@id\":\"https:\\\/\\\/algarve7.pt\\\/#\\\/schema\\\/person\\\/23fa70681308e7b319a3204bcea45e0c\"},\"headline\":\"Algarve: qualifica\u00e7\u00e3o de jovens para o setor tur\u00edstico com seis milh\u00f5es de euros de investimento\",\"datePublished\":\"2021-08-19T08:41:41+00:00\",\"dateModified\":\"2021-08-19T08:41:45+00:00\",\"mainEntityOfPage\":{\"@id\":\"https:\\\/\\\/algarve7.pt\\\/index.php\\\/2021\\\/08\\\/algarve-qualificacao-de-jovens-para-o-setor-turistico-com-seis-milhoes-de-euros-de-investimento\\\/turismo\\\/09\\\/41\\\/\"},\"wordCount\":289,\"publisher\":{\"@id\":\"https:\\\/\\\/algarve7.pt\\\/#organization\"},\"image\":{\"@id\":\"https:\\\/\\\/algarve7.pt\\\/index.php\\\/2021\\\/08\\\/algarve-qualificacao-de-jovens-para-o-setor-turistico-com-seis-milhoes-de-euros-de-investimento\\\/turismo\\\/09\\\/41\\\/#primaryimage\"},\"thumbnailUrl\":\"https:\\\/\\\/algarve7.pt\\\/wp-content\\\/uploads\\\/2021\\\/08\\\/EHTAlgarve_DietaMediterranica_Faro.jpg\",\"keywords\":[\"Algarve\",\"CCDR Algarve\",\"CRESC ALGARVE 2020\",\"Turismo\"],\"articleSection\":[\"Turismo\"],\"inLanguage\":\"pt-PT\"},{\"@type\":\"WebPage\",\"@id\":\"https:\\\/\\\/algarve7.pt\\\/index.php\\\/2021\\\/08\\\/algarve-qualificacao-de-jovens-para-o-setor-turistico-com-seis-milhoes-de-euros-de-investimento\\\/turismo\\\/09\\\/41\\\/\",\"url\":\"https:\\\/\\\/algarve7.pt\\\/index.php\\\/2021\\\/08\\\/algarve-qualificacao-de-jovens-para-o-setor-turistico-com-seis-milhoes-de-euros-de-investimento\\\/turismo\\\/09\\\/41\\\/\",\"name\":\"Algarve: qualifica\u00e7\u00e3o de jovens para o setor tur\u00edstico com seis milh\u00f5es de euros de investimento - Algarve 7\",\"isPartOf\":{\"@id\":\"https:\\\/\\\/algarve7.pt\\\/#website\"},\"primaryImageOfPage\":{\"@id\":\"https:\\\/\\\/algarve7.pt\\\/index.php\\\/2021\\\/08\\\/algarve-qualificacao-de-jovens-para-o-setor-turistico-com-seis-milhoes-de-euros-de-investimento\\\/turismo\\\/09\\\/41\\\/#primaryimage\"},\"image\":{\"@id\":\"https:\\\/\\\/algarve7.pt\\\/index.php\\\/2021\\\/08\\\/algarve-qualificacao-de-jovens-para-o-setor-turistico-com-seis-milhoes-de-euros-de-investimento\\\/turismo\\\/09\\\/41\\\/#primaryimage\"},\"thumbnailUrl\":\"https:\\\/\\\/algarve7.pt\\\/wp-content\\\/uploads\\\/2021\\\/08\\\/EHTAlgarve_DietaMediterranica_Faro.jpg\",\"datePublished\":\"2021-08-19T08:41:41+00:00\",\"dateModified\":\"2021-08-19T08:41:45+00:00\",\"description\":\"Algarve: qualifica\u00e7\u00e3o de jovens para o setor tur\u00edstico com seis milh\u00f5es de euros de investimento Turismo\",\"breadcrumb\":{\"@id\":\"https:\\\/\\\/algarve7.pt\\\/index.php\\\/2021\\\/08\\\/algarve-qualificacao-de-jovens-para-o-setor-turistico-com-seis-milhoes-de-euros-de-investimento\\\/turismo\\\/09\\\/41\\\/#breadcrumb\"},\"inLanguage\":\"pt-PT\",\"potentialAction\":[{\"@type\":\"ReadAction\",\"target\":[\"https:\\\/\\\/algarve7.pt\\\/index.php\\\/2021\\\/08\\\/algarve-qualificacao-de-jovens-para-o-setor-turistico-com-seis-milhoes-de-euros-de-investimento\\\/turismo\\\/09\\\/41\\\/\"]}]},{\"@type\":\"ImageObject\",\"inLanguage\":\"pt-PT\",\"@id\":\"https:\\\/\\\/algarve7.pt\\\/index.php\\\/2021\\\/08\\\/algarve-qualificacao-de-jovens-para-o-setor-turistico-com-seis-milhoes-de-euros-de-investimento\\\/turismo\\\/09\\\/41\\\/#primaryimage\",\"url\":\"https:\\\/\\\/algarve7.pt\\\/wp-content\\\/uploads\\\/2021\\\/08\\\/EHTAlgarve_DietaMediterranica_Faro.jpg\",\"contentUrl\":\"https:\\\/\\\/algarve7.pt\\\/wp-content\\\/uploads\\\/2021\\\/08\\\/EHTAlgarve_DietaMediterranica_Faro.jpg\",\"width\":1505,\"height\":1128},{\"@type\":\"BreadcrumbList\",\"@id\":\"https:\\\/\\\/algarve7.pt\\\/index.php\\\/2021\\\/08\\\/algarve-qualificacao-de-jovens-para-o-setor-turistico-com-seis-milhoes-de-euros-de-investimento\\\/turismo\\\/09\\\/41\\\/#breadcrumb\",\"itemListElement\":[{\"@type\":\"ListItem\",\"position\":1,\"name\":\"In\u00edcio\",\"item\":\"https:\\\/\\\/algarve7.pt\\\/\"},{\"@type\":\"ListItem\",\"position\":2,\"name\":\"Algarve: qualifica\u00e7\u00e3o de jovens para o setor tur\u00edstico com seis milh\u00f5es de euros de investimento\"}]},{\"@type\":\"WebSite\",\"@id\":\"https:\\\/\\\/algarve7.pt\\\/#website\",\"url\":\"https:\\\/\\\/algarve7.pt\\\/\",\"name\":\"Algarve 7\",\"description\":\"Informa\u00e7\u00e3o sobre o Algarve\",\"publisher\":{\"@id\":\"https:\\\/\\\/algarve7.pt\\\/#organization\"},\"potentialAction\":[{\"@type\":\"SearchAction\",\"target\":{\"@type\":\"EntryPoint\",\"urlTemplate\":\"https:\\\/\\\/algarve7.pt\\\/?s={search_term_string}\"},\"query-input\":{\"@type\":\"PropertyValueSpecification\",\"valueRequired\":true,\"valueName\":\"search_term_string\"}}],\"inLanguage\":\"pt-PT\"},{\"@type\":\"Organization\",\"@id\":\"https:\\\/\\\/algarve7.pt\\\/#organization\",\"name\":\"Algarve 7\",\"url\":\"https:\\\/\\\/algarve7.pt\\\/\",\"logo\":{\"@type\":\"ImageObject\",\"inLanguage\":\"pt-PT\",\"@id\":\"https:\\\/\\\/algarve7.pt\\\/#\\\/schema\\\/logo\\\/image\\\/\",\"url\":\"https:\\\/\\\/algarve7.pt\\\/wp-content\\\/uploads\\\/2020\\\/10\\\/Logo-8.jpg\",\"contentUrl\":\"https:\\\/\\\/algarve7.pt\\\/wp-content\\\/uploads\\\/2020\\\/10\\\/Logo-8.jpg\",\"width\":1680,\"height\":1186,\"caption\":\"Algarve 7\"},\"image\":{\"@id\":\"https:\\\/\\\/algarve7.pt\\\/#\\\/schema\\\/logo\\\/image\\\/\"},\"sameAs\":[\"https:\\\/\\\/www.facebook.com\\\/algarve7\",\"https:\\\/\\\/x.com\\\/Algarvesete\",\"https:\\\/\\\/www.instagram.com\\\/jornalalgarve7\\\/\",\"https:\\\/\\\/www.linkedin.com\\\/company\\\/algarve7\",\"https:\\\/\\\/www.pinterest.pt\\\/geral0939\\\/_created\\\/\"]},{\"@type\":\"Person\",\"@id\":\"https:\\\/\\\/algarve7.pt\\\/#\\\/schema\\\/person\\\/23fa70681308e7b319a3204bcea45e0c\",\"name\":\"Algarve 7\",\"sameAs\":[\"https:\\\/\\\/algarve7.pt\",\"https:\\\/\\\/www.facebook.com\\\/algarve7\"],\"url\":\"https:\\\/\\\/algarve7.pt\\\/index.php\\\/author\\\/geralalgarve7-pt\\\/\"}]}<\/script>\n<!-- \/ Yoast SEO plugin. -->","yoast_head_json":{"title":"Algarve: qualifica\u00e7\u00e3o de jovens para o setor tur\u00edstico com seis milh\u00f5es de euros de investimento - Algarve 7","description":"Algarve: qualifica\u00e7\u00e3o de jovens para o setor tur\u00edstico com seis milh\u00f5es de euros de investimento Turismo","robots":{"index":"index","follow":"follow","max-snippet":"max-snippet:-1","max-image-preview":"max-image-preview:large","max-video-preview":"max-video-preview:-1"},"canonical":"https:\/\/algarve7.pt\/index.php\/2021\/08\/algarve-qualificacao-de-jovens-para-o-setor-turistico-com-seis-milhoes-de-euros-de-investimento\/turismo\/09\/41\/","og_locale":"pt_PT","og_type":"article","og_title":"Algarve: qualifica\u00e7\u00e3o de jovens para o setor tur\u00edstico com seis milh\u00f5es de euros de investimento - Algarve 7","og_description":"Algarve: qualifica\u00e7\u00e3o de jovens para o setor tur\u00edstico com seis milh\u00f5es de euros de investimento Turismo","og_url":"https:\/\/algarve7.pt\/index.php\/2021\/08\/algarve-qualificacao-de-jovens-para-o-setor-turistico-com-seis-milhoes-de-euros-de-investimento\/turismo\/09\/41\/","og_site_name":"Algarve 7","article_publisher":"https:\/\/www.facebook.com\/algarve7","article_author":"https:\/\/www.facebook.com\/algarve7","article_published_time":"2021-08-19T08:41:41+00:00","article_modified_time":"2021-08-19T08:41:45+00:00","og_image":[{"width":1505,"height":1128,"url":"https:\/\/algarve7.pt\/wp-content\/uploads\/2021\/08\/EHTAlgarve_DietaMediterranica_Faro.jpg","type":"image\/jpeg"}],"author":"Algarve 7","twitter_card":"summary_large_image","twitter_creator":"@Algarvesete","twitter_site":"@Algarvesete","twitter_misc":{"Escrito por":"Algarve 7","Tempo estimado de leitura":"2 minutos"},"schema":{"@context":"https:\/\/schema.org","@graph":[{"@type":"Article","@id":"https:\/\/algarve7.pt\/index.php\/2021\/08\/algarve-qualificacao-de-jovens-para-o-setor-turistico-com-seis-milhoes-de-euros-de-investimento\/turismo\/09\/41\/#article","isPartOf":{"@id":"https:\/\/algarve7.pt\/index.php\/2021\/08\/algarve-qualificacao-de-jovens-para-o-setor-turistico-com-seis-milhoes-de-euros-de-investimento\/turismo\/09\/41\/"},"author":{"name":"Algarve 7","@id":"https:\/\/algarve7.pt\/#\/schema\/person\/23fa70681308e7b319a3204bcea45e0c"},"headline":"Algarve: qualifica\u00e7\u00e3o de jovens para o setor tur\u00edstico com seis milh\u00f5es de euros de investimento","datePublished":"2021-08-19T08:41:41+00:00","dateModified":"2021-08-19T08:41:45+00:00","mainEntityOfPage":{"@id":"https:\/\/algarve7.pt\/index.php\/2021\/08\/algarve-qualificacao-de-jovens-para-o-setor-turistico-com-seis-milhoes-de-euros-de-investimento\/turismo\/09\/41\/"},"wordCount":289,"publisher":{"@id":"https:\/\/algarve7.pt\/#organization"},"image":{"@id":"https:\/\/algarve7.pt\/index.php\/2021\/08\/algarve-qualificacao-de-jovens-para-o-setor-turistico-com-seis-milhoes-de-euros-de-investimento\/turismo\/09\/41\/#primaryimage"},"thumbnailUrl":"https:\/\/algarve7.pt\/wp-content\/uploads\/2021\/08\/EHTAlgarve_DietaMediterranica_Faro.jpg","keywords":["Algarve","CCDR Algarve","CRESC ALGARVE 2020","Turismo"],"articleSection":["Turismo"],"inLanguage":"pt-PT"},{"@type":"WebPage","@id":"https:\/\/algarve7.pt\/index.php\/2021\/08\/algarve-qualificacao-de-jovens-para-o-setor-turistico-com-seis-milhoes-de-euros-de-investimento\/turismo\/09\/41\/","url":"https:\/\/algarve7.pt\/index.php\/2021\/08\/algarve-qualificacao-de-jovens-para-o-setor-turistico-com-seis-milhoes-de-euros-de-investimento\/turismo\/09\/41\/","name":"Algarve: qualifica\u00e7\u00e3o de jovens para o setor tur\u00edstico com seis milh\u00f5es de euros de investimento - Algarve 7","isPartOf":{"@id":"https:\/\/algarve7.pt\/#website"},"primaryImageOfPage":{"@id":"https:\/\/algarve7.pt\/index.php\/2021\/08\/algarve-qualificacao-de-jovens-para-o-setor-turistico-com-seis-milhoes-de-euros-de-investimento\/turismo\/09\/41\/#primaryimage"},"image":{"@id":"https:\/\/algarve7.pt\/index.php\/2021\/08\/algarve-qualificacao-de-jovens-para-o-setor-turistico-com-seis-milhoes-de-euros-de-investimento\/turismo\/09\/41\/#primaryimage"},"thumbnailUrl":"https:\/\/algarve7.pt\/wp-content\/uploads\/2021\/08\/EHTAlgarve_DietaMediterranica_Faro.jpg","datePublished":"2021-08-19T08:41:41+00:00","dateModified":"2021-08-19T08:41:45+00:00","description":"Algarve: qualifica\u00e7\u00e3o de jovens para o setor tur\u00edstico com seis milh\u00f5es de euros de investimento Turismo","breadcrumb":{"@id":"https:\/\/algarve7.pt\/index.php\/2021\/08\/algarve-qualificacao-de-jovens-para-o-setor-turistico-com-seis-milhoes-de-euros-de-investimento\/turismo\/09\/41\/#breadcrumb"},"inLanguage":"pt-PT","potentialAction":[{"@type":"ReadAction","target":["https:\/\/algarve7.pt\/index.php\/2021\/08\/algarve-qualificacao-de-jovens-para-o-setor-turistico-com-seis-milhoes-de-euros-de-investimento\/turismo\/09\/41\/"]}]},{"@type":"ImageObject","inLanguage":"pt-PT","@id":"https:\/\/algarve7.pt\/index.php\/2021\/08\/algarve-qualificacao-de-jovens-para-o-setor-turistico-com-seis-milhoes-de-euros-de-investimento\/turismo\/09\/41\/#primaryimage","url":"https:\/\/algarve7.pt\/wp-content\/uploads\/2021\/08\/EHTAlgarve_DietaMediterranica_Faro.jpg","contentUrl":"https:\/\/algarve7.pt\/wp-content\/uploads\/2021\/08\/EHTAlgarve_DietaMediterranica_Faro.jpg","width":1505,"height":1128},{"@type":"BreadcrumbList","@id":"https:\/\/algarve7.pt\/index.php\/2021\/08\/algarve-qualificacao-de-jovens-para-o-setor-turistico-com-seis-milhoes-de-euros-de-investimento\/turismo\/09\/41\/#breadcrumb","itemListElement":[{"@type":"ListItem","position":1,"name":"In\u00edcio","item":"https:\/\/algarve7.pt\/"},{"@type":"ListItem","position":2,"name":"Algarve: qualifica\u00e7\u00e3o de jovens para o setor tur\u00edstico com seis milh\u00f5es de euros de investimento"}]},{"@type":"WebSite","@id":"https:\/\/algarve7.pt\/#website","url":"https:\/\/algarve7.pt\/","name":"Algarve 7","description":"Informa\u00e7\u00e3o sobre o Algarve","publisher":{"@id":"https:\/\/algarve7.pt\/#organization"},"potentialAction":[{"@type":"SearchAction","target":{"@type":"EntryPoint","urlTemplate":"https:\/\/algarve7.pt\/?s={search_term_string}"},"query-input":{"@type":"PropertyValueSpecification","valueRequired":true,"valueName":"search_term_string"}}],"inLanguage":"pt-PT"},{"@type":"Organization","@id":"https:\/\/algarve7.pt\/#organization","name":"Algarve 7","url":"https:\/\/algarve7.pt\/","logo":{"@type":"ImageObject","inLanguage":"pt-PT","@id":"https:\/\/algarve7.pt\/#\/schema\/logo\/image\/","url":"https:\/\/algarve7.pt\/wp-content\/uploads\/2020\/10\/Logo-8.jpg","contentUrl":"https:\/\/algarve7.pt\/wp-content\/uploads\/2020\/10\/Logo-8.jpg","width":1680,"height":1186,"caption":"Algarve 7"},"image":{"@id":"https:\/\/algarve7.pt\/#\/schema\/logo\/image\/"},"sameAs":["https:\/\/www.facebook.com\/algarve7","https:\/\/x.com\/Algarvesete","https:\/\/www.instagram.com\/jornalalgarve7\/","https:\/\/www.linkedin.com\/company\/algarve7","https:\/\/www.pinterest.pt\/geral0939\/_created\/"]},{"@type":"Person","@id":"https:\/\/algarve7.pt\/#\/schema\/person\/23fa70681308e7b319a3204bcea45e0c","name":"Algarve 7","sameAs":["https:\/\/algarve7.pt","https:\/\/www.facebook.com\/algarve7"],"url":"https:\/\/algarve7.pt\/index.php\/author\/geralalgarve7-pt\/"}]}},"jetpack_publicize_connections":[],"jetpack_featured_media_url":"https:\/\/algarve7.pt\/wp-content\/uploads\/2021\/08\/EHTAlgarve_DietaMediterranica_Faro.jpg","jetpack_shortlink":"https:\/\/wp.me\/pcezmW-2Q0","jetpack_sharing_enabled":true,"_links":{"self":[{"href":"https:\/\/algarve7.pt\/index.php\/wp-json\/wp\/v2\/posts\/10912","targetHints":{"allow":["GET"]}}],"collection":[{"href":"https:\/\/algarve7.pt\/index.php\/wp-json\/wp\/v2\/posts"}],"about":[{"href":"https:\/\/algarve7.pt\/index.php\/wp-json\/wp\/v2\/types\/post"}],"author":[{"embeddable":true,"href":"https:\/\/algarve7.pt\/index.php\/wp-json\/wp\/v2\/users\/1"}],"replies":[{"embeddable":true,"href":"https:\/\/algarve7.pt\/index.php\/wp-json\/wp\/v2\/comments?post=10912"}],"version-history":[{"count":0,"href":"https:\/\/algarve7.pt\/index.php\/wp-json\/wp\/v2\/posts\/10912\/revisions"}],"wp:featuredmedia":[{"embeddable":true,"href":"https:\/\/algarve7.pt\/index.php\/wp-json\/wp\/v2\/media\/10913"}],"wp:attachment":[{"href":"https:\/\/algarve7.pt\/index.php\/wp-json\/wp\/v2\/media?parent=10912"}],"wp:term":[{"taxonomy":"category","embeddable":true,"href":"https:\/\/algarve7.pt\/index.php\/wp-json\/wp\/v2\/categories?post=10912"},{"taxonomy":"post_tag","embeddable":true,"href":"https:\/\/algarve7.pt\/index.php\/wp-json\/wp\/v2\/tags?post=10912"}],"curies":[{"name":"wp","href":"https:\/\/api.w.org\/{rel}","templated":true}]}}