{"id":10885,"date":"2021-08-17T17:49:46","date_gmt":"2021-08-17T16:49:46","guid":{"rendered":"https:\/\/algarve7.pt\/?p=10885"},"modified":"2021-08-17T17:49:48","modified_gmt":"2021-08-17T16:49:48","slug":"algarve-procura-turistas-de-luxo-na-alemanha","status":"publish","type":"post","link":"https:\/\/algarve7.pt\/index.php\/2021\/08\/algarve-procura-turistas-de-luxo-na-alemanha\/turismo\/17\/49\/","title":{"rendered":"Algarve procura turistas de luxo na Alemanha"},"content":{"rendered":"\n<p>Durante esta semana, de 15 a 18 de agosto, a Associa\u00e7\u00e3o Turismo do Algarve (ATA) est\u00e1 a participar no&nbsp;<em>Loop Summer 2021<\/em>, o mais reconhecido&nbsp;<em>Luxury Travel Show<\/em>exclusivamente direcionado a mercados como a Alemanha, \u00c1ustria e Su\u00ed\u00e7a.<br>A decorrer em Frankfurt, o evento re\u00fane os principais agentes do setor que se dedicam ao segmento do turismo de luxo, com o objetivo de promover, ao longo dos tr\u00eas dias, a realiza\u00e7\u00e3o de reuni\u00f5es de neg\u00f3cios estrat\u00e9gicas e de momentos de networking eficazes entre os participantes.<\/p>\n\n\n\n<p>A promo\u00e7\u00e3o da regi\u00e3o junto de viajantes que procuram qualidade, exclusividade e experi\u00eancias diferenciadoras tem sido uma das apostas do Turismo do Algarve, com vista ao desenvolvimento sustent\u00e1vel da regi\u00e3o enquanto destino tur\u00edstico. No atual contexto de pandemia, esta aposta v\u00ea a sua import\u00e2ncia refor\u00e7ada, na medida em que, mais do que nunca, o crescimento em valor e a consolida\u00e7\u00e3o da perce\u00e7\u00e3o da qualidade diferenciada da oferta da regi\u00e3o face aos principais destinos concorrentes est\u00e3o entre os principais objetivos que o Turismo do Algarve pretende alcan\u00e7ar.<\/p>\n\n\n\n<p>\u201c<strong>Temos vindo a intensificar o esfor\u00e7o de capta\u00e7\u00e3o de turistas de um segmento m\u00e9dio\/alto, com poder de compra, que sejam apreciadores de um turismo mais sustent\u00e1vel e menos sens\u00edveis ao fator pre\u00e7o<\/strong>\u201d, explica Jo\u00e3o Fernandes, presidente do Turismo do Algarve. \u201c<strong>A presen\u00e7a no Loop Summer 2021, onde estamos a participar pela primeira vez, assume, assim, uma relev\u00e2ncia estrat\u00e9gica, tendo em conta que nos permite contactar diretamente com ag\u00eancias de viagens e operadores tur\u00edsticos especializados neste tipo de turismo e que trabalham com o mercado alem\u00e3o, o segundo mercado externo mais expressivo para a nossa regi\u00e3o, a seguir ao Reino Unido<\/strong>\u201d, acrescenta.<\/p>\n\n\n\n<p>Neste contexto, o Turismo do Algarve est\u00e1 empenhado em tornar a experi\u00eancia de quem visita a regi\u00e3o cada vez mais rica, mais aut\u00eantica e mais emocional. \u201c<strong>O Algarve tem todas as condi\u00e7\u00f5es para dar resposta ao elevado n\u00edvel de exig\u00eancia dos turistas de luxo. Mais do que a ostenta\u00e7\u00e3o, este tipo de viajante procura experi\u00eancias novas e exclusivas, valoriza a autenticidade, o servi\u00e7o personalizado e a aten\u00e7\u00e3o ao detalhe<\/strong>\u201d, revela Jo\u00e3o Fernandes. \u201c<strong>A riqueza e o car\u00e1ter diferenciador da oferta tur\u00edstica da regi\u00e3o est\u00e3o a dar cartas nesse sentido. Estes turistas ficam encantados n\u00e3o s\u00f3 com a diversidade de alojamento de luxo ou de restaurantes com estrela Michelin que conseguem encontrar no Algarve, mas tamb\u00e9m com a beleza das nossas paisagens naturais e, acima de tudo, com a intera\u00e7\u00e3o que conseguem obter com a comunidade local, tendo acesso a propostas surpreendentes que lhes permitem descobrir, de forma genu\u00edna, a hist\u00f3ria, a cultura e a gastronomia da regi\u00e3o<\/strong>\u201d, conclui.<\/p>\n","protected":false},"excerpt":{"rendered":"<p>Durante esta semana, de 15 a 18 de agosto, a Associa\u00e7\u00e3o Turismo do Algarve (ATA) est\u00e1 a participar no&nbsp;Loop Summer<\/p>\n","protected":false},"author":1,"featured_media":10886,"comment_status":"closed","ping_status":"open","sticky":false,"template":"","format":"standard","meta":{"colormag_page_container_layout":"default_layout","colormag_page_sidebar_layout":"default_layout","_monsterinsights_skip_tracking":false,"_monsterinsights_sitenote_active":false,"_monsterinsights_sitenote_note":"","_monsterinsights_sitenote_category":0,"jetpack_post_was_ever_published":false,"_jetpack_newsletter_access":"","_jetpack_dont_email_post_to_subs":false,"_jetpack_newsletter_tier_id":0,"_jetpack_memberships_contains_paywalled_content":false,"_jetpack_memberships_contains_paid_content":false,"footnotes":"","jetpack_publicize_message":"","jetpack_publicize_feature_enabled":true,"jetpack_social_post_already_shared":true,"jetpack_social_options":{"image_generator_settings":{"template":"highway","default_image_id":0,"font":"","enabled":false},"version":2}},"categories":[17],"tags":[36,426,173,45],"class_list":["post-10885","post","type-post","status-publish","format-standard","has-post-thumbnail","hentry","category-turismo","tag-algarve","tag-ata","tag-rta","tag-turismo"],"yoast_head":"<!-- This site is optimized with the Yoast SEO plugin v27.5 - https:\/\/yoast.com\/product\/yoast-seo-wordpress\/ -->\n<title>Algarve procura turistas de luxo na Alemanha - Algarve 7<\/title>\n<meta name=\"description\" content=\"Algarve procura turistas de luxo na Alemanha Turismo\" \/>\n<meta name=\"robots\" content=\"index, follow, max-snippet:-1, max-image-preview:large, max-video-preview:-1\" \/>\n<link rel=\"canonical\" href=\"https:\/\/algarve7.pt\/index.php\/2021\/08\/algarve-procura-turistas-de-luxo-na-alemanha\/turismo\/17\/49\/\" \/>\n<meta property=\"og:locale\" content=\"pt_PT\" \/>\n<meta property=\"og:type\" content=\"article\" \/>\n<meta property=\"og:title\" content=\"Algarve procura turistas de luxo na Alemanha - Algarve 7\" \/>\n<meta property=\"og:description\" content=\"Algarve procura turistas de luxo na Alemanha Turismo\" \/>\n<meta property=\"og:url\" content=\"https:\/\/algarve7.pt\/index.php\/2021\/08\/algarve-procura-turistas-de-luxo-na-alemanha\/turismo\/17\/49\/\" \/>\n<meta property=\"og:site_name\" content=\"Algarve 7\" \/>\n<meta property=\"article:publisher\" content=\"https:\/\/www.facebook.com\/algarve7\" \/>\n<meta property=\"article:author\" content=\"https:\/\/www.facebook.com\/algarve7\" \/>\n<meta property=\"article:published_time\" content=\"2021-08-17T16:49:46+00:00\" \/>\n<meta property=\"article:modified_time\" content=\"2021-08-17T16:49:48+00:00\" \/>\n<meta property=\"og:image\" content=\"https:\/\/algarve7.pt\/wp-content\/uploads\/2021\/08\/qW3ci6PQ.jpeg\" \/>\n\t<meta property=\"og:image:width\" content=\"1920\" \/>\n\t<meta property=\"og:image:height\" content=\"1280\" \/>\n\t<meta property=\"og:image:type\" content=\"image\/jpeg\" \/>\n<meta name=\"author\" content=\"Algarve 7\" \/>\n<meta name=\"twitter:card\" content=\"summary_large_image\" \/>\n<meta name=\"twitter:creator\" content=\"@Algarvesete\" \/>\n<meta name=\"twitter:site\" content=\"@Algarvesete\" \/>\n<meta name=\"twitter:label1\" content=\"Escrito por\" \/>\n\t<meta name=\"twitter:data1\" content=\"Algarve 7\" \/>\n\t<meta name=\"twitter:label2\" content=\"Tempo estimado de leitura\" \/>\n\t<meta name=\"twitter:data2\" content=\"2 minutos\" \/>\n<script type=\"application\/ld+json\" class=\"yoast-schema-graph\">{\"@context\":\"https:\\\/\\\/schema.org\",\"@graph\":[{\"@type\":\"Article\",\"@id\":\"https:\\\/\\\/algarve7.pt\\\/index.php\\\/2021\\\/08\\\/algarve-procura-turistas-de-luxo-na-alemanha\\\/turismo\\\/17\\\/49\\\/#article\",\"isPartOf\":{\"@id\":\"https:\\\/\\\/algarve7.pt\\\/index.php\\\/2021\\\/08\\\/algarve-procura-turistas-de-luxo-na-alemanha\\\/turismo\\\/17\\\/49\\\/\"},\"author\":{\"name\":\"Algarve 7\",\"@id\":\"https:\\\/\\\/algarve7.pt\\\/#\\\/schema\\\/person\\\/23fa70681308e7b319a3204bcea45e0c\"},\"headline\":\"Algarve procura turistas de luxo na Alemanha\",\"datePublished\":\"2021-08-17T16:49:46+00:00\",\"dateModified\":\"2021-08-17T16:49:48+00:00\",\"mainEntityOfPage\":{\"@id\":\"https:\\\/\\\/algarve7.pt\\\/index.php\\\/2021\\\/08\\\/algarve-procura-turistas-de-luxo-na-alemanha\\\/turismo\\\/17\\\/49\\\/\"},\"wordCount\":491,\"publisher\":{\"@id\":\"https:\\\/\\\/algarve7.pt\\\/#organization\"},\"image\":{\"@id\":\"https:\\\/\\\/algarve7.pt\\\/index.php\\\/2021\\\/08\\\/algarve-procura-turistas-de-luxo-na-alemanha\\\/turismo\\\/17\\\/49\\\/#primaryimage\"},\"thumbnailUrl\":\"https:\\\/\\\/algarve7.pt\\\/wp-content\\\/uploads\\\/2021\\\/08\\\/qW3ci6PQ.jpeg\",\"keywords\":[\"Algarve\",\"ATA\",\"RTA\",\"Turismo\"],\"articleSection\":[\"Turismo\"],\"inLanguage\":\"pt-PT\"},{\"@type\":\"WebPage\",\"@id\":\"https:\\\/\\\/algarve7.pt\\\/index.php\\\/2021\\\/08\\\/algarve-procura-turistas-de-luxo-na-alemanha\\\/turismo\\\/17\\\/49\\\/\",\"url\":\"https:\\\/\\\/algarve7.pt\\\/index.php\\\/2021\\\/08\\\/algarve-procura-turistas-de-luxo-na-alemanha\\\/turismo\\\/17\\\/49\\\/\",\"name\":\"Algarve procura turistas de luxo na Alemanha - Algarve 7\",\"isPartOf\":{\"@id\":\"https:\\\/\\\/algarve7.pt\\\/#website\"},\"primaryImageOfPage\":{\"@id\":\"https:\\\/\\\/algarve7.pt\\\/index.php\\\/2021\\\/08\\\/algarve-procura-turistas-de-luxo-na-alemanha\\\/turismo\\\/17\\\/49\\\/#primaryimage\"},\"image\":{\"@id\":\"https:\\\/\\\/algarve7.pt\\\/index.php\\\/2021\\\/08\\\/algarve-procura-turistas-de-luxo-na-alemanha\\\/turismo\\\/17\\\/49\\\/#primaryimage\"},\"thumbnailUrl\":\"https:\\\/\\\/algarve7.pt\\\/wp-content\\\/uploads\\\/2021\\\/08\\\/qW3ci6PQ.jpeg\",\"datePublished\":\"2021-08-17T16:49:46+00:00\",\"dateModified\":\"2021-08-17T16:49:48+00:00\",\"description\":\"Algarve procura turistas de luxo na Alemanha Turismo\",\"breadcrumb\":{\"@id\":\"https:\\\/\\\/algarve7.pt\\\/index.php\\\/2021\\\/08\\\/algarve-procura-turistas-de-luxo-na-alemanha\\\/turismo\\\/17\\\/49\\\/#breadcrumb\"},\"inLanguage\":\"pt-PT\",\"potentialAction\":[{\"@type\":\"ReadAction\",\"target\":[\"https:\\\/\\\/algarve7.pt\\\/index.php\\\/2021\\\/08\\\/algarve-procura-turistas-de-luxo-na-alemanha\\\/turismo\\\/17\\\/49\\\/\"]}]},{\"@type\":\"ImageObject\",\"inLanguage\":\"pt-PT\",\"@id\":\"https:\\\/\\\/algarve7.pt\\\/index.php\\\/2021\\\/08\\\/algarve-procura-turistas-de-luxo-na-alemanha\\\/turismo\\\/17\\\/49\\\/#primaryimage\",\"url\":\"https:\\\/\\\/algarve7.pt\\\/wp-content\\\/uploads\\\/2021\\\/08\\\/qW3ci6PQ.jpeg\",\"contentUrl\":\"https:\\\/\\\/algarve7.pt\\\/wp-content\\\/uploads\\\/2021\\\/08\\\/qW3ci6PQ.jpeg\",\"width\":1920,\"height\":1280},{\"@type\":\"BreadcrumbList\",\"@id\":\"https:\\\/\\\/algarve7.pt\\\/index.php\\\/2021\\\/08\\\/algarve-procura-turistas-de-luxo-na-alemanha\\\/turismo\\\/17\\\/49\\\/#breadcrumb\",\"itemListElement\":[{\"@type\":\"ListItem\",\"position\":1,\"name\":\"In\u00edcio\",\"item\":\"https:\\\/\\\/algarve7.pt\\\/\"},{\"@type\":\"ListItem\",\"position\":2,\"name\":\"Algarve procura turistas de luxo na Alemanha\"}]},{\"@type\":\"WebSite\",\"@id\":\"https:\\\/\\\/algarve7.pt\\\/#website\",\"url\":\"https:\\\/\\\/algarve7.pt\\\/\",\"name\":\"Algarve 7\",\"description\":\"Informa\u00e7\u00e3o sobre o Algarve\",\"publisher\":{\"@id\":\"https:\\\/\\\/algarve7.pt\\\/#organization\"},\"potentialAction\":[{\"@type\":\"SearchAction\",\"target\":{\"@type\":\"EntryPoint\",\"urlTemplate\":\"https:\\\/\\\/algarve7.pt\\\/?s={search_term_string}\"},\"query-input\":{\"@type\":\"PropertyValueSpecification\",\"valueRequired\":true,\"valueName\":\"search_term_string\"}}],\"inLanguage\":\"pt-PT\"},{\"@type\":\"Organization\",\"@id\":\"https:\\\/\\\/algarve7.pt\\\/#organization\",\"name\":\"Algarve 7\",\"url\":\"https:\\\/\\\/algarve7.pt\\\/\",\"logo\":{\"@type\":\"ImageObject\",\"inLanguage\":\"pt-PT\",\"@id\":\"https:\\\/\\\/algarve7.pt\\\/#\\\/schema\\\/logo\\\/image\\\/\",\"url\":\"https:\\\/\\\/algarve7.pt\\\/wp-content\\\/uploads\\\/2020\\\/10\\\/Logo-8.jpg\",\"contentUrl\":\"https:\\\/\\\/algarve7.pt\\\/wp-content\\\/uploads\\\/2020\\\/10\\\/Logo-8.jpg\",\"width\":1680,\"height\":1186,\"caption\":\"Algarve 7\"},\"image\":{\"@id\":\"https:\\\/\\\/algarve7.pt\\\/#\\\/schema\\\/logo\\\/image\\\/\"},\"sameAs\":[\"https:\\\/\\\/www.facebook.com\\\/algarve7\",\"https:\\\/\\\/x.com\\\/Algarvesete\",\"https:\\\/\\\/www.instagram.com\\\/jornalalgarve7\\\/\",\"https:\\\/\\\/www.linkedin.com\\\/company\\\/algarve7\",\"https:\\\/\\\/www.pinterest.pt\\\/geral0939\\\/_created\\\/\"]},{\"@type\":\"Person\",\"@id\":\"https:\\\/\\\/algarve7.pt\\\/#\\\/schema\\\/person\\\/23fa70681308e7b319a3204bcea45e0c\",\"name\":\"Algarve 7\",\"sameAs\":[\"https:\\\/\\\/algarve7.pt\",\"https:\\\/\\\/www.facebook.com\\\/algarve7\"],\"url\":\"https:\\\/\\\/algarve7.pt\\\/index.php\\\/author\\\/geralalgarve7-pt\\\/\"}]}<\/script>\n<!-- \/ Yoast SEO plugin. -->","yoast_head_json":{"title":"Algarve procura turistas de luxo na Alemanha - Algarve 7","description":"Algarve procura turistas de luxo na Alemanha Turismo","robots":{"index":"index","follow":"follow","max-snippet":"max-snippet:-1","max-image-preview":"max-image-preview:large","max-video-preview":"max-video-preview:-1"},"canonical":"https:\/\/algarve7.pt\/index.php\/2021\/08\/algarve-procura-turistas-de-luxo-na-alemanha\/turismo\/17\/49\/","og_locale":"pt_PT","og_type":"article","og_title":"Algarve procura turistas de luxo na Alemanha - Algarve 7","og_description":"Algarve procura turistas de luxo na Alemanha Turismo","og_url":"https:\/\/algarve7.pt\/index.php\/2021\/08\/algarve-procura-turistas-de-luxo-na-alemanha\/turismo\/17\/49\/","og_site_name":"Algarve 7","article_publisher":"https:\/\/www.facebook.com\/algarve7","article_author":"https:\/\/www.facebook.com\/algarve7","article_published_time":"2021-08-17T16:49:46+00:00","article_modified_time":"2021-08-17T16:49:48+00:00","og_image":[{"width":1920,"height":1280,"url":"https:\/\/algarve7.pt\/wp-content\/uploads\/2021\/08\/qW3ci6PQ.jpeg","type":"image\/jpeg"}],"author":"Algarve 7","twitter_card":"summary_large_image","twitter_creator":"@Algarvesete","twitter_site":"@Algarvesete","twitter_misc":{"Escrito por":"Algarve 7","Tempo estimado de leitura":"2 minutos"},"schema":{"@context":"https:\/\/schema.org","@graph":[{"@type":"Article","@id":"https:\/\/algarve7.pt\/index.php\/2021\/08\/algarve-procura-turistas-de-luxo-na-alemanha\/turismo\/17\/49\/#article","isPartOf":{"@id":"https:\/\/algarve7.pt\/index.php\/2021\/08\/algarve-procura-turistas-de-luxo-na-alemanha\/turismo\/17\/49\/"},"author":{"name":"Algarve 7","@id":"https:\/\/algarve7.pt\/#\/schema\/person\/23fa70681308e7b319a3204bcea45e0c"},"headline":"Algarve procura turistas de luxo na Alemanha","datePublished":"2021-08-17T16:49:46+00:00","dateModified":"2021-08-17T16:49:48+00:00","mainEntityOfPage":{"@id":"https:\/\/algarve7.pt\/index.php\/2021\/08\/algarve-procura-turistas-de-luxo-na-alemanha\/turismo\/17\/49\/"},"wordCount":491,"publisher":{"@id":"https:\/\/algarve7.pt\/#organization"},"image":{"@id":"https:\/\/algarve7.pt\/index.php\/2021\/08\/algarve-procura-turistas-de-luxo-na-alemanha\/turismo\/17\/49\/#primaryimage"},"thumbnailUrl":"https:\/\/algarve7.pt\/wp-content\/uploads\/2021\/08\/qW3ci6PQ.jpeg","keywords":["Algarve","ATA","RTA","Turismo"],"articleSection":["Turismo"],"inLanguage":"pt-PT"},{"@type":"WebPage","@id":"https:\/\/algarve7.pt\/index.php\/2021\/08\/algarve-procura-turistas-de-luxo-na-alemanha\/turismo\/17\/49\/","url":"https:\/\/algarve7.pt\/index.php\/2021\/08\/algarve-procura-turistas-de-luxo-na-alemanha\/turismo\/17\/49\/","name":"Algarve procura turistas de luxo na Alemanha - Algarve 7","isPartOf":{"@id":"https:\/\/algarve7.pt\/#website"},"primaryImageOfPage":{"@id":"https:\/\/algarve7.pt\/index.php\/2021\/08\/algarve-procura-turistas-de-luxo-na-alemanha\/turismo\/17\/49\/#primaryimage"},"image":{"@id":"https:\/\/algarve7.pt\/index.php\/2021\/08\/algarve-procura-turistas-de-luxo-na-alemanha\/turismo\/17\/49\/#primaryimage"},"thumbnailUrl":"https:\/\/algarve7.pt\/wp-content\/uploads\/2021\/08\/qW3ci6PQ.jpeg","datePublished":"2021-08-17T16:49:46+00:00","dateModified":"2021-08-17T16:49:48+00:00","description":"Algarve procura turistas de luxo na Alemanha Turismo","breadcrumb":{"@id":"https:\/\/algarve7.pt\/index.php\/2021\/08\/algarve-procura-turistas-de-luxo-na-alemanha\/turismo\/17\/49\/#breadcrumb"},"inLanguage":"pt-PT","potentialAction":[{"@type":"ReadAction","target":["https:\/\/algarve7.pt\/index.php\/2021\/08\/algarve-procura-turistas-de-luxo-na-alemanha\/turismo\/17\/49\/"]}]},{"@type":"ImageObject","inLanguage":"pt-PT","@id":"https:\/\/algarve7.pt\/index.php\/2021\/08\/algarve-procura-turistas-de-luxo-na-alemanha\/turismo\/17\/49\/#primaryimage","url":"https:\/\/algarve7.pt\/wp-content\/uploads\/2021\/08\/qW3ci6PQ.jpeg","contentUrl":"https:\/\/algarve7.pt\/wp-content\/uploads\/2021\/08\/qW3ci6PQ.jpeg","width":1920,"height":1280},{"@type":"BreadcrumbList","@id":"https:\/\/algarve7.pt\/index.php\/2021\/08\/algarve-procura-turistas-de-luxo-na-alemanha\/turismo\/17\/49\/#breadcrumb","itemListElement":[{"@type":"ListItem","position":1,"name":"In\u00edcio","item":"https:\/\/algarve7.pt\/"},{"@type":"ListItem","position":2,"name":"Algarve procura turistas de luxo na Alemanha"}]},{"@type":"WebSite","@id":"https:\/\/algarve7.pt\/#website","url":"https:\/\/algarve7.pt\/","name":"Algarve 7","description":"Informa\u00e7\u00e3o sobre o Algarve","publisher":{"@id":"https:\/\/algarve7.pt\/#organization"},"potentialAction":[{"@type":"SearchAction","target":{"@type":"EntryPoint","urlTemplate":"https:\/\/algarve7.pt\/?s={search_term_string}"},"query-input":{"@type":"PropertyValueSpecification","valueRequired":true,"valueName":"search_term_string"}}],"inLanguage":"pt-PT"},{"@type":"Organization","@id":"https:\/\/algarve7.pt\/#organization","name":"Algarve 7","url":"https:\/\/algarve7.pt\/","logo":{"@type":"ImageObject","inLanguage":"pt-PT","@id":"https:\/\/algarve7.pt\/#\/schema\/logo\/image\/","url":"https:\/\/algarve7.pt\/wp-content\/uploads\/2020\/10\/Logo-8.jpg","contentUrl":"https:\/\/algarve7.pt\/wp-content\/uploads\/2020\/10\/Logo-8.jpg","width":1680,"height":1186,"caption":"Algarve 7"},"image":{"@id":"https:\/\/algarve7.pt\/#\/schema\/logo\/image\/"},"sameAs":["https:\/\/www.facebook.com\/algarve7","https:\/\/x.com\/Algarvesete","https:\/\/www.instagram.com\/jornalalgarve7\/","https:\/\/www.linkedin.com\/company\/algarve7","https:\/\/www.pinterest.pt\/geral0939\/_created\/"]},{"@type":"Person","@id":"https:\/\/algarve7.pt\/#\/schema\/person\/23fa70681308e7b319a3204bcea45e0c","name":"Algarve 7","sameAs":["https:\/\/algarve7.pt","https:\/\/www.facebook.com\/algarve7"],"url":"https:\/\/algarve7.pt\/index.php\/author\/geralalgarve7-pt\/"}]}},"jetpack_publicize_connections":[],"jetpack_featured_media_url":"https:\/\/algarve7.pt\/wp-content\/uploads\/2021\/08\/qW3ci6PQ.jpeg","jetpack_shortlink":"https:\/\/wp.me\/pcezmW-2Pz","jetpack_sharing_enabled":true,"_links":{"self":[{"href":"https:\/\/algarve7.pt\/index.php\/wp-json\/wp\/v2\/posts\/10885","targetHints":{"allow":["GET"]}}],"collection":[{"href":"https:\/\/algarve7.pt\/index.php\/wp-json\/wp\/v2\/posts"}],"about":[{"href":"https:\/\/algarve7.pt\/index.php\/wp-json\/wp\/v2\/types\/post"}],"author":[{"embeddable":true,"href":"https:\/\/algarve7.pt\/index.php\/wp-json\/wp\/v2\/users\/1"}],"replies":[{"embeddable":true,"href":"https:\/\/algarve7.pt\/index.php\/wp-json\/wp\/v2\/comments?post=10885"}],"version-history":[{"count":0,"href":"https:\/\/algarve7.pt\/index.php\/wp-json\/wp\/v2\/posts\/10885\/revisions"}],"wp:featuredmedia":[{"embeddable":true,"href":"https:\/\/algarve7.pt\/index.php\/wp-json\/wp\/v2\/media\/10886"}],"wp:attachment":[{"href":"https:\/\/algarve7.pt\/index.php\/wp-json\/wp\/v2\/media?parent=10885"}],"wp:term":[{"taxonomy":"category","embeddable":true,"href":"https:\/\/algarve7.pt\/index.php\/wp-json\/wp\/v2\/categories?post=10885"},{"taxonomy":"post_tag","embeddable":true,"href":"https:\/\/algarve7.pt\/index.php\/wp-json\/wp\/v2\/tags?post=10885"}],"curies":[{"name":"wp","href":"https:\/\/api.w.org\/{rel}","templated":true}]}}