{"id":10830,"date":"2021-08-14T12:37:40","date_gmt":"2021-08-14T11:37:40","guid":{"rendered":"https:\/\/algarve7.pt\/?p=10830"},"modified":"2021-08-14T12:37:42","modified_gmt":"2021-08-14T11:37:42","slug":"programa-de-apoio-a-mobilidade-para-o-interior-vai-ser-alargado-a-residentes-no-estrangeiro","status":"publish","type":"post","link":"https:\/\/algarve7.pt\/index.php\/2021\/08\/programa-de-apoio-a-mobilidade-para-o-interior-vai-ser-alargado-a-residentes-no-estrangeiro\/economia\/12\/37\/","title":{"rendered":"Programa de apoio \u00e0 mobilidade para o Interior vai ser alargado a residentes no estrangeiro"},"content":{"rendered":"\n<p>O Governo vai alargar a medida Emprego Interior MAIS&nbsp;\u2013&nbsp;Mobilidade Apoiada para um Interior Sustent\u00e1vel \u00e0s pessoas residentes em pa\u00edses estrangeiros que decidam mudar- se para o Interior de Portugal para trabalhar. Ao abrigo desta medida, \u00e9 atribu\u00eddo um apoio financeiro direto de at\u00e9 4.827 euros a quem se muda do Litoral para o Interior de Portugal para trabalhar. No caso dos cidad\u00e3os residentes em pa\u00edses estrangeiros, a mudan\u00e7a passar\u00e1 a poder ser feita diretamente do exterior para estes territ\u00f3rios.<\/p>\n\n\n\n<p>Ao abrigo desta medida, que est\u00e1 dispon\u00edvel desde agosto de 2020, foram j\u00e1 recebidas 560 candidaturas, que correspondem a 980 pessoas (incluindo os elementos do agregado familiar dos candidatos).<\/p>\n\n\n\n<p>A maior parte das candidaturas recebidas est\u00e1 associada a processos de mobilidade oriundos dos distritos de Lisboa (38%), Porto (17%) e Set\u00fabal (11%) e para os distritos de Castelo Branco (20%), \u00c9vora (9%), Guarda (9%), Bragan\u00e7a (8%) e Portalegre (8%).<\/p>\n\n\n\n<p>Mais de dois ter\u00e7os (68%) dos candidatos \u00e0 medida mudaram-se para o Interior para trabalhar por conta de outrem, 26% criaram o seu pr\u00f3prio emprego e 6% criaram empresas. Os distritos de destino com maior propor\u00e7\u00e3o de candidatos que criaram o pr\u00f3prio emprego s\u00e3o Braga (43%), Bragan\u00e7a (37%), Vila Real (32%) e Viseu (32%). J\u00e1 os distritos de destino com maior cria\u00e7\u00e3o de empresas s\u00e3o Aveiro (33%), Set\u00fabal (19%) e Faro (15%) e Viana do Castelo (13%).<\/p>\n\n\n\n<p>A maioria dos candidatos com processos aprovados tem menos de 34 anos (52%). No total, 63% dos candidatos com processo de mobilidade para o Interior t\u00eam o ensino superior.<\/p>\n\n\n\n<p>No total, o apoio pode ascender a 4.827 euros\u00a0\u2013\u00a0o apoio financeiro direto a conceder a quem se mudar para o interior \u00e9 de 2.633 euros, a que acresce uma majora\u00e7\u00e3o de 20% por cada elemento do agregado familiar (at\u00e9 ao limite de 1.316 euros). \u00c9 ainda comparticipado o custo de transportes de bens, at\u00e9 ao limite de 878 euros.<\/p>\n\n\n\n<p>A Ministra do Trabalho, Solidariedade e Seguran\u00e7a Social, Ana Mendes Godinho,&nbsp;sublinha que \u201c\u00e9 fundamental criar condi\u00e7\u00f5es para fixar jovens no interior. Com este&nbsp;alargamento damos um importante passo para o posicionamento internacional de Portugal como um destino a partir do qual se pode trabalhar para qualquer ponto do&nbsp;mundo\u201d.<\/p>\n\n\n\n<p>A Ministra da Coes\u00e3o Territorial, Ana Abrunhosa, assinala que &#8220;a pandemia mostrou a muitos cidad\u00e3os e empresas que, trabalhando a partir do Interior, se consegue maior qualidade de vida e uma mais f\u00e1cil conjuga\u00e7\u00e3o entre vida familiar e vida profissional. Alargar estes apoios a cidad\u00e3os estrangeiros \u00e9 mais uma forma de contribuir para a atratividade e competitividade destes territ\u00f3rios.<\/p>\n\n\n\n<p>O Emprego Interior MAIS integra o programa \u201cTrabalhar no Interior\u201d, dinamizado por&nbsp;v\u00e1rias \u00e1reas governativas e coordenado pela \u00e1rea da Coes\u00e3o Territorial. Esta medida tem financiamento assegurado por fundos europeus dos Programas Operacionais Regionais.<\/p>\n","protected":false},"excerpt":{"rendered":"<p>O Governo vai alargar a medida Emprego Interior MAIS&nbsp;\u2013&nbsp;Mobilidade Apoiada para um Interior Sustent\u00e1vel \u00e0s pessoas residentes em pa\u00edses estrangeiros<\/p>\n","protected":false},"author":1,"featured_media":10831,"comment_status":"closed","ping_status":"open","sticky":false,"template":"","format":"standard","meta":{"colormag_page_container_layout":"default_layout","colormag_page_sidebar_layout":"default_layout","_monsterinsights_skip_tracking":false,"_monsterinsights_sitenote_active":false,"_monsterinsights_sitenote_note":"","_monsterinsights_sitenote_category":0,"jetpack_post_was_ever_published":false,"_jetpack_newsletter_access":"","_jetpack_dont_email_post_to_subs":false,"_jetpack_newsletter_tier_id":0,"_jetpack_memberships_contains_paywalled_content":false,"_jetpack_memberships_contains_paid_content":false,"footnotes":"","jetpack_publicize_message":"","jetpack_publicize_feature_enabled":true,"jetpack_social_post_already_shared":true,"jetpack_social_options":{"image_generator_settings":{"template":"highway","default_image_id":0,"font":"","enabled":false},"version":2}},"categories":[151],"tags":[153,98],"class_list":["post-10830","post","type-post","status-publish","format-standard","has-post-thumbnail","hentry","category-economia","tag-economia","tag-nacional"],"yoast_head":"<!-- This site is optimized with the Yoast SEO plugin v27.5 - https:\/\/yoast.com\/product\/yoast-seo-wordpress\/ -->\n<title>Programa de apoio \u00e0 mobilidade para o Interior vai ser alargado a residentes no estrangeiro - Algarve 7<\/title>\n<meta name=\"description\" content=\"Programa de apoio \u00e0 mobilidade para o Interior vai ser alargado a residentes no estrangeiro Economia\" \/>\n<meta name=\"robots\" content=\"index, follow, max-snippet:-1, max-image-preview:large, max-video-preview:-1\" \/>\n<link rel=\"canonical\" href=\"https:\/\/algarve7.pt\/index.php\/2021\/08\/programa-de-apoio-a-mobilidade-para-o-interior-vai-ser-alargado-a-residentes-no-estrangeiro\/economia\/12\/37\/\" \/>\n<meta property=\"og:locale\" content=\"pt_PT\" \/>\n<meta property=\"og:type\" content=\"article\" \/>\n<meta property=\"og:title\" content=\"Programa de apoio \u00e0 mobilidade para o Interior vai ser alargado a residentes no estrangeiro - Algarve 7\" \/>\n<meta property=\"og:description\" content=\"Programa de apoio \u00e0 mobilidade para o Interior vai ser alargado a residentes no estrangeiro Economia\" \/>\n<meta property=\"og:url\" content=\"https:\/\/algarve7.pt\/index.php\/2021\/08\/programa-de-apoio-a-mobilidade-para-o-interior-vai-ser-alargado-a-residentes-no-estrangeiro\/economia\/12\/37\/\" \/>\n<meta property=\"og:site_name\" content=\"Algarve 7\" \/>\n<meta property=\"article:publisher\" content=\"https:\/\/www.facebook.com\/algarve7\" \/>\n<meta property=\"article:author\" content=\"https:\/\/www.facebook.com\/algarve7\" \/>\n<meta property=\"article:published_time\" content=\"2021-08-14T11:37:40+00:00\" \/>\n<meta property=\"article:modified_time\" content=\"2021-08-14T11:37:42+00:00\" \/>\n<meta property=\"og:image\" content=\"https:\/\/algarve7.pt\/wp-content\/uploads\/2021\/08\/Ameixial-4.jpg\" \/>\n\t<meta property=\"og:image:width\" content=\"1920\" \/>\n\t<meta property=\"og:image:height\" content=\"1280\" \/>\n\t<meta property=\"og:image:type\" content=\"image\/jpeg\" \/>\n<meta name=\"author\" content=\"Algarve 7\" \/>\n<meta name=\"twitter:card\" content=\"summary_large_image\" \/>\n<meta name=\"twitter:creator\" content=\"@Algarvesete\" \/>\n<meta name=\"twitter:site\" content=\"@Algarvesete\" \/>\n<meta name=\"twitter:label1\" content=\"Escrito por\" \/>\n\t<meta name=\"twitter:data1\" content=\"Algarve 7\" \/>\n\t<meta name=\"twitter:label2\" content=\"Tempo estimado de leitura\" \/>\n\t<meta name=\"twitter:data2\" content=\"2 minutos\" \/>\n<script type=\"application\/ld+json\" class=\"yoast-schema-graph\">{\"@context\":\"https:\\\/\\\/schema.org\",\"@graph\":[{\"@type\":\"Article\",\"@id\":\"https:\\\/\\\/algarve7.pt\\\/index.php\\\/2021\\\/08\\\/programa-de-apoio-a-mobilidade-para-o-interior-vai-ser-alargado-a-residentes-no-estrangeiro\\\/economia\\\/12\\\/37\\\/#article\",\"isPartOf\":{\"@id\":\"https:\\\/\\\/algarve7.pt\\\/index.php\\\/2021\\\/08\\\/programa-de-apoio-a-mobilidade-para-o-interior-vai-ser-alargado-a-residentes-no-estrangeiro\\\/economia\\\/12\\\/37\\\/\"},\"author\":{\"name\":\"Algarve 7\",\"@id\":\"https:\\\/\\\/algarve7.pt\\\/#\\\/schema\\\/person\\\/23fa70681308e7b319a3204bcea45e0c\"},\"headline\":\"Programa de apoio \u00e0 mobilidade para o Interior vai ser alargado a residentes no estrangeiro\",\"datePublished\":\"2021-08-14T11:37:40+00:00\",\"dateModified\":\"2021-08-14T11:37:42+00:00\",\"mainEntityOfPage\":{\"@id\":\"https:\\\/\\\/algarve7.pt\\\/index.php\\\/2021\\\/08\\\/programa-de-apoio-a-mobilidade-para-o-interior-vai-ser-alargado-a-residentes-no-estrangeiro\\\/economia\\\/12\\\/37\\\/\"},\"wordCount\":472,\"publisher\":{\"@id\":\"https:\\\/\\\/algarve7.pt\\\/#organization\"},\"image\":{\"@id\":\"https:\\\/\\\/algarve7.pt\\\/index.php\\\/2021\\\/08\\\/programa-de-apoio-a-mobilidade-para-o-interior-vai-ser-alargado-a-residentes-no-estrangeiro\\\/economia\\\/12\\\/37\\\/#primaryimage\"},\"thumbnailUrl\":\"https:\\\/\\\/algarve7.pt\\\/wp-content\\\/uploads\\\/2021\\\/08\\\/Ameixial-4.jpg\",\"keywords\":[\"Economia\",\"Nacional\"],\"articleSection\":[\"Economia\"],\"inLanguage\":\"pt-PT\"},{\"@type\":\"WebPage\",\"@id\":\"https:\\\/\\\/algarve7.pt\\\/index.php\\\/2021\\\/08\\\/programa-de-apoio-a-mobilidade-para-o-interior-vai-ser-alargado-a-residentes-no-estrangeiro\\\/economia\\\/12\\\/37\\\/\",\"url\":\"https:\\\/\\\/algarve7.pt\\\/index.php\\\/2021\\\/08\\\/programa-de-apoio-a-mobilidade-para-o-interior-vai-ser-alargado-a-residentes-no-estrangeiro\\\/economia\\\/12\\\/37\\\/\",\"name\":\"Programa de apoio \u00e0 mobilidade para o Interior vai ser alargado a residentes no estrangeiro - Algarve 7\",\"isPartOf\":{\"@id\":\"https:\\\/\\\/algarve7.pt\\\/#website\"},\"primaryImageOfPage\":{\"@id\":\"https:\\\/\\\/algarve7.pt\\\/index.php\\\/2021\\\/08\\\/programa-de-apoio-a-mobilidade-para-o-interior-vai-ser-alargado-a-residentes-no-estrangeiro\\\/economia\\\/12\\\/37\\\/#primaryimage\"},\"image\":{\"@id\":\"https:\\\/\\\/algarve7.pt\\\/index.php\\\/2021\\\/08\\\/programa-de-apoio-a-mobilidade-para-o-interior-vai-ser-alargado-a-residentes-no-estrangeiro\\\/economia\\\/12\\\/37\\\/#primaryimage\"},\"thumbnailUrl\":\"https:\\\/\\\/algarve7.pt\\\/wp-content\\\/uploads\\\/2021\\\/08\\\/Ameixial-4.jpg\",\"datePublished\":\"2021-08-14T11:37:40+00:00\",\"dateModified\":\"2021-08-14T11:37:42+00:00\",\"description\":\"Programa de apoio \u00e0 mobilidade para o Interior vai ser alargado a residentes no estrangeiro Economia\",\"breadcrumb\":{\"@id\":\"https:\\\/\\\/algarve7.pt\\\/index.php\\\/2021\\\/08\\\/programa-de-apoio-a-mobilidade-para-o-interior-vai-ser-alargado-a-residentes-no-estrangeiro\\\/economia\\\/12\\\/37\\\/#breadcrumb\"},\"inLanguage\":\"pt-PT\",\"potentialAction\":[{\"@type\":\"ReadAction\",\"target\":[\"https:\\\/\\\/algarve7.pt\\\/index.php\\\/2021\\\/08\\\/programa-de-apoio-a-mobilidade-para-o-interior-vai-ser-alargado-a-residentes-no-estrangeiro\\\/economia\\\/12\\\/37\\\/\"]}]},{\"@type\":\"ImageObject\",\"inLanguage\":\"pt-PT\",\"@id\":\"https:\\\/\\\/algarve7.pt\\\/index.php\\\/2021\\\/08\\\/programa-de-apoio-a-mobilidade-para-o-interior-vai-ser-alargado-a-residentes-no-estrangeiro\\\/economia\\\/12\\\/37\\\/#primaryimage\",\"url\":\"https:\\\/\\\/algarve7.pt\\\/wp-content\\\/uploads\\\/2021\\\/08\\\/Ameixial-4.jpg\",\"contentUrl\":\"https:\\\/\\\/algarve7.pt\\\/wp-content\\\/uploads\\\/2021\\\/08\\\/Ameixial-4.jpg\",\"width\":1920,\"height\":1280},{\"@type\":\"BreadcrumbList\",\"@id\":\"https:\\\/\\\/algarve7.pt\\\/index.php\\\/2021\\\/08\\\/programa-de-apoio-a-mobilidade-para-o-interior-vai-ser-alargado-a-residentes-no-estrangeiro\\\/economia\\\/12\\\/37\\\/#breadcrumb\",\"itemListElement\":[{\"@type\":\"ListItem\",\"position\":1,\"name\":\"In\u00edcio\",\"item\":\"https:\\\/\\\/algarve7.pt\\\/\"},{\"@type\":\"ListItem\",\"position\":2,\"name\":\"Programa de apoio \u00e0 mobilidade para o Interior vai ser alargado a residentes no estrangeiro\"}]},{\"@type\":\"WebSite\",\"@id\":\"https:\\\/\\\/algarve7.pt\\\/#website\",\"url\":\"https:\\\/\\\/algarve7.pt\\\/\",\"name\":\"Algarve 7\",\"description\":\"Informa\u00e7\u00e3o sobre o Algarve\",\"publisher\":{\"@id\":\"https:\\\/\\\/algarve7.pt\\\/#organization\"},\"potentialAction\":[{\"@type\":\"SearchAction\",\"target\":{\"@type\":\"EntryPoint\",\"urlTemplate\":\"https:\\\/\\\/algarve7.pt\\\/?s={search_term_string}\"},\"query-input\":{\"@type\":\"PropertyValueSpecification\",\"valueRequired\":true,\"valueName\":\"search_term_string\"}}],\"inLanguage\":\"pt-PT\"},{\"@type\":\"Organization\",\"@id\":\"https:\\\/\\\/algarve7.pt\\\/#organization\",\"name\":\"Algarve 7\",\"url\":\"https:\\\/\\\/algarve7.pt\\\/\",\"logo\":{\"@type\":\"ImageObject\",\"inLanguage\":\"pt-PT\",\"@id\":\"https:\\\/\\\/algarve7.pt\\\/#\\\/schema\\\/logo\\\/image\\\/\",\"url\":\"https:\\\/\\\/algarve7.pt\\\/wp-content\\\/uploads\\\/2020\\\/10\\\/Logo-8.jpg\",\"contentUrl\":\"https:\\\/\\\/algarve7.pt\\\/wp-content\\\/uploads\\\/2020\\\/10\\\/Logo-8.jpg\",\"width\":1680,\"height\":1186,\"caption\":\"Algarve 7\"},\"image\":{\"@id\":\"https:\\\/\\\/algarve7.pt\\\/#\\\/schema\\\/logo\\\/image\\\/\"},\"sameAs\":[\"https:\\\/\\\/www.facebook.com\\\/algarve7\",\"https:\\\/\\\/x.com\\\/Algarvesete\",\"https:\\\/\\\/www.instagram.com\\\/jornalalgarve7\\\/\",\"https:\\\/\\\/www.linkedin.com\\\/company\\\/algarve7\",\"https:\\\/\\\/www.pinterest.pt\\\/geral0939\\\/_created\\\/\"]},{\"@type\":\"Person\",\"@id\":\"https:\\\/\\\/algarve7.pt\\\/#\\\/schema\\\/person\\\/23fa70681308e7b319a3204bcea45e0c\",\"name\":\"Algarve 7\",\"sameAs\":[\"https:\\\/\\\/algarve7.pt\",\"https:\\\/\\\/www.facebook.com\\\/algarve7\"],\"url\":\"https:\\\/\\\/algarve7.pt\\\/index.php\\\/author\\\/geralalgarve7-pt\\\/\"}]}<\/script>\n<!-- \/ Yoast SEO plugin. -->","yoast_head_json":{"title":"Programa de apoio \u00e0 mobilidade para o Interior vai ser alargado a residentes no estrangeiro - Algarve 7","description":"Programa de apoio \u00e0 mobilidade para o Interior vai ser alargado a residentes no estrangeiro Economia","robots":{"index":"index","follow":"follow","max-snippet":"max-snippet:-1","max-image-preview":"max-image-preview:large","max-video-preview":"max-video-preview:-1"},"canonical":"https:\/\/algarve7.pt\/index.php\/2021\/08\/programa-de-apoio-a-mobilidade-para-o-interior-vai-ser-alargado-a-residentes-no-estrangeiro\/economia\/12\/37\/","og_locale":"pt_PT","og_type":"article","og_title":"Programa de apoio \u00e0 mobilidade para o Interior vai ser alargado a residentes no estrangeiro - Algarve 7","og_description":"Programa de apoio \u00e0 mobilidade para o Interior vai ser alargado a residentes no estrangeiro Economia","og_url":"https:\/\/algarve7.pt\/index.php\/2021\/08\/programa-de-apoio-a-mobilidade-para-o-interior-vai-ser-alargado-a-residentes-no-estrangeiro\/economia\/12\/37\/","og_site_name":"Algarve 7","article_publisher":"https:\/\/www.facebook.com\/algarve7","article_author":"https:\/\/www.facebook.com\/algarve7","article_published_time":"2021-08-14T11:37:40+00:00","article_modified_time":"2021-08-14T11:37:42+00:00","og_image":[{"width":1920,"height":1280,"url":"https:\/\/algarve7.pt\/wp-content\/uploads\/2021\/08\/Ameixial-4.jpg","type":"image\/jpeg"}],"author":"Algarve 7","twitter_card":"summary_large_image","twitter_creator":"@Algarvesete","twitter_site":"@Algarvesete","twitter_misc":{"Escrito por":"Algarve 7","Tempo estimado de leitura":"2 minutos"},"schema":{"@context":"https:\/\/schema.org","@graph":[{"@type":"Article","@id":"https:\/\/algarve7.pt\/index.php\/2021\/08\/programa-de-apoio-a-mobilidade-para-o-interior-vai-ser-alargado-a-residentes-no-estrangeiro\/economia\/12\/37\/#article","isPartOf":{"@id":"https:\/\/algarve7.pt\/index.php\/2021\/08\/programa-de-apoio-a-mobilidade-para-o-interior-vai-ser-alargado-a-residentes-no-estrangeiro\/economia\/12\/37\/"},"author":{"name":"Algarve 7","@id":"https:\/\/algarve7.pt\/#\/schema\/person\/23fa70681308e7b319a3204bcea45e0c"},"headline":"Programa de apoio \u00e0 mobilidade para o Interior vai ser alargado a residentes no estrangeiro","datePublished":"2021-08-14T11:37:40+00:00","dateModified":"2021-08-14T11:37:42+00:00","mainEntityOfPage":{"@id":"https:\/\/algarve7.pt\/index.php\/2021\/08\/programa-de-apoio-a-mobilidade-para-o-interior-vai-ser-alargado-a-residentes-no-estrangeiro\/economia\/12\/37\/"},"wordCount":472,"publisher":{"@id":"https:\/\/algarve7.pt\/#organization"},"image":{"@id":"https:\/\/algarve7.pt\/index.php\/2021\/08\/programa-de-apoio-a-mobilidade-para-o-interior-vai-ser-alargado-a-residentes-no-estrangeiro\/economia\/12\/37\/#primaryimage"},"thumbnailUrl":"https:\/\/algarve7.pt\/wp-content\/uploads\/2021\/08\/Ameixial-4.jpg","keywords":["Economia","Nacional"],"articleSection":["Economia"],"inLanguage":"pt-PT"},{"@type":"WebPage","@id":"https:\/\/algarve7.pt\/index.php\/2021\/08\/programa-de-apoio-a-mobilidade-para-o-interior-vai-ser-alargado-a-residentes-no-estrangeiro\/economia\/12\/37\/","url":"https:\/\/algarve7.pt\/index.php\/2021\/08\/programa-de-apoio-a-mobilidade-para-o-interior-vai-ser-alargado-a-residentes-no-estrangeiro\/economia\/12\/37\/","name":"Programa de apoio \u00e0 mobilidade para o Interior vai ser alargado a residentes no estrangeiro - Algarve 7","isPartOf":{"@id":"https:\/\/algarve7.pt\/#website"},"primaryImageOfPage":{"@id":"https:\/\/algarve7.pt\/index.php\/2021\/08\/programa-de-apoio-a-mobilidade-para-o-interior-vai-ser-alargado-a-residentes-no-estrangeiro\/economia\/12\/37\/#primaryimage"},"image":{"@id":"https:\/\/algarve7.pt\/index.php\/2021\/08\/programa-de-apoio-a-mobilidade-para-o-interior-vai-ser-alargado-a-residentes-no-estrangeiro\/economia\/12\/37\/#primaryimage"},"thumbnailUrl":"https:\/\/algarve7.pt\/wp-content\/uploads\/2021\/08\/Ameixial-4.jpg","datePublished":"2021-08-14T11:37:40+00:00","dateModified":"2021-08-14T11:37:42+00:00","description":"Programa de apoio \u00e0 mobilidade para o Interior vai ser alargado a residentes no estrangeiro Economia","breadcrumb":{"@id":"https:\/\/algarve7.pt\/index.php\/2021\/08\/programa-de-apoio-a-mobilidade-para-o-interior-vai-ser-alargado-a-residentes-no-estrangeiro\/economia\/12\/37\/#breadcrumb"},"inLanguage":"pt-PT","potentialAction":[{"@type":"ReadAction","target":["https:\/\/algarve7.pt\/index.php\/2021\/08\/programa-de-apoio-a-mobilidade-para-o-interior-vai-ser-alargado-a-residentes-no-estrangeiro\/economia\/12\/37\/"]}]},{"@type":"ImageObject","inLanguage":"pt-PT","@id":"https:\/\/algarve7.pt\/index.php\/2021\/08\/programa-de-apoio-a-mobilidade-para-o-interior-vai-ser-alargado-a-residentes-no-estrangeiro\/economia\/12\/37\/#primaryimage","url":"https:\/\/algarve7.pt\/wp-content\/uploads\/2021\/08\/Ameixial-4.jpg","contentUrl":"https:\/\/algarve7.pt\/wp-content\/uploads\/2021\/08\/Ameixial-4.jpg","width":1920,"height":1280},{"@type":"BreadcrumbList","@id":"https:\/\/algarve7.pt\/index.php\/2021\/08\/programa-de-apoio-a-mobilidade-para-o-interior-vai-ser-alargado-a-residentes-no-estrangeiro\/economia\/12\/37\/#breadcrumb","itemListElement":[{"@type":"ListItem","position":1,"name":"In\u00edcio","item":"https:\/\/algarve7.pt\/"},{"@type":"ListItem","position":2,"name":"Programa de apoio \u00e0 mobilidade para o Interior vai ser alargado a residentes no estrangeiro"}]},{"@type":"WebSite","@id":"https:\/\/algarve7.pt\/#website","url":"https:\/\/algarve7.pt\/","name":"Algarve 7","description":"Informa\u00e7\u00e3o sobre o Algarve","publisher":{"@id":"https:\/\/algarve7.pt\/#organization"},"potentialAction":[{"@type":"SearchAction","target":{"@type":"EntryPoint","urlTemplate":"https:\/\/algarve7.pt\/?s={search_term_string}"},"query-input":{"@type":"PropertyValueSpecification","valueRequired":true,"valueName":"search_term_string"}}],"inLanguage":"pt-PT"},{"@type":"Organization","@id":"https:\/\/algarve7.pt\/#organization","name":"Algarve 7","url":"https:\/\/algarve7.pt\/","logo":{"@type":"ImageObject","inLanguage":"pt-PT","@id":"https:\/\/algarve7.pt\/#\/schema\/logo\/image\/","url":"https:\/\/algarve7.pt\/wp-content\/uploads\/2020\/10\/Logo-8.jpg","contentUrl":"https:\/\/algarve7.pt\/wp-content\/uploads\/2020\/10\/Logo-8.jpg","width":1680,"height":1186,"caption":"Algarve 7"},"image":{"@id":"https:\/\/algarve7.pt\/#\/schema\/logo\/image\/"},"sameAs":["https:\/\/www.facebook.com\/algarve7","https:\/\/x.com\/Algarvesete","https:\/\/www.instagram.com\/jornalalgarve7\/","https:\/\/www.linkedin.com\/company\/algarve7","https:\/\/www.pinterest.pt\/geral0939\/_created\/"]},{"@type":"Person","@id":"https:\/\/algarve7.pt\/#\/schema\/person\/23fa70681308e7b319a3204bcea45e0c","name":"Algarve 7","sameAs":["https:\/\/algarve7.pt","https:\/\/www.facebook.com\/algarve7"],"url":"https:\/\/algarve7.pt\/index.php\/author\/geralalgarve7-pt\/"}]}},"jetpack_publicize_connections":[],"jetpack_featured_media_url":"https:\/\/algarve7.pt\/wp-content\/uploads\/2021\/08\/Ameixial-4.jpg","jetpack_shortlink":"https:\/\/wp.me\/pcezmW-2OG","jetpack_sharing_enabled":true,"_links":{"self":[{"href":"https:\/\/algarve7.pt\/index.php\/wp-json\/wp\/v2\/posts\/10830","targetHints":{"allow":["GET"]}}],"collection":[{"href":"https:\/\/algarve7.pt\/index.php\/wp-json\/wp\/v2\/posts"}],"about":[{"href":"https:\/\/algarve7.pt\/index.php\/wp-json\/wp\/v2\/types\/post"}],"author":[{"embeddable":true,"href":"https:\/\/algarve7.pt\/index.php\/wp-json\/wp\/v2\/users\/1"}],"replies":[{"embeddable":true,"href":"https:\/\/algarve7.pt\/index.php\/wp-json\/wp\/v2\/comments?post=10830"}],"version-history":[{"count":0,"href":"https:\/\/algarve7.pt\/index.php\/wp-json\/wp\/v2\/posts\/10830\/revisions"}],"wp:featuredmedia":[{"embeddable":true,"href":"https:\/\/algarve7.pt\/index.php\/wp-json\/wp\/v2\/media\/10831"}],"wp:attachment":[{"href":"https:\/\/algarve7.pt\/index.php\/wp-json\/wp\/v2\/media?parent=10830"}],"wp:term":[{"taxonomy":"category","embeddable":true,"href":"https:\/\/algarve7.pt\/index.php\/wp-json\/wp\/v2\/categories?post=10830"},{"taxonomy":"post_tag","embeddable":true,"href":"https:\/\/algarve7.pt\/index.php\/wp-json\/wp\/v2\/tags?post=10830"}],"curies":[{"name":"wp","href":"https:\/\/api.w.org\/{rel}","templated":true}]}}