{"id":10810,"date":"2021-08-13T17:11:42","date_gmt":"2021-08-13T16:11:42","guid":{"rendered":"https:\/\/algarve7.pt\/?p=10810"},"modified":"2021-08-13T17:11:44","modified_gmt":"2021-08-13T16:11:44","slug":"policia-maritima-e-servico-municipal-de-protecao-civil-de-albufeira-evacuam-praia-do-ninho-de-andorinha-por-risco-de-derrocada","status":"publish","type":"post","link":"https:\/\/algarve7.pt\/index.php\/2021\/08\/policia-maritima-e-servico-municipal-de-protecao-civil-de-albufeira-evacuam-praia-do-ninho-de-andorinha-por-risco-de-derrocada\/atualidade\/17\/11\/","title":{"rendered":"Pol\u00edcia Mar\u00edtima e Servi\u00e7o Municipal de Prote\u00e7\u00e3o Civil de Albufeira evacuam praia do Ninho de Andorinha por risco de derrocada"},"content":{"rendered":"\n<p>Os elementos do Comando-local da Pol\u00edcia Mar\u00edtima de Albufeira e do Servi\u00e7o Municipal de Prote\u00e7\u00e3o Civil de Albufeira, em articula\u00e7\u00e3o com a APA (Ag\u00eancia Portuguesa do Ambiente), procederam \u00e0 evacua\u00e7\u00e3o e sinaliza\u00e7\u00e3o da praia do Ninho de Andorinha, por risco de derrocada, no dia 12 de agosto. No decorrer da avalia\u00e7\u00e3o preliminar efetuada pela Ag\u00eancia Portuguesa do Ambiente foram detetados sinais de imin\u00eancia de desmoronamento, nomeadamente fendas de tra\u00e7\u00e3o abertas, encontrando-se em avalia\u00e7\u00e3o a ado\u00e7\u00e3o de um desmonte controlado. <\/p>\n\n\n\n<p>A Ag\u00eancia Portuguesa do Ambiente determinou a interdi\u00e7\u00e3o da praia, ficando proibido o acesso ao areal e meio envolvente por via terrestre e mar\u00edtima.&nbsp;<\/p>\n\n\n\n<p><br>A praia do Ninho de Andorinha \u00e9 uma praia n\u00e3o concessionada e n\u00e3o vigiada, embora seja frequentada por banhistas.&nbsp;<\/p>\n","protected":false},"excerpt":{"rendered":"<p>Os elementos do Comando-local da Pol\u00edcia Mar\u00edtima de Albufeira e do Servi\u00e7o Municipal de Prote\u00e7\u00e3o Civil de Albufeira, em articula\u00e7\u00e3o<\/p>\n","protected":false},"author":1,"featured_media":10811,"comment_status":"closed","ping_status":"open","sticky":false,"template":"","format":"standard","meta":{"colormag_page_container_layout":"default_layout","colormag_page_sidebar_layout":"default_layout","_monsterinsights_skip_tracking":false,"_monsterinsights_sitenote_active":false,"_monsterinsights_sitenote_note":"","_monsterinsights_sitenote_category":0,"jetpack_post_was_ever_published":false,"_jetpack_newsletter_access":"","_jetpack_dont_email_post_to_subs":false,"_jetpack_newsletter_tier_id":0,"_jetpack_memberships_contains_paywalled_content":false,"_jetpack_memberships_contains_paid_content":false,"footnotes":"","jetpack_publicize_message":"","jetpack_publicize_feature_enabled":true,"jetpack_social_post_already_shared":true,"jetpack_social_options":{"image_generator_settings":{"template":"highway","default_image_id":0,"font":"","enabled":false},"version":2}},"categories":[11],"tags":[155,62,163,49],"class_list":["post-10810","post","type-post","status-publish","format-standard","has-post-thumbnail","hentry","category-atualidade","tag-albufeira","tag-atualidade","tag-autoridade-maritima","tag-praias"],"yoast_head":"<!-- This site is optimized with the Yoast SEO plugin v27.5 - https:\/\/yoast.com\/product\/yoast-seo-wordpress\/ -->\n<title>Pol\u00edcia Mar\u00edtima e Servi\u00e7o Municipal de Prote\u00e7\u00e3o Civil de Albufeira evacuam praia do Ninho de Andorinha por risco de derrocada - Algarve 7<\/title>\n<meta name=\"description\" content=\"Pol\u00edcia Mar\u00edtima e Servi\u00e7o Municipal de Prote\u00e7\u00e3o Civil de Albufeira evacuam praia do Ninho de Andorinha por risco de derrocada Atualidade\" \/>\n<meta name=\"robots\" content=\"index, follow, max-snippet:-1, max-image-preview:large, max-video-preview:-1\" \/>\n<link rel=\"canonical\" href=\"https:\/\/algarve7.pt\/index.php\/2021\/08\/policia-maritima-e-servico-municipal-de-protecao-civil-de-albufeira-evacuam-praia-do-ninho-de-andorinha-por-risco-de-derrocada\/atualidade\/17\/11\/\" \/>\n<meta property=\"og:locale\" content=\"pt_PT\" \/>\n<meta property=\"og:type\" content=\"article\" \/>\n<meta property=\"og:title\" content=\"Pol\u00edcia Mar\u00edtima e Servi\u00e7o Municipal de Prote\u00e7\u00e3o Civil de Albufeira evacuam praia do Ninho de Andorinha por risco de derrocada - Algarve 7\" \/>\n<meta property=\"og:description\" content=\"Pol\u00edcia Mar\u00edtima e Servi\u00e7o Municipal de Prote\u00e7\u00e3o Civil de Albufeira evacuam praia do Ninho de Andorinha por risco de derrocada Atualidade\" \/>\n<meta property=\"og:url\" content=\"https:\/\/algarve7.pt\/index.php\/2021\/08\/policia-maritima-e-servico-municipal-de-protecao-civil-de-albufeira-evacuam-praia-do-ninho-de-andorinha-por-risco-de-derrocada\/atualidade\/17\/11\/\" \/>\n<meta property=\"og:site_name\" content=\"Algarve 7\" \/>\n<meta property=\"article:publisher\" content=\"https:\/\/www.facebook.com\/algarve7\" \/>\n<meta property=\"article:author\" content=\"https:\/\/www.facebook.com\/algarve7\" \/>\n<meta property=\"article:published_time\" content=\"2021-08-13T16:11:42+00:00\" \/>\n<meta property=\"article:modified_time\" content=\"2021-08-13T16:11:44+00:00\" \/>\n<meta property=\"og:image\" content=\"https:\/\/algarve7.pt\/wp-content\/uploads\/2021\/08\/WhatsApp-Image-2021-08-13-at-15.23.44.jpg\" \/>\n\t<meta property=\"og:image:width\" content=\"600\" \/>\n\t<meta property=\"og:image:height\" content=\"450\" \/>\n\t<meta property=\"og:image:type\" content=\"image\/jpeg\" \/>\n<meta name=\"author\" content=\"Algarve 7\" \/>\n<meta name=\"twitter:card\" content=\"summary_large_image\" \/>\n<meta name=\"twitter:creator\" content=\"@Algarvesete\" \/>\n<meta name=\"twitter:site\" content=\"@Algarvesete\" \/>\n<meta name=\"twitter:label1\" content=\"Escrito por\" \/>\n\t<meta name=\"twitter:data1\" content=\"Algarve 7\" \/>\n\t<meta name=\"twitter:label2\" content=\"Tempo estimado de leitura\" \/>\n\t<meta name=\"twitter:data2\" content=\"1 minuto\" \/>\n<script type=\"application\/ld+json\" class=\"yoast-schema-graph\">{\"@context\":\"https:\\\/\\\/schema.org\",\"@graph\":[{\"@type\":\"Article\",\"@id\":\"https:\\\/\\\/algarve7.pt\\\/index.php\\\/2021\\\/08\\\/policia-maritima-e-servico-municipal-de-protecao-civil-de-albufeira-evacuam-praia-do-ninho-de-andorinha-por-risco-de-derrocada\\\/atualidade\\\/17\\\/11\\\/#article\",\"isPartOf\":{\"@id\":\"https:\\\/\\\/algarve7.pt\\\/index.php\\\/2021\\\/08\\\/policia-maritima-e-servico-municipal-de-protecao-civil-de-albufeira-evacuam-praia-do-ninho-de-andorinha-por-risco-de-derrocada\\\/atualidade\\\/17\\\/11\\\/\"},\"author\":{\"name\":\"Algarve 7\",\"@id\":\"https:\\\/\\\/algarve7.pt\\\/#\\\/schema\\\/person\\\/23fa70681308e7b319a3204bcea45e0c\"},\"headline\":\"Pol\u00edcia Mar\u00edtima e Servi\u00e7o Municipal de Prote\u00e7\u00e3o Civil de Albufeira evacuam praia do Ninho de Andorinha por risco de derrocada\",\"datePublished\":\"2021-08-13T16:11:42+00:00\",\"dateModified\":\"2021-08-13T16:11:44+00:00\",\"mainEntityOfPage\":{\"@id\":\"https:\\\/\\\/algarve7.pt\\\/index.php\\\/2021\\\/08\\\/policia-maritima-e-servico-municipal-de-protecao-civil-de-albufeira-evacuam-praia-do-ninho-de-andorinha-por-risco-de-derrocada\\\/atualidade\\\/17\\\/11\\\/\"},\"wordCount\":164,\"publisher\":{\"@id\":\"https:\\\/\\\/algarve7.pt\\\/#organization\"},\"image\":{\"@id\":\"https:\\\/\\\/algarve7.pt\\\/index.php\\\/2021\\\/08\\\/policia-maritima-e-servico-municipal-de-protecao-civil-de-albufeira-evacuam-praia-do-ninho-de-andorinha-por-risco-de-derrocada\\\/atualidade\\\/17\\\/11\\\/#primaryimage\"},\"thumbnailUrl\":\"https:\\\/\\\/algarve7.pt\\\/wp-content\\\/uploads\\\/2021\\\/08\\\/WhatsApp-Image-2021-08-13-at-15.23.44.jpg\",\"keywords\":[\"Albufeira\",\"Atualidade\",\"Autoridade Mar\u00edtima\",\"Praias\"],\"articleSection\":[\"Atualidade\"],\"inLanguage\":\"pt-PT\"},{\"@type\":\"WebPage\",\"@id\":\"https:\\\/\\\/algarve7.pt\\\/index.php\\\/2021\\\/08\\\/policia-maritima-e-servico-municipal-de-protecao-civil-de-albufeira-evacuam-praia-do-ninho-de-andorinha-por-risco-de-derrocada\\\/atualidade\\\/17\\\/11\\\/\",\"url\":\"https:\\\/\\\/algarve7.pt\\\/index.php\\\/2021\\\/08\\\/policia-maritima-e-servico-municipal-de-protecao-civil-de-albufeira-evacuam-praia-do-ninho-de-andorinha-por-risco-de-derrocada\\\/atualidade\\\/17\\\/11\\\/\",\"name\":\"Pol\u00edcia Mar\u00edtima e Servi\u00e7o Municipal de Prote\u00e7\u00e3o Civil de Albufeira evacuam praia do Ninho de Andorinha por risco de derrocada - Algarve 7\",\"isPartOf\":{\"@id\":\"https:\\\/\\\/algarve7.pt\\\/#website\"},\"primaryImageOfPage\":{\"@id\":\"https:\\\/\\\/algarve7.pt\\\/index.php\\\/2021\\\/08\\\/policia-maritima-e-servico-municipal-de-protecao-civil-de-albufeira-evacuam-praia-do-ninho-de-andorinha-por-risco-de-derrocada\\\/atualidade\\\/17\\\/11\\\/#primaryimage\"},\"image\":{\"@id\":\"https:\\\/\\\/algarve7.pt\\\/index.php\\\/2021\\\/08\\\/policia-maritima-e-servico-municipal-de-protecao-civil-de-albufeira-evacuam-praia-do-ninho-de-andorinha-por-risco-de-derrocada\\\/atualidade\\\/17\\\/11\\\/#primaryimage\"},\"thumbnailUrl\":\"https:\\\/\\\/algarve7.pt\\\/wp-content\\\/uploads\\\/2021\\\/08\\\/WhatsApp-Image-2021-08-13-at-15.23.44.jpg\",\"datePublished\":\"2021-08-13T16:11:42+00:00\",\"dateModified\":\"2021-08-13T16:11:44+00:00\",\"description\":\"Pol\u00edcia Mar\u00edtima e Servi\u00e7o Municipal de Prote\u00e7\u00e3o Civil de Albufeira evacuam praia do Ninho de Andorinha por risco de derrocada Atualidade\",\"breadcrumb\":{\"@id\":\"https:\\\/\\\/algarve7.pt\\\/index.php\\\/2021\\\/08\\\/policia-maritima-e-servico-municipal-de-protecao-civil-de-albufeira-evacuam-praia-do-ninho-de-andorinha-por-risco-de-derrocada\\\/atualidade\\\/17\\\/11\\\/#breadcrumb\"},\"inLanguage\":\"pt-PT\",\"potentialAction\":[{\"@type\":\"ReadAction\",\"target\":[\"https:\\\/\\\/algarve7.pt\\\/index.php\\\/2021\\\/08\\\/policia-maritima-e-servico-municipal-de-protecao-civil-de-albufeira-evacuam-praia-do-ninho-de-andorinha-por-risco-de-derrocada\\\/atualidade\\\/17\\\/11\\\/\"]}]},{\"@type\":\"ImageObject\",\"inLanguage\":\"pt-PT\",\"@id\":\"https:\\\/\\\/algarve7.pt\\\/index.php\\\/2021\\\/08\\\/policia-maritima-e-servico-municipal-de-protecao-civil-de-albufeira-evacuam-praia-do-ninho-de-andorinha-por-risco-de-derrocada\\\/atualidade\\\/17\\\/11\\\/#primaryimage\",\"url\":\"https:\\\/\\\/algarve7.pt\\\/wp-content\\\/uploads\\\/2021\\\/08\\\/WhatsApp-Image-2021-08-13-at-15.23.44.jpg\",\"contentUrl\":\"https:\\\/\\\/algarve7.pt\\\/wp-content\\\/uploads\\\/2021\\\/08\\\/WhatsApp-Image-2021-08-13-at-15.23.44.jpg\",\"width\":600,\"height\":450},{\"@type\":\"BreadcrumbList\",\"@id\":\"https:\\\/\\\/algarve7.pt\\\/index.php\\\/2021\\\/08\\\/policia-maritima-e-servico-municipal-de-protecao-civil-de-albufeira-evacuam-praia-do-ninho-de-andorinha-por-risco-de-derrocada\\\/atualidade\\\/17\\\/11\\\/#breadcrumb\",\"itemListElement\":[{\"@type\":\"ListItem\",\"position\":1,\"name\":\"In\u00edcio\",\"item\":\"https:\\\/\\\/algarve7.pt\\\/\"},{\"@type\":\"ListItem\",\"position\":2,\"name\":\"Pol\u00edcia Mar\u00edtima e Servi\u00e7o Municipal de Prote\u00e7\u00e3o Civil de Albufeira evacuam praia do Ninho de Andorinha por risco de derrocada\"}]},{\"@type\":\"WebSite\",\"@id\":\"https:\\\/\\\/algarve7.pt\\\/#website\",\"url\":\"https:\\\/\\\/algarve7.pt\\\/\",\"name\":\"Algarve 7\",\"description\":\"Informa\u00e7\u00e3o sobre o Algarve\",\"publisher\":{\"@id\":\"https:\\\/\\\/algarve7.pt\\\/#organization\"},\"potentialAction\":[{\"@type\":\"SearchAction\",\"target\":{\"@type\":\"EntryPoint\",\"urlTemplate\":\"https:\\\/\\\/algarve7.pt\\\/?s={search_term_string}\"},\"query-input\":{\"@type\":\"PropertyValueSpecification\",\"valueRequired\":true,\"valueName\":\"search_term_string\"}}],\"inLanguage\":\"pt-PT\"},{\"@type\":\"Organization\",\"@id\":\"https:\\\/\\\/algarve7.pt\\\/#organization\",\"name\":\"Algarve 7\",\"url\":\"https:\\\/\\\/algarve7.pt\\\/\",\"logo\":{\"@type\":\"ImageObject\",\"inLanguage\":\"pt-PT\",\"@id\":\"https:\\\/\\\/algarve7.pt\\\/#\\\/schema\\\/logo\\\/image\\\/\",\"url\":\"https:\\\/\\\/algarve7.pt\\\/wp-content\\\/uploads\\\/2020\\\/10\\\/Logo-8.jpg\",\"contentUrl\":\"https:\\\/\\\/algarve7.pt\\\/wp-content\\\/uploads\\\/2020\\\/10\\\/Logo-8.jpg\",\"width\":1680,\"height\":1186,\"caption\":\"Algarve 7\"},\"image\":{\"@id\":\"https:\\\/\\\/algarve7.pt\\\/#\\\/schema\\\/logo\\\/image\\\/\"},\"sameAs\":[\"https:\\\/\\\/www.facebook.com\\\/algarve7\",\"https:\\\/\\\/x.com\\\/Algarvesete\",\"https:\\\/\\\/www.instagram.com\\\/jornalalgarve7\\\/\",\"https:\\\/\\\/www.linkedin.com\\\/company\\\/algarve7\",\"https:\\\/\\\/www.pinterest.pt\\\/geral0939\\\/_created\\\/\"]},{\"@type\":\"Person\",\"@id\":\"https:\\\/\\\/algarve7.pt\\\/#\\\/schema\\\/person\\\/23fa70681308e7b319a3204bcea45e0c\",\"name\":\"Algarve 7\",\"sameAs\":[\"https:\\\/\\\/algarve7.pt\",\"https:\\\/\\\/www.facebook.com\\\/algarve7\"],\"url\":\"https:\\\/\\\/algarve7.pt\\\/index.php\\\/author\\\/geralalgarve7-pt\\\/\"}]}<\/script>\n<!-- \/ Yoast SEO plugin. -->","yoast_head_json":{"title":"Pol\u00edcia Mar\u00edtima e Servi\u00e7o Municipal de Prote\u00e7\u00e3o Civil de Albufeira evacuam praia do Ninho de Andorinha por risco de derrocada - Algarve 7","description":"Pol\u00edcia Mar\u00edtima e Servi\u00e7o Municipal de Prote\u00e7\u00e3o Civil de Albufeira evacuam praia do Ninho de Andorinha por risco de derrocada Atualidade","robots":{"index":"index","follow":"follow","max-snippet":"max-snippet:-1","max-image-preview":"max-image-preview:large","max-video-preview":"max-video-preview:-1"},"canonical":"https:\/\/algarve7.pt\/index.php\/2021\/08\/policia-maritima-e-servico-municipal-de-protecao-civil-de-albufeira-evacuam-praia-do-ninho-de-andorinha-por-risco-de-derrocada\/atualidade\/17\/11\/","og_locale":"pt_PT","og_type":"article","og_title":"Pol\u00edcia Mar\u00edtima e Servi\u00e7o Municipal de Prote\u00e7\u00e3o Civil de Albufeira evacuam praia do Ninho de Andorinha por risco de derrocada - Algarve 7","og_description":"Pol\u00edcia Mar\u00edtima e Servi\u00e7o Municipal de Prote\u00e7\u00e3o Civil de Albufeira evacuam praia do Ninho de Andorinha por risco de derrocada Atualidade","og_url":"https:\/\/algarve7.pt\/index.php\/2021\/08\/policia-maritima-e-servico-municipal-de-protecao-civil-de-albufeira-evacuam-praia-do-ninho-de-andorinha-por-risco-de-derrocada\/atualidade\/17\/11\/","og_site_name":"Algarve 7","article_publisher":"https:\/\/www.facebook.com\/algarve7","article_author":"https:\/\/www.facebook.com\/algarve7","article_published_time":"2021-08-13T16:11:42+00:00","article_modified_time":"2021-08-13T16:11:44+00:00","og_image":[{"width":600,"height":450,"url":"https:\/\/algarve7.pt\/wp-content\/uploads\/2021\/08\/WhatsApp-Image-2021-08-13-at-15.23.44.jpg","type":"image\/jpeg"}],"author":"Algarve 7","twitter_card":"summary_large_image","twitter_creator":"@Algarvesete","twitter_site":"@Algarvesete","twitter_misc":{"Escrito por":"Algarve 7","Tempo estimado de leitura":"1 minuto"},"schema":{"@context":"https:\/\/schema.org","@graph":[{"@type":"Article","@id":"https:\/\/algarve7.pt\/index.php\/2021\/08\/policia-maritima-e-servico-municipal-de-protecao-civil-de-albufeira-evacuam-praia-do-ninho-de-andorinha-por-risco-de-derrocada\/atualidade\/17\/11\/#article","isPartOf":{"@id":"https:\/\/algarve7.pt\/index.php\/2021\/08\/policia-maritima-e-servico-municipal-de-protecao-civil-de-albufeira-evacuam-praia-do-ninho-de-andorinha-por-risco-de-derrocada\/atualidade\/17\/11\/"},"author":{"name":"Algarve 7","@id":"https:\/\/algarve7.pt\/#\/schema\/person\/23fa70681308e7b319a3204bcea45e0c"},"headline":"Pol\u00edcia Mar\u00edtima e Servi\u00e7o Municipal de Prote\u00e7\u00e3o Civil de Albufeira evacuam praia do Ninho de Andorinha por risco de derrocada","datePublished":"2021-08-13T16:11:42+00:00","dateModified":"2021-08-13T16:11:44+00:00","mainEntityOfPage":{"@id":"https:\/\/algarve7.pt\/index.php\/2021\/08\/policia-maritima-e-servico-municipal-de-protecao-civil-de-albufeira-evacuam-praia-do-ninho-de-andorinha-por-risco-de-derrocada\/atualidade\/17\/11\/"},"wordCount":164,"publisher":{"@id":"https:\/\/algarve7.pt\/#organization"},"image":{"@id":"https:\/\/algarve7.pt\/index.php\/2021\/08\/policia-maritima-e-servico-municipal-de-protecao-civil-de-albufeira-evacuam-praia-do-ninho-de-andorinha-por-risco-de-derrocada\/atualidade\/17\/11\/#primaryimage"},"thumbnailUrl":"https:\/\/algarve7.pt\/wp-content\/uploads\/2021\/08\/WhatsApp-Image-2021-08-13-at-15.23.44.jpg","keywords":["Albufeira","Atualidade","Autoridade Mar\u00edtima","Praias"],"articleSection":["Atualidade"],"inLanguage":"pt-PT"},{"@type":"WebPage","@id":"https:\/\/algarve7.pt\/index.php\/2021\/08\/policia-maritima-e-servico-municipal-de-protecao-civil-de-albufeira-evacuam-praia-do-ninho-de-andorinha-por-risco-de-derrocada\/atualidade\/17\/11\/","url":"https:\/\/algarve7.pt\/index.php\/2021\/08\/policia-maritima-e-servico-municipal-de-protecao-civil-de-albufeira-evacuam-praia-do-ninho-de-andorinha-por-risco-de-derrocada\/atualidade\/17\/11\/","name":"Pol\u00edcia Mar\u00edtima e Servi\u00e7o Municipal de Prote\u00e7\u00e3o Civil de Albufeira evacuam praia do Ninho de Andorinha por risco de derrocada - Algarve 7","isPartOf":{"@id":"https:\/\/algarve7.pt\/#website"},"primaryImageOfPage":{"@id":"https:\/\/algarve7.pt\/index.php\/2021\/08\/policia-maritima-e-servico-municipal-de-protecao-civil-de-albufeira-evacuam-praia-do-ninho-de-andorinha-por-risco-de-derrocada\/atualidade\/17\/11\/#primaryimage"},"image":{"@id":"https:\/\/algarve7.pt\/index.php\/2021\/08\/policia-maritima-e-servico-municipal-de-protecao-civil-de-albufeira-evacuam-praia-do-ninho-de-andorinha-por-risco-de-derrocada\/atualidade\/17\/11\/#primaryimage"},"thumbnailUrl":"https:\/\/algarve7.pt\/wp-content\/uploads\/2021\/08\/WhatsApp-Image-2021-08-13-at-15.23.44.jpg","datePublished":"2021-08-13T16:11:42+00:00","dateModified":"2021-08-13T16:11:44+00:00","description":"Pol\u00edcia Mar\u00edtima e Servi\u00e7o Municipal de Prote\u00e7\u00e3o Civil de Albufeira evacuam praia do Ninho de Andorinha por risco de derrocada Atualidade","breadcrumb":{"@id":"https:\/\/algarve7.pt\/index.php\/2021\/08\/policia-maritima-e-servico-municipal-de-protecao-civil-de-albufeira-evacuam-praia-do-ninho-de-andorinha-por-risco-de-derrocada\/atualidade\/17\/11\/#breadcrumb"},"inLanguage":"pt-PT","potentialAction":[{"@type":"ReadAction","target":["https:\/\/algarve7.pt\/index.php\/2021\/08\/policia-maritima-e-servico-municipal-de-protecao-civil-de-albufeira-evacuam-praia-do-ninho-de-andorinha-por-risco-de-derrocada\/atualidade\/17\/11\/"]}]},{"@type":"ImageObject","inLanguage":"pt-PT","@id":"https:\/\/algarve7.pt\/index.php\/2021\/08\/policia-maritima-e-servico-municipal-de-protecao-civil-de-albufeira-evacuam-praia-do-ninho-de-andorinha-por-risco-de-derrocada\/atualidade\/17\/11\/#primaryimage","url":"https:\/\/algarve7.pt\/wp-content\/uploads\/2021\/08\/WhatsApp-Image-2021-08-13-at-15.23.44.jpg","contentUrl":"https:\/\/algarve7.pt\/wp-content\/uploads\/2021\/08\/WhatsApp-Image-2021-08-13-at-15.23.44.jpg","width":600,"height":450},{"@type":"BreadcrumbList","@id":"https:\/\/algarve7.pt\/index.php\/2021\/08\/policia-maritima-e-servico-municipal-de-protecao-civil-de-albufeira-evacuam-praia-do-ninho-de-andorinha-por-risco-de-derrocada\/atualidade\/17\/11\/#breadcrumb","itemListElement":[{"@type":"ListItem","position":1,"name":"In\u00edcio","item":"https:\/\/algarve7.pt\/"},{"@type":"ListItem","position":2,"name":"Pol\u00edcia Mar\u00edtima e Servi\u00e7o Municipal de Prote\u00e7\u00e3o Civil de Albufeira evacuam praia do Ninho de Andorinha por risco de derrocada"}]},{"@type":"WebSite","@id":"https:\/\/algarve7.pt\/#website","url":"https:\/\/algarve7.pt\/","name":"Algarve 7","description":"Informa\u00e7\u00e3o sobre o Algarve","publisher":{"@id":"https:\/\/algarve7.pt\/#organization"},"potentialAction":[{"@type":"SearchAction","target":{"@type":"EntryPoint","urlTemplate":"https:\/\/algarve7.pt\/?s={search_term_string}"},"query-input":{"@type":"PropertyValueSpecification","valueRequired":true,"valueName":"search_term_string"}}],"inLanguage":"pt-PT"},{"@type":"Organization","@id":"https:\/\/algarve7.pt\/#organization","name":"Algarve 7","url":"https:\/\/algarve7.pt\/","logo":{"@type":"ImageObject","inLanguage":"pt-PT","@id":"https:\/\/algarve7.pt\/#\/schema\/logo\/image\/","url":"https:\/\/algarve7.pt\/wp-content\/uploads\/2020\/10\/Logo-8.jpg","contentUrl":"https:\/\/algarve7.pt\/wp-content\/uploads\/2020\/10\/Logo-8.jpg","width":1680,"height":1186,"caption":"Algarve 7"},"image":{"@id":"https:\/\/algarve7.pt\/#\/schema\/logo\/image\/"},"sameAs":["https:\/\/www.facebook.com\/algarve7","https:\/\/x.com\/Algarvesete","https:\/\/www.instagram.com\/jornalalgarve7\/","https:\/\/www.linkedin.com\/company\/algarve7","https:\/\/www.pinterest.pt\/geral0939\/_created\/"]},{"@type":"Person","@id":"https:\/\/algarve7.pt\/#\/schema\/person\/23fa70681308e7b319a3204bcea45e0c","name":"Algarve 7","sameAs":["https:\/\/algarve7.pt","https:\/\/www.facebook.com\/algarve7"],"url":"https:\/\/algarve7.pt\/index.php\/author\/geralalgarve7-pt\/"}]}},"jetpack_publicize_connections":[],"jetpack_featured_media_url":"https:\/\/algarve7.pt\/wp-content\/uploads\/2021\/08\/WhatsApp-Image-2021-08-13-at-15.23.44.jpg","jetpack_shortlink":"https:\/\/wp.me\/pcezmW-2Om","jetpack_sharing_enabled":true,"_links":{"self":[{"href":"https:\/\/algarve7.pt\/index.php\/wp-json\/wp\/v2\/posts\/10810","targetHints":{"allow":["GET"]}}],"collection":[{"href":"https:\/\/algarve7.pt\/index.php\/wp-json\/wp\/v2\/posts"}],"about":[{"href":"https:\/\/algarve7.pt\/index.php\/wp-json\/wp\/v2\/types\/post"}],"author":[{"embeddable":true,"href":"https:\/\/algarve7.pt\/index.php\/wp-json\/wp\/v2\/users\/1"}],"replies":[{"embeddable":true,"href":"https:\/\/algarve7.pt\/index.php\/wp-json\/wp\/v2\/comments?post=10810"}],"version-history":[{"count":0,"href":"https:\/\/algarve7.pt\/index.php\/wp-json\/wp\/v2\/posts\/10810\/revisions"}],"wp:featuredmedia":[{"embeddable":true,"href":"https:\/\/algarve7.pt\/index.php\/wp-json\/wp\/v2\/media\/10811"}],"wp:attachment":[{"href":"https:\/\/algarve7.pt\/index.php\/wp-json\/wp\/v2\/media?parent=10810"}],"wp:term":[{"taxonomy":"category","embeddable":true,"href":"https:\/\/algarve7.pt\/index.php\/wp-json\/wp\/v2\/categories?post=10810"},{"taxonomy":"post_tag","embeddable":true,"href":"https:\/\/algarve7.pt\/index.php\/wp-json\/wp\/v2\/tags?post=10810"}],"curies":[{"name":"wp","href":"https:\/\/api.w.org\/{rel}","templated":true}]}}