{"id":10807,"date":"2021-08-13T15:30:00","date_gmt":"2021-08-13T14:30:00","guid":{"rendered":"https:\/\/algarve7.pt\/?p=10807"},"modified":"2021-08-13T14:47:13","modified_gmt":"2021-08-13T13:47:13","slug":"jovens-voluntarios-do-just-a-change-estao-em-portimao-para-dedicar-as-suas-ferias-a-reabilitar-casas-de-pessoas-desfavorecidas","status":"publish","type":"post","link":"https:\/\/algarve7.pt\/index.php\/2021\/08\/jovens-voluntarios-do-just-a-change-estao-em-portimao-para-dedicar-as-suas-ferias-a-reabilitar-casas-de-pessoas-desfavorecidas\/atualidade\/15\/30\/","title":{"rendered":"Jovens volunt\u00e1rios do Just a Change est\u00e3o em Portim\u00e3o para dedicar as suas f\u00e9rias a reabilitar casas de pessoas desfavorecidas"},"content":{"rendered":"\n<p>Durante a primeira quinzena de agosto, um grupo de 27 jovens volunt\u00e1rios da Associa\u00e7\u00e3o Just a Change prescindiu das suas f\u00e9rias e meteu m\u00e3os \u00e0 obra, no sentido de reabilitar tr\u00eas casas de pessoas desfavorecidas do concelho de Portim\u00e3o, duas localizadas na freguesia da Mexilhoeira Grande e a outra na freguesia de Alvor.&nbsp;<\/p>\n\n\n\n<p>Com uma m\u00e9dia de idades na ordem dos 23 anos, os jovens volunt\u00e1rios que participam no Camp In Portim\u00e3o s\u00e3o de nacionalidades portuguesa, alem\u00e3 e espanhola, e participam neste projeto ao abrigo do protocolo de colabora\u00e7\u00e3o celebrado entre o Munic\u00edpio de Portim\u00e3o e o Just a Change, cuja miss\u00e3o se desenvolve por todo o pa\u00eds sob o lema \u201cReabilitamos casas, reconstru\u00edmos vidas\u201d, e que conta com a parceria do IKEA Portugal para a zona do Algarve.<\/p>\n\n\n\n<p>Nas tr\u00eas interven\u00e7\u00f5es a decorrer no concelho de Portim\u00e3o at\u00e9 ao dia 15 de agosto, o objetivo \u00e9 proporcionar melhores condi\u00e7\u00f5es habitacionais a idosos que vivem em condi\u00e7\u00f5es de precaridade e padecem de car\u00eancias econ\u00f3micas comprovadas, alguns com filhos a cargo, assegurando os volunt\u00e1rios todos os trabalhos necess\u00e1rios, nomeadamente em paredes e telhados e ao n\u00edvel das infraestruturas de saneamento b\u00e1sico e da rede el\u00e9trica.<\/p>\n\n\n\n<p>Cabe ao Munic\u00edpio de Portim\u00e3o garantir algum apoio financeiro e quest\u00f5es log\u00edsticas como \u00e9 o caso do alojamento e despesas de alimenta\u00e7\u00e3o dos 27 jovens participantes nesta miss\u00e3o, sendo o grupo constitu\u00eddo por 15 rapazes e 12 raparigas.<\/p>\n\n\n\n<p><strong>Reconstru\u00e7\u00e3o de casa com 120 anos<\/strong><strong><\/strong><\/p>\n\n\n\n<p>A vereadora da C\u00e2mara Municipal de Portim\u00e3o com o pelouro da A\u00e7\u00e3o Social e Sa\u00fade, Teresa Mendes, acompanhou de perto os trabalhos que decorrem numa casa situada na zona rural do Ar\u00e3o, na freguesia da Mexilhoeira Grande, constru\u00edda h\u00e1 cerca de 120 anos e onde mora uma idosa acamada e o seu filho, entretanto alojados em casa de familiares at\u00e9 \u00e0 conclus\u00e3o dos trabalhos.<\/p>\n\n\n\n<p>O diretor do Camp In de Portim\u00e3o, Jo\u00e3o Tavares, explica que&nbsp;a habita\u00e7\u00e3o \u201cencontrava-se em muito mau estado, estando a equipa do Just a Change a refor\u00e7ar as paredes e a substituir o telhado, al\u00e9m da cria\u00e7\u00e3o de uma casa-de-banho, da instala\u00e7\u00e3o de uma bancada de cozinha e da coloca\u00e7\u00e3o do sistema el\u00e9trico e da rede de esgotos, entre outras interven\u00e7\u00f5es, como a cria\u00e7\u00e3o de janelas e a pintura final do im\u00f3vel. Temos aqui oito volunt\u00e1rios, que respeitam um plano de obra e o relat\u00f3rio previamente elaborado sobre quest\u00f5es de seguran\u00e7a, para que tudo corra pelo melhor.\u201d<\/p>\n\n\n\n<p><strong>Projeto promove a cidadania ativa e a solidariedade<\/strong><\/p>\n\n\n\n<p>Sobre o alcance deste servi\u00e7o de voluntariado, a vereadora Teresa Mendes explica que a autarquia \u201ctem uma grande dificuldade na ajuda a pessoas com habita\u00e7\u00e3o pr\u00f3pria, nomeadamente em \u00e1reas isoladas, porque a legisla\u00e7\u00e3o n\u00e3o nos permite intervir, j\u00e1 que se trata de casas particulares. Portanto, esta parceria representa uma grande oportunidade, primeiro porque acab\u00e1mos por ajudar pessoas carenciadas e que precisam bastante de condi\u00e7\u00f5es de habitabilidade, de todo inexistentes, e depois porque este projeto envolve jovens e promove a cidadania ativa e a vertente solid\u00e1ria, t\u00e3o importantes quer para quem recebe a ajuda, quer para quem presta essa mesma ajuda.\u201d<\/p>\n\n\n\n<p>\u201cTrata-se de uma parceria fant\u00e1stica, porque o investimento aut\u00e1rquico \u00e9 pequeno, tendo em conta as obras em curso e, se n\u00e3o fosse assim, seria quase imposs\u00edvel criar esta qualidade de vida aos idosos abrangidos\u201d, considera a autarca, para quem \u201cesta magn\u00edfica experi\u00eancia \u00e9 uma aposta ganha, de repetir para o ano caso haja oportunidade.\u201d<\/p>\n\n\n\n<p>Ao concordar com o vatic\u00ednio da vereadora, Jo\u00e3o Tavares refor\u00e7a: \u201cN\u00e3o somos uma empresa de constru\u00e7\u00e3o, resumindo-se esta atividade, no fundo, \u00e0 componente humana, pois n\u00e3o s\u00f3 reabilitamos casas, como tentamos mudar a vida das pessoas para melhor. Em causa est\u00e1 a sua reintegra\u00e7\u00e3o na sociedade, porque muitas delas j\u00e1 h\u00e1 muito se sentem afastadas. O nosso envolvimento, que proporciona um aprendizado humano sem pre\u00e7o, consegue alterar este tipo de comportamentos introspetivos e at\u00e9 criamos sinergias com a vizinhan\u00e7a, sempre pronta a ajudar.\u201d<\/p>\n\n\n\n<p>Do seu ponto de vista, \u201co balan\u00e7o desta experi\u00eancia em Portim\u00e3o \u00e9 muito positivo, j\u00e1 que os benefici\u00e1rios viviam todos em p\u00e9ssimas condi\u00e7\u00f5es &#8211; sentimos que a nossa presen\u00e7a lhes fez uma diferen\u00e7a enorme. Para isso muito contribuiu a C\u00e2mara local, que est\u00e1 a ajudar os seus mun\u00edcipes, sendo merecedora de reconhecimento pela excelente forma como nos tratou nestas duas semanas.\u201d<\/p>\n\n\n\n<p><strong>\u201cTodos t\u00eam direito a uma casa digna\u201d<\/strong><\/p>\n\n\n\n<p>Para Ana Barbosa, respons\u00e1vel pela \u00e1rea da Sustentabilidade do IKEA Portugal, \u201ca\u00e7\u00f5es deste g\u00e9nero fazem todo o sentido, porque o IKEA acredita que a casa \u00e9 o lugar mais importante do mundo e que todos devemos ter uma habita\u00e7\u00e3o segura e confort\u00e1vel.\u201d<\/p>\n\n\n\n<p>\u201cInfelizmente, essa n\u00e3o \u00e9 a realidade, mas n\u00f3s \u2013 desta forma \u2013 podemos chegar a fam\u00edlias carenciadas e proporcionar-lhes uma casa digna. Portanto, nada poderia fazer mais sentido \u00e0 nossa empresa do que contribuir para uma miss\u00e3o que pugne por esse prop\u00f3sito. Assim, e durante este ver\u00e3o, vamos poder apoiar, atrav\u00e9s do Just a Change de munic\u00edpios como o de Portim\u00e3o, um total de 15 fam\u00edlias no Algarve, o que \u00e9 muito impactante\u201d, sublinha Ana Barbosa.<\/p>\n\n\n\n<p><strong>Associa\u00e7\u00e3o j\u00e1 reabilitou mais de 220 habita\u00e7\u00f5es<\/strong><\/p>\n\n\n\n<p>Institui\u00e7\u00e3o particular de solidariedade social com amplitude nacional, a associa\u00e7\u00e3o foi fundada em 2010, tendo reabilitado at\u00e9 ao momento mais de 220 casas e 60 institui\u00e7\u00f5es sociais, melhorando as condi\u00e7\u00f5es de habitabilidade de cerca de 4700 benefici\u00e1rios em 18 munic\u00edpios do pa\u00eds, com a colabora\u00e7\u00e3o altru\u00edsta de, aproximadamente, 5000 volunt\u00e1rios.<\/p>\n\n\n\n<p>\u201cQualquer pessoa pode inscrever-se no Just a Change, sendo a maioria dos volunt\u00e1rios estudantes universit\u00e1rios, sobretudo das \u00e1reas de Medicina, Engenharia, Direito e Letras, que aproveitam o per\u00edodo das f\u00e9rias de ver\u00e3o para darem uma m\u00e3ozinha a quem mais precisa\u201d, esclarece Jo\u00e3o Tavares.<\/p>\n","protected":false},"excerpt":{"rendered":"<p>Durante a primeira quinzena de agosto, um grupo de 27 jovens volunt\u00e1rios da Associa\u00e7\u00e3o Just a Change prescindiu das suas<\/p>\n","protected":false},"author":1,"featured_media":10808,"comment_status":"closed","ping_status":"open","sticky":false,"template":"","format":"standard","meta":{"colormag_page_container_layout":"default_layout","colormag_page_sidebar_layout":"default_layout","_monsterinsights_skip_tracking":false,"_monsterinsights_sitenote_active":false,"_monsterinsights_sitenote_note":"","_monsterinsights_sitenote_category":0,"jetpack_post_was_ever_published":false,"_jetpack_newsletter_access":"","_jetpack_dont_email_post_to_subs":false,"_jetpack_newsletter_tier_id":0,"_jetpack_memberships_contains_paywalled_content":false,"_jetpack_memberships_contains_paid_content":false,"footnotes":"","jetpack_publicize_message":"","jetpack_publicize_feature_enabled":true,"jetpack_social_post_already_shared":true,"jetpack_social_options":{"image_generator_settings":{"template":"highway","default_image_id":0,"font":"","enabled":false},"version":2}},"categories":[11],"tags":[36,62,72],"class_list":["post-10807","post","type-post","status-publish","format-standard","has-post-thumbnail","hentry","category-atualidade","tag-algarve","tag-atualidade","tag-portimao"],"yoast_head":"<!-- This site is optimized with the Yoast SEO plugin v27.5 - https:\/\/yoast.com\/product\/yoast-seo-wordpress\/ -->\n<title>Jovens volunt\u00e1rios do Just a Change est\u00e3o em Portim\u00e3o para dedicar as suas f\u00e9rias a reabilitar casas de pessoas desfavorecidas - Algarve 7<\/title>\n<meta name=\"description\" content=\"Jovens volunt\u00e1rios do Just a Change est\u00e3o em Portim\u00e3o para dedicar as suas f\u00e9rias a reabilitar casas de pessoas desfavorecidas Atualidade\" \/>\n<meta name=\"robots\" content=\"index, follow, max-snippet:-1, max-image-preview:large, max-video-preview:-1\" \/>\n<link rel=\"canonical\" href=\"https:\/\/algarve7.pt\/index.php\/2021\/08\/jovens-voluntarios-do-just-a-change-estao-em-portimao-para-dedicar-as-suas-ferias-a-reabilitar-casas-de-pessoas-desfavorecidas\/atualidade\/15\/30\/\" \/>\n<meta property=\"og:locale\" content=\"pt_PT\" \/>\n<meta property=\"og:type\" content=\"article\" \/>\n<meta property=\"og:title\" content=\"Jovens volunt\u00e1rios do Just a Change est\u00e3o em Portim\u00e3o para dedicar as suas f\u00e9rias a reabilitar casas de pessoas desfavorecidas - Algarve 7\" \/>\n<meta property=\"og:description\" content=\"Jovens volunt\u00e1rios do Just a Change est\u00e3o em Portim\u00e3o para dedicar as suas f\u00e9rias a reabilitar casas de pessoas desfavorecidas Atualidade\" \/>\n<meta property=\"og:url\" content=\"https:\/\/algarve7.pt\/index.php\/2021\/08\/jovens-voluntarios-do-just-a-change-estao-em-portimao-para-dedicar-as-suas-ferias-a-reabilitar-casas-de-pessoas-desfavorecidas\/atualidade\/15\/30\/\" \/>\n<meta property=\"og:site_name\" content=\"Algarve 7\" \/>\n<meta property=\"article:publisher\" content=\"https:\/\/www.facebook.com\/algarve7\" \/>\n<meta property=\"article:author\" content=\"https:\/\/www.facebook.com\/algarve7\" \/>\n<meta property=\"article:published_time\" content=\"2021-08-13T14:30:00+00:00\" \/>\n<meta property=\"og:image\" content=\"https:\/\/algarve7.pt\/wp-content\/uploads\/2021\/08\/Teresa-Mendes-Ana-Barbosa-e-Joao-Tavares-ladeados-por-voluntarios-e-por-familiares-da-moradora.jpg\" \/>\n\t<meta property=\"og:image:width\" content=\"1773\" \/>\n\t<meta property=\"og:image:height\" content=\"1182\" \/>\n\t<meta property=\"og:image:type\" content=\"image\/jpeg\" \/>\n<meta name=\"author\" content=\"Algarve 7\" \/>\n<meta name=\"twitter:card\" content=\"summary_large_image\" \/>\n<meta name=\"twitter:creator\" content=\"@Algarvesete\" \/>\n<meta name=\"twitter:site\" content=\"@Algarvesete\" \/>\n<meta name=\"twitter:label1\" content=\"Escrito por\" \/>\n\t<meta name=\"twitter:data1\" content=\"Algarve 7\" \/>\n\t<meta name=\"twitter:label2\" content=\"Tempo estimado de leitura\" \/>\n\t<meta name=\"twitter:data2\" content=\"5 minutos\" \/>\n<script type=\"application\/ld+json\" class=\"yoast-schema-graph\">{\"@context\":\"https:\\\/\\\/schema.org\",\"@graph\":[{\"@type\":\"Article\",\"@id\":\"https:\\\/\\\/algarve7.pt\\\/index.php\\\/2021\\\/08\\\/jovens-voluntarios-do-just-a-change-estao-em-portimao-para-dedicar-as-suas-ferias-a-reabilitar-casas-de-pessoas-desfavorecidas\\\/atualidade\\\/15\\\/30\\\/#article\",\"isPartOf\":{\"@id\":\"https:\\\/\\\/algarve7.pt\\\/index.php\\\/2021\\\/08\\\/jovens-voluntarios-do-just-a-change-estao-em-portimao-para-dedicar-as-suas-ferias-a-reabilitar-casas-de-pessoas-desfavorecidas\\\/atualidade\\\/15\\\/30\\\/\"},\"author\":{\"name\":\"Algarve 7\",\"@id\":\"https:\\\/\\\/algarve7.pt\\\/#\\\/schema\\\/person\\\/23fa70681308e7b319a3204bcea45e0c\"},\"headline\":\"Jovens volunt\u00e1rios do Just a Change est\u00e3o em Portim\u00e3o para dedicar as suas f\u00e9rias a reabilitar casas de pessoas desfavorecidas\",\"datePublished\":\"2021-08-13T14:30:00+00:00\",\"mainEntityOfPage\":{\"@id\":\"https:\\\/\\\/algarve7.pt\\\/index.php\\\/2021\\\/08\\\/jovens-voluntarios-do-just-a-change-estao-em-portimao-para-dedicar-as-suas-ferias-a-reabilitar-casas-de-pessoas-desfavorecidas\\\/atualidade\\\/15\\\/30\\\/\"},\"wordCount\":1054,\"publisher\":{\"@id\":\"https:\\\/\\\/algarve7.pt\\\/#organization\"},\"image\":{\"@id\":\"https:\\\/\\\/algarve7.pt\\\/index.php\\\/2021\\\/08\\\/jovens-voluntarios-do-just-a-change-estao-em-portimao-para-dedicar-as-suas-ferias-a-reabilitar-casas-de-pessoas-desfavorecidas\\\/atualidade\\\/15\\\/30\\\/#primaryimage\"},\"thumbnailUrl\":\"https:\\\/\\\/algarve7.pt\\\/wp-content\\\/uploads\\\/2021\\\/08\\\/Teresa-Mendes-Ana-Barbosa-e-Joao-Tavares-ladeados-por-voluntarios-e-por-familiares-da-moradora.jpg\",\"keywords\":[\"Algarve\",\"Atualidade\",\"Portim\u00e3o\"],\"articleSection\":[\"Atualidade\"],\"inLanguage\":\"pt-PT\"},{\"@type\":\"WebPage\",\"@id\":\"https:\\\/\\\/algarve7.pt\\\/index.php\\\/2021\\\/08\\\/jovens-voluntarios-do-just-a-change-estao-em-portimao-para-dedicar-as-suas-ferias-a-reabilitar-casas-de-pessoas-desfavorecidas\\\/atualidade\\\/15\\\/30\\\/\",\"url\":\"https:\\\/\\\/algarve7.pt\\\/index.php\\\/2021\\\/08\\\/jovens-voluntarios-do-just-a-change-estao-em-portimao-para-dedicar-as-suas-ferias-a-reabilitar-casas-de-pessoas-desfavorecidas\\\/atualidade\\\/15\\\/30\\\/\",\"name\":\"Jovens volunt\u00e1rios do Just a Change est\u00e3o em Portim\u00e3o para dedicar as suas f\u00e9rias a reabilitar casas de pessoas desfavorecidas - Algarve 7\",\"isPartOf\":{\"@id\":\"https:\\\/\\\/algarve7.pt\\\/#website\"},\"primaryImageOfPage\":{\"@id\":\"https:\\\/\\\/algarve7.pt\\\/index.php\\\/2021\\\/08\\\/jovens-voluntarios-do-just-a-change-estao-em-portimao-para-dedicar-as-suas-ferias-a-reabilitar-casas-de-pessoas-desfavorecidas\\\/atualidade\\\/15\\\/30\\\/#primaryimage\"},\"image\":{\"@id\":\"https:\\\/\\\/algarve7.pt\\\/index.php\\\/2021\\\/08\\\/jovens-voluntarios-do-just-a-change-estao-em-portimao-para-dedicar-as-suas-ferias-a-reabilitar-casas-de-pessoas-desfavorecidas\\\/atualidade\\\/15\\\/30\\\/#primaryimage\"},\"thumbnailUrl\":\"https:\\\/\\\/algarve7.pt\\\/wp-content\\\/uploads\\\/2021\\\/08\\\/Teresa-Mendes-Ana-Barbosa-e-Joao-Tavares-ladeados-por-voluntarios-e-por-familiares-da-moradora.jpg\",\"datePublished\":\"2021-08-13T14:30:00+00:00\",\"description\":\"Jovens volunt\u00e1rios do Just a Change est\u00e3o em Portim\u00e3o para dedicar as suas f\u00e9rias a reabilitar casas de pessoas desfavorecidas Atualidade\",\"breadcrumb\":{\"@id\":\"https:\\\/\\\/algarve7.pt\\\/index.php\\\/2021\\\/08\\\/jovens-voluntarios-do-just-a-change-estao-em-portimao-para-dedicar-as-suas-ferias-a-reabilitar-casas-de-pessoas-desfavorecidas\\\/atualidade\\\/15\\\/30\\\/#breadcrumb\"},\"inLanguage\":\"pt-PT\",\"potentialAction\":[{\"@type\":\"ReadAction\",\"target\":[\"https:\\\/\\\/algarve7.pt\\\/index.php\\\/2021\\\/08\\\/jovens-voluntarios-do-just-a-change-estao-em-portimao-para-dedicar-as-suas-ferias-a-reabilitar-casas-de-pessoas-desfavorecidas\\\/atualidade\\\/15\\\/30\\\/\"]}]},{\"@type\":\"ImageObject\",\"inLanguage\":\"pt-PT\",\"@id\":\"https:\\\/\\\/algarve7.pt\\\/index.php\\\/2021\\\/08\\\/jovens-voluntarios-do-just-a-change-estao-em-portimao-para-dedicar-as-suas-ferias-a-reabilitar-casas-de-pessoas-desfavorecidas\\\/atualidade\\\/15\\\/30\\\/#primaryimage\",\"url\":\"https:\\\/\\\/algarve7.pt\\\/wp-content\\\/uploads\\\/2021\\\/08\\\/Teresa-Mendes-Ana-Barbosa-e-Joao-Tavares-ladeados-por-voluntarios-e-por-familiares-da-moradora.jpg\",\"contentUrl\":\"https:\\\/\\\/algarve7.pt\\\/wp-content\\\/uploads\\\/2021\\\/08\\\/Teresa-Mendes-Ana-Barbosa-e-Joao-Tavares-ladeados-por-voluntarios-e-por-familiares-da-moradora.jpg\",\"width\":1773,\"height\":1182},{\"@type\":\"BreadcrumbList\",\"@id\":\"https:\\\/\\\/algarve7.pt\\\/index.php\\\/2021\\\/08\\\/jovens-voluntarios-do-just-a-change-estao-em-portimao-para-dedicar-as-suas-ferias-a-reabilitar-casas-de-pessoas-desfavorecidas\\\/atualidade\\\/15\\\/30\\\/#breadcrumb\",\"itemListElement\":[{\"@type\":\"ListItem\",\"position\":1,\"name\":\"In\u00edcio\",\"item\":\"https:\\\/\\\/algarve7.pt\\\/\"},{\"@type\":\"ListItem\",\"position\":2,\"name\":\"Jovens volunt\u00e1rios do Just a Change est\u00e3o em Portim\u00e3o para dedicar as suas f\u00e9rias a reabilitar casas de pessoas desfavorecidas\"}]},{\"@type\":\"WebSite\",\"@id\":\"https:\\\/\\\/algarve7.pt\\\/#website\",\"url\":\"https:\\\/\\\/algarve7.pt\\\/\",\"name\":\"Algarve 7\",\"description\":\"Informa\u00e7\u00e3o sobre o Algarve\",\"publisher\":{\"@id\":\"https:\\\/\\\/algarve7.pt\\\/#organization\"},\"potentialAction\":[{\"@type\":\"SearchAction\",\"target\":{\"@type\":\"EntryPoint\",\"urlTemplate\":\"https:\\\/\\\/algarve7.pt\\\/?s={search_term_string}\"},\"query-input\":{\"@type\":\"PropertyValueSpecification\",\"valueRequired\":true,\"valueName\":\"search_term_string\"}}],\"inLanguage\":\"pt-PT\"},{\"@type\":\"Organization\",\"@id\":\"https:\\\/\\\/algarve7.pt\\\/#organization\",\"name\":\"Algarve 7\",\"url\":\"https:\\\/\\\/algarve7.pt\\\/\",\"logo\":{\"@type\":\"ImageObject\",\"inLanguage\":\"pt-PT\",\"@id\":\"https:\\\/\\\/algarve7.pt\\\/#\\\/schema\\\/logo\\\/image\\\/\",\"url\":\"https:\\\/\\\/algarve7.pt\\\/wp-content\\\/uploads\\\/2020\\\/10\\\/Logo-8.jpg\",\"contentUrl\":\"https:\\\/\\\/algarve7.pt\\\/wp-content\\\/uploads\\\/2020\\\/10\\\/Logo-8.jpg\",\"width\":1680,\"height\":1186,\"caption\":\"Algarve 7\"},\"image\":{\"@id\":\"https:\\\/\\\/algarve7.pt\\\/#\\\/schema\\\/logo\\\/image\\\/\"},\"sameAs\":[\"https:\\\/\\\/www.facebook.com\\\/algarve7\",\"https:\\\/\\\/x.com\\\/Algarvesete\",\"https:\\\/\\\/www.instagram.com\\\/jornalalgarve7\\\/\",\"https:\\\/\\\/www.linkedin.com\\\/company\\\/algarve7\",\"https:\\\/\\\/www.pinterest.pt\\\/geral0939\\\/_created\\\/\"]},{\"@type\":\"Person\",\"@id\":\"https:\\\/\\\/algarve7.pt\\\/#\\\/schema\\\/person\\\/23fa70681308e7b319a3204bcea45e0c\",\"name\":\"Algarve 7\",\"sameAs\":[\"https:\\\/\\\/algarve7.pt\",\"https:\\\/\\\/www.facebook.com\\\/algarve7\"],\"url\":\"https:\\\/\\\/algarve7.pt\\\/index.php\\\/author\\\/geralalgarve7-pt\\\/\"}]}<\/script>\n<!-- \/ Yoast SEO plugin. -->","yoast_head_json":{"title":"Jovens volunt\u00e1rios do Just a Change est\u00e3o em Portim\u00e3o para dedicar as suas f\u00e9rias a reabilitar casas de pessoas desfavorecidas - Algarve 7","description":"Jovens volunt\u00e1rios do Just a Change est\u00e3o em Portim\u00e3o para dedicar as suas f\u00e9rias a reabilitar casas de pessoas desfavorecidas Atualidade","robots":{"index":"index","follow":"follow","max-snippet":"max-snippet:-1","max-image-preview":"max-image-preview:large","max-video-preview":"max-video-preview:-1"},"canonical":"https:\/\/algarve7.pt\/index.php\/2021\/08\/jovens-voluntarios-do-just-a-change-estao-em-portimao-para-dedicar-as-suas-ferias-a-reabilitar-casas-de-pessoas-desfavorecidas\/atualidade\/15\/30\/","og_locale":"pt_PT","og_type":"article","og_title":"Jovens volunt\u00e1rios do Just a Change est\u00e3o em Portim\u00e3o para dedicar as suas f\u00e9rias a reabilitar casas de pessoas desfavorecidas - Algarve 7","og_description":"Jovens volunt\u00e1rios do Just a Change est\u00e3o em Portim\u00e3o para dedicar as suas f\u00e9rias a reabilitar casas de pessoas desfavorecidas Atualidade","og_url":"https:\/\/algarve7.pt\/index.php\/2021\/08\/jovens-voluntarios-do-just-a-change-estao-em-portimao-para-dedicar-as-suas-ferias-a-reabilitar-casas-de-pessoas-desfavorecidas\/atualidade\/15\/30\/","og_site_name":"Algarve 7","article_publisher":"https:\/\/www.facebook.com\/algarve7","article_author":"https:\/\/www.facebook.com\/algarve7","article_published_time":"2021-08-13T14:30:00+00:00","og_image":[{"width":1773,"height":1182,"url":"https:\/\/algarve7.pt\/wp-content\/uploads\/2021\/08\/Teresa-Mendes-Ana-Barbosa-e-Joao-Tavares-ladeados-por-voluntarios-e-por-familiares-da-moradora.jpg","type":"image\/jpeg"}],"author":"Algarve 7","twitter_card":"summary_large_image","twitter_creator":"@Algarvesete","twitter_site":"@Algarvesete","twitter_misc":{"Escrito por":"Algarve 7","Tempo estimado de leitura":"5 minutos"},"schema":{"@context":"https:\/\/schema.org","@graph":[{"@type":"Article","@id":"https:\/\/algarve7.pt\/index.php\/2021\/08\/jovens-voluntarios-do-just-a-change-estao-em-portimao-para-dedicar-as-suas-ferias-a-reabilitar-casas-de-pessoas-desfavorecidas\/atualidade\/15\/30\/#article","isPartOf":{"@id":"https:\/\/algarve7.pt\/index.php\/2021\/08\/jovens-voluntarios-do-just-a-change-estao-em-portimao-para-dedicar-as-suas-ferias-a-reabilitar-casas-de-pessoas-desfavorecidas\/atualidade\/15\/30\/"},"author":{"name":"Algarve 7","@id":"https:\/\/algarve7.pt\/#\/schema\/person\/23fa70681308e7b319a3204bcea45e0c"},"headline":"Jovens volunt\u00e1rios do Just a Change est\u00e3o em Portim\u00e3o para dedicar as suas f\u00e9rias a reabilitar casas de pessoas desfavorecidas","datePublished":"2021-08-13T14:30:00+00:00","mainEntityOfPage":{"@id":"https:\/\/algarve7.pt\/index.php\/2021\/08\/jovens-voluntarios-do-just-a-change-estao-em-portimao-para-dedicar-as-suas-ferias-a-reabilitar-casas-de-pessoas-desfavorecidas\/atualidade\/15\/30\/"},"wordCount":1054,"publisher":{"@id":"https:\/\/algarve7.pt\/#organization"},"image":{"@id":"https:\/\/algarve7.pt\/index.php\/2021\/08\/jovens-voluntarios-do-just-a-change-estao-em-portimao-para-dedicar-as-suas-ferias-a-reabilitar-casas-de-pessoas-desfavorecidas\/atualidade\/15\/30\/#primaryimage"},"thumbnailUrl":"https:\/\/algarve7.pt\/wp-content\/uploads\/2021\/08\/Teresa-Mendes-Ana-Barbosa-e-Joao-Tavares-ladeados-por-voluntarios-e-por-familiares-da-moradora.jpg","keywords":["Algarve","Atualidade","Portim\u00e3o"],"articleSection":["Atualidade"],"inLanguage":"pt-PT"},{"@type":"WebPage","@id":"https:\/\/algarve7.pt\/index.php\/2021\/08\/jovens-voluntarios-do-just-a-change-estao-em-portimao-para-dedicar-as-suas-ferias-a-reabilitar-casas-de-pessoas-desfavorecidas\/atualidade\/15\/30\/","url":"https:\/\/algarve7.pt\/index.php\/2021\/08\/jovens-voluntarios-do-just-a-change-estao-em-portimao-para-dedicar-as-suas-ferias-a-reabilitar-casas-de-pessoas-desfavorecidas\/atualidade\/15\/30\/","name":"Jovens volunt\u00e1rios do Just a Change est\u00e3o em Portim\u00e3o para dedicar as suas f\u00e9rias a reabilitar casas de pessoas desfavorecidas - Algarve 7","isPartOf":{"@id":"https:\/\/algarve7.pt\/#website"},"primaryImageOfPage":{"@id":"https:\/\/algarve7.pt\/index.php\/2021\/08\/jovens-voluntarios-do-just-a-change-estao-em-portimao-para-dedicar-as-suas-ferias-a-reabilitar-casas-de-pessoas-desfavorecidas\/atualidade\/15\/30\/#primaryimage"},"image":{"@id":"https:\/\/algarve7.pt\/index.php\/2021\/08\/jovens-voluntarios-do-just-a-change-estao-em-portimao-para-dedicar-as-suas-ferias-a-reabilitar-casas-de-pessoas-desfavorecidas\/atualidade\/15\/30\/#primaryimage"},"thumbnailUrl":"https:\/\/algarve7.pt\/wp-content\/uploads\/2021\/08\/Teresa-Mendes-Ana-Barbosa-e-Joao-Tavares-ladeados-por-voluntarios-e-por-familiares-da-moradora.jpg","datePublished":"2021-08-13T14:30:00+00:00","description":"Jovens volunt\u00e1rios do Just a Change est\u00e3o em Portim\u00e3o para dedicar as suas f\u00e9rias a reabilitar casas de pessoas desfavorecidas Atualidade","breadcrumb":{"@id":"https:\/\/algarve7.pt\/index.php\/2021\/08\/jovens-voluntarios-do-just-a-change-estao-em-portimao-para-dedicar-as-suas-ferias-a-reabilitar-casas-de-pessoas-desfavorecidas\/atualidade\/15\/30\/#breadcrumb"},"inLanguage":"pt-PT","potentialAction":[{"@type":"ReadAction","target":["https:\/\/algarve7.pt\/index.php\/2021\/08\/jovens-voluntarios-do-just-a-change-estao-em-portimao-para-dedicar-as-suas-ferias-a-reabilitar-casas-de-pessoas-desfavorecidas\/atualidade\/15\/30\/"]}]},{"@type":"ImageObject","inLanguage":"pt-PT","@id":"https:\/\/algarve7.pt\/index.php\/2021\/08\/jovens-voluntarios-do-just-a-change-estao-em-portimao-para-dedicar-as-suas-ferias-a-reabilitar-casas-de-pessoas-desfavorecidas\/atualidade\/15\/30\/#primaryimage","url":"https:\/\/algarve7.pt\/wp-content\/uploads\/2021\/08\/Teresa-Mendes-Ana-Barbosa-e-Joao-Tavares-ladeados-por-voluntarios-e-por-familiares-da-moradora.jpg","contentUrl":"https:\/\/algarve7.pt\/wp-content\/uploads\/2021\/08\/Teresa-Mendes-Ana-Barbosa-e-Joao-Tavares-ladeados-por-voluntarios-e-por-familiares-da-moradora.jpg","width":1773,"height":1182},{"@type":"BreadcrumbList","@id":"https:\/\/algarve7.pt\/index.php\/2021\/08\/jovens-voluntarios-do-just-a-change-estao-em-portimao-para-dedicar-as-suas-ferias-a-reabilitar-casas-de-pessoas-desfavorecidas\/atualidade\/15\/30\/#breadcrumb","itemListElement":[{"@type":"ListItem","position":1,"name":"In\u00edcio","item":"https:\/\/algarve7.pt\/"},{"@type":"ListItem","position":2,"name":"Jovens volunt\u00e1rios do Just a Change est\u00e3o em Portim\u00e3o para dedicar as suas f\u00e9rias a reabilitar casas de pessoas desfavorecidas"}]},{"@type":"WebSite","@id":"https:\/\/algarve7.pt\/#website","url":"https:\/\/algarve7.pt\/","name":"Algarve 7","description":"Informa\u00e7\u00e3o sobre o Algarve","publisher":{"@id":"https:\/\/algarve7.pt\/#organization"},"potentialAction":[{"@type":"SearchAction","target":{"@type":"EntryPoint","urlTemplate":"https:\/\/algarve7.pt\/?s={search_term_string}"},"query-input":{"@type":"PropertyValueSpecification","valueRequired":true,"valueName":"search_term_string"}}],"inLanguage":"pt-PT"},{"@type":"Organization","@id":"https:\/\/algarve7.pt\/#organization","name":"Algarve 7","url":"https:\/\/algarve7.pt\/","logo":{"@type":"ImageObject","inLanguage":"pt-PT","@id":"https:\/\/algarve7.pt\/#\/schema\/logo\/image\/","url":"https:\/\/algarve7.pt\/wp-content\/uploads\/2020\/10\/Logo-8.jpg","contentUrl":"https:\/\/algarve7.pt\/wp-content\/uploads\/2020\/10\/Logo-8.jpg","width":1680,"height":1186,"caption":"Algarve 7"},"image":{"@id":"https:\/\/algarve7.pt\/#\/schema\/logo\/image\/"},"sameAs":["https:\/\/www.facebook.com\/algarve7","https:\/\/x.com\/Algarvesete","https:\/\/www.instagram.com\/jornalalgarve7\/","https:\/\/www.linkedin.com\/company\/algarve7","https:\/\/www.pinterest.pt\/geral0939\/_created\/"]},{"@type":"Person","@id":"https:\/\/algarve7.pt\/#\/schema\/person\/23fa70681308e7b319a3204bcea45e0c","name":"Algarve 7","sameAs":["https:\/\/algarve7.pt","https:\/\/www.facebook.com\/algarve7"],"url":"https:\/\/algarve7.pt\/index.php\/author\/geralalgarve7-pt\/"}]}},"jetpack_publicize_connections":[],"jetpack_featured_media_url":"https:\/\/algarve7.pt\/wp-content\/uploads\/2021\/08\/Teresa-Mendes-Ana-Barbosa-e-Joao-Tavares-ladeados-por-voluntarios-e-por-familiares-da-moradora.jpg","jetpack_shortlink":"https:\/\/wp.me\/pcezmW-2Oj","jetpack_sharing_enabled":true,"_links":{"self":[{"href":"https:\/\/algarve7.pt\/index.php\/wp-json\/wp\/v2\/posts\/10807","targetHints":{"allow":["GET"]}}],"collection":[{"href":"https:\/\/algarve7.pt\/index.php\/wp-json\/wp\/v2\/posts"}],"about":[{"href":"https:\/\/algarve7.pt\/index.php\/wp-json\/wp\/v2\/types\/post"}],"author":[{"embeddable":true,"href":"https:\/\/algarve7.pt\/index.php\/wp-json\/wp\/v2\/users\/1"}],"replies":[{"embeddable":true,"href":"https:\/\/algarve7.pt\/index.php\/wp-json\/wp\/v2\/comments?post=10807"}],"version-history":[{"count":0,"href":"https:\/\/algarve7.pt\/index.php\/wp-json\/wp\/v2\/posts\/10807\/revisions"}],"wp:featuredmedia":[{"embeddable":true,"href":"https:\/\/algarve7.pt\/index.php\/wp-json\/wp\/v2\/media\/10808"}],"wp:attachment":[{"href":"https:\/\/algarve7.pt\/index.php\/wp-json\/wp\/v2\/media?parent=10807"}],"wp:term":[{"taxonomy":"category","embeddable":true,"href":"https:\/\/algarve7.pt\/index.php\/wp-json\/wp\/v2\/categories?post=10807"},{"taxonomy":"post_tag","embeddable":true,"href":"https:\/\/algarve7.pt\/index.php\/wp-json\/wp\/v2\/tags?post=10807"}],"curies":[{"name":"wp","href":"https:\/\/api.w.org\/{rel}","templated":true}]}}