{"id":1067,"date":"2020-09-03T16:37:12","date_gmt":"2020-09-03T15:37:12","guid":{"rendered":"https:\/\/algarve7.pt\/?p=1067"},"modified":"2020-09-03T16:37:13","modified_gmt":"2020-09-03T15:37:13","slug":"campanha-promocional-de-lagos-ajuda-a-mitigar-efeitos-da-covid-no-turismo","status":"publish","type":"post","link":"https:\/\/algarve7.pt\/index.php\/2020\/09\/campanha-promocional-de-lagos-ajuda-a-mitigar-efeitos-da-covid-no-turismo\/turismo\/16\/37\/","title":{"rendered":"Campanha promocional de Lagos ajuda a mitigar efeitos da Covid no turismo"},"content":{"rendered":"\n<p><strong>Alcance rondou um milh\u00e3o de pessoas s\u00f3 no Facebook, numa estrat\u00e9gia que integrou rede de outdoors, autocarros, imprensa e r\u00e1dio.<\/strong><\/p>\n\n\n\n<p>Com o objetivo de mitigar os efeitos da pandemia no turismo da regi\u00e3o, a C\u00e2mara Municipal de Lagos lan\u00e7ou no final de julho \u2013 e at\u00e9 ao final de agosto \u2013 uma campanha nacional e internacional destinada a promover um ver\u00e3o respons\u00e1vel entre os que vivem, trabalham e visitam aquele que \u00e9 um dos principais destinos algarvios. Os resultados foram sendo sentidos ao longo do m\u00eas de agosto, com as taxas de ocupa\u00e7\u00e3o de hot\u00e9is e restaurantes a aumentarem de forma gradual, mesmo antes da abertura do corredor a\u00e9reo com o Reino Unido, decis\u00e3o que gerou uma procura ainda mais crescente.&nbsp;<\/p>\n\n\n\n<p>Composta por v\u00e1rios v\u00eddeos, rede de outdoors, mupis, an\u00fancios de imprensa e de r\u00e1dio, influenciadores e uma campanha digital direcionada ao p\u00fablico-alvo, o projeto atingiu um alcance significativo, em pa\u00edses como Portugal, Espanha, Fran\u00e7a, Inglaterra, Su\u00e9cia e Brasil. S\u00f3 no Facebook, o alcance rondou um milh\u00e3o de pessoas, tendo os v\u00e1rios v\u00eddeos \u2013 quer de lan\u00e7amento da campanha quer de depoimentos de turistas de v\u00e1rias nacionalidades \u2013 sido visualizados mais de 120 mil vezes.<\/p>\n\n\n\n<p>A campanha destacou tudo aquilo que um ver\u00e3o como este n\u00e3o p\u00f4de proporcionar, sejam abra\u00e7os, beijinhos, apertos de m\u00e3o, m\u00fasica a rasgar ou proximidade. No entanto, refor\u00e7ou os muitos argumentos que, ainda assim, um destino como Lagos tem para oferecer, como o mar, o patrim\u00f3nio, o melhor peixe, os doces regionais, a natureza e muitos sorrisos. Apelou ainda a um comportamento exemplar que permitisse \u201cuma volta feliz\u201d, at\u00e9 Lagos e de regresso a casa.<\/p>\n\n\n\n<p>Para Hugo Pereira, presidente da autarquia de Lagos, \u201cos objetivos eram preservar a boa imagem de Lagos e conseguir ainda este ano algum impacto nos n\u00fameros\u201d. \u201cAssim\u201d, acrescenta, \u201cfomos sentindo ao longo do m\u00eas que o n\u00famero de turistas na regi\u00e3o foi aumentando e que a seguran\u00e7a de todos esteve sempre acautelada, fruto da estrat\u00e9gia implementada e da postura respons\u00e1vel de todos os que visitaram a regi\u00e3o\u201d. E concluiu: \u201cEste est\u00e1 a ser um ano especial que exige a determina\u00e7\u00e3o de todos. E \u00e9 nesse sentido que n\u00e3o podia estar mais orgulhoso do trabalho da autarquia, das v\u00e1rias entidades de sa\u00fade e seguran\u00e7a p\u00fablica e de todos os habitantes e visitantes de Lagos. O esfor\u00e7o \u00e9 para manter\u201d.<\/p>\n\n\n\n<p>V\u00eddeo Campanha:<\/p>\n\n\n\n<p><a href=\"https:\/\/bit.ly\/2OM7kPC\">https:\/\/bit.ly\/2OM7kPC<\/a>&nbsp;(portugu\u00eas)<\/p>\n\n\n\n<p><a href=\"https:\/\/bit.ly\/3jMF9NN\">https:\/\/bit.ly\/3jMF9NN<\/a>&nbsp;(ingl\u00eas)<\/p>\n","protected":false},"excerpt":{"rendered":"<p>Alcance rondou um milh\u00e3o de pessoas s\u00f3 no Facebook, numa estrat\u00e9gia que integrou rede de outdoors, autocarros, imprensa e r\u00e1dio.<\/p>\n","protected":false},"author":1,"featured_media":1068,"comment_status":"closed","ping_status":"open","sticky":false,"template":"","format":"standard","meta":{"colormag_page_container_layout":"default_layout","colormag_page_sidebar_layout":"default_layout","_monsterinsights_skip_tracking":false,"_monsterinsights_sitenote_active":false,"_monsterinsights_sitenote_note":"","_monsterinsights_sitenote_category":0,"jetpack_post_was_ever_published":false,"_jetpack_newsletter_access":"","_jetpack_dont_email_post_to_subs":false,"_jetpack_newsletter_tier_id":0,"_jetpack_memberships_contains_paywalled_content":false,"_jetpack_memberships_contains_paid_content":false,"footnotes":"","jetpack_publicize_message":"","jetpack_publicize_feature_enabled":true,"jetpack_social_post_already_shared":true,"jetpack_social_options":{"image_generator_settings":{"template":"highway","default_image_id":0,"font":"","enabled":false},"version":2}},"categories":[17],"tags":[36,68,45],"class_list":["post-1067","post","type-post","status-publish","format-standard","has-post-thumbnail","hentry","category-turismo","tag-algarve","tag-lagos","tag-turismo"],"yoast_head":"<!-- This site is optimized with the Yoast SEO plugin v27.5 - https:\/\/yoast.com\/product\/yoast-seo-wordpress\/ -->\n<title>Campanha promocional de Lagos ajuda a mitigar efeitos da Covid no turismo - Algarve 7<\/title>\n<meta name=\"description\" content=\"Campanha promocional de Lagos ajuda a mitigar efeitos da Covid no turismo\" \/>\n<meta name=\"robots\" content=\"index, follow, max-snippet:-1, max-image-preview:large, max-video-preview:-1\" \/>\n<link rel=\"canonical\" href=\"https:\/\/algarve7.pt\/index.php\/2020\/09\/campanha-promocional-de-lagos-ajuda-a-mitigar-efeitos-da-covid-no-turismo\/turismo\/16\/37\/\" \/>\n<meta property=\"og:locale\" content=\"pt_PT\" \/>\n<meta property=\"og:type\" content=\"article\" \/>\n<meta property=\"og:title\" content=\"Campanha promocional de Lagos ajuda a mitigar efeitos da Covid no turismo - Algarve 7\" \/>\n<meta property=\"og:description\" content=\"Campanha promocional de Lagos ajuda a mitigar efeitos da Covid no turismo\" \/>\n<meta property=\"og:url\" content=\"https:\/\/algarve7.pt\/index.php\/2020\/09\/campanha-promocional-de-lagos-ajuda-a-mitigar-efeitos-da-covid-no-turismo\/turismo\/16\/37\/\" \/>\n<meta property=\"og:site_name\" content=\"Algarve 7\" \/>\n<meta property=\"article:publisher\" content=\"https:\/\/www.facebook.com\/algarve7\" \/>\n<meta property=\"article:author\" content=\"https:\/\/www.facebook.com\/algarve7\" \/>\n<meta property=\"article:published_time\" content=\"2020-09-03T15:37:12+00:00\" \/>\n<meta property=\"article:modified_time\" content=\"2020-09-03T15:37:13+00:00\" \/>\n<meta property=\"og:image\" content=\"https:\/\/algarve7.pt\/wp-content\/uploads\/2020\/09\/Lagos_VoltaFeliz_OCS-1024x768.png\" \/>\n\t<meta property=\"og:image:width\" content=\"1024\" \/>\n\t<meta property=\"og:image:height\" content=\"768\" \/>\n\t<meta property=\"og:image:type\" content=\"image\/png\" \/>\n<meta name=\"author\" content=\"Algarve 7\" \/>\n<meta name=\"twitter:card\" content=\"summary_large_image\" \/>\n<meta name=\"twitter:creator\" content=\"@Algarvesete\" \/>\n<meta name=\"twitter:site\" content=\"@Algarvesete\" \/>\n<meta name=\"twitter:label1\" content=\"Escrito por\" \/>\n\t<meta name=\"twitter:data1\" content=\"Algarve 7\" \/>\n\t<meta name=\"twitter:label2\" content=\"Tempo estimado de leitura\" \/>\n\t<meta name=\"twitter:data2\" content=\"2 minutos\" \/>\n<script type=\"application\/ld+json\" class=\"yoast-schema-graph\">{\"@context\":\"https:\\\/\\\/schema.org\",\"@graph\":[{\"@type\":\"Article\",\"@id\":\"https:\\\/\\\/algarve7.pt\\\/index.php\\\/2020\\\/09\\\/campanha-promocional-de-lagos-ajuda-a-mitigar-efeitos-da-covid-no-turismo\\\/turismo\\\/16\\\/37\\\/#article\",\"isPartOf\":{\"@id\":\"https:\\\/\\\/algarve7.pt\\\/index.php\\\/2020\\\/09\\\/campanha-promocional-de-lagos-ajuda-a-mitigar-efeitos-da-covid-no-turismo\\\/turismo\\\/16\\\/37\\\/\"},\"author\":{\"name\":\"Algarve 7\",\"@id\":\"https:\\\/\\\/algarve7.pt\\\/#\\\/schema\\\/person\\\/23fa70681308e7b319a3204bcea45e0c\"},\"headline\":\"Campanha promocional de Lagos ajuda a mitigar efeitos da Covid no turismo\",\"datePublished\":\"2020-09-03T15:37:12+00:00\",\"dateModified\":\"2020-09-03T15:37:13+00:00\",\"mainEntityOfPage\":{\"@id\":\"https:\\\/\\\/algarve7.pt\\\/index.php\\\/2020\\\/09\\\/campanha-promocional-de-lagos-ajuda-a-mitigar-efeitos-da-covid-no-turismo\\\/turismo\\\/16\\\/37\\\/\"},\"wordCount\":460,\"publisher\":{\"@id\":\"https:\\\/\\\/algarve7.pt\\\/#organization\"},\"image\":{\"@id\":\"https:\\\/\\\/algarve7.pt\\\/index.php\\\/2020\\\/09\\\/campanha-promocional-de-lagos-ajuda-a-mitigar-efeitos-da-covid-no-turismo\\\/turismo\\\/16\\\/37\\\/#primaryimage\"},\"thumbnailUrl\":\"https:\\\/\\\/algarve7.pt\\\/wp-content\\\/uploads\\\/2020\\\/09\\\/Lagos_VoltaFeliz_OCS.png\",\"keywords\":[\"Algarve\",\"Lagos\",\"Turismo\"],\"articleSection\":[\"Turismo\"],\"inLanguage\":\"pt-PT\"},{\"@type\":\"WebPage\",\"@id\":\"https:\\\/\\\/algarve7.pt\\\/index.php\\\/2020\\\/09\\\/campanha-promocional-de-lagos-ajuda-a-mitigar-efeitos-da-covid-no-turismo\\\/turismo\\\/16\\\/37\\\/\",\"url\":\"https:\\\/\\\/algarve7.pt\\\/index.php\\\/2020\\\/09\\\/campanha-promocional-de-lagos-ajuda-a-mitigar-efeitos-da-covid-no-turismo\\\/turismo\\\/16\\\/37\\\/\",\"name\":\"Campanha promocional de Lagos ajuda a mitigar efeitos da Covid no turismo - Algarve 7\",\"isPartOf\":{\"@id\":\"https:\\\/\\\/algarve7.pt\\\/#website\"},\"primaryImageOfPage\":{\"@id\":\"https:\\\/\\\/algarve7.pt\\\/index.php\\\/2020\\\/09\\\/campanha-promocional-de-lagos-ajuda-a-mitigar-efeitos-da-covid-no-turismo\\\/turismo\\\/16\\\/37\\\/#primaryimage\"},\"image\":{\"@id\":\"https:\\\/\\\/algarve7.pt\\\/index.php\\\/2020\\\/09\\\/campanha-promocional-de-lagos-ajuda-a-mitigar-efeitos-da-covid-no-turismo\\\/turismo\\\/16\\\/37\\\/#primaryimage\"},\"thumbnailUrl\":\"https:\\\/\\\/algarve7.pt\\\/wp-content\\\/uploads\\\/2020\\\/09\\\/Lagos_VoltaFeliz_OCS.png\",\"datePublished\":\"2020-09-03T15:37:12+00:00\",\"dateModified\":\"2020-09-03T15:37:13+00:00\",\"description\":\"Campanha promocional de Lagos ajuda a mitigar efeitos da Covid no turismo\",\"breadcrumb\":{\"@id\":\"https:\\\/\\\/algarve7.pt\\\/index.php\\\/2020\\\/09\\\/campanha-promocional-de-lagos-ajuda-a-mitigar-efeitos-da-covid-no-turismo\\\/turismo\\\/16\\\/37\\\/#breadcrumb\"},\"inLanguage\":\"pt-PT\",\"potentialAction\":[{\"@type\":\"ReadAction\",\"target\":[\"https:\\\/\\\/algarve7.pt\\\/index.php\\\/2020\\\/09\\\/campanha-promocional-de-lagos-ajuda-a-mitigar-efeitos-da-covid-no-turismo\\\/turismo\\\/16\\\/37\\\/\"]}]},{\"@type\":\"ImageObject\",\"inLanguage\":\"pt-PT\",\"@id\":\"https:\\\/\\\/algarve7.pt\\\/index.php\\\/2020\\\/09\\\/campanha-promocional-de-lagos-ajuda-a-mitigar-efeitos-da-covid-no-turismo\\\/turismo\\\/16\\\/37\\\/#primaryimage\",\"url\":\"https:\\\/\\\/algarve7.pt\\\/wp-content\\\/uploads\\\/2020\\\/09\\\/Lagos_VoltaFeliz_OCS.png\",\"contentUrl\":\"https:\\\/\\\/algarve7.pt\\\/wp-content\\\/uploads\\\/2020\\\/09\\\/Lagos_VoltaFeliz_OCS.png\",\"width\":1587,\"height\":1191},{\"@type\":\"BreadcrumbList\",\"@id\":\"https:\\\/\\\/algarve7.pt\\\/index.php\\\/2020\\\/09\\\/campanha-promocional-de-lagos-ajuda-a-mitigar-efeitos-da-covid-no-turismo\\\/turismo\\\/16\\\/37\\\/#breadcrumb\",\"itemListElement\":[{\"@type\":\"ListItem\",\"position\":1,\"name\":\"In\u00edcio\",\"item\":\"https:\\\/\\\/algarve7.pt\\\/\"},{\"@type\":\"ListItem\",\"position\":2,\"name\":\"Campanha promocional de Lagos ajuda a mitigar efeitos da Covid no turismo\"}]},{\"@type\":\"WebSite\",\"@id\":\"https:\\\/\\\/algarve7.pt\\\/#website\",\"url\":\"https:\\\/\\\/algarve7.pt\\\/\",\"name\":\"Algarve 7\",\"description\":\"Informa\u00e7\u00e3o sobre o Algarve\",\"publisher\":{\"@id\":\"https:\\\/\\\/algarve7.pt\\\/#organization\"},\"potentialAction\":[{\"@type\":\"SearchAction\",\"target\":{\"@type\":\"EntryPoint\",\"urlTemplate\":\"https:\\\/\\\/algarve7.pt\\\/?s={search_term_string}\"},\"query-input\":{\"@type\":\"PropertyValueSpecification\",\"valueRequired\":true,\"valueName\":\"search_term_string\"}}],\"inLanguage\":\"pt-PT\"},{\"@type\":\"Organization\",\"@id\":\"https:\\\/\\\/algarve7.pt\\\/#organization\",\"name\":\"Algarve 7\",\"url\":\"https:\\\/\\\/algarve7.pt\\\/\",\"logo\":{\"@type\":\"ImageObject\",\"inLanguage\":\"pt-PT\",\"@id\":\"https:\\\/\\\/algarve7.pt\\\/#\\\/schema\\\/logo\\\/image\\\/\",\"url\":\"https:\\\/\\\/algarve7.pt\\\/wp-content\\\/uploads\\\/2020\\\/10\\\/Logo-8.jpg\",\"contentUrl\":\"https:\\\/\\\/algarve7.pt\\\/wp-content\\\/uploads\\\/2020\\\/10\\\/Logo-8.jpg\",\"width\":1680,\"height\":1186,\"caption\":\"Algarve 7\"},\"image\":{\"@id\":\"https:\\\/\\\/algarve7.pt\\\/#\\\/schema\\\/logo\\\/image\\\/\"},\"sameAs\":[\"https:\\\/\\\/www.facebook.com\\\/algarve7\",\"https:\\\/\\\/x.com\\\/Algarvesete\",\"https:\\\/\\\/www.instagram.com\\\/jornalalgarve7\\\/\",\"https:\\\/\\\/www.linkedin.com\\\/company\\\/algarve7\",\"https:\\\/\\\/www.pinterest.pt\\\/geral0939\\\/_created\\\/\"]},{\"@type\":\"Person\",\"@id\":\"https:\\\/\\\/algarve7.pt\\\/#\\\/schema\\\/person\\\/23fa70681308e7b319a3204bcea45e0c\",\"name\":\"Algarve 7\",\"sameAs\":[\"https:\\\/\\\/algarve7.pt\",\"https:\\\/\\\/www.facebook.com\\\/algarve7\"],\"url\":\"https:\\\/\\\/algarve7.pt\\\/index.php\\\/author\\\/geralalgarve7-pt\\\/\"}]}<\/script>\n<!-- \/ Yoast SEO plugin. -->","yoast_head_json":{"title":"Campanha promocional de Lagos ajuda a mitigar efeitos da Covid no turismo - Algarve 7","description":"Campanha promocional de Lagos ajuda a mitigar efeitos da Covid no turismo","robots":{"index":"index","follow":"follow","max-snippet":"max-snippet:-1","max-image-preview":"max-image-preview:large","max-video-preview":"max-video-preview:-1"},"canonical":"https:\/\/algarve7.pt\/index.php\/2020\/09\/campanha-promocional-de-lagos-ajuda-a-mitigar-efeitos-da-covid-no-turismo\/turismo\/16\/37\/","og_locale":"pt_PT","og_type":"article","og_title":"Campanha promocional de Lagos ajuda a mitigar efeitos da Covid no turismo - Algarve 7","og_description":"Campanha promocional de Lagos ajuda a mitigar efeitos da Covid no turismo","og_url":"https:\/\/algarve7.pt\/index.php\/2020\/09\/campanha-promocional-de-lagos-ajuda-a-mitigar-efeitos-da-covid-no-turismo\/turismo\/16\/37\/","og_site_name":"Algarve 7","article_publisher":"https:\/\/www.facebook.com\/algarve7","article_author":"https:\/\/www.facebook.com\/algarve7","article_published_time":"2020-09-03T15:37:12+00:00","article_modified_time":"2020-09-03T15:37:13+00:00","og_image":[{"width":1024,"height":768,"url":"https:\/\/algarve7.pt\/wp-content\/uploads\/2020\/09\/Lagos_VoltaFeliz_OCS-1024x768.png","type":"image\/png"}],"author":"Algarve 7","twitter_card":"summary_large_image","twitter_creator":"@Algarvesete","twitter_site":"@Algarvesete","twitter_misc":{"Escrito por":"Algarve 7","Tempo estimado de leitura":"2 minutos"},"schema":{"@context":"https:\/\/schema.org","@graph":[{"@type":"Article","@id":"https:\/\/algarve7.pt\/index.php\/2020\/09\/campanha-promocional-de-lagos-ajuda-a-mitigar-efeitos-da-covid-no-turismo\/turismo\/16\/37\/#article","isPartOf":{"@id":"https:\/\/algarve7.pt\/index.php\/2020\/09\/campanha-promocional-de-lagos-ajuda-a-mitigar-efeitos-da-covid-no-turismo\/turismo\/16\/37\/"},"author":{"name":"Algarve 7","@id":"https:\/\/algarve7.pt\/#\/schema\/person\/23fa70681308e7b319a3204bcea45e0c"},"headline":"Campanha promocional de Lagos ajuda a mitigar efeitos da Covid no turismo","datePublished":"2020-09-03T15:37:12+00:00","dateModified":"2020-09-03T15:37:13+00:00","mainEntityOfPage":{"@id":"https:\/\/algarve7.pt\/index.php\/2020\/09\/campanha-promocional-de-lagos-ajuda-a-mitigar-efeitos-da-covid-no-turismo\/turismo\/16\/37\/"},"wordCount":460,"publisher":{"@id":"https:\/\/algarve7.pt\/#organization"},"image":{"@id":"https:\/\/algarve7.pt\/index.php\/2020\/09\/campanha-promocional-de-lagos-ajuda-a-mitigar-efeitos-da-covid-no-turismo\/turismo\/16\/37\/#primaryimage"},"thumbnailUrl":"https:\/\/algarve7.pt\/wp-content\/uploads\/2020\/09\/Lagos_VoltaFeliz_OCS.png","keywords":["Algarve","Lagos","Turismo"],"articleSection":["Turismo"],"inLanguage":"pt-PT"},{"@type":"WebPage","@id":"https:\/\/algarve7.pt\/index.php\/2020\/09\/campanha-promocional-de-lagos-ajuda-a-mitigar-efeitos-da-covid-no-turismo\/turismo\/16\/37\/","url":"https:\/\/algarve7.pt\/index.php\/2020\/09\/campanha-promocional-de-lagos-ajuda-a-mitigar-efeitos-da-covid-no-turismo\/turismo\/16\/37\/","name":"Campanha promocional de Lagos ajuda a mitigar efeitos da Covid no turismo - Algarve 7","isPartOf":{"@id":"https:\/\/algarve7.pt\/#website"},"primaryImageOfPage":{"@id":"https:\/\/algarve7.pt\/index.php\/2020\/09\/campanha-promocional-de-lagos-ajuda-a-mitigar-efeitos-da-covid-no-turismo\/turismo\/16\/37\/#primaryimage"},"image":{"@id":"https:\/\/algarve7.pt\/index.php\/2020\/09\/campanha-promocional-de-lagos-ajuda-a-mitigar-efeitos-da-covid-no-turismo\/turismo\/16\/37\/#primaryimage"},"thumbnailUrl":"https:\/\/algarve7.pt\/wp-content\/uploads\/2020\/09\/Lagos_VoltaFeliz_OCS.png","datePublished":"2020-09-03T15:37:12+00:00","dateModified":"2020-09-03T15:37:13+00:00","description":"Campanha promocional de Lagos ajuda a mitigar efeitos da Covid no turismo","breadcrumb":{"@id":"https:\/\/algarve7.pt\/index.php\/2020\/09\/campanha-promocional-de-lagos-ajuda-a-mitigar-efeitos-da-covid-no-turismo\/turismo\/16\/37\/#breadcrumb"},"inLanguage":"pt-PT","potentialAction":[{"@type":"ReadAction","target":["https:\/\/algarve7.pt\/index.php\/2020\/09\/campanha-promocional-de-lagos-ajuda-a-mitigar-efeitos-da-covid-no-turismo\/turismo\/16\/37\/"]}]},{"@type":"ImageObject","inLanguage":"pt-PT","@id":"https:\/\/algarve7.pt\/index.php\/2020\/09\/campanha-promocional-de-lagos-ajuda-a-mitigar-efeitos-da-covid-no-turismo\/turismo\/16\/37\/#primaryimage","url":"https:\/\/algarve7.pt\/wp-content\/uploads\/2020\/09\/Lagos_VoltaFeliz_OCS.png","contentUrl":"https:\/\/algarve7.pt\/wp-content\/uploads\/2020\/09\/Lagos_VoltaFeliz_OCS.png","width":1587,"height":1191},{"@type":"BreadcrumbList","@id":"https:\/\/algarve7.pt\/index.php\/2020\/09\/campanha-promocional-de-lagos-ajuda-a-mitigar-efeitos-da-covid-no-turismo\/turismo\/16\/37\/#breadcrumb","itemListElement":[{"@type":"ListItem","position":1,"name":"In\u00edcio","item":"https:\/\/algarve7.pt\/"},{"@type":"ListItem","position":2,"name":"Campanha promocional de Lagos ajuda a mitigar efeitos da Covid no turismo"}]},{"@type":"WebSite","@id":"https:\/\/algarve7.pt\/#website","url":"https:\/\/algarve7.pt\/","name":"Algarve 7","description":"Informa\u00e7\u00e3o sobre o Algarve","publisher":{"@id":"https:\/\/algarve7.pt\/#organization"},"potentialAction":[{"@type":"SearchAction","target":{"@type":"EntryPoint","urlTemplate":"https:\/\/algarve7.pt\/?s={search_term_string}"},"query-input":{"@type":"PropertyValueSpecification","valueRequired":true,"valueName":"search_term_string"}}],"inLanguage":"pt-PT"},{"@type":"Organization","@id":"https:\/\/algarve7.pt\/#organization","name":"Algarve 7","url":"https:\/\/algarve7.pt\/","logo":{"@type":"ImageObject","inLanguage":"pt-PT","@id":"https:\/\/algarve7.pt\/#\/schema\/logo\/image\/","url":"https:\/\/algarve7.pt\/wp-content\/uploads\/2020\/10\/Logo-8.jpg","contentUrl":"https:\/\/algarve7.pt\/wp-content\/uploads\/2020\/10\/Logo-8.jpg","width":1680,"height":1186,"caption":"Algarve 7"},"image":{"@id":"https:\/\/algarve7.pt\/#\/schema\/logo\/image\/"},"sameAs":["https:\/\/www.facebook.com\/algarve7","https:\/\/x.com\/Algarvesete","https:\/\/www.instagram.com\/jornalalgarve7\/","https:\/\/www.linkedin.com\/company\/algarve7","https:\/\/www.pinterest.pt\/geral0939\/_created\/"]},{"@type":"Person","@id":"https:\/\/algarve7.pt\/#\/schema\/person\/23fa70681308e7b319a3204bcea45e0c","name":"Algarve 7","sameAs":["https:\/\/algarve7.pt","https:\/\/www.facebook.com\/algarve7"],"url":"https:\/\/algarve7.pt\/index.php\/author\/geralalgarve7-pt\/"}]}},"jetpack_publicize_connections":[],"jetpack_featured_media_url":"https:\/\/algarve7.pt\/wp-content\/uploads\/2020\/09\/Lagos_VoltaFeliz_OCS.png","jetpack_shortlink":"https:\/\/wp.me\/pcezmW-hd","jetpack_sharing_enabled":true,"_links":{"self":[{"href":"https:\/\/algarve7.pt\/index.php\/wp-json\/wp\/v2\/posts\/1067","targetHints":{"allow":["GET"]}}],"collection":[{"href":"https:\/\/algarve7.pt\/index.php\/wp-json\/wp\/v2\/posts"}],"about":[{"href":"https:\/\/algarve7.pt\/index.php\/wp-json\/wp\/v2\/types\/post"}],"author":[{"embeddable":true,"href":"https:\/\/algarve7.pt\/index.php\/wp-json\/wp\/v2\/users\/1"}],"replies":[{"embeddable":true,"href":"https:\/\/algarve7.pt\/index.php\/wp-json\/wp\/v2\/comments?post=1067"}],"version-history":[{"count":0,"href":"https:\/\/algarve7.pt\/index.php\/wp-json\/wp\/v2\/posts\/1067\/revisions"}],"wp:featuredmedia":[{"embeddable":true,"href":"https:\/\/algarve7.pt\/index.php\/wp-json\/wp\/v2\/media\/1068"}],"wp:attachment":[{"href":"https:\/\/algarve7.pt\/index.php\/wp-json\/wp\/v2\/media?parent=1067"}],"wp:term":[{"taxonomy":"category","embeddable":true,"href":"https:\/\/algarve7.pt\/index.php\/wp-json\/wp\/v2\/categories?post=1067"},{"taxonomy":"post_tag","embeddable":true,"href":"https:\/\/algarve7.pt\/index.php\/wp-json\/wp\/v2\/tags?post=1067"}],"curies":[{"name":"wp","href":"https:\/\/api.w.org\/{rel}","templated":true}]}}