{"id":1061,"date":"2020-09-03T15:31:50","date_gmt":"2020-09-03T14:31:50","guid":{"rendered":"https:\/\/algarve7.pt\/?p=1061"},"modified":"2020-09-03T15:31:51","modified_gmt":"2020-09-03T14:31:51","slug":"loule-ganha-novo-espaco-de-convivio-na-urbanizacao-mira-serra","status":"publish","type":"post","link":"https:\/\/algarve7.pt\/index.php\/2020\/09\/loule-ganha-novo-espaco-de-convivio-na-urbanizacao-mira-serra\/atualidade\/15\/31\/","title":{"rendered":"Loul\u00e9 ganha novo espa\u00e7o de conv\u00edvio na Urbaniza\u00e7\u00e3o Mira Serra"},"content":{"rendered":"\n<p>A cidade de Loul\u00e9 e os moradores da urbaniza\u00e7\u00e3o Mira Serra podem agora usufruir em pleno de mais um espa\u00e7o p\u00fablico de refer\u00eancia. A interven\u00e7\u00e3o levada a cabo foi ontem inaugurada pelo executivo municipal e constitui mais um projeto de requalifica\u00e7\u00e3o urbana na sede do concelho, no \u00e2mbito do programa \u201cUma Pra\u00e7a no meu Bairro\u201d.<\/p>\n\n\n\n<p>Os trabalhos realizados permitiram valorizar a Praceta Ant\u00f3nio Galv\u00e3o enquanto centro polarizador do bairro, constituindo um ponto de conv\u00edvio para quem aqui reside. Assim, foi criada uma \u00e1rea de desporto informal e colocado mobili\u00e1rio urbano como bancos, mesas e papeleiras. Algumas infraestruturas tamb\u00e9m foram melhoradas, tais como a rede de ilumina\u00e7\u00e3o p\u00fablica, a recolha de res\u00edduos urbanos e a rede de rega.<\/p>\n\n\n\n<p>Com esta obra procedeu-se ainda ao ordenamento do estacionamento na sequ\u00eancia da bolsa j\u00e1 implementada na Rua do Serradinho e \u00e0 remodela\u00e7\u00e3o dos arruamentos na zona de circula\u00e7\u00e3o autom\u00f3vel e passeios.<\/p>\n\n\n\n<p>\u201cH\u00e1 muitos anos que as pessoas que vivem na Mira Serra esperavam pela melhoria deste espa\u00e7o \u00e0 volta destes blocos de habita\u00e7\u00e3o. Ficou seguramente uma obra muito bonita, aquilo que era s\u00f3 um local para arrumar carros, \u00e9 agora um espa\u00e7o onde as pessoas podem fazer exerc\u00edcio f\u00edsico, jogar \u00e0 carta ou xadrez e conviver\u201d, considerou o presidente do Munic\u00edpio de Loul\u00e9, V\u00edtor Aleixo.<\/p>\n\n\n\n<p>Depois deste investimento que rondou os 390 000 mil euros, o autarca anunciou que futuramente ir\u00e1 decorrer a segunda fase da obra, na zona nascente da urbaniza\u00e7\u00e3o ainda n\u00e3o intervencionada. Para o efeito j\u00e1 foi realizado um estudo pr\u00e9vio e o projeto est\u00e1 a ser elaborado. \u201cVamos falar com os moradores, tal como fizemos em rela\u00e7\u00e3o a esta parte, mostrar-lhes o projeto e saber como querem que a obra seja feita\u201d, explicou o respons\u00e1vel municipal.<\/p>\n","protected":false},"excerpt":{"rendered":"<p>A cidade de Loul\u00e9 e os moradores da urbaniza\u00e7\u00e3o Mira Serra podem agora usufruir em pleno de mais um espa\u00e7o<\/p>\n","protected":false},"author":1,"featured_media":1062,"comment_status":"closed","ping_status":"open","sticky":false,"template":"","format":"standard","meta":{"colormag_page_container_layout":"default_layout","colormag_page_sidebar_layout":"default_layout","_monsterinsights_skip_tracking":false,"_monsterinsights_sitenote_active":false,"_monsterinsights_sitenote_note":"","_monsterinsights_sitenote_category":0,"jetpack_post_was_ever_published":false,"_jetpack_newsletter_access":"","_jetpack_dont_email_post_to_subs":false,"_jetpack_newsletter_tier_id":0,"_jetpack_memberships_contains_paywalled_content":false,"_jetpack_memberships_contains_paid_content":false,"footnotes":"","jetpack_publicize_message":"","jetpack_publicize_feature_enabled":true,"jetpack_social_post_already_shared":true,"jetpack_social_options":{"image_generator_settings":{"template":"highway","default_image_id":0,"font":"","enabled":false},"version":2}},"categories":[11],"tags":[36,32,31],"class_list":["post-1061","post","type-post","status-publish","format-standard","has-post-thumbnail","hentry","category-atualidade","tag-algarve","tag-ambiente","tag-loule"],"yoast_head":"<!-- This site is optimized with the Yoast SEO plugin v27.5 - https:\/\/yoast.com\/product\/yoast-seo-wordpress\/ -->\n<title>Loul\u00e9 ganha novo espa\u00e7o de conv\u00edvio na Urbaniza\u00e7\u00e3o Mira Serra - Algarve 7<\/title>\n<meta name=\"description\" content=\"Loul\u00e9 ganha novo espa\u00e7o de conv\u00edvio na Urbaniza\u00e7\u00e3o Mira Serra\" \/>\n<meta name=\"robots\" content=\"index, follow, max-snippet:-1, max-image-preview:large, max-video-preview:-1\" \/>\n<link rel=\"canonical\" href=\"https:\/\/algarve7.pt\/index.php\/2020\/09\/loule-ganha-novo-espaco-de-convivio-na-urbanizacao-mira-serra\/atualidade\/15\/31\/\" \/>\n<meta property=\"og:locale\" content=\"pt_PT\" \/>\n<meta property=\"og:type\" content=\"article\" \/>\n<meta property=\"og:title\" content=\"Loul\u00e9 ganha novo espa\u00e7o de conv\u00edvio na Urbaniza\u00e7\u00e3o Mira Serra - Algarve 7\" \/>\n<meta property=\"og:description\" content=\"Loul\u00e9 ganha novo espa\u00e7o de conv\u00edvio na Urbaniza\u00e7\u00e3o Mira Serra\" \/>\n<meta property=\"og:url\" content=\"https:\/\/algarve7.pt\/index.php\/2020\/09\/loule-ganha-novo-espaco-de-convivio-na-urbanizacao-mira-serra\/atualidade\/15\/31\/\" \/>\n<meta property=\"og:site_name\" content=\"Algarve 7\" \/>\n<meta property=\"article:publisher\" content=\"https:\/\/www.facebook.com\/algarve7\" \/>\n<meta property=\"article:author\" content=\"https:\/\/www.facebook.com\/algarve7\" \/>\n<meta property=\"article:published_time\" content=\"2020-09-03T14:31:50+00:00\" \/>\n<meta property=\"article:modified_time\" content=\"2020-09-03T14:31:51+00:00\" \/>\n<meta property=\"og:image\" content=\"https:\/\/algarve7.pt\/wp-content\/uploads\/2020\/09\/Inauguracao-Req.-Espaco-P.-Ur-b.-Mira-Serra-02-09-2020-6.jpg\" \/>\n\t<meta property=\"og:image:width\" content=\"1920\" \/>\n\t<meta property=\"og:image:height\" content=\"1280\" \/>\n\t<meta property=\"og:image:type\" content=\"image\/jpeg\" \/>\n<meta name=\"author\" content=\"Algarve 7\" \/>\n<meta name=\"twitter:card\" content=\"summary_large_image\" \/>\n<meta name=\"twitter:creator\" content=\"@Algarvesete\" \/>\n<meta name=\"twitter:site\" content=\"@Algarvesete\" \/>\n<meta name=\"twitter:label1\" content=\"Escrito por\" \/>\n\t<meta name=\"twitter:data1\" content=\"Algarve 7\" \/>\n\t<meta name=\"twitter:label2\" content=\"Tempo estimado de leitura\" \/>\n\t<meta name=\"twitter:data2\" content=\"2 minutos\" \/>\n<script type=\"application\/ld+json\" class=\"yoast-schema-graph\">{\"@context\":\"https:\\\/\\\/schema.org\",\"@graph\":[{\"@type\":\"Article\",\"@id\":\"https:\\\/\\\/algarve7.pt\\\/index.php\\\/2020\\\/09\\\/loule-ganha-novo-espaco-de-convivio-na-urbanizacao-mira-serra\\\/atualidade\\\/15\\\/31\\\/#article\",\"isPartOf\":{\"@id\":\"https:\\\/\\\/algarve7.pt\\\/index.php\\\/2020\\\/09\\\/loule-ganha-novo-espaco-de-convivio-na-urbanizacao-mira-serra\\\/atualidade\\\/15\\\/31\\\/\"},\"author\":{\"name\":\"Algarve 7\",\"@id\":\"https:\\\/\\\/algarve7.pt\\\/#\\\/schema\\\/person\\\/23fa70681308e7b319a3204bcea45e0c\"},\"headline\":\"Loul\u00e9 ganha novo espa\u00e7o de conv\u00edvio na Urbaniza\u00e7\u00e3o Mira Serra\",\"datePublished\":\"2020-09-03T14:31:50+00:00\",\"dateModified\":\"2020-09-03T14:31:51+00:00\",\"mainEntityOfPage\":{\"@id\":\"https:\\\/\\\/algarve7.pt\\\/index.php\\\/2020\\\/09\\\/loule-ganha-novo-espaco-de-convivio-na-urbanizacao-mira-serra\\\/atualidade\\\/15\\\/31\\\/\"},\"wordCount\":325,\"publisher\":{\"@id\":\"https:\\\/\\\/algarve7.pt\\\/#organization\"},\"image\":{\"@id\":\"https:\\\/\\\/algarve7.pt\\\/index.php\\\/2020\\\/09\\\/loule-ganha-novo-espaco-de-convivio-na-urbanizacao-mira-serra\\\/atualidade\\\/15\\\/31\\\/#primaryimage\"},\"thumbnailUrl\":\"https:\\\/\\\/algarve7.pt\\\/wp-content\\\/uploads\\\/2020\\\/09\\\/Inauguracao-Req.-Espaco-P.-Ur-b.-Mira-Serra-02-09-2020-6.jpg\",\"keywords\":[\"Algarve\",\"Ambiente\",\"Loul\u00e9\"],\"articleSection\":[\"Atualidade\"],\"inLanguage\":\"pt-PT\"},{\"@type\":\"WebPage\",\"@id\":\"https:\\\/\\\/algarve7.pt\\\/index.php\\\/2020\\\/09\\\/loule-ganha-novo-espaco-de-convivio-na-urbanizacao-mira-serra\\\/atualidade\\\/15\\\/31\\\/\",\"url\":\"https:\\\/\\\/algarve7.pt\\\/index.php\\\/2020\\\/09\\\/loule-ganha-novo-espaco-de-convivio-na-urbanizacao-mira-serra\\\/atualidade\\\/15\\\/31\\\/\",\"name\":\"Loul\u00e9 ganha novo espa\u00e7o de conv\u00edvio na Urbaniza\u00e7\u00e3o Mira Serra - Algarve 7\",\"isPartOf\":{\"@id\":\"https:\\\/\\\/algarve7.pt\\\/#website\"},\"primaryImageOfPage\":{\"@id\":\"https:\\\/\\\/algarve7.pt\\\/index.php\\\/2020\\\/09\\\/loule-ganha-novo-espaco-de-convivio-na-urbanizacao-mira-serra\\\/atualidade\\\/15\\\/31\\\/#primaryimage\"},\"image\":{\"@id\":\"https:\\\/\\\/algarve7.pt\\\/index.php\\\/2020\\\/09\\\/loule-ganha-novo-espaco-de-convivio-na-urbanizacao-mira-serra\\\/atualidade\\\/15\\\/31\\\/#primaryimage\"},\"thumbnailUrl\":\"https:\\\/\\\/algarve7.pt\\\/wp-content\\\/uploads\\\/2020\\\/09\\\/Inauguracao-Req.-Espaco-P.-Ur-b.-Mira-Serra-02-09-2020-6.jpg\",\"datePublished\":\"2020-09-03T14:31:50+00:00\",\"dateModified\":\"2020-09-03T14:31:51+00:00\",\"description\":\"Loul\u00e9 ganha novo espa\u00e7o de conv\u00edvio na Urbaniza\u00e7\u00e3o Mira Serra\",\"breadcrumb\":{\"@id\":\"https:\\\/\\\/algarve7.pt\\\/index.php\\\/2020\\\/09\\\/loule-ganha-novo-espaco-de-convivio-na-urbanizacao-mira-serra\\\/atualidade\\\/15\\\/31\\\/#breadcrumb\"},\"inLanguage\":\"pt-PT\",\"potentialAction\":[{\"@type\":\"ReadAction\",\"target\":[\"https:\\\/\\\/algarve7.pt\\\/index.php\\\/2020\\\/09\\\/loule-ganha-novo-espaco-de-convivio-na-urbanizacao-mira-serra\\\/atualidade\\\/15\\\/31\\\/\"]}]},{\"@type\":\"ImageObject\",\"inLanguage\":\"pt-PT\",\"@id\":\"https:\\\/\\\/algarve7.pt\\\/index.php\\\/2020\\\/09\\\/loule-ganha-novo-espaco-de-convivio-na-urbanizacao-mira-serra\\\/atualidade\\\/15\\\/31\\\/#primaryimage\",\"url\":\"https:\\\/\\\/algarve7.pt\\\/wp-content\\\/uploads\\\/2020\\\/09\\\/Inauguracao-Req.-Espaco-P.-Ur-b.-Mira-Serra-02-09-2020-6.jpg\",\"contentUrl\":\"https:\\\/\\\/algarve7.pt\\\/wp-content\\\/uploads\\\/2020\\\/09\\\/Inauguracao-Req.-Espaco-P.-Ur-b.-Mira-Serra-02-09-2020-6.jpg\",\"width\":1920,\"height\":1280},{\"@type\":\"BreadcrumbList\",\"@id\":\"https:\\\/\\\/algarve7.pt\\\/index.php\\\/2020\\\/09\\\/loule-ganha-novo-espaco-de-convivio-na-urbanizacao-mira-serra\\\/atualidade\\\/15\\\/31\\\/#breadcrumb\",\"itemListElement\":[{\"@type\":\"ListItem\",\"position\":1,\"name\":\"In\u00edcio\",\"item\":\"https:\\\/\\\/algarve7.pt\\\/\"},{\"@type\":\"ListItem\",\"position\":2,\"name\":\"Loul\u00e9 ganha novo espa\u00e7o de conv\u00edvio na Urbaniza\u00e7\u00e3o Mira Serra\"}]},{\"@type\":\"WebSite\",\"@id\":\"https:\\\/\\\/algarve7.pt\\\/#website\",\"url\":\"https:\\\/\\\/algarve7.pt\\\/\",\"name\":\"Algarve 7\",\"description\":\"Informa\u00e7\u00e3o sobre o Algarve\",\"publisher\":{\"@id\":\"https:\\\/\\\/algarve7.pt\\\/#organization\"},\"potentialAction\":[{\"@type\":\"SearchAction\",\"target\":{\"@type\":\"EntryPoint\",\"urlTemplate\":\"https:\\\/\\\/algarve7.pt\\\/?s={search_term_string}\"},\"query-input\":{\"@type\":\"PropertyValueSpecification\",\"valueRequired\":true,\"valueName\":\"search_term_string\"}}],\"inLanguage\":\"pt-PT\"},{\"@type\":\"Organization\",\"@id\":\"https:\\\/\\\/algarve7.pt\\\/#organization\",\"name\":\"Algarve 7\",\"url\":\"https:\\\/\\\/algarve7.pt\\\/\",\"logo\":{\"@type\":\"ImageObject\",\"inLanguage\":\"pt-PT\",\"@id\":\"https:\\\/\\\/algarve7.pt\\\/#\\\/schema\\\/logo\\\/image\\\/\",\"url\":\"https:\\\/\\\/algarve7.pt\\\/wp-content\\\/uploads\\\/2020\\\/10\\\/Logo-8.jpg\",\"contentUrl\":\"https:\\\/\\\/algarve7.pt\\\/wp-content\\\/uploads\\\/2020\\\/10\\\/Logo-8.jpg\",\"width\":1680,\"height\":1186,\"caption\":\"Algarve 7\"},\"image\":{\"@id\":\"https:\\\/\\\/algarve7.pt\\\/#\\\/schema\\\/logo\\\/image\\\/\"},\"sameAs\":[\"https:\\\/\\\/www.facebook.com\\\/algarve7\",\"https:\\\/\\\/x.com\\\/Algarvesete\",\"https:\\\/\\\/www.instagram.com\\\/jornalalgarve7\\\/\",\"https:\\\/\\\/www.linkedin.com\\\/company\\\/algarve7\",\"https:\\\/\\\/www.pinterest.pt\\\/geral0939\\\/_created\\\/\"]},{\"@type\":\"Person\",\"@id\":\"https:\\\/\\\/algarve7.pt\\\/#\\\/schema\\\/person\\\/23fa70681308e7b319a3204bcea45e0c\",\"name\":\"Algarve 7\",\"sameAs\":[\"https:\\\/\\\/algarve7.pt\",\"https:\\\/\\\/www.facebook.com\\\/algarve7\"],\"url\":\"https:\\\/\\\/algarve7.pt\\\/index.php\\\/author\\\/geralalgarve7-pt\\\/\"}]}<\/script>\n<!-- \/ Yoast SEO plugin. -->","yoast_head_json":{"title":"Loul\u00e9 ganha novo espa\u00e7o de conv\u00edvio na Urbaniza\u00e7\u00e3o Mira Serra - Algarve 7","description":"Loul\u00e9 ganha novo espa\u00e7o de conv\u00edvio na Urbaniza\u00e7\u00e3o Mira Serra","robots":{"index":"index","follow":"follow","max-snippet":"max-snippet:-1","max-image-preview":"max-image-preview:large","max-video-preview":"max-video-preview:-1"},"canonical":"https:\/\/algarve7.pt\/index.php\/2020\/09\/loule-ganha-novo-espaco-de-convivio-na-urbanizacao-mira-serra\/atualidade\/15\/31\/","og_locale":"pt_PT","og_type":"article","og_title":"Loul\u00e9 ganha novo espa\u00e7o de conv\u00edvio na Urbaniza\u00e7\u00e3o Mira Serra - Algarve 7","og_description":"Loul\u00e9 ganha novo espa\u00e7o de conv\u00edvio na Urbaniza\u00e7\u00e3o Mira Serra","og_url":"https:\/\/algarve7.pt\/index.php\/2020\/09\/loule-ganha-novo-espaco-de-convivio-na-urbanizacao-mira-serra\/atualidade\/15\/31\/","og_site_name":"Algarve 7","article_publisher":"https:\/\/www.facebook.com\/algarve7","article_author":"https:\/\/www.facebook.com\/algarve7","article_published_time":"2020-09-03T14:31:50+00:00","article_modified_time":"2020-09-03T14:31:51+00:00","og_image":[{"width":1920,"height":1280,"url":"https:\/\/algarve7.pt\/wp-content\/uploads\/2020\/09\/Inauguracao-Req.-Espaco-P.-Ur-b.-Mira-Serra-02-09-2020-6.jpg","type":"image\/jpeg"}],"author":"Algarve 7","twitter_card":"summary_large_image","twitter_creator":"@Algarvesete","twitter_site":"@Algarvesete","twitter_misc":{"Escrito por":"Algarve 7","Tempo estimado de leitura":"2 minutos"},"schema":{"@context":"https:\/\/schema.org","@graph":[{"@type":"Article","@id":"https:\/\/algarve7.pt\/index.php\/2020\/09\/loule-ganha-novo-espaco-de-convivio-na-urbanizacao-mira-serra\/atualidade\/15\/31\/#article","isPartOf":{"@id":"https:\/\/algarve7.pt\/index.php\/2020\/09\/loule-ganha-novo-espaco-de-convivio-na-urbanizacao-mira-serra\/atualidade\/15\/31\/"},"author":{"name":"Algarve 7","@id":"https:\/\/algarve7.pt\/#\/schema\/person\/23fa70681308e7b319a3204bcea45e0c"},"headline":"Loul\u00e9 ganha novo espa\u00e7o de conv\u00edvio na Urbaniza\u00e7\u00e3o Mira Serra","datePublished":"2020-09-03T14:31:50+00:00","dateModified":"2020-09-03T14:31:51+00:00","mainEntityOfPage":{"@id":"https:\/\/algarve7.pt\/index.php\/2020\/09\/loule-ganha-novo-espaco-de-convivio-na-urbanizacao-mira-serra\/atualidade\/15\/31\/"},"wordCount":325,"publisher":{"@id":"https:\/\/algarve7.pt\/#organization"},"image":{"@id":"https:\/\/algarve7.pt\/index.php\/2020\/09\/loule-ganha-novo-espaco-de-convivio-na-urbanizacao-mira-serra\/atualidade\/15\/31\/#primaryimage"},"thumbnailUrl":"https:\/\/algarve7.pt\/wp-content\/uploads\/2020\/09\/Inauguracao-Req.-Espaco-P.-Ur-b.-Mira-Serra-02-09-2020-6.jpg","keywords":["Algarve","Ambiente","Loul\u00e9"],"articleSection":["Atualidade"],"inLanguage":"pt-PT"},{"@type":"WebPage","@id":"https:\/\/algarve7.pt\/index.php\/2020\/09\/loule-ganha-novo-espaco-de-convivio-na-urbanizacao-mira-serra\/atualidade\/15\/31\/","url":"https:\/\/algarve7.pt\/index.php\/2020\/09\/loule-ganha-novo-espaco-de-convivio-na-urbanizacao-mira-serra\/atualidade\/15\/31\/","name":"Loul\u00e9 ganha novo espa\u00e7o de conv\u00edvio na Urbaniza\u00e7\u00e3o Mira Serra - Algarve 7","isPartOf":{"@id":"https:\/\/algarve7.pt\/#website"},"primaryImageOfPage":{"@id":"https:\/\/algarve7.pt\/index.php\/2020\/09\/loule-ganha-novo-espaco-de-convivio-na-urbanizacao-mira-serra\/atualidade\/15\/31\/#primaryimage"},"image":{"@id":"https:\/\/algarve7.pt\/index.php\/2020\/09\/loule-ganha-novo-espaco-de-convivio-na-urbanizacao-mira-serra\/atualidade\/15\/31\/#primaryimage"},"thumbnailUrl":"https:\/\/algarve7.pt\/wp-content\/uploads\/2020\/09\/Inauguracao-Req.-Espaco-P.-Ur-b.-Mira-Serra-02-09-2020-6.jpg","datePublished":"2020-09-03T14:31:50+00:00","dateModified":"2020-09-03T14:31:51+00:00","description":"Loul\u00e9 ganha novo espa\u00e7o de conv\u00edvio na Urbaniza\u00e7\u00e3o Mira Serra","breadcrumb":{"@id":"https:\/\/algarve7.pt\/index.php\/2020\/09\/loule-ganha-novo-espaco-de-convivio-na-urbanizacao-mira-serra\/atualidade\/15\/31\/#breadcrumb"},"inLanguage":"pt-PT","potentialAction":[{"@type":"ReadAction","target":["https:\/\/algarve7.pt\/index.php\/2020\/09\/loule-ganha-novo-espaco-de-convivio-na-urbanizacao-mira-serra\/atualidade\/15\/31\/"]}]},{"@type":"ImageObject","inLanguage":"pt-PT","@id":"https:\/\/algarve7.pt\/index.php\/2020\/09\/loule-ganha-novo-espaco-de-convivio-na-urbanizacao-mira-serra\/atualidade\/15\/31\/#primaryimage","url":"https:\/\/algarve7.pt\/wp-content\/uploads\/2020\/09\/Inauguracao-Req.-Espaco-P.-Ur-b.-Mira-Serra-02-09-2020-6.jpg","contentUrl":"https:\/\/algarve7.pt\/wp-content\/uploads\/2020\/09\/Inauguracao-Req.-Espaco-P.-Ur-b.-Mira-Serra-02-09-2020-6.jpg","width":1920,"height":1280},{"@type":"BreadcrumbList","@id":"https:\/\/algarve7.pt\/index.php\/2020\/09\/loule-ganha-novo-espaco-de-convivio-na-urbanizacao-mira-serra\/atualidade\/15\/31\/#breadcrumb","itemListElement":[{"@type":"ListItem","position":1,"name":"In\u00edcio","item":"https:\/\/algarve7.pt\/"},{"@type":"ListItem","position":2,"name":"Loul\u00e9 ganha novo espa\u00e7o de conv\u00edvio na Urbaniza\u00e7\u00e3o Mira Serra"}]},{"@type":"WebSite","@id":"https:\/\/algarve7.pt\/#website","url":"https:\/\/algarve7.pt\/","name":"Algarve 7","description":"Informa\u00e7\u00e3o sobre o Algarve","publisher":{"@id":"https:\/\/algarve7.pt\/#organization"},"potentialAction":[{"@type":"SearchAction","target":{"@type":"EntryPoint","urlTemplate":"https:\/\/algarve7.pt\/?s={search_term_string}"},"query-input":{"@type":"PropertyValueSpecification","valueRequired":true,"valueName":"search_term_string"}}],"inLanguage":"pt-PT"},{"@type":"Organization","@id":"https:\/\/algarve7.pt\/#organization","name":"Algarve 7","url":"https:\/\/algarve7.pt\/","logo":{"@type":"ImageObject","inLanguage":"pt-PT","@id":"https:\/\/algarve7.pt\/#\/schema\/logo\/image\/","url":"https:\/\/algarve7.pt\/wp-content\/uploads\/2020\/10\/Logo-8.jpg","contentUrl":"https:\/\/algarve7.pt\/wp-content\/uploads\/2020\/10\/Logo-8.jpg","width":1680,"height":1186,"caption":"Algarve 7"},"image":{"@id":"https:\/\/algarve7.pt\/#\/schema\/logo\/image\/"},"sameAs":["https:\/\/www.facebook.com\/algarve7","https:\/\/x.com\/Algarvesete","https:\/\/www.instagram.com\/jornalalgarve7\/","https:\/\/www.linkedin.com\/company\/algarve7","https:\/\/www.pinterest.pt\/geral0939\/_created\/"]},{"@type":"Person","@id":"https:\/\/algarve7.pt\/#\/schema\/person\/23fa70681308e7b319a3204bcea45e0c","name":"Algarve 7","sameAs":["https:\/\/algarve7.pt","https:\/\/www.facebook.com\/algarve7"],"url":"https:\/\/algarve7.pt\/index.php\/author\/geralalgarve7-pt\/"}]}},"jetpack_publicize_connections":[],"jetpack_featured_media_url":"https:\/\/algarve7.pt\/wp-content\/uploads\/2020\/09\/Inauguracao-Req.-Espaco-P.-Ur-b.-Mira-Serra-02-09-2020-6.jpg","jetpack_shortlink":"https:\/\/wp.me\/pcezmW-h7","jetpack_sharing_enabled":true,"_links":{"self":[{"href":"https:\/\/algarve7.pt\/index.php\/wp-json\/wp\/v2\/posts\/1061","targetHints":{"allow":["GET"]}}],"collection":[{"href":"https:\/\/algarve7.pt\/index.php\/wp-json\/wp\/v2\/posts"}],"about":[{"href":"https:\/\/algarve7.pt\/index.php\/wp-json\/wp\/v2\/types\/post"}],"author":[{"embeddable":true,"href":"https:\/\/algarve7.pt\/index.php\/wp-json\/wp\/v2\/users\/1"}],"replies":[{"embeddable":true,"href":"https:\/\/algarve7.pt\/index.php\/wp-json\/wp\/v2\/comments?post=1061"}],"version-history":[{"count":0,"href":"https:\/\/algarve7.pt\/index.php\/wp-json\/wp\/v2\/posts\/1061\/revisions"}],"wp:featuredmedia":[{"embeddable":true,"href":"https:\/\/algarve7.pt\/index.php\/wp-json\/wp\/v2\/media\/1062"}],"wp:attachment":[{"href":"https:\/\/algarve7.pt\/index.php\/wp-json\/wp\/v2\/media?parent=1061"}],"wp:term":[{"taxonomy":"category","embeddable":true,"href":"https:\/\/algarve7.pt\/index.php\/wp-json\/wp\/v2\/categories?post=1061"},{"taxonomy":"post_tag","embeddable":true,"href":"https:\/\/algarve7.pt\/index.php\/wp-json\/wp\/v2\/tags?post=1061"}],"curies":[{"name":"wp","href":"https:\/\/api.w.org\/{rel}","templated":true}]}}