{"id":1051,"date":"2020-09-03T14:58:27","date_gmt":"2020-09-03T13:58:27","guid":{"rendered":"https:\/\/algarve7.pt\/?p=1051"},"modified":"2020-09-03T14:58:28","modified_gmt":"2020-09-03T13:58:28","slug":"municipio-de-aljezur-e-associacao-de-bombeiros-voluntarios-de-aljezur-reforcam-cooperacao","status":"publish","type":"post","link":"https:\/\/algarve7.pt\/index.php\/2020\/09\/municipio-de-aljezur-e-associacao-de-bombeiros-voluntarios-de-aljezur-reforcam-cooperacao\/atualidade\/14\/58\/","title":{"rendered":"Munic\u00edpio de Aljezur e Associa\u00e7\u00e3o de Bombeiros Volunt\u00e1rios de Aljezur refor\u00e7am coopera\u00e7\u00e3o"},"content":{"rendered":"\n<p>Foi assinado um novo protocolo entre o Munic\u00edpio e a Associa\u00e7\u00e3o Humanit\u00e1ria dos Bombeiros Volunt\u00e1rios de Aljezur, no dia 1 de setembro, que contou com a presen\u00e7a do Presidente da C\u00e2mara Jose Gon\u00e7alves, os membros da dire\u00e7\u00e3o, Jo\u00e3o Cabral e Ivo Amendoeira, e elementos do Comando dos Bombeiros, o Comandante, M\u00e1rio Costa, e os Adjuntos de Comando, Jos\u00e9 Carlos e Ant\u00f3nio \u00c2ngelo.<\/p>\n\n\n\n<p>As dificuldades que o corpo de Bombeiros Volunt\u00e1rio atravessa, nomeadamente no \u00e2mbito do voluntariado, o aumento do numero de ocorr\u00eancias, assim como a dist\u00e2ncia aos hospitais, o aumento significativo do n\u00famero de ocorr\u00eancias, nomeadamente no \u00e2mbito da emerg\u00eancia pr\u00e9-hospitalar, em que se registou um crescimento de 13,2% no n\u00famero de acionamentos (1117 em 2019\/ 987 em 2018). De referir ainda que frequentemente surgem 2 e 3 pedidos quase simult\u00e2neos e a aus\u00eancia de meios de resposta do Corpo de Bombeiros implica o atraso no socorro de 30 a 40 minutos, em virtude dos outros PEM (Postos Emerg\u00eancia M\u00e9dica) estarem a mais de 30 quil\u00f3metros (Lagos, Monchique, Odemira, Vila Bispo). A complexidade e frequ\u00eancia das ocorr\u00eancias, quer sejam de cariz natural ou tecnol\u00f3gico, implicam uma maior profissionaliza\u00e7\u00e3o, capacita\u00e7\u00e3o e especializa\u00e7\u00e3o dos operacionais. A seguran\u00e7a \u00e9 um bem cada vez mais reconhecido e valorizado pelos residentes e pelos turistas, quando escolhem um local para viver ou para usufruir do seu per\u00edodo de f\u00e9rias e de lazer. O financiamento das AHB pela Autoridade Nacional de Emerg\u00eancia e Prote\u00e7\u00e3o Civil pelo cumprimento das miss\u00f5es de servi\u00e7o publico, prestado pelos corpos de bombeiros e regulada pela Lei no 94\/2015 de 13 agosto, \u00e9 desajustada da realidade atual e a forma de c\u00e1lculo do Programa Permanente de Coopera\u00e7\u00e3o prejudica os territ\u00f3rios de baixa densidade.<\/p>\n\n\n\n<p>Assim, foi aprovado um novo protocolo, entre o Munic\u00edpio de Aljezur, com um refor\u00e7o financeiro, que passa para 22.500\u20ac mensais, onde os Bombeiros t\u00eam novas responsabilidades, nomeadamente: Manuten\u00e7\u00e3o da for\u00e7a m\u00ednima&nbsp;de interven\u00e7\u00e3o operacional, constitu\u00edda por oito operacionais em regime de perman\u00eancia, com elevado grau de prontid\u00e3o para assegurar as miss\u00f5es legalmente confiadas aos corpos de bombeiros, disponibiliza\u00e7\u00e3o de um graduado de perman\u00eancia \u00e0s opera\u00e7\u00f5es que assegure, desde o primeiro momento, o comando das opera\u00e7\u00f5es de socorro no Munic\u00edpio de Aljezur, em conson\u00e2ncia com o sistema de gest\u00e3o das opera\u00e7\u00f5es (SGO) no \u00e2mbito do SIOPS e a monitoriza\u00e7\u00e3o e acompanhamento da situa\u00e7\u00e3o municipal; Dota\u00e7\u00e3o da central de comunica\u00e7\u00f5es dos meios t\u00e9cnicos, materiais e humanos que, rececione os alertas e proceda a um eficiente despacho de meios para as opera\u00e7\u00f5es de prote\u00e7\u00e3o e socorro e de prote\u00e7\u00e3o civil; Manuten\u00e7\u00e3o de ve\u00edculos e equipamentos \u00e0 carga do Corpo de Bombeiros de Aljezur e infraestruturas operacionais relevantes para a prote\u00e7\u00e3o civil e socorro.<\/p>\n\n\n\n<p>Para efeito do funcionamento do Servi\u00e7o Municipal de Prote\u00e7\u00e3o Civil, a Associa\u00e7\u00e3o disponibiliza no edif\u00edcio operacional, uma sala de Comando e Controlo, com capacidade para 20 pessoas, onde funciona a c\u00e9lula de resposta operacional ou re\u00fane a CMPC em situa\u00e7\u00f5es de acidente grave ou cat\u00e1strofe, um espa\u00e7o de trabalho e atendimento que apoia a sala de comando e controle e que o SMPC pode quando a situa\u00e7\u00e3o o justifique; a partilha da central de comunica\u00e7\u00f5es do corpo de bombeiros que funciona como Centro Municipal de Opera\u00e7\u00f5es de Socorro (CMOS), entre outras obriga\u00e7\u00f5es, nomeadamente em colabora\u00e7\u00e3o estreita com o Servi\u00e7o Municipal de Prote\u00e7\u00e3o Civil de Aljezur, nas v\u00e1rias \u00e1reas e a\u00e7\u00f5es.<\/p>\n\n\n\n<p>Este refor\u00e7o de compromisso e responsabilidade, trar\u00e1 mais seguran\u00e7a, mais resili\u00eancia e mais operacionalidade, que se traduzir\u00e1 numa mais valia, para a popula\u00e7\u00e3o residente e aos milhares de visitantes, que procuram estas paragens.<\/p>\n\n\n\n<p><\/p>\n","protected":false},"excerpt":{"rendered":"<p>Foi assinado um novo protocolo entre o Munic\u00edpio e a Associa\u00e7\u00e3o Humanit\u00e1ria dos Bombeiros Volunt\u00e1rios de Aljezur, no dia 1<\/p>\n","protected":false},"author":1,"featured_media":1052,"comment_status":"closed","ping_status":"open","sticky":false,"template":"","format":"standard","meta":{"colormag_page_container_layout":"default_layout","colormag_page_sidebar_layout":"default_layout","_monsterinsights_skip_tracking":false,"_monsterinsights_sitenote_active":false,"_monsterinsights_sitenote_note":"","_monsterinsights_sitenote_category":0,"jetpack_post_was_ever_published":false,"_jetpack_newsletter_access":"","_jetpack_dont_email_post_to_subs":false,"_jetpack_newsletter_tier_id":0,"_jetpack_memberships_contains_paywalled_content":false,"_jetpack_memberships_contains_paid_content":false,"footnotes":"","jetpack_publicize_message":"","jetpack_publicize_feature_enabled":true,"jetpack_social_post_already_shared":true,"jetpack_social_options":{"image_generator_settings":{"template":"highway","default_image_id":0,"font":"","enabled":false},"version":2}},"categories":[11],"tags":[36,73,104],"class_list":["post-1051","post","type-post","status-publish","format-standard","has-post-thumbnail","hentry","category-atualidade","tag-algarve","tag-aljezur","tag-bombeiros"],"yoast_head":"<!-- This site is optimized with the Yoast SEO plugin v27.5 - https:\/\/yoast.com\/product\/yoast-seo-wordpress\/ -->\n<title>Munic\u00edpio de Aljezur e Associa\u00e7\u00e3o de Bombeiros Volunt\u00e1rios de Aljezur refor\u00e7am coopera\u00e7\u00e3o - Algarve 7<\/title>\n<meta name=\"description\" content=\"Munic\u00edpio de Aljezur e Associa\u00e7\u00e3o de Bombeiros Volunt\u00e1rios de Aljezur refor\u00e7am coopera\u00e7\u00e3o\" \/>\n<meta name=\"robots\" content=\"index, follow, max-snippet:-1, max-image-preview:large, max-video-preview:-1\" \/>\n<link rel=\"canonical\" href=\"https:\/\/algarve7.pt\/index.php\/2020\/09\/municipio-de-aljezur-e-associacao-de-bombeiros-voluntarios-de-aljezur-reforcam-cooperacao\/atualidade\/14\/58\/\" \/>\n<meta property=\"og:locale\" content=\"pt_PT\" \/>\n<meta property=\"og:type\" content=\"article\" \/>\n<meta property=\"og:title\" content=\"Munic\u00edpio de Aljezur e Associa\u00e7\u00e3o de Bombeiros Volunt\u00e1rios de Aljezur refor\u00e7am coopera\u00e7\u00e3o - Algarve 7\" \/>\n<meta property=\"og:description\" content=\"Munic\u00edpio de Aljezur e Associa\u00e7\u00e3o de Bombeiros Volunt\u00e1rios de Aljezur refor\u00e7am coopera\u00e7\u00e3o\" \/>\n<meta property=\"og:url\" content=\"https:\/\/algarve7.pt\/index.php\/2020\/09\/municipio-de-aljezur-e-associacao-de-bombeiros-voluntarios-de-aljezur-reforcam-cooperacao\/atualidade\/14\/58\/\" \/>\n<meta property=\"og:site_name\" content=\"Algarve 7\" \/>\n<meta property=\"article:publisher\" content=\"https:\/\/www.facebook.com\/algarve7\" \/>\n<meta property=\"article:author\" content=\"https:\/\/www.facebook.com\/algarve7\" \/>\n<meta property=\"article:published_time\" content=\"2020-09-03T13:58:27+00:00\" \/>\n<meta property=\"article:modified_time\" content=\"2020-09-03T13:58:28+00:00\" \/>\n<meta property=\"og:image\" content=\"https:\/\/algarve7.pt\/wp-content\/uploads\/2020\/09\/protocolo_bva_fb-1.jpg\" \/>\n\t<meta property=\"og:image:width\" content=\"1020\" \/>\n\t<meta property=\"og:image:height\" content=\"552\" \/>\n\t<meta property=\"og:image:type\" content=\"image\/jpeg\" \/>\n<meta name=\"author\" content=\"Algarve 7\" \/>\n<meta name=\"twitter:card\" content=\"summary_large_image\" \/>\n<meta name=\"twitter:creator\" content=\"@Algarvesete\" \/>\n<meta name=\"twitter:site\" content=\"@Algarvesete\" \/>\n<meta name=\"twitter:label1\" content=\"Escrito por\" \/>\n\t<meta name=\"twitter:data1\" content=\"Algarve 7\" \/>\n\t<meta name=\"twitter:label2\" content=\"Tempo estimado de leitura\" \/>\n\t<meta name=\"twitter:data2\" content=\"3 minutos\" \/>\n<script type=\"application\/ld+json\" class=\"yoast-schema-graph\">{\"@context\":\"https:\\\/\\\/schema.org\",\"@graph\":[{\"@type\":\"Article\",\"@id\":\"https:\\\/\\\/algarve7.pt\\\/index.php\\\/2020\\\/09\\\/municipio-de-aljezur-e-associacao-de-bombeiros-voluntarios-de-aljezur-reforcam-cooperacao\\\/atualidade\\\/14\\\/58\\\/#article\",\"isPartOf\":{\"@id\":\"https:\\\/\\\/algarve7.pt\\\/index.php\\\/2020\\\/09\\\/municipio-de-aljezur-e-associacao-de-bombeiros-voluntarios-de-aljezur-reforcam-cooperacao\\\/atualidade\\\/14\\\/58\\\/\"},\"author\":{\"name\":\"Algarve 7\",\"@id\":\"https:\\\/\\\/algarve7.pt\\\/#\\\/schema\\\/person\\\/23fa70681308e7b319a3204bcea45e0c\"},\"headline\":\"Munic\u00edpio de Aljezur e Associa\u00e7\u00e3o de Bombeiros Volunt\u00e1rios de Aljezur refor\u00e7am coopera\u00e7\u00e3o\",\"datePublished\":\"2020-09-03T13:58:27+00:00\",\"dateModified\":\"2020-09-03T13:58:28+00:00\",\"mainEntityOfPage\":{\"@id\":\"https:\\\/\\\/algarve7.pt\\\/index.php\\\/2020\\\/09\\\/municipio-de-aljezur-e-associacao-de-bombeiros-voluntarios-de-aljezur-reforcam-cooperacao\\\/atualidade\\\/14\\\/58\\\/\"},\"wordCount\":675,\"publisher\":{\"@id\":\"https:\\\/\\\/algarve7.pt\\\/#organization\"},\"image\":{\"@id\":\"https:\\\/\\\/algarve7.pt\\\/index.php\\\/2020\\\/09\\\/municipio-de-aljezur-e-associacao-de-bombeiros-voluntarios-de-aljezur-reforcam-cooperacao\\\/atualidade\\\/14\\\/58\\\/#primaryimage\"},\"thumbnailUrl\":\"https:\\\/\\\/algarve7.pt\\\/wp-content\\\/uploads\\\/2020\\\/09\\\/protocolo_bva_fb-1.jpg\",\"keywords\":[\"Algarve\",\"Aljezur\",\"Bombeiros\"],\"articleSection\":[\"Atualidade\"],\"inLanguage\":\"pt-PT\"},{\"@type\":\"WebPage\",\"@id\":\"https:\\\/\\\/algarve7.pt\\\/index.php\\\/2020\\\/09\\\/municipio-de-aljezur-e-associacao-de-bombeiros-voluntarios-de-aljezur-reforcam-cooperacao\\\/atualidade\\\/14\\\/58\\\/\",\"url\":\"https:\\\/\\\/algarve7.pt\\\/index.php\\\/2020\\\/09\\\/municipio-de-aljezur-e-associacao-de-bombeiros-voluntarios-de-aljezur-reforcam-cooperacao\\\/atualidade\\\/14\\\/58\\\/\",\"name\":\"Munic\u00edpio de Aljezur e Associa\u00e7\u00e3o de Bombeiros Volunt\u00e1rios de Aljezur refor\u00e7am coopera\u00e7\u00e3o - Algarve 7\",\"isPartOf\":{\"@id\":\"https:\\\/\\\/algarve7.pt\\\/#website\"},\"primaryImageOfPage\":{\"@id\":\"https:\\\/\\\/algarve7.pt\\\/index.php\\\/2020\\\/09\\\/municipio-de-aljezur-e-associacao-de-bombeiros-voluntarios-de-aljezur-reforcam-cooperacao\\\/atualidade\\\/14\\\/58\\\/#primaryimage\"},\"image\":{\"@id\":\"https:\\\/\\\/algarve7.pt\\\/index.php\\\/2020\\\/09\\\/municipio-de-aljezur-e-associacao-de-bombeiros-voluntarios-de-aljezur-reforcam-cooperacao\\\/atualidade\\\/14\\\/58\\\/#primaryimage\"},\"thumbnailUrl\":\"https:\\\/\\\/algarve7.pt\\\/wp-content\\\/uploads\\\/2020\\\/09\\\/protocolo_bva_fb-1.jpg\",\"datePublished\":\"2020-09-03T13:58:27+00:00\",\"dateModified\":\"2020-09-03T13:58:28+00:00\",\"description\":\"Munic\u00edpio de Aljezur e Associa\u00e7\u00e3o de Bombeiros Volunt\u00e1rios de Aljezur refor\u00e7am coopera\u00e7\u00e3o\",\"breadcrumb\":{\"@id\":\"https:\\\/\\\/algarve7.pt\\\/index.php\\\/2020\\\/09\\\/municipio-de-aljezur-e-associacao-de-bombeiros-voluntarios-de-aljezur-reforcam-cooperacao\\\/atualidade\\\/14\\\/58\\\/#breadcrumb\"},\"inLanguage\":\"pt-PT\",\"potentialAction\":[{\"@type\":\"ReadAction\",\"target\":[\"https:\\\/\\\/algarve7.pt\\\/index.php\\\/2020\\\/09\\\/municipio-de-aljezur-e-associacao-de-bombeiros-voluntarios-de-aljezur-reforcam-cooperacao\\\/atualidade\\\/14\\\/58\\\/\"]}]},{\"@type\":\"ImageObject\",\"inLanguage\":\"pt-PT\",\"@id\":\"https:\\\/\\\/algarve7.pt\\\/index.php\\\/2020\\\/09\\\/municipio-de-aljezur-e-associacao-de-bombeiros-voluntarios-de-aljezur-reforcam-cooperacao\\\/atualidade\\\/14\\\/58\\\/#primaryimage\",\"url\":\"https:\\\/\\\/algarve7.pt\\\/wp-content\\\/uploads\\\/2020\\\/09\\\/protocolo_bva_fb-1.jpg\",\"contentUrl\":\"https:\\\/\\\/algarve7.pt\\\/wp-content\\\/uploads\\\/2020\\\/09\\\/protocolo_bva_fb-1.jpg\",\"width\":1020,\"height\":552},{\"@type\":\"BreadcrumbList\",\"@id\":\"https:\\\/\\\/algarve7.pt\\\/index.php\\\/2020\\\/09\\\/municipio-de-aljezur-e-associacao-de-bombeiros-voluntarios-de-aljezur-reforcam-cooperacao\\\/atualidade\\\/14\\\/58\\\/#breadcrumb\",\"itemListElement\":[{\"@type\":\"ListItem\",\"position\":1,\"name\":\"In\u00edcio\",\"item\":\"https:\\\/\\\/algarve7.pt\\\/\"},{\"@type\":\"ListItem\",\"position\":2,\"name\":\"Munic\u00edpio de Aljezur e Associa\u00e7\u00e3o de Bombeiros Volunt\u00e1rios de Aljezur refor\u00e7am coopera\u00e7\u00e3o\"}]},{\"@type\":\"WebSite\",\"@id\":\"https:\\\/\\\/algarve7.pt\\\/#website\",\"url\":\"https:\\\/\\\/algarve7.pt\\\/\",\"name\":\"Algarve 7\",\"description\":\"Informa\u00e7\u00e3o sobre o Algarve\",\"publisher\":{\"@id\":\"https:\\\/\\\/algarve7.pt\\\/#organization\"},\"potentialAction\":[{\"@type\":\"SearchAction\",\"target\":{\"@type\":\"EntryPoint\",\"urlTemplate\":\"https:\\\/\\\/algarve7.pt\\\/?s={search_term_string}\"},\"query-input\":{\"@type\":\"PropertyValueSpecification\",\"valueRequired\":true,\"valueName\":\"search_term_string\"}}],\"inLanguage\":\"pt-PT\"},{\"@type\":\"Organization\",\"@id\":\"https:\\\/\\\/algarve7.pt\\\/#organization\",\"name\":\"Algarve 7\",\"url\":\"https:\\\/\\\/algarve7.pt\\\/\",\"logo\":{\"@type\":\"ImageObject\",\"inLanguage\":\"pt-PT\",\"@id\":\"https:\\\/\\\/algarve7.pt\\\/#\\\/schema\\\/logo\\\/image\\\/\",\"url\":\"https:\\\/\\\/algarve7.pt\\\/wp-content\\\/uploads\\\/2020\\\/10\\\/Logo-8.jpg\",\"contentUrl\":\"https:\\\/\\\/algarve7.pt\\\/wp-content\\\/uploads\\\/2020\\\/10\\\/Logo-8.jpg\",\"width\":1680,\"height\":1186,\"caption\":\"Algarve 7\"},\"image\":{\"@id\":\"https:\\\/\\\/algarve7.pt\\\/#\\\/schema\\\/logo\\\/image\\\/\"},\"sameAs\":[\"https:\\\/\\\/www.facebook.com\\\/algarve7\",\"https:\\\/\\\/x.com\\\/Algarvesete\",\"https:\\\/\\\/www.instagram.com\\\/jornalalgarve7\\\/\",\"https:\\\/\\\/www.linkedin.com\\\/company\\\/algarve7\",\"https:\\\/\\\/www.pinterest.pt\\\/geral0939\\\/_created\\\/\"]},{\"@type\":\"Person\",\"@id\":\"https:\\\/\\\/algarve7.pt\\\/#\\\/schema\\\/person\\\/23fa70681308e7b319a3204bcea45e0c\",\"name\":\"Algarve 7\",\"sameAs\":[\"https:\\\/\\\/algarve7.pt\",\"https:\\\/\\\/www.facebook.com\\\/algarve7\"],\"url\":\"https:\\\/\\\/algarve7.pt\\\/index.php\\\/author\\\/geralalgarve7-pt\\\/\"}]}<\/script>\n<!-- \/ Yoast SEO plugin. -->","yoast_head_json":{"title":"Munic\u00edpio de Aljezur e Associa\u00e7\u00e3o de Bombeiros Volunt\u00e1rios de Aljezur refor\u00e7am coopera\u00e7\u00e3o - Algarve 7","description":"Munic\u00edpio de Aljezur e Associa\u00e7\u00e3o de Bombeiros Volunt\u00e1rios de Aljezur refor\u00e7am coopera\u00e7\u00e3o","robots":{"index":"index","follow":"follow","max-snippet":"max-snippet:-1","max-image-preview":"max-image-preview:large","max-video-preview":"max-video-preview:-1"},"canonical":"https:\/\/algarve7.pt\/index.php\/2020\/09\/municipio-de-aljezur-e-associacao-de-bombeiros-voluntarios-de-aljezur-reforcam-cooperacao\/atualidade\/14\/58\/","og_locale":"pt_PT","og_type":"article","og_title":"Munic\u00edpio de Aljezur e Associa\u00e7\u00e3o de Bombeiros Volunt\u00e1rios de Aljezur refor\u00e7am coopera\u00e7\u00e3o - Algarve 7","og_description":"Munic\u00edpio de Aljezur e Associa\u00e7\u00e3o de Bombeiros Volunt\u00e1rios de Aljezur refor\u00e7am coopera\u00e7\u00e3o","og_url":"https:\/\/algarve7.pt\/index.php\/2020\/09\/municipio-de-aljezur-e-associacao-de-bombeiros-voluntarios-de-aljezur-reforcam-cooperacao\/atualidade\/14\/58\/","og_site_name":"Algarve 7","article_publisher":"https:\/\/www.facebook.com\/algarve7","article_author":"https:\/\/www.facebook.com\/algarve7","article_published_time":"2020-09-03T13:58:27+00:00","article_modified_time":"2020-09-03T13:58:28+00:00","og_image":[{"width":1020,"height":552,"url":"https:\/\/algarve7.pt\/wp-content\/uploads\/2020\/09\/protocolo_bva_fb-1.jpg","type":"image\/jpeg"}],"author":"Algarve 7","twitter_card":"summary_large_image","twitter_creator":"@Algarvesete","twitter_site":"@Algarvesete","twitter_misc":{"Escrito por":"Algarve 7","Tempo estimado de leitura":"3 minutos"},"schema":{"@context":"https:\/\/schema.org","@graph":[{"@type":"Article","@id":"https:\/\/algarve7.pt\/index.php\/2020\/09\/municipio-de-aljezur-e-associacao-de-bombeiros-voluntarios-de-aljezur-reforcam-cooperacao\/atualidade\/14\/58\/#article","isPartOf":{"@id":"https:\/\/algarve7.pt\/index.php\/2020\/09\/municipio-de-aljezur-e-associacao-de-bombeiros-voluntarios-de-aljezur-reforcam-cooperacao\/atualidade\/14\/58\/"},"author":{"name":"Algarve 7","@id":"https:\/\/algarve7.pt\/#\/schema\/person\/23fa70681308e7b319a3204bcea45e0c"},"headline":"Munic\u00edpio de Aljezur e Associa\u00e7\u00e3o de Bombeiros Volunt\u00e1rios de Aljezur refor\u00e7am coopera\u00e7\u00e3o","datePublished":"2020-09-03T13:58:27+00:00","dateModified":"2020-09-03T13:58:28+00:00","mainEntityOfPage":{"@id":"https:\/\/algarve7.pt\/index.php\/2020\/09\/municipio-de-aljezur-e-associacao-de-bombeiros-voluntarios-de-aljezur-reforcam-cooperacao\/atualidade\/14\/58\/"},"wordCount":675,"publisher":{"@id":"https:\/\/algarve7.pt\/#organization"},"image":{"@id":"https:\/\/algarve7.pt\/index.php\/2020\/09\/municipio-de-aljezur-e-associacao-de-bombeiros-voluntarios-de-aljezur-reforcam-cooperacao\/atualidade\/14\/58\/#primaryimage"},"thumbnailUrl":"https:\/\/algarve7.pt\/wp-content\/uploads\/2020\/09\/protocolo_bva_fb-1.jpg","keywords":["Algarve","Aljezur","Bombeiros"],"articleSection":["Atualidade"],"inLanguage":"pt-PT"},{"@type":"WebPage","@id":"https:\/\/algarve7.pt\/index.php\/2020\/09\/municipio-de-aljezur-e-associacao-de-bombeiros-voluntarios-de-aljezur-reforcam-cooperacao\/atualidade\/14\/58\/","url":"https:\/\/algarve7.pt\/index.php\/2020\/09\/municipio-de-aljezur-e-associacao-de-bombeiros-voluntarios-de-aljezur-reforcam-cooperacao\/atualidade\/14\/58\/","name":"Munic\u00edpio de Aljezur e Associa\u00e7\u00e3o de Bombeiros Volunt\u00e1rios de Aljezur refor\u00e7am coopera\u00e7\u00e3o - Algarve 7","isPartOf":{"@id":"https:\/\/algarve7.pt\/#website"},"primaryImageOfPage":{"@id":"https:\/\/algarve7.pt\/index.php\/2020\/09\/municipio-de-aljezur-e-associacao-de-bombeiros-voluntarios-de-aljezur-reforcam-cooperacao\/atualidade\/14\/58\/#primaryimage"},"image":{"@id":"https:\/\/algarve7.pt\/index.php\/2020\/09\/municipio-de-aljezur-e-associacao-de-bombeiros-voluntarios-de-aljezur-reforcam-cooperacao\/atualidade\/14\/58\/#primaryimage"},"thumbnailUrl":"https:\/\/algarve7.pt\/wp-content\/uploads\/2020\/09\/protocolo_bva_fb-1.jpg","datePublished":"2020-09-03T13:58:27+00:00","dateModified":"2020-09-03T13:58:28+00:00","description":"Munic\u00edpio de Aljezur e Associa\u00e7\u00e3o de Bombeiros Volunt\u00e1rios de Aljezur refor\u00e7am coopera\u00e7\u00e3o","breadcrumb":{"@id":"https:\/\/algarve7.pt\/index.php\/2020\/09\/municipio-de-aljezur-e-associacao-de-bombeiros-voluntarios-de-aljezur-reforcam-cooperacao\/atualidade\/14\/58\/#breadcrumb"},"inLanguage":"pt-PT","potentialAction":[{"@type":"ReadAction","target":["https:\/\/algarve7.pt\/index.php\/2020\/09\/municipio-de-aljezur-e-associacao-de-bombeiros-voluntarios-de-aljezur-reforcam-cooperacao\/atualidade\/14\/58\/"]}]},{"@type":"ImageObject","inLanguage":"pt-PT","@id":"https:\/\/algarve7.pt\/index.php\/2020\/09\/municipio-de-aljezur-e-associacao-de-bombeiros-voluntarios-de-aljezur-reforcam-cooperacao\/atualidade\/14\/58\/#primaryimage","url":"https:\/\/algarve7.pt\/wp-content\/uploads\/2020\/09\/protocolo_bva_fb-1.jpg","contentUrl":"https:\/\/algarve7.pt\/wp-content\/uploads\/2020\/09\/protocolo_bva_fb-1.jpg","width":1020,"height":552},{"@type":"BreadcrumbList","@id":"https:\/\/algarve7.pt\/index.php\/2020\/09\/municipio-de-aljezur-e-associacao-de-bombeiros-voluntarios-de-aljezur-reforcam-cooperacao\/atualidade\/14\/58\/#breadcrumb","itemListElement":[{"@type":"ListItem","position":1,"name":"In\u00edcio","item":"https:\/\/algarve7.pt\/"},{"@type":"ListItem","position":2,"name":"Munic\u00edpio de Aljezur e Associa\u00e7\u00e3o de Bombeiros Volunt\u00e1rios de Aljezur refor\u00e7am coopera\u00e7\u00e3o"}]},{"@type":"WebSite","@id":"https:\/\/algarve7.pt\/#website","url":"https:\/\/algarve7.pt\/","name":"Algarve 7","description":"Informa\u00e7\u00e3o sobre o Algarve","publisher":{"@id":"https:\/\/algarve7.pt\/#organization"},"potentialAction":[{"@type":"SearchAction","target":{"@type":"EntryPoint","urlTemplate":"https:\/\/algarve7.pt\/?s={search_term_string}"},"query-input":{"@type":"PropertyValueSpecification","valueRequired":true,"valueName":"search_term_string"}}],"inLanguage":"pt-PT"},{"@type":"Organization","@id":"https:\/\/algarve7.pt\/#organization","name":"Algarve 7","url":"https:\/\/algarve7.pt\/","logo":{"@type":"ImageObject","inLanguage":"pt-PT","@id":"https:\/\/algarve7.pt\/#\/schema\/logo\/image\/","url":"https:\/\/algarve7.pt\/wp-content\/uploads\/2020\/10\/Logo-8.jpg","contentUrl":"https:\/\/algarve7.pt\/wp-content\/uploads\/2020\/10\/Logo-8.jpg","width":1680,"height":1186,"caption":"Algarve 7"},"image":{"@id":"https:\/\/algarve7.pt\/#\/schema\/logo\/image\/"},"sameAs":["https:\/\/www.facebook.com\/algarve7","https:\/\/x.com\/Algarvesete","https:\/\/www.instagram.com\/jornalalgarve7\/","https:\/\/www.linkedin.com\/company\/algarve7","https:\/\/www.pinterest.pt\/geral0939\/_created\/"]},{"@type":"Person","@id":"https:\/\/algarve7.pt\/#\/schema\/person\/23fa70681308e7b319a3204bcea45e0c","name":"Algarve 7","sameAs":["https:\/\/algarve7.pt","https:\/\/www.facebook.com\/algarve7"],"url":"https:\/\/algarve7.pt\/index.php\/author\/geralalgarve7-pt\/"}]}},"jetpack_publicize_connections":[],"jetpack_featured_media_url":"https:\/\/algarve7.pt\/wp-content\/uploads\/2020\/09\/protocolo_bva_fb-1.jpg","jetpack_shortlink":"https:\/\/wp.me\/pcezmW-gX","jetpack_sharing_enabled":true,"_links":{"self":[{"href":"https:\/\/algarve7.pt\/index.php\/wp-json\/wp\/v2\/posts\/1051","targetHints":{"allow":["GET"]}}],"collection":[{"href":"https:\/\/algarve7.pt\/index.php\/wp-json\/wp\/v2\/posts"}],"about":[{"href":"https:\/\/algarve7.pt\/index.php\/wp-json\/wp\/v2\/types\/post"}],"author":[{"embeddable":true,"href":"https:\/\/algarve7.pt\/index.php\/wp-json\/wp\/v2\/users\/1"}],"replies":[{"embeddable":true,"href":"https:\/\/algarve7.pt\/index.php\/wp-json\/wp\/v2\/comments?post=1051"}],"version-history":[{"count":0,"href":"https:\/\/algarve7.pt\/index.php\/wp-json\/wp\/v2\/posts\/1051\/revisions"}],"wp:featuredmedia":[{"embeddable":true,"href":"https:\/\/algarve7.pt\/index.php\/wp-json\/wp\/v2\/media\/1052"}],"wp:attachment":[{"href":"https:\/\/algarve7.pt\/index.php\/wp-json\/wp\/v2\/media?parent=1051"}],"wp:term":[{"taxonomy":"category","embeddable":true,"href":"https:\/\/algarve7.pt\/index.php\/wp-json\/wp\/v2\/categories?post=1051"},{"taxonomy":"post_tag","embeddable":true,"href":"https:\/\/algarve7.pt\/index.php\/wp-json\/wp\/v2\/tags?post=1051"}],"curies":[{"name":"wp","href":"https:\/\/api.w.org\/{rel}","templated":true}]}}