{"id":10452,"date":"2021-07-28T13:20:00","date_gmt":"2021-07-28T12:20:00","guid":{"rendered":"https:\/\/algarve7.pt\/?p=10452"},"modified":"2021-07-28T12:42:22","modified_gmt":"2021-07-28T11:42:22","slug":"gnr-sepna-dia-mundial-da-conservacao-da-natureza","status":"publish","type":"post","link":"https:\/\/algarve7.pt\/index.php\/2021\/07\/gnr-sepna-dia-mundial-da-conservacao-da-natureza\/ambiente\/13\/20\/","title":{"rendered":"GNR\/SEPNA \u2013 Dia Mundial da Conserva\u00e7\u00e3o da Natureza"},"content":{"rendered":"\n<p>Hoje, dia 28 de julho, dia em que se comemora o Dia Mundial da Conserva\u00e7\u00e3o da Natureza, a Guarda Nacional Republicana (GNR) n\u00e3o pode deixar de assinalar, atrav\u00e9s do&nbsp;<strong>Servi\u00e7o de Prote\u00e7\u00e3o da Natureza e do Ambiente (SEPNA),&nbsp;<\/strong>a sua preocupa\u00e7\u00e3o nesta mat\u00e9ria de extrema relev\u00e2ncia.<\/p>\n\n\n\n<p>O SEPNA constitui-se como a pol\u00edcia ambiental competente para vigiar, fiscalizar, noticiar e investigar infra\u00e7\u00f5es \u00e0 legisla\u00e7\u00e3o que&nbsp;<strong>visa proteger a natureza, o ambiente e o patrim\u00f3nio natural, em todo o territ\u00f3rio nacional<\/strong>integrando ainda diversos f\u00f3runs de coopera\u00e7\u00e3o nacional e internacional sobre estas tem\u00e1ticas, promovendo diariamente diversas a\u00e7\u00f5es que contribuem para um planeta mais limpo, consciente que a biodiversidade, seja uma esp\u00e9cie ou todo um ecossistema, \u00e9 absolutamente vital para a sa\u00fade e o bem-estar dos seres humanos.<\/p>\n\n\n\n<p>Do espetro alargado de compet\u00eancias atribu\u00eddas \u00e0 Guarda no \u00e2mbito da Prote\u00e7\u00e3o da Natureza e do Ambiente, no ano de 2020, das&nbsp;<strong>73.450 patrulhas&nbsp;<\/strong>desenvolvidas, foram realizadas&nbsp;<strong>228.244 fiscaliza\u00e7\u00f5es<\/strong>&nbsp;que resultaram na&nbsp;<strong>deten\u00e7\u00e3o de 51 pessoas<\/strong>, no levantamento de&nbsp;<strong>18.884 autos de contraordena\u00e7\u00e3o<\/strong>&nbsp;e&nbsp;<strong>na instaura\u00e7\u00e3o de 1.100 processos crimes<\/strong>.<\/p>\n\n\n\n<p>A Guarda desenvolve diariamente um vasto conjunto de atividades visando um aumento das suas respostas e capacidades operacionais tendo em vista o cumprimento das disposi\u00e7\u00f5es legais e regulamentares referentes \u00e0 prote\u00e7\u00e3o da natureza e do ambiente, bem como proteger e conservar o patrim\u00f3nio natural. Cabe ainda \u00e0 GNR prevenir e investigar os respetivos il\u00edcitos referentes ao&nbsp;<strong>ordenamento do territ\u00f3rio<\/strong>,&nbsp;<strong>contamina\u00e7\u00e3o, de polui\u00e7\u00e3o e de despejo de res\u00edduos,<\/strong>&nbsp;tendo realizado neste \u00e2mbito, em 2020,&nbsp;<strong>4.875 a\u00e7\u00f5es de sensibiliza\u00e7\u00e3o<\/strong>&nbsp;e instaurado&nbsp;<strong>3.883 autos de contraordena\u00e7\u00e3o<\/strong>.<\/p>\n\n\n\n<p>No primeiro semestre de 2021, j\u00e1 foram realizadas 10.974 a\u00e7\u00f5es de sensibiliza\u00e7\u00e3o referentes \u00e0 prote\u00e7\u00e3o da floresta e ao uso adequado do fogo direcionadas a 45.188 pessoas, assim como, atrav\u00e9s de publica\u00e7\u00f5es nas redes sociais, neste mesmo \u00e2mbito, foram alcan\u00e7adas mais de 920.000 pessoas.<\/p>\n\n\n\n<p>A Linha SOS Ambiente e Territ\u00f3rio (808 200&nbsp;520)&nbsp;com um funcionamento permanente, constituiu-se como uma ferramenta de sucesso ao servi\u00e7o do cidad\u00e3o, quer na den\u00fancia das infra\u00e7\u00f5es ambientais ou no esclarecimento de d\u00favidas ambientais.<\/p>\n","protected":false},"excerpt":{"rendered":"<p>Hoje, dia 28 de julho, dia em que se comemora o Dia Mundial da Conserva\u00e7\u00e3o da Natureza, a Guarda Nacional<\/p>\n","protected":false},"author":1,"featured_media":10453,"comment_status":"open","ping_status":"open","sticky":false,"template":"","format":"standard","meta":{"colormag_page_container_layout":"default_layout","colormag_page_sidebar_layout":"default_layout","_monsterinsights_skip_tracking":false,"_monsterinsights_sitenote_active":false,"_monsterinsights_sitenote_note":"","_monsterinsights_sitenote_category":0,"jetpack_post_was_ever_published":false,"_jetpack_newsletter_access":"","_jetpack_dont_email_post_to_subs":false,"_jetpack_newsletter_tier_id":0,"_jetpack_memberships_contains_paywalled_content":false,"_jetpack_memberships_contains_paid_content":false,"footnotes":"","jetpack_publicize_message":"","jetpack_publicize_feature_enabled":true,"jetpack_social_post_already_shared":true,"jetpack_social_options":{"image_generator_settings":{"template":"highway","default_image_id":0,"font":"","enabled":false},"version":2}},"categories":[5],"tags":[32,140],"class_list":["post-10452","post","type-post","status-publish","format-standard","has-post-thumbnail","hentry","category-ambiente","tag-ambiente","tag-gnr"],"yoast_head":"<!-- This site is optimized with the Yoast SEO plugin v27.4 - https:\/\/yoast.com\/product\/yoast-seo-wordpress\/ -->\n<title>GNR\/SEPNA \u2013 Dia Mundial da Conserva\u00e7\u00e3o da Natureza - Algarve 7<\/title>\n<meta name=\"description\" content=\"GNR\/SEPNA \u2013 Dia Mundial da Conserva\u00e7\u00e3o da Natureza Ambiente\" \/>\n<meta name=\"robots\" content=\"index, follow, max-snippet:-1, max-image-preview:large, max-video-preview:-1\" \/>\n<link rel=\"canonical\" href=\"https:\/\/algarve7.pt\/index.php\/2021\/07\/gnr-sepna-dia-mundial-da-conservacao-da-natureza\/ambiente\/13\/20\/\" \/>\n<meta property=\"og:locale\" content=\"pt_PT\" \/>\n<meta property=\"og:type\" content=\"article\" \/>\n<meta property=\"og:title\" content=\"GNR\/SEPNA \u2013 Dia Mundial da Conserva\u00e7\u00e3o da Natureza - Algarve 7\" \/>\n<meta property=\"og:description\" content=\"GNR\/SEPNA \u2013 Dia Mundial da Conserva\u00e7\u00e3o da Natureza Ambiente\" \/>\n<meta property=\"og:url\" content=\"https:\/\/algarve7.pt\/index.php\/2021\/07\/gnr-sepna-dia-mundial-da-conservacao-da-natureza\/ambiente\/13\/20\/\" \/>\n<meta property=\"og:site_name\" content=\"Algarve 7\" \/>\n<meta property=\"article:publisher\" content=\"https:\/\/www.facebook.com\/algarve7\" \/>\n<meta property=\"article:author\" content=\"https:\/\/www.facebook.com\/algarve7\" \/>\n<meta property=\"article:published_time\" content=\"2021-07-28T12:20:00+00:00\" \/>\n<meta property=\"og:image\" content=\"https:\/\/algarve7.pt\/wp-content\/uploads\/2021\/07\/GNR-\u2013-Dia-Mundial-da-Conservacao-da-Natureza.jpg\" \/>\n\t<meta property=\"og:image:width\" content=\"523\" \/>\n\t<meta property=\"og:image:height\" content=\"523\" \/>\n\t<meta property=\"og:image:type\" content=\"image\/jpeg\" \/>\n<meta name=\"author\" content=\"Algarve 7\" \/>\n<meta name=\"twitter:card\" content=\"summary_large_image\" \/>\n<meta name=\"twitter:creator\" content=\"@Algarvesete\" \/>\n<meta name=\"twitter:site\" content=\"@Algarvesete\" \/>\n<meta name=\"twitter:label1\" content=\"Escrito por\" \/>\n\t<meta name=\"twitter:data1\" content=\"Algarve 7\" \/>\n\t<meta name=\"twitter:label2\" content=\"Tempo estimado de leitura\" \/>\n\t<meta name=\"twitter:data2\" content=\"2 minutos\" \/>\n<script type=\"application\/ld+json\" class=\"yoast-schema-graph\">{\"@context\":\"https:\\\/\\\/schema.org\",\"@graph\":[{\"@type\":\"Article\",\"@id\":\"https:\\\/\\\/algarve7.pt\\\/index.php\\\/2021\\\/07\\\/gnr-sepna-dia-mundial-da-conservacao-da-natureza\\\/ambiente\\\/13\\\/20\\\/#article\",\"isPartOf\":{\"@id\":\"https:\\\/\\\/algarve7.pt\\\/index.php\\\/2021\\\/07\\\/gnr-sepna-dia-mundial-da-conservacao-da-natureza\\\/ambiente\\\/13\\\/20\\\/\"},\"author\":{\"name\":\"Algarve 7\",\"@id\":\"https:\\\/\\\/algarve7.pt\\\/#\\\/schema\\\/person\\\/23fa70681308e7b319a3204bcea45e0c\"},\"headline\":\"GNR\\\/SEPNA \u2013 Dia Mundial da Conserva\u00e7\u00e3o da Natureza\",\"datePublished\":\"2021-07-28T12:20:00+00:00\",\"mainEntityOfPage\":{\"@id\":\"https:\\\/\\\/algarve7.pt\\\/index.php\\\/2021\\\/07\\\/gnr-sepna-dia-mundial-da-conservacao-da-natureza\\\/ambiente\\\/13\\\/20\\\/\"},\"wordCount\":390,\"commentCount\":0,\"publisher\":{\"@id\":\"https:\\\/\\\/algarve7.pt\\\/#organization\"},\"image\":{\"@id\":\"https:\\\/\\\/algarve7.pt\\\/index.php\\\/2021\\\/07\\\/gnr-sepna-dia-mundial-da-conservacao-da-natureza\\\/ambiente\\\/13\\\/20\\\/#primaryimage\"},\"thumbnailUrl\":\"https:\\\/\\\/algarve7.pt\\\/wp-content\\\/uploads\\\/2021\\\/07\\\/GNR-\u2013-Dia-Mundial-da-Conservacao-da-Natureza.jpg\",\"keywords\":[\"Ambiente\",\"GNR\"],\"articleSection\":[\"Ambiente\"],\"inLanguage\":\"pt-PT\",\"potentialAction\":[{\"@type\":\"CommentAction\",\"name\":\"Comment\",\"target\":[\"https:\\\/\\\/algarve7.pt\\\/index.php\\\/2021\\\/07\\\/gnr-sepna-dia-mundial-da-conservacao-da-natureza\\\/ambiente\\\/13\\\/20\\\/#respond\"]}]},{\"@type\":\"WebPage\",\"@id\":\"https:\\\/\\\/algarve7.pt\\\/index.php\\\/2021\\\/07\\\/gnr-sepna-dia-mundial-da-conservacao-da-natureza\\\/ambiente\\\/13\\\/20\\\/\",\"url\":\"https:\\\/\\\/algarve7.pt\\\/index.php\\\/2021\\\/07\\\/gnr-sepna-dia-mundial-da-conservacao-da-natureza\\\/ambiente\\\/13\\\/20\\\/\",\"name\":\"GNR\\\/SEPNA \u2013 Dia Mundial da Conserva\u00e7\u00e3o da Natureza - Algarve 7\",\"isPartOf\":{\"@id\":\"https:\\\/\\\/algarve7.pt\\\/#website\"},\"primaryImageOfPage\":{\"@id\":\"https:\\\/\\\/algarve7.pt\\\/index.php\\\/2021\\\/07\\\/gnr-sepna-dia-mundial-da-conservacao-da-natureza\\\/ambiente\\\/13\\\/20\\\/#primaryimage\"},\"image\":{\"@id\":\"https:\\\/\\\/algarve7.pt\\\/index.php\\\/2021\\\/07\\\/gnr-sepna-dia-mundial-da-conservacao-da-natureza\\\/ambiente\\\/13\\\/20\\\/#primaryimage\"},\"thumbnailUrl\":\"https:\\\/\\\/algarve7.pt\\\/wp-content\\\/uploads\\\/2021\\\/07\\\/GNR-\u2013-Dia-Mundial-da-Conservacao-da-Natureza.jpg\",\"datePublished\":\"2021-07-28T12:20:00+00:00\",\"description\":\"GNR\\\/SEPNA \u2013 Dia Mundial da Conserva\u00e7\u00e3o da Natureza Ambiente\",\"breadcrumb\":{\"@id\":\"https:\\\/\\\/algarve7.pt\\\/index.php\\\/2021\\\/07\\\/gnr-sepna-dia-mundial-da-conservacao-da-natureza\\\/ambiente\\\/13\\\/20\\\/#breadcrumb\"},\"inLanguage\":\"pt-PT\",\"potentialAction\":[{\"@type\":\"ReadAction\",\"target\":[\"https:\\\/\\\/algarve7.pt\\\/index.php\\\/2021\\\/07\\\/gnr-sepna-dia-mundial-da-conservacao-da-natureza\\\/ambiente\\\/13\\\/20\\\/\"]}]},{\"@type\":\"ImageObject\",\"inLanguage\":\"pt-PT\",\"@id\":\"https:\\\/\\\/algarve7.pt\\\/index.php\\\/2021\\\/07\\\/gnr-sepna-dia-mundial-da-conservacao-da-natureza\\\/ambiente\\\/13\\\/20\\\/#primaryimage\",\"url\":\"https:\\\/\\\/algarve7.pt\\\/wp-content\\\/uploads\\\/2021\\\/07\\\/GNR-\u2013-Dia-Mundial-da-Conservacao-da-Natureza.jpg\",\"contentUrl\":\"https:\\\/\\\/algarve7.pt\\\/wp-content\\\/uploads\\\/2021\\\/07\\\/GNR-\u2013-Dia-Mundial-da-Conservacao-da-Natureza.jpg\",\"width\":523,\"height\":523},{\"@type\":\"BreadcrumbList\",\"@id\":\"https:\\\/\\\/algarve7.pt\\\/index.php\\\/2021\\\/07\\\/gnr-sepna-dia-mundial-da-conservacao-da-natureza\\\/ambiente\\\/13\\\/20\\\/#breadcrumb\",\"itemListElement\":[{\"@type\":\"ListItem\",\"position\":1,\"name\":\"In\u00edcio\",\"item\":\"https:\\\/\\\/algarve7.pt\\\/\"},{\"@type\":\"ListItem\",\"position\":2,\"name\":\"GNR\\\/SEPNA \u2013 Dia Mundial da Conserva\u00e7\u00e3o da Natureza\"}]},{\"@type\":\"WebSite\",\"@id\":\"https:\\\/\\\/algarve7.pt\\\/#website\",\"url\":\"https:\\\/\\\/algarve7.pt\\\/\",\"name\":\"Algarve 7\",\"description\":\"Informa\u00e7\u00e3o sobre o Algarve\",\"publisher\":{\"@id\":\"https:\\\/\\\/algarve7.pt\\\/#organization\"},\"potentialAction\":[{\"@type\":\"SearchAction\",\"target\":{\"@type\":\"EntryPoint\",\"urlTemplate\":\"https:\\\/\\\/algarve7.pt\\\/?s={search_term_string}\"},\"query-input\":{\"@type\":\"PropertyValueSpecification\",\"valueRequired\":true,\"valueName\":\"search_term_string\"}}],\"inLanguage\":\"pt-PT\"},{\"@type\":\"Organization\",\"@id\":\"https:\\\/\\\/algarve7.pt\\\/#organization\",\"name\":\"Algarve 7\",\"url\":\"https:\\\/\\\/algarve7.pt\\\/\",\"logo\":{\"@type\":\"ImageObject\",\"inLanguage\":\"pt-PT\",\"@id\":\"https:\\\/\\\/algarve7.pt\\\/#\\\/schema\\\/logo\\\/image\\\/\",\"url\":\"https:\\\/\\\/algarve7.pt\\\/wp-content\\\/uploads\\\/2020\\\/10\\\/Logo-8.jpg\",\"contentUrl\":\"https:\\\/\\\/algarve7.pt\\\/wp-content\\\/uploads\\\/2020\\\/10\\\/Logo-8.jpg\",\"width\":1680,\"height\":1186,\"caption\":\"Algarve 7\"},\"image\":{\"@id\":\"https:\\\/\\\/algarve7.pt\\\/#\\\/schema\\\/logo\\\/image\\\/\"},\"sameAs\":[\"https:\\\/\\\/www.facebook.com\\\/algarve7\",\"https:\\\/\\\/x.com\\\/Algarvesete\",\"https:\\\/\\\/www.instagram.com\\\/jornalalgarve7\\\/\",\"https:\\\/\\\/www.linkedin.com\\\/company\\\/algarve7\",\"https:\\\/\\\/www.pinterest.pt\\\/geral0939\\\/_created\\\/\"]},{\"@type\":\"Person\",\"@id\":\"https:\\\/\\\/algarve7.pt\\\/#\\\/schema\\\/person\\\/23fa70681308e7b319a3204bcea45e0c\",\"name\":\"Algarve 7\",\"sameAs\":[\"https:\\\/\\\/algarve7.pt\",\"https:\\\/\\\/www.facebook.com\\\/algarve7\"],\"url\":\"https:\\\/\\\/algarve7.pt\\\/index.php\\\/author\\\/geralalgarve7-pt\\\/\"}]}<\/script>\n<!-- \/ Yoast SEO plugin. -->","yoast_head_json":{"title":"GNR\/SEPNA \u2013 Dia Mundial da Conserva\u00e7\u00e3o da Natureza - Algarve 7","description":"GNR\/SEPNA \u2013 Dia Mundial da Conserva\u00e7\u00e3o da Natureza Ambiente","robots":{"index":"index","follow":"follow","max-snippet":"max-snippet:-1","max-image-preview":"max-image-preview:large","max-video-preview":"max-video-preview:-1"},"canonical":"https:\/\/algarve7.pt\/index.php\/2021\/07\/gnr-sepna-dia-mundial-da-conservacao-da-natureza\/ambiente\/13\/20\/","og_locale":"pt_PT","og_type":"article","og_title":"GNR\/SEPNA \u2013 Dia Mundial da Conserva\u00e7\u00e3o da Natureza - Algarve 7","og_description":"GNR\/SEPNA \u2013 Dia Mundial da Conserva\u00e7\u00e3o da Natureza Ambiente","og_url":"https:\/\/algarve7.pt\/index.php\/2021\/07\/gnr-sepna-dia-mundial-da-conservacao-da-natureza\/ambiente\/13\/20\/","og_site_name":"Algarve 7","article_publisher":"https:\/\/www.facebook.com\/algarve7","article_author":"https:\/\/www.facebook.com\/algarve7","article_published_time":"2021-07-28T12:20:00+00:00","og_image":[{"width":523,"height":523,"url":"https:\/\/algarve7.pt\/wp-content\/uploads\/2021\/07\/GNR-\u2013-Dia-Mundial-da-Conservacao-da-Natureza.jpg","type":"image\/jpeg"}],"author":"Algarve 7","twitter_card":"summary_large_image","twitter_creator":"@Algarvesete","twitter_site":"@Algarvesete","twitter_misc":{"Escrito por":"Algarve 7","Tempo estimado de leitura":"2 minutos"},"schema":{"@context":"https:\/\/schema.org","@graph":[{"@type":"Article","@id":"https:\/\/algarve7.pt\/index.php\/2021\/07\/gnr-sepna-dia-mundial-da-conservacao-da-natureza\/ambiente\/13\/20\/#article","isPartOf":{"@id":"https:\/\/algarve7.pt\/index.php\/2021\/07\/gnr-sepna-dia-mundial-da-conservacao-da-natureza\/ambiente\/13\/20\/"},"author":{"name":"Algarve 7","@id":"https:\/\/algarve7.pt\/#\/schema\/person\/23fa70681308e7b319a3204bcea45e0c"},"headline":"GNR\/SEPNA \u2013 Dia Mundial da Conserva\u00e7\u00e3o da Natureza","datePublished":"2021-07-28T12:20:00+00:00","mainEntityOfPage":{"@id":"https:\/\/algarve7.pt\/index.php\/2021\/07\/gnr-sepna-dia-mundial-da-conservacao-da-natureza\/ambiente\/13\/20\/"},"wordCount":390,"commentCount":0,"publisher":{"@id":"https:\/\/algarve7.pt\/#organization"},"image":{"@id":"https:\/\/algarve7.pt\/index.php\/2021\/07\/gnr-sepna-dia-mundial-da-conservacao-da-natureza\/ambiente\/13\/20\/#primaryimage"},"thumbnailUrl":"https:\/\/algarve7.pt\/wp-content\/uploads\/2021\/07\/GNR-\u2013-Dia-Mundial-da-Conservacao-da-Natureza.jpg","keywords":["Ambiente","GNR"],"articleSection":["Ambiente"],"inLanguage":"pt-PT","potentialAction":[{"@type":"CommentAction","name":"Comment","target":["https:\/\/algarve7.pt\/index.php\/2021\/07\/gnr-sepna-dia-mundial-da-conservacao-da-natureza\/ambiente\/13\/20\/#respond"]}]},{"@type":"WebPage","@id":"https:\/\/algarve7.pt\/index.php\/2021\/07\/gnr-sepna-dia-mundial-da-conservacao-da-natureza\/ambiente\/13\/20\/","url":"https:\/\/algarve7.pt\/index.php\/2021\/07\/gnr-sepna-dia-mundial-da-conservacao-da-natureza\/ambiente\/13\/20\/","name":"GNR\/SEPNA \u2013 Dia Mundial da Conserva\u00e7\u00e3o da Natureza - Algarve 7","isPartOf":{"@id":"https:\/\/algarve7.pt\/#website"},"primaryImageOfPage":{"@id":"https:\/\/algarve7.pt\/index.php\/2021\/07\/gnr-sepna-dia-mundial-da-conservacao-da-natureza\/ambiente\/13\/20\/#primaryimage"},"image":{"@id":"https:\/\/algarve7.pt\/index.php\/2021\/07\/gnr-sepna-dia-mundial-da-conservacao-da-natureza\/ambiente\/13\/20\/#primaryimage"},"thumbnailUrl":"https:\/\/algarve7.pt\/wp-content\/uploads\/2021\/07\/GNR-\u2013-Dia-Mundial-da-Conservacao-da-Natureza.jpg","datePublished":"2021-07-28T12:20:00+00:00","description":"GNR\/SEPNA \u2013 Dia Mundial da Conserva\u00e7\u00e3o da Natureza Ambiente","breadcrumb":{"@id":"https:\/\/algarve7.pt\/index.php\/2021\/07\/gnr-sepna-dia-mundial-da-conservacao-da-natureza\/ambiente\/13\/20\/#breadcrumb"},"inLanguage":"pt-PT","potentialAction":[{"@type":"ReadAction","target":["https:\/\/algarve7.pt\/index.php\/2021\/07\/gnr-sepna-dia-mundial-da-conservacao-da-natureza\/ambiente\/13\/20\/"]}]},{"@type":"ImageObject","inLanguage":"pt-PT","@id":"https:\/\/algarve7.pt\/index.php\/2021\/07\/gnr-sepna-dia-mundial-da-conservacao-da-natureza\/ambiente\/13\/20\/#primaryimage","url":"https:\/\/algarve7.pt\/wp-content\/uploads\/2021\/07\/GNR-\u2013-Dia-Mundial-da-Conservacao-da-Natureza.jpg","contentUrl":"https:\/\/algarve7.pt\/wp-content\/uploads\/2021\/07\/GNR-\u2013-Dia-Mundial-da-Conservacao-da-Natureza.jpg","width":523,"height":523},{"@type":"BreadcrumbList","@id":"https:\/\/algarve7.pt\/index.php\/2021\/07\/gnr-sepna-dia-mundial-da-conservacao-da-natureza\/ambiente\/13\/20\/#breadcrumb","itemListElement":[{"@type":"ListItem","position":1,"name":"In\u00edcio","item":"https:\/\/algarve7.pt\/"},{"@type":"ListItem","position":2,"name":"GNR\/SEPNA \u2013 Dia Mundial da Conserva\u00e7\u00e3o da Natureza"}]},{"@type":"WebSite","@id":"https:\/\/algarve7.pt\/#website","url":"https:\/\/algarve7.pt\/","name":"Algarve 7","description":"Informa\u00e7\u00e3o sobre o Algarve","publisher":{"@id":"https:\/\/algarve7.pt\/#organization"},"potentialAction":[{"@type":"SearchAction","target":{"@type":"EntryPoint","urlTemplate":"https:\/\/algarve7.pt\/?s={search_term_string}"},"query-input":{"@type":"PropertyValueSpecification","valueRequired":true,"valueName":"search_term_string"}}],"inLanguage":"pt-PT"},{"@type":"Organization","@id":"https:\/\/algarve7.pt\/#organization","name":"Algarve 7","url":"https:\/\/algarve7.pt\/","logo":{"@type":"ImageObject","inLanguage":"pt-PT","@id":"https:\/\/algarve7.pt\/#\/schema\/logo\/image\/","url":"https:\/\/algarve7.pt\/wp-content\/uploads\/2020\/10\/Logo-8.jpg","contentUrl":"https:\/\/algarve7.pt\/wp-content\/uploads\/2020\/10\/Logo-8.jpg","width":1680,"height":1186,"caption":"Algarve 7"},"image":{"@id":"https:\/\/algarve7.pt\/#\/schema\/logo\/image\/"},"sameAs":["https:\/\/www.facebook.com\/algarve7","https:\/\/x.com\/Algarvesete","https:\/\/www.instagram.com\/jornalalgarve7\/","https:\/\/www.linkedin.com\/company\/algarve7","https:\/\/www.pinterest.pt\/geral0939\/_created\/"]},{"@type":"Person","@id":"https:\/\/algarve7.pt\/#\/schema\/person\/23fa70681308e7b319a3204bcea45e0c","name":"Algarve 7","sameAs":["https:\/\/algarve7.pt","https:\/\/www.facebook.com\/algarve7"],"url":"https:\/\/algarve7.pt\/index.php\/author\/geralalgarve7-pt\/"}]}},"jetpack_publicize_connections":[],"jetpack_featured_media_url":"https:\/\/algarve7.pt\/wp-content\/uploads\/2021\/07\/GNR-\u2013-Dia-Mundial-da-Conservacao-da-Natureza.jpg","jetpack_shortlink":"https:\/\/wp.me\/pcezmW-2IA","jetpack_sharing_enabled":true,"_links":{"self":[{"href":"https:\/\/algarve7.pt\/index.php\/wp-json\/wp\/v2\/posts\/10452","targetHints":{"allow":["GET"]}}],"collection":[{"href":"https:\/\/algarve7.pt\/index.php\/wp-json\/wp\/v2\/posts"}],"about":[{"href":"https:\/\/algarve7.pt\/index.php\/wp-json\/wp\/v2\/types\/post"}],"author":[{"embeddable":true,"href":"https:\/\/algarve7.pt\/index.php\/wp-json\/wp\/v2\/users\/1"}],"replies":[{"embeddable":true,"href":"https:\/\/algarve7.pt\/index.php\/wp-json\/wp\/v2\/comments?post=10452"}],"version-history":[{"count":0,"href":"https:\/\/algarve7.pt\/index.php\/wp-json\/wp\/v2\/posts\/10452\/revisions"}],"wp:featuredmedia":[{"embeddable":true,"href":"https:\/\/algarve7.pt\/index.php\/wp-json\/wp\/v2\/media\/10453"}],"wp:attachment":[{"href":"https:\/\/algarve7.pt\/index.php\/wp-json\/wp\/v2\/media?parent=10452"}],"wp:term":[{"taxonomy":"category","embeddable":true,"href":"https:\/\/algarve7.pt\/index.php\/wp-json\/wp\/v2\/categories?post=10452"},{"taxonomy":"post_tag","embeddable":true,"href":"https:\/\/algarve7.pt\/index.php\/wp-json\/wp\/v2\/tags?post=10452"}],"curies":[{"name":"wp","href":"https:\/\/api.w.org\/{rel}","templated":true}]}}