{"id":10353,"date":"2021-07-23T12:12:00","date_gmt":"2021-07-23T11:12:00","guid":{"rendered":"https:\/\/algarve7.pt\/?p=10353"},"modified":"2021-07-23T07:13:25","modified_gmt":"2021-07-23T06:13:25","slug":"michelangelo-foundation-em-parceria-com-o-loule-criativo-promoveu-summer-school-em-loule","status":"publish","type":"post","link":"https:\/\/algarve7.pt\/index.php\/2021\/07\/michelangelo-foundation-em-parceria-com-o-loule-criativo-promoveu-summer-school-em-loule\/cultura\/12\/12\/","title":{"rendered":"Michelangelo foundation em parceria com o Loul\u00e9 criativo promoveu summer school em Loul\u00e9"},"content":{"rendered":"\n<p>S\u00e3o 10 os jovens criativos europeus que terminam esta sexta-feira, 23 de julho, na cidade de Loul\u00e9, a sua participa\u00e7\u00e3o no programa <em>Summer School <\/em>da Michelangelo Foundation, este ano subordinado \u00e0 tem\u00e1tica \u201cMetal in Loul\u00e9\u201d.<\/p>\n\n\n\n<p>Atento ao futuro das atividades artesanais, o programa promove a transmiss\u00e3o de conhecimentos entre gera\u00e7\u00f5es. O curso deste ano, realizado nas oficinas da Funda\u00e7\u00e3o Ricardo do Esp\u00edrito Santo Silva, em Lisboa, e nas oficinas do espa\u00e7o Loul\u00e9 Criativo, permitiu aos alunos experimentarem t\u00e9cnicas ancestrais no \u00e2mbito do metal em Portugal, sob a orienta\u00e7\u00e3o de mestres artes\u00e3os, promovendo uma troca criativa entre as perspetivas de design mais recentes e o saber fazer tradicional.&nbsp;<\/p>\n\n\n\n<p>Os dez alunos participantes foram selecionados na sequ\u00eancia de um concurso aberto, que recebeu um elevado n\u00famero de candidaturas. O grupo final vem de nove pa\u00edses europeus: B\u00e9lgica, Bulg\u00e1ria, Fran\u00e7a, It\u00e1lia, Let\u00f3nia, Pol\u00f3nia, Portugal, Eslov\u00e1quia e Espanha. Os primeiros dois dias do curso decorreram nas oficinas da Funda\u00e7\u00e3o Ricardo do Esp\u00edrito Santo Silva, em Lisboa, descobrindo as tr\u00eas t\u00e9cnicas de fundi\u00e7\u00e3o e latoaria. Os alunos viajaram depois para o espa\u00e7o do Loul\u00e9 Criativo no Pal\u00e1cio Gama Lobo, para explorar as t\u00e9cnicas da filigrana, cobre martelado, cinzelagem e trabalhos em metal. Nesta \u00faltima semana, os alunos tiveram a oportunidade de especializar-se numa t\u00e9cnica espec\u00edfica e, depois, de realizar um trabalho em conjunto para dar vida a novos objetos.&nbsp;<\/p>\n\n\n\n<p>A t\u00e9cnica de cinzelagem foi ensinada por Beatriz Canha, o trabalho em metal por Luis Figueiredo, a latoaria por Ivo Ferreira, o cobre martelado por Analide Carmo, J\u00fcrgen Cramer e Jos\u00e9 Lu\u00eds, e a filigrana por Concei\u00e7\u00e3o Neves. Os supervisores do processo foram os mentores de design Henrique Ralheta e Fatima Durkee, com o designer convidado Sam Baron. O curso ofereceu uma oportunidade inestim\u00e1vel para uma gera\u00e7\u00e3o mais jovem descobrir e aprender t\u00e9cnicas ancestrais, proporcionando simultaneamente a possibilidade de os mestres artes\u00e3os conhecerem novas vis\u00f5es, perspetivas e ideias de design. Esta troca criativa e colaborativa ocorreu atrav\u00e9s da cria\u00e7\u00e3o de objetos em conjunto, produzidos pelos alunos e os mestres artes\u00e3os, feitos \u00e0 m\u00e3o, com os seguintes temas em mente: tempo, valor, resili\u00eancia e sustentabilidade material.&nbsp;<\/p>\n\n\n\n<p>O curso deste ano nasceu de uma parceria da Michelangelo Foundation, com a C\u00e2mara Municipal de Loul\u00e9, a Funda\u00e7\u00e3o Ricardo do Esp\u00edrito Santo Silva e a Passa Ao Futuro, com o apoio da Altermind.<\/p>\n\n\n\n<p>O programa <em>Summer School<\/em> \u00e9 uma das iniciativas educacionais da Funda\u00e7\u00e3o Michelangelo, que visa financiar e envolver uma gera\u00e7\u00e3o de jovens criativos com talento, criando oportunidades para estudar of\u00edcios tradicionais muitas vezes em perigo de extin\u00e7\u00e3o por n\u00e3o estarem inclu\u00eddas na forma\u00e7\u00e3o do ensino regular. Ao identificar \u00e1reas de necessidade, o impacto \u00e9 profundo: alargando os horizontes de designers e artes\u00e3os emergentes, assegurando a transmiss\u00e3o vital de compet\u00eancias t\u00e9cnicas e introduzindo inova\u00e7\u00e3o nas atividades de of\u00edcios tradicionais atrav\u00e9s de encontros colaborativos. Esta abordagem circular destina-se a impulsionar a mudan\u00e7a, dando novo f\u00f4lego a estas atividades ancestrais e inspirando a pr\u00f3xima gera\u00e7\u00e3o de criadores e designers a concretizarem o seu potencial como futuros participantes nos projetos da funda\u00e7\u00e3o e como precursores nas suas respetivas \u00e1reas.&nbsp;<\/p>\n\n\n\n<p>A Michelangelo Foundation for Creativity and Craftsmanship assim como a C\u00e2mara Municipal de Loul\u00e9 acreditam num futuro que valoriza a mestria artesanal e coloca a m\u00e3o humana no centro da produ\u00e7\u00e3o.<\/p>\n\n\n\n<p>Recorde-se que, desde 2015, a C\u00e2mara Municipal \u00e9 respons\u00e1vel pelo projeto Loul\u00e9 Criativo. Com o objetivo de conjugar o conhecimento sobre artesanato tradicional com a inova\u00e7\u00e3o atrav\u00e9s de processos de produ\u00e7\u00e3o e design de produtos com vista a impulsionar a economia local e inspirar mudan\u00e7as internacionais, o projeto foca-se em quatro iniciativas principais: turismo criativo, transmiss\u00e3o de conhecimento, forma\u00e7\u00e3o e uma rede de oficinas e o Loul\u00e9 Design Lab utilizado para resid\u00eancias criativas.<\/p>\n","protected":false},"excerpt":{"rendered":"<p>S\u00e3o 10 os jovens criativos europeus que terminam esta sexta-feira, 23 de julho, na cidade de Loul\u00e9, a sua participa\u00e7\u00e3o<\/p>\n","protected":false},"author":1,"featured_media":10354,"comment_status":"closed","ping_status":"open","sticky":false,"template":"","format":"standard","meta":{"colormag_page_container_layout":"default_layout","colormag_page_sidebar_layout":"default_layout","_monsterinsights_skip_tracking":false,"_monsterinsights_sitenote_active":false,"_monsterinsights_sitenote_note":"","_monsterinsights_sitenote_category":0,"jetpack_post_was_ever_published":false,"_jetpack_newsletter_access":"","_jetpack_dont_email_post_to_subs":false,"_jetpack_newsletter_tier_id":0,"_jetpack_memberships_contains_paywalled_content":false,"_jetpack_memberships_contains_paid_content":false,"footnotes":"","jetpack_publicize_message":"","jetpack_publicize_feature_enabled":true,"jetpack_social_post_already_shared":true,"jetpack_social_options":{"image_generator_settings":{"template":"highway","default_image_id":0,"font":"","enabled":false},"version":2}},"categories":[14],"tags":[36,35,31],"class_list":["post-10353","post","type-post","status-publish","format-standard","has-post-thumbnail","hentry","category-cultura","tag-algarve","tag-cultura","tag-loule"],"yoast_head":"<!-- This site is optimized with the Yoast SEO plugin v27.5 - https:\/\/yoast.com\/product\/yoast-seo-wordpress\/ -->\n<title>Michelangelo foundation em parceria com o Loul\u00e9 criativo promoveu summer school em Loul\u00e9 - Algarve 7<\/title>\n<meta name=\"description\" content=\"Michelangelo foundation em parceria com o Loul\u00e9 criativo promoveu summer school em Loul\u00e9 Cultura\" \/>\n<meta name=\"robots\" content=\"index, follow, max-snippet:-1, max-image-preview:large, max-video-preview:-1\" \/>\n<link rel=\"canonical\" href=\"https:\/\/algarve7.pt\/index.php\/2021\/07\/michelangelo-foundation-em-parceria-com-o-loule-criativo-promoveu-summer-school-em-loule\/cultura\/12\/12\/\" \/>\n<meta property=\"og:locale\" content=\"pt_PT\" \/>\n<meta property=\"og:type\" content=\"article\" \/>\n<meta property=\"og:title\" content=\"Michelangelo foundation em parceria com o Loul\u00e9 criativo promoveu summer school em Loul\u00e9 - Algarve 7\" \/>\n<meta property=\"og:description\" content=\"Michelangelo foundation em parceria com o Loul\u00e9 criativo promoveu summer school em Loul\u00e9 Cultura\" \/>\n<meta property=\"og:url\" content=\"https:\/\/algarve7.pt\/index.php\/2021\/07\/michelangelo-foundation-em-parceria-com-o-loule-criativo-promoveu-summer-school-em-loule\/cultura\/12\/12\/\" \/>\n<meta property=\"og:site_name\" content=\"Algarve 7\" \/>\n<meta property=\"article:publisher\" content=\"https:\/\/www.facebook.com\/algarve7\" \/>\n<meta property=\"article:author\" content=\"https:\/\/www.facebook.com\/algarve7\" \/>\n<meta property=\"article:published_time\" content=\"2021-07-23T11:12:00+00:00\" \/>\n<meta property=\"og:image\" content=\"https:\/\/algarve7.pt\/wp-content\/uploads\/2021\/07\/IMG_E9033_PassaAoFuturo_FatimaDurkee.jpg\" \/>\n\t<meta property=\"og:image:width\" content=\"1920\" \/>\n\t<meta property=\"og:image:height\" content=\"1440\" \/>\n\t<meta property=\"og:image:type\" content=\"image\/jpeg\" \/>\n<meta name=\"author\" content=\"Algarve 7\" \/>\n<meta name=\"twitter:card\" content=\"summary_large_image\" \/>\n<meta name=\"twitter:creator\" content=\"@Algarvesete\" \/>\n<meta name=\"twitter:site\" content=\"@Algarvesete\" \/>\n<meta name=\"twitter:label1\" content=\"Escrito por\" \/>\n\t<meta name=\"twitter:data1\" content=\"Algarve 7\" \/>\n\t<meta name=\"twitter:label2\" content=\"Tempo estimado de leitura\" \/>\n\t<meta name=\"twitter:data2\" content=\"3 minutos\" \/>\n<script type=\"application\/ld+json\" class=\"yoast-schema-graph\">{\"@context\":\"https:\\\/\\\/schema.org\",\"@graph\":[{\"@type\":\"Article\",\"@id\":\"https:\\\/\\\/algarve7.pt\\\/index.php\\\/2021\\\/07\\\/michelangelo-foundation-em-parceria-com-o-loule-criativo-promoveu-summer-school-em-loule\\\/cultura\\\/12\\\/12\\\/#article\",\"isPartOf\":{\"@id\":\"https:\\\/\\\/algarve7.pt\\\/index.php\\\/2021\\\/07\\\/michelangelo-foundation-em-parceria-com-o-loule-criativo-promoveu-summer-school-em-loule\\\/cultura\\\/12\\\/12\\\/\"},\"author\":{\"name\":\"Algarve 7\",\"@id\":\"https:\\\/\\\/algarve7.pt\\\/#\\\/schema\\\/person\\\/23fa70681308e7b319a3204bcea45e0c\"},\"headline\":\"Michelangelo foundation em parceria com o Loul\u00e9 criativo promoveu summer school em Loul\u00e9\",\"datePublished\":\"2021-07-23T11:12:00+00:00\",\"mainEntityOfPage\":{\"@id\":\"https:\\\/\\\/algarve7.pt\\\/index.php\\\/2021\\\/07\\\/michelangelo-foundation-em-parceria-com-o-loule-criativo-promoveu-summer-school-em-loule\\\/cultura\\\/12\\\/12\\\/\"},\"wordCount\":699,\"publisher\":{\"@id\":\"https:\\\/\\\/algarve7.pt\\\/#organization\"},\"image\":{\"@id\":\"https:\\\/\\\/algarve7.pt\\\/index.php\\\/2021\\\/07\\\/michelangelo-foundation-em-parceria-com-o-loule-criativo-promoveu-summer-school-em-loule\\\/cultura\\\/12\\\/12\\\/#primaryimage\"},\"thumbnailUrl\":\"https:\\\/\\\/algarve7.pt\\\/wp-content\\\/uploads\\\/2021\\\/07\\\/IMG_E9033_PassaAoFuturo_FatimaDurkee.jpg\",\"keywords\":[\"Algarve\",\"Cultura\",\"Loul\u00e9\"],\"articleSection\":[\"Cultura\"],\"inLanguage\":\"pt-PT\"},{\"@type\":\"WebPage\",\"@id\":\"https:\\\/\\\/algarve7.pt\\\/index.php\\\/2021\\\/07\\\/michelangelo-foundation-em-parceria-com-o-loule-criativo-promoveu-summer-school-em-loule\\\/cultura\\\/12\\\/12\\\/\",\"url\":\"https:\\\/\\\/algarve7.pt\\\/index.php\\\/2021\\\/07\\\/michelangelo-foundation-em-parceria-com-o-loule-criativo-promoveu-summer-school-em-loule\\\/cultura\\\/12\\\/12\\\/\",\"name\":\"Michelangelo foundation em parceria com o Loul\u00e9 criativo promoveu summer school em Loul\u00e9 - Algarve 7\",\"isPartOf\":{\"@id\":\"https:\\\/\\\/algarve7.pt\\\/#website\"},\"primaryImageOfPage\":{\"@id\":\"https:\\\/\\\/algarve7.pt\\\/index.php\\\/2021\\\/07\\\/michelangelo-foundation-em-parceria-com-o-loule-criativo-promoveu-summer-school-em-loule\\\/cultura\\\/12\\\/12\\\/#primaryimage\"},\"image\":{\"@id\":\"https:\\\/\\\/algarve7.pt\\\/index.php\\\/2021\\\/07\\\/michelangelo-foundation-em-parceria-com-o-loule-criativo-promoveu-summer-school-em-loule\\\/cultura\\\/12\\\/12\\\/#primaryimage\"},\"thumbnailUrl\":\"https:\\\/\\\/algarve7.pt\\\/wp-content\\\/uploads\\\/2021\\\/07\\\/IMG_E9033_PassaAoFuturo_FatimaDurkee.jpg\",\"datePublished\":\"2021-07-23T11:12:00+00:00\",\"description\":\"Michelangelo foundation em parceria com o Loul\u00e9 criativo promoveu summer school em Loul\u00e9 Cultura\",\"breadcrumb\":{\"@id\":\"https:\\\/\\\/algarve7.pt\\\/index.php\\\/2021\\\/07\\\/michelangelo-foundation-em-parceria-com-o-loule-criativo-promoveu-summer-school-em-loule\\\/cultura\\\/12\\\/12\\\/#breadcrumb\"},\"inLanguage\":\"pt-PT\",\"potentialAction\":[{\"@type\":\"ReadAction\",\"target\":[\"https:\\\/\\\/algarve7.pt\\\/index.php\\\/2021\\\/07\\\/michelangelo-foundation-em-parceria-com-o-loule-criativo-promoveu-summer-school-em-loule\\\/cultura\\\/12\\\/12\\\/\"]}]},{\"@type\":\"ImageObject\",\"inLanguage\":\"pt-PT\",\"@id\":\"https:\\\/\\\/algarve7.pt\\\/index.php\\\/2021\\\/07\\\/michelangelo-foundation-em-parceria-com-o-loule-criativo-promoveu-summer-school-em-loule\\\/cultura\\\/12\\\/12\\\/#primaryimage\",\"url\":\"https:\\\/\\\/algarve7.pt\\\/wp-content\\\/uploads\\\/2021\\\/07\\\/IMG_E9033_PassaAoFuturo_FatimaDurkee.jpg\",\"contentUrl\":\"https:\\\/\\\/algarve7.pt\\\/wp-content\\\/uploads\\\/2021\\\/07\\\/IMG_E9033_PassaAoFuturo_FatimaDurkee.jpg\",\"width\":1920,\"height\":1440},{\"@type\":\"BreadcrumbList\",\"@id\":\"https:\\\/\\\/algarve7.pt\\\/index.php\\\/2021\\\/07\\\/michelangelo-foundation-em-parceria-com-o-loule-criativo-promoveu-summer-school-em-loule\\\/cultura\\\/12\\\/12\\\/#breadcrumb\",\"itemListElement\":[{\"@type\":\"ListItem\",\"position\":1,\"name\":\"In\u00edcio\",\"item\":\"https:\\\/\\\/algarve7.pt\\\/\"},{\"@type\":\"ListItem\",\"position\":2,\"name\":\"Michelangelo foundation em parceria com o Loul\u00e9 criativo promoveu summer school em Loul\u00e9\"}]},{\"@type\":\"WebSite\",\"@id\":\"https:\\\/\\\/algarve7.pt\\\/#website\",\"url\":\"https:\\\/\\\/algarve7.pt\\\/\",\"name\":\"Algarve 7\",\"description\":\"Informa\u00e7\u00e3o sobre o Algarve\",\"publisher\":{\"@id\":\"https:\\\/\\\/algarve7.pt\\\/#organization\"},\"potentialAction\":[{\"@type\":\"SearchAction\",\"target\":{\"@type\":\"EntryPoint\",\"urlTemplate\":\"https:\\\/\\\/algarve7.pt\\\/?s={search_term_string}\"},\"query-input\":{\"@type\":\"PropertyValueSpecification\",\"valueRequired\":true,\"valueName\":\"search_term_string\"}}],\"inLanguage\":\"pt-PT\"},{\"@type\":\"Organization\",\"@id\":\"https:\\\/\\\/algarve7.pt\\\/#organization\",\"name\":\"Algarve 7\",\"url\":\"https:\\\/\\\/algarve7.pt\\\/\",\"logo\":{\"@type\":\"ImageObject\",\"inLanguage\":\"pt-PT\",\"@id\":\"https:\\\/\\\/algarve7.pt\\\/#\\\/schema\\\/logo\\\/image\\\/\",\"url\":\"https:\\\/\\\/algarve7.pt\\\/wp-content\\\/uploads\\\/2020\\\/10\\\/Logo-8.jpg\",\"contentUrl\":\"https:\\\/\\\/algarve7.pt\\\/wp-content\\\/uploads\\\/2020\\\/10\\\/Logo-8.jpg\",\"width\":1680,\"height\":1186,\"caption\":\"Algarve 7\"},\"image\":{\"@id\":\"https:\\\/\\\/algarve7.pt\\\/#\\\/schema\\\/logo\\\/image\\\/\"},\"sameAs\":[\"https:\\\/\\\/www.facebook.com\\\/algarve7\",\"https:\\\/\\\/x.com\\\/Algarvesete\",\"https:\\\/\\\/www.instagram.com\\\/jornalalgarve7\\\/\",\"https:\\\/\\\/www.linkedin.com\\\/company\\\/algarve7\",\"https:\\\/\\\/www.pinterest.pt\\\/geral0939\\\/_created\\\/\"]},{\"@type\":\"Person\",\"@id\":\"https:\\\/\\\/algarve7.pt\\\/#\\\/schema\\\/person\\\/23fa70681308e7b319a3204bcea45e0c\",\"name\":\"Algarve 7\",\"sameAs\":[\"https:\\\/\\\/algarve7.pt\",\"https:\\\/\\\/www.facebook.com\\\/algarve7\"],\"url\":\"https:\\\/\\\/algarve7.pt\\\/index.php\\\/author\\\/geralalgarve7-pt\\\/\"}]}<\/script>\n<!-- \/ Yoast SEO plugin. -->","yoast_head_json":{"title":"Michelangelo foundation em parceria com o Loul\u00e9 criativo promoveu summer school em Loul\u00e9 - Algarve 7","description":"Michelangelo foundation em parceria com o Loul\u00e9 criativo promoveu summer school em Loul\u00e9 Cultura","robots":{"index":"index","follow":"follow","max-snippet":"max-snippet:-1","max-image-preview":"max-image-preview:large","max-video-preview":"max-video-preview:-1"},"canonical":"https:\/\/algarve7.pt\/index.php\/2021\/07\/michelangelo-foundation-em-parceria-com-o-loule-criativo-promoveu-summer-school-em-loule\/cultura\/12\/12\/","og_locale":"pt_PT","og_type":"article","og_title":"Michelangelo foundation em parceria com o Loul\u00e9 criativo promoveu summer school em Loul\u00e9 - Algarve 7","og_description":"Michelangelo foundation em parceria com o Loul\u00e9 criativo promoveu summer school em Loul\u00e9 Cultura","og_url":"https:\/\/algarve7.pt\/index.php\/2021\/07\/michelangelo-foundation-em-parceria-com-o-loule-criativo-promoveu-summer-school-em-loule\/cultura\/12\/12\/","og_site_name":"Algarve 7","article_publisher":"https:\/\/www.facebook.com\/algarve7","article_author":"https:\/\/www.facebook.com\/algarve7","article_published_time":"2021-07-23T11:12:00+00:00","og_image":[{"width":1920,"height":1440,"url":"https:\/\/algarve7.pt\/wp-content\/uploads\/2021\/07\/IMG_E9033_PassaAoFuturo_FatimaDurkee.jpg","type":"image\/jpeg"}],"author":"Algarve 7","twitter_card":"summary_large_image","twitter_creator":"@Algarvesete","twitter_site":"@Algarvesete","twitter_misc":{"Escrito por":"Algarve 7","Tempo estimado de leitura":"3 minutos"},"schema":{"@context":"https:\/\/schema.org","@graph":[{"@type":"Article","@id":"https:\/\/algarve7.pt\/index.php\/2021\/07\/michelangelo-foundation-em-parceria-com-o-loule-criativo-promoveu-summer-school-em-loule\/cultura\/12\/12\/#article","isPartOf":{"@id":"https:\/\/algarve7.pt\/index.php\/2021\/07\/michelangelo-foundation-em-parceria-com-o-loule-criativo-promoveu-summer-school-em-loule\/cultura\/12\/12\/"},"author":{"name":"Algarve 7","@id":"https:\/\/algarve7.pt\/#\/schema\/person\/23fa70681308e7b319a3204bcea45e0c"},"headline":"Michelangelo foundation em parceria com o Loul\u00e9 criativo promoveu summer school em Loul\u00e9","datePublished":"2021-07-23T11:12:00+00:00","mainEntityOfPage":{"@id":"https:\/\/algarve7.pt\/index.php\/2021\/07\/michelangelo-foundation-em-parceria-com-o-loule-criativo-promoveu-summer-school-em-loule\/cultura\/12\/12\/"},"wordCount":699,"publisher":{"@id":"https:\/\/algarve7.pt\/#organization"},"image":{"@id":"https:\/\/algarve7.pt\/index.php\/2021\/07\/michelangelo-foundation-em-parceria-com-o-loule-criativo-promoveu-summer-school-em-loule\/cultura\/12\/12\/#primaryimage"},"thumbnailUrl":"https:\/\/algarve7.pt\/wp-content\/uploads\/2021\/07\/IMG_E9033_PassaAoFuturo_FatimaDurkee.jpg","keywords":["Algarve","Cultura","Loul\u00e9"],"articleSection":["Cultura"],"inLanguage":"pt-PT"},{"@type":"WebPage","@id":"https:\/\/algarve7.pt\/index.php\/2021\/07\/michelangelo-foundation-em-parceria-com-o-loule-criativo-promoveu-summer-school-em-loule\/cultura\/12\/12\/","url":"https:\/\/algarve7.pt\/index.php\/2021\/07\/michelangelo-foundation-em-parceria-com-o-loule-criativo-promoveu-summer-school-em-loule\/cultura\/12\/12\/","name":"Michelangelo foundation em parceria com o Loul\u00e9 criativo promoveu summer school em Loul\u00e9 - Algarve 7","isPartOf":{"@id":"https:\/\/algarve7.pt\/#website"},"primaryImageOfPage":{"@id":"https:\/\/algarve7.pt\/index.php\/2021\/07\/michelangelo-foundation-em-parceria-com-o-loule-criativo-promoveu-summer-school-em-loule\/cultura\/12\/12\/#primaryimage"},"image":{"@id":"https:\/\/algarve7.pt\/index.php\/2021\/07\/michelangelo-foundation-em-parceria-com-o-loule-criativo-promoveu-summer-school-em-loule\/cultura\/12\/12\/#primaryimage"},"thumbnailUrl":"https:\/\/algarve7.pt\/wp-content\/uploads\/2021\/07\/IMG_E9033_PassaAoFuturo_FatimaDurkee.jpg","datePublished":"2021-07-23T11:12:00+00:00","description":"Michelangelo foundation em parceria com o Loul\u00e9 criativo promoveu summer school em Loul\u00e9 Cultura","breadcrumb":{"@id":"https:\/\/algarve7.pt\/index.php\/2021\/07\/michelangelo-foundation-em-parceria-com-o-loule-criativo-promoveu-summer-school-em-loule\/cultura\/12\/12\/#breadcrumb"},"inLanguage":"pt-PT","potentialAction":[{"@type":"ReadAction","target":["https:\/\/algarve7.pt\/index.php\/2021\/07\/michelangelo-foundation-em-parceria-com-o-loule-criativo-promoveu-summer-school-em-loule\/cultura\/12\/12\/"]}]},{"@type":"ImageObject","inLanguage":"pt-PT","@id":"https:\/\/algarve7.pt\/index.php\/2021\/07\/michelangelo-foundation-em-parceria-com-o-loule-criativo-promoveu-summer-school-em-loule\/cultura\/12\/12\/#primaryimage","url":"https:\/\/algarve7.pt\/wp-content\/uploads\/2021\/07\/IMG_E9033_PassaAoFuturo_FatimaDurkee.jpg","contentUrl":"https:\/\/algarve7.pt\/wp-content\/uploads\/2021\/07\/IMG_E9033_PassaAoFuturo_FatimaDurkee.jpg","width":1920,"height":1440},{"@type":"BreadcrumbList","@id":"https:\/\/algarve7.pt\/index.php\/2021\/07\/michelangelo-foundation-em-parceria-com-o-loule-criativo-promoveu-summer-school-em-loule\/cultura\/12\/12\/#breadcrumb","itemListElement":[{"@type":"ListItem","position":1,"name":"In\u00edcio","item":"https:\/\/algarve7.pt\/"},{"@type":"ListItem","position":2,"name":"Michelangelo foundation em parceria com o Loul\u00e9 criativo promoveu summer school em Loul\u00e9"}]},{"@type":"WebSite","@id":"https:\/\/algarve7.pt\/#website","url":"https:\/\/algarve7.pt\/","name":"Algarve 7","description":"Informa\u00e7\u00e3o sobre o Algarve","publisher":{"@id":"https:\/\/algarve7.pt\/#organization"},"potentialAction":[{"@type":"SearchAction","target":{"@type":"EntryPoint","urlTemplate":"https:\/\/algarve7.pt\/?s={search_term_string}"},"query-input":{"@type":"PropertyValueSpecification","valueRequired":true,"valueName":"search_term_string"}}],"inLanguage":"pt-PT"},{"@type":"Organization","@id":"https:\/\/algarve7.pt\/#organization","name":"Algarve 7","url":"https:\/\/algarve7.pt\/","logo":{"@type":"ImageObject","inLanguage":"pt-PT","@id":"https:\/\/algarve7.pt\/#\/schema\/logo\/image\/","url":"https:\/\/algarve7.pt\/wp-content\/uploads\/2020\/10\/Logo-8.jpg","contentUrl":"https:\/\/algarve7.pt\/wp-content\/uploads\/2020\/10\/Logo-8.jpg","width":1680,"height":1186,"caption":"Algarve 7"},"image":{"@id":"https:\/\/algarve7.pt\/#\/schema\/logo\/image\/"},"sameAs":["https:\/\/www.facebook.com\/algarve7","https:\/\/x.com\/Algarvesete","https:\/\/www.instagram.com\/jornalalgarve7\/","https:\/\/www.linkedin.com\/company\/algarve7","https:\/\/www.pinterest.pt\/geral0939\/_created\/"]},{"@type":"Person","@id":"https:\/\/algarve7.pt\/#\/schema\/person\/23fa70681308e7b319a3204bcea45e0c","name":"Algarve 7","sameAs":["https:\/\/algarve7.pt","https:\/\/www.facebook.com\/algarve7"],"url":"https:\/\/algarve7.pt\/index.php\/author\/geralalgarve7-pt\/"}]}},"jetpack_publicize_connections":[],"jetpack_featured_media_url":"https:\/\/algarve7.pt\/wp-content\/uploads\/2021\/07\/IMG_E9033_PassaAoFuturo_FatimaDurkee.jpg","jetpack_shortlink":"https:\/\/wp.me\/pcezmW-2GZ","jetpack_sharing_enabled":true,"_links":{"self":[{"href":"https:\/\/algarve7.pt\/index.php\/wp-json\/wp\/v2\/posts\/10353","targetHints":{"allow":["GET"]}}],"collection":[{"href":"https:\/\/algarve7.pt\/index.php\/wp-json\/wp\/v2\/posts"}],"about":[{"href":"https:\/\/algarve7.pt\/index.php\/wp-json\/wp\/v2\/types\/post"}],"author":[{"embeddable":true,"href":"https:\/\/algarve7.pt\/index.php\/wp-json\/wp\/v2\/users\/1"}],"replies":[{"embeddable":true,"href":"https:\/\/algarve7.pt\/index.php\/wp-json\/wp\/v2\/comments?post=10353"}],"version-history":[{"count":0,"href":"https:\/\/algarve7.pt\/index.php\/wp-json\/wp\/v2\/posts\/10353\/revisions"}],"wp:featuredmedia":[{"embeddable":true,"href":"https:\/\/algarve7.pt\/index.php\/wp-json\/wp\/v2\/media\/10354"}],"wp:attachment":[{"href":"https:\/\/algarve7.pt\/index.php\/wp-json\/wp\/v2\/media?parent=10353"}],"wp:term":[{"taxonomy":"category","embeddable":true,"href":"https:\/\/algarve7.pt\/index.php\/wp-json\/wp\/v2\/categories?post=10353"},{"taxonomy":"post_tag","embeddable":true,"href":"https:\/\/algarve7.pt\/index.php\/wp-json\/wp\/v2\/tags?post=10353"}],"curies":[{"name":"wp","href":"https:\/\/api.w.org\/{rel}","templated":true}]}}