{"id":10248,"date":"2021-07-20T13:11:00","date_gmt":"2021-07-20T12:11:00","guid":{"rendered":"https:\/\/algarve7.pt\/?p=10248"},"modified":"2021-07-19T23:11:43","modified_gmt":"2021-07-19T22:11:43","slug":"campanha-arqueologica-de-2021-a-realizar-no-sitio-arqueologico-do-cerro-do-castelo-de-alferce","status":"publish","type":"post","link":"https:\/\/algarve7.pt\/index.php\/2021\/07\/campanha-arqueologica-de-2021-a-realizar-no-sitio-arqueologico-do-cerro-do-castelo-de-alferce\/cultura\/13\/11\/","title":{"rendered":"Campanha arqueol\u00f3gica de 2021 a realizar no S\u00edtio Arqueol\u00f3gico do Cerro do Castelo de Alferce"},"content":{"rendered":"\n<p>\u201cDa Pr\u00e9-hist\u00f3ria Recente ao Medieval Isl\u00e2mico: antigas ocupa\u00e7\u00f5es humanas no Cerro do Castelo de Alferce\u201d \u00e9 a designa\u00e7\u00e3o do Projeto de Investiga\u00e7\u00e3o Plurianual em Arqueologia que se encontra em vigor desde 2020. Trata-se de um projeto de investiga\u00e7\u00e3o promovido pelo Munic\u00edpio de Monchique, em parceria com a Universidade do Algarve, a Universidade de \u00c9vora e o Campo Arqueol\u00f3gico de M\u00e9rtola, que conta com o apoio de v\u00e1rias entidades, nomeadamente a Junta de Freguesia de Alferce e a Associa\u00e7\u00e3o Arqueol\u00f3gica do Algarve. Formado por uma equipa de investiga\u00e7\u00e3o multidisciplinar que inclui investigadores com diversas compet\u00eancias t\u00e9cnico-cient\u00edficas, o objetivo principal do projeto \u00e9, justamente, o estudo cient\u00edfico do Cerro do Castelo de Alferce e do territ\u00f3rio circundante, mediante o rastreio das suas antigas ocupa\u00e7\u00f5es humanas e an\u00e1lise dos respetivos vest\u00edgios.&nbsp;<\/p>\n\n\n\n<p>O Cerro do Castelo de Alferce corresponde a um povoado fortificado que ocupa uma eleva\u00e7\u00e3o rochosa&nbsp;com 487 metros de altitude m\u00e1xima. O s\u00edtio arqueol\u00f3gico \u00e9 composto por tr\u00eas recintos amuralhados n\u00e3o conc\u00eantricos, real\u00e7ando-se que o maior desses recintos define uma \u00e1rea intramuros com aproximadamente 9,1 hectares. O vulgarmente chamado Castelo de Alferce corresponde ao primeiro de dois recintos fortificados que coroam o cerro. Al\u00e9m da ocupa\u00e7\u00e3o isl\u00e2mica-om\u00edada (s\u00e9culos IX-XI d.C.), este cerro encerra vest\u00edgios arqueol\u00f3gicos enquadr\u00e1veis&nbsp;na Pr\u00e9-hist\u00f3ria recente, nomeadamente&nbsp;entre meados do III e o II mil\u00e9nios a.C. Constata-se, assim, que este local foi ocupado por diferentes comunidades humanas e em distintos momentos civilizacionais.<\/p>\n\n\n\n<p>A campanha arqueol\u00f3gica a realizar este ano ter\u00e1 uma dura\u00e7\u00e3o de oito semanas, entre os dias 12 de julho e 3 de setembro de 2021. Tendo em conta&nbsp;os resultados da campanha arqueol\u00f3gica realizada no ver\u00e3o de 2020, pretende-se este ano continuar a investigar o espa\u00e7o localizado entre os tramos de muralha oeste dos dois recintos fortificados existentes no topo do cerro. Com efeito,&nbsp;essa \u00e1rea encerra ainda muitos vest\u00edgios arqueol\u00f3gicos que, se devidamente investigados, possibilitar\u00e3o uma melhor compreens\u00e3o deste s\u00edtio arqueol\u00f3gico. Tamb\u00e9m se ir\u00e1 proceder \u00e0 limpeza e ao registo&nbsp;de alguns segmentos amuralhados que integram os dois referidos recintos fortificados, bem como ser\u00e3o&nbsp;realizadas novas prospe\u00e7\u00f5es arqueol\u00f3gicas (que tamb\u00e9m incidir\u00e3o no territ\u00f3rio envolvente). Ademais, intervencionar-se-\u00e1&nbsp;arqueologicamente o local de entrada para o recinto fortificado superior e, ainda, prev\u00ea-se a concretiza\u00e7\u00e3o de uma sondagem arqueol\u00f3gica na&nbsp;designada \u201cplataforma pr\u00e9-hist\u00f3rica\u201d \u2013 com o intuito de apurar se efetivamente subsistem estruturas arqueol\u00f3gicas soterradas nessa \u00e1rea.<\/p>\n\n\n\n<p>Considerando&nbsp;o prop\u00f3sito formativo inerente a este projeto de investiga\u00e7\u00e3o, esta segunda campanha arqueol\u00f3gica contar\u00e1 com a presen\u00e7a de estudantes e investigadores associados a diferentes institui\u00e7\u00f5es de ensino superior, sobretudo relacionados com as \u00e1reas de arqueologia, zooarqueologia e patrim\u00f3nio cultural, perspetivando-se a constitui\u00e7\u00e3o de um campo-escola. \u00c9 expect\u00e1vel que o desenvolvimento desta campanha arqueol\u00f3gica contribua para a produ\u00e7\u00e3o de conhecimento cient\u00edfico atualizado, mas tamb\u00e9m para a valoriza\u00e7\u00e3o patrimonial do arqueoss\u00edtio. Face \u00e0 atual situa\u00e7\u00e3o de pandemia causada pelo Covid-19, e de modo a assegurar que se cumpre com&nbsp;todas as condi\u00e7\u00f5es de seguran\u00e7a, a interven\u00e7\u00e3o arqueol\u00f3gica ter\u00e1 necessariamente uma equipa de campo reduzida. Consoante a evolu\u00e7\u00e3o da situa\u00e7\u00e3o pand\u00e9mica, perspetiva-se a concretiza\u00e7\u00e3o de um \u201cdia aberto\u201d \u00e0 popula\u00e7\u00e3o em agosto.<\/p>\n","protected":false},"excerpt":{"rendered":"<p>\u201cDa Pr\u00e9-hist\u00f3ria Recente ao Medieval Isl\u00e2mico: antigas ocupa\u00e7\u00f5es humanas no Cerro do Castelo de Alferce\u201d \u00e9 a designa\u00e7\u00e3o do Projeto<\/p>\n","protected":false},"author":1,"featured_media":10249,"comment_status":"closed","ping_status":"open","sticky":false,"template":"","format":"standard","meta":{"colormag_page_container_layout":"default_layout","colormag_page_sidebar_layout":"default_layout","_monsterinsights_skip_tracking":false,"_monsterinsights_sitenote_active":false,"_monsterinsights_sitenote_note":"","_monsterinsights_sitenote_category":0,"jetpack_post_was_ever_published":false,"_jetpack_newsletter_access":"","_jetpack_dont_email_post_to_subs":false,"_jetpack_newsletter_tier_id":0,"_jetpack_memberships_contains_paywalled_content":false,"_jetpack_memberships_contains_paid_content":false,"footnotes":"","jetpack_publicize_message":"","jetpack_publicize_feature_enabled":true,"jetpack_social_post_already_shared":true,"jetpack_social_options":{"image_generator_settings":{"template":"highway","default_image_id":0,"font":"","enabled":false},"version":2}},"categories":[14],"tags":[36,355,35,171],"class_list":["post-10248","post","type-post","status-publish","format-standard","has-post-thumbnail","hentry","category-cultura","tag-algarve","tag-arqueologia","tag-cultura","tag-monchique"],"yoast_head":"<!-- This site is optimized with the Yoast SEO plugin v27.5 - https:\/\/yoast.com\/product\/yoast-seo-wordpress\/ -->\n<title>Campanha arqueol\u00f3gica de 2021 a realizar no S\u00edtio Arqueol\u00f3gico do Cerro do Castelo de Alferce - Algarve 7<\/title>\n<meta name=\"description\" content=\"Campanha arqueol\u00f3gica de 2021 a realizar no S\u00edtio Arqueol\u00f3gico do Cerro do Castelo de Alferce Cultura\" \/>\n<meta name=\"robots\" content=\"index, follow, max-snippet:-1, max-image-preview:large, max-video-preview:-1\" \/>\n<link rel=\"canonical\" href=\"https:\/\/algarve7.pt\/index.php\/2021\/07\/campanha-arqueologica-de-2021-a-realizar-no-sitio-arqueologico-do-cerro-do-castelo-de-alferce\/cultura\/13\/11\/\" \/>\n<meta property=\"og:locale\" content=\"pt_PT\" \/>\n<meta property=\"og:type\" content=\"article\" \/>\n<meta property=\"og:title\" content=\"Campanha arqueol\u00f3gica de 2021 a realizar no S\u00edtio Arqueol\u00f3gico do Cerro do Castelo de Alferce - Algarve 7\" \/>\n<meta property=\"og:description\" content=\"Campanha arqueol\u00f3gica de 2021 a realizar no S\u00edtio Arqueol\u00f3gico do Cerro do Castelo de Alferce Cultura\" \/>\n<meta property=\"og:url\" content=\"https:\/\/algarve7.pt\/index.php\/2021\/07\/campanha-arqueologica-de-2021-a-realizar-no-sitio-arqueologico-do-cerro-do-castelo-de-alferce\/cultura\/13\/11\/\" \/>\n<meta property=\"og:site_name\" content=\"Algarve 7\" \/>\n<meta property=\"article:publisher\" content=\"https:\/\/www.facebook.com\/algarve7\" \/>\n<meta property=\"article:author\" content=\"https:\/\/www.facebook.com\/algarve7\" \/>\n<meta property=\"article:published_time\" content=\"2021-07-20T12:11:00+00:00\" \/>\n<meta property=\"og:image\" content=\"https:\/\/algarve7.pt\/wp-content\/uploads\/2021\/07\/2.jpg\" \/>\n\t<meta property=\"og:image:width\" content=\"1920\" \/>\n\t<meta property=\"og:image:height\" content=\"1440\" \/>\n\t<meta property=\"og:image:type\" content=\"image\/jpeg\" \/>\n<meta name=\"author\" content=\"Algarve 7\" \/>\n<meta name=\"twitter:card\" content=\"summary_large_image\" \/>\n<meta name=\"twitter:creator\" content=\"@Algarvesete\" \/>\n<meta name=\"twitter:site\" content=\"@Algarvesete\" \/>\n<meta name=\"twitter:label1\" content=\"Escrito por\" \/>\n\t<meta name=\"twitter:data1\" content=\"Algarve 7\" \/>\n\t<meta name=\"twitter:label2\" content=\"Tempo estimado de leitura\" \/>\n\t<meta name=\"twitter:data2\" content=\"3 minutos\" \/>\n<script type=\"application\/ld+json\" class=\"yoast-schema-graph\">{\"@context\":\"https:\\\/\\\/schema.org\",\"@graph\":[{\"@type\":\"Article\",\"@id\":\"https:\\\/\\\/algarve7.pt\\\/index.php\\\/2021\\\/07\\\/campanha-arqueologica-de-2021-a-realizar-no-sitio-arqueologico-do-cerro-do-castelo-de-alferce\\\/cultura\\\/13\\\/11\\\/#article\",\"isPartOf\":{\"@id\":\"https:\\\/\\\/algarve7.pt\\\/index.php\\\/2021\\\/07\\\/campanha-arqueologica-de-2021-a-realizar-no-sitio-arqueologico-do-cerro-do-castelo-de-alferce\\\/cultura\\\/13\\\/11\\\/\"},\"author\":{\"name\":\"Algarve 7\",\"@id\":\"https:\\\/\\\/algarve7.pt\\\/#\\\/schema\\\/person\\\/23fa70681308e7b319a3204bcea45e0c\"},\"headline\":\"Campanha arqueol\u00f3gica de 2021 a realizar no S\u00edtio Arqueol\u00f3gico do Cerro do Castelo de Alferce\",\"datePublished\":\"2021-07-20T12:11:00+00:00\",\"mainEntityOfPage\":{\"@id\":\"https:\\\/\\\/algarve7.pt\\\/index.php\\\/2021\\\/07\\\/campanha-arqueologica-de-2021-a-realizar-no-sitio-arqueologico-do-cerro-do-castelo-de-alferce\\\/cultura\\\/13\\\/11\\\/\"},\"wordCount\":613,\"publisher\":{\"@id\":\"https:\\\/\\\/algarve7.pt\\\/#organization\"},\"image\":{\"@id\":\"https:\\\/\\\/algarve7.pt\\\/index.php\\\/2021\\\/07\\\/campanha-arqueologica-de-2021-a-realizar-no-sitio-arqueologico-do-cerro-do-castelo-de-alferce\\\/cultura\\\/13\\\/11\\\/#primaryimage\"},\"thumbnailUrl\":\"https:\\\/\\\/algarve7.pt\\\/wp-content\\\/uploads\\\/2021\\\/07\\\/2.jpg\",\"keywords\":[\"Algarve\",\"Arqueologia\",\"Cultura\",\"Monchique\"],\"articleSection\":[\"Cultura\"],\"inLanguage\":\"pt-PT\"},{\"@type\":\"WebPage\",\"@id\":\"https:\\\/\\\/algarve7.pt\\\/index.php\\\/2021\\\/07\\\/campanha-arqueologica-de-2021-a-realizar-no-sitio-arqueologico-do-cerro-do-castelo-de-alferce\\\/cultura\\\/13\\\/11\\\/\",\"url\":\"https:\\\/\\\/algarve7.pt\\\/index.php\\\/2021\\\/07\\\/campanha-arqueologica-de-2021-a-realizar-no-sitio-arqueologico-do-cerro-do-castelo-de-alferce\\\/cultura\\\/13\\\/11\\\/\",\"name\":\"Campanha arqueol\u00f3gica de 2021 a realizar no S\u00edtio Arqueol\u00f3gico do Cerro do Castelo de Alferce - Algarve 7\",\"isPartOf\":{\"@id\":\"https:\\\/\\\/algarve7.pt\\\/#website\"},\"primaryImageOfPage\":{\"@id\":\"https:\\\/\\\/algarve7.pt\\\/index.php\\\/2021\\\/07\\\/campanha-arqueologica-de-2021-a-realizar-no-sitio-arqueologico-do-cerro-do-castelo-de-alferce\\\/cultura\\\/13\\\/11\\\/#primaryimage\"},\"image\":{\"@id\":\"https:\\\/\\\/algarve7.pt\\\/index.php\\\/2021\\\/07\\\/campanha-arqueologica-de-2021-a-realizar-no-sitio-arqueologico-do-cerro-do-castelo-de-alferce\\\/cultura\\\/13\\\/11\\\/#primaryimage\"},\"thumbnailUrl\":\"https:\\\/\\\/algarve7.pt\\\/wp-content\\\/uploads\\\/2021\\\/07\\\/2.jpg\",\"datePublished\":\"2021-07-20T12:11:00+00:00\",\"description\":\"Campanha arqueol\u00f3gica de 2021 a realizar no S\u00edtio Arqueol\u00f3gico do Cerro do Castelo de Alferce Cultura\",\"breadcrumb\":{\"@id\":\"https:\\\/\\\/algarve7.pt\\\/index.php\\\/2021\\\/07\\\/campanha-arqueologica-de-2021-a-realizar-no-sitio-arqueologico-do-cerro-do-castelo-de-alferce\\\/cultura\\\/13\\\/11\\\/#breadcrumb\"},\"inLanguage\":\"pt-PT\",\"potentialAction\":[{\"@type\":\"ReadAction\",\"target\":[\"https:\\\/\\\/algarve7.pt\\\/index.php\\\/2021\\\/07\\\/campanha-arqueologica-de-2021-a-realizar-no-sitio-arqueologico-do-cerro-do-castelo-de-alferce\\\/cultura\\\/13\\\/11\\\/\"]}]},{\"@type\":\"ImageObject\",\"inLanguage\":\"pt-PT\",\"@id\":\"https:\\\/\\\/algarve7.pt\\\/index.php\\\/2021\\\/07\\\/campanha-arqueologica-de-2021-a-realizar-no-sitio-arqueologico-do-cerro-do-castelo-de-alferce\\\/cultura\\\/13\\\/11\\\/#primaryimage\",\"url\":\"https:\\\/\\\/algarve7.pt\\\/wp-content\\\/uploads\\\/2021\\\/07\\\/2.jpg\",\"contentUrl\":\"https:\\\/\\\/algarve7.pt\\\/wp-content\\\/uploads\\\/2021\\\/07\\\/2.jpg\",\"width\":1920,\"height\":1440},{\"@type\":\"BreadcrumbList\",\"@id\":\"https:\\\/\\\/algarve7.pt\\\/index.php\\\/2021\\\/07\\\/campanha-arqueologica-de-2021-a-realizar-no-sitio-arqueologico-do-cerro-do-castelo-de-alferce\\\/cultura\\\/13\\\/11\\\/#breadcrumb\",\"itemListElement\":[{\"@type\":\"ListItem\",\"position\":1,\"name\":\"In\u00edcio\",\"item\":\"https:\\\/\\\/algarve7.pt\\\/\"},{\"@type\":\"ListItem\",\"position\":2,\"name\":\"Campanha arqueol\u00f3gica de 2021 a realizar no S\u00edtio Arqueol\u00f3gico do Cerro do Castelo de Alferce\"}]},{\"@type\":\"WebSite\",\"@id\":\"https:\\\/\\\/algarve7.pt\\\/#website\",\"url\":\"https:\\\/\\\/algarve7.pt\\\/\",\"name\":\"Algarve 7\",\"description\":\"Informa\u00e7\u00e3o sobre o Algarve\",\"publisher\":{\"@id\":\"https:\\\/\\\/algarve7.pt\\\/#organization\"},\"potentialAction\":[{\"@type\":\"SearchAction\",\"target\":{\"@type\":\"EntryPoint\",\"urlTemplate\":\"https:\\\/\\\/algarve7.pt\\\/?s={search_term_string}\"},\"query-input\":{\"@type\":\"PropertyValueSpecification\",\"valueRequired\":true,\"valueName\":\"search_term_string\"}}],\"inLanguage\":\"pt-PT\"},{\"@type\":\"Organization\",\"@id\":\"https:\\\/\\\/algarve7.pt\\\/#organization\",\"name\":\"Algarve 7\",\"url\":\"https:\\\/\\\/algarve7.pt\\\/\",\"logo\":{\"@type\":\"ImageObject\",\"inLanguage\":\"pt-PT\",\"@id\":\"https:\\\/\\\/algarve7.pt\\\/#\\\/schema\\\/logo\\\/image\\\/\",\"url\":\"https:\\\/\\\/algarve7.pt\\\/wp-content\\\/uploads\\\/2020\\\/10\\\/Logo-8.jpg\",\"contentUrl\":\"https:\\\/\\\/algarve7.pt\\\/wp-content\\\/uploads\\\/2020\\\/10\\\/Logo-8.jpg\",\"width\":1680,\"height\":1186,\"caption\":\"Algarve 7\"},\"image\":{\"@id\":\"https:\\\/\\\/algarve7.pt\\\/#\\\/schema\\\/logo\\\/image\\\/\"},\"sameAs\":[\"https:\\\/\\\/www.facebook.com\\\/algarve7\",\"https:\\\/\\\/x.com\\\/Algarvesete\",\"https:\\\/\\\/www.instagram.com\\\/jornalalgarve7\\\/\",\"https:\\\/\\\/www.linkedin.com\\\/company\\\/algarve7\",\"https:\\\/\\\/www.pinterest.pt\\\/geral0939\\\/_created\\\/\"]},{\"@type\":\"Person\",\"@id\":\"https:\\\/\\\/algarve7.pt\\\/#\\\/schema\\\/person\\\/23fa70681308e7b319a3204bcea45e0c\",\"name\":\"Algarve 7\",\"sameAs\":[\"https:\\\/\\\/algarve7.pt\",\"https:\\\/\\\/www.facebook.com\\\/algarve7\"],\"url\":\"https:\\\/\\\/algarve7.pt\\\/index.php\\\/author\\\/geralalgarve7-pt\\\/\"}]}<\/script>\n<!-- \/ Yoast SEO plugin. -->","yoast_head_json":{"title":"Campanha arqueol\u00f3gica de 2021 a realizar no S\u00edtio Arqueol\u00f3gico do Cerro do Castelo de Alferce - Algarve 7","description":"Campanha arqueol\u00f3gica de 2021 a realizar no S\u00edtio Arqueol\u00f3gico do Cerro do Castelo de Alferce Cultura","robots":{"index":"index","follow":"follow","max-snippet":"max-snippet:-1","max-image-preview":"max-image-preview:large","max-video-preview":"max-video-preview:-1"},"canonical":"https:\/\/algarve7.pt\/index.php\/2021\/07\/campanha-arqueologica-de-2021-a-realizar-no-sitio-arqueologico-do-cerro-do-castelo-de-alferce\/cultura\/13\/11\/","og_locale":"pt_PT","og_type":"article","og_title":"Campanha arqueol\u00f3gica de 2021 a realizar no S\u00edtio Arqueol\u00f3gico do Cerro do Castelo de Alferce - Algarve 7","og_description":"Campanha arqueol\u00f3gica de 2021 a realizar no S\u00edtio Arqueol\u00f3gico do Cerro do Castelo de Alferce Cultura","og_url":"https:\/\/algarve7.pt\/index.php\/2021\/07\/campanha-arqueologica-de-2021-a-realizar-no-sitio-arqueologico-do-cerro-do-castelo-de-alferce\/cultura\/13\/11\/","og_site_name":"Algarve 7","article_publisher":"https:\/\/www.facebook.com\/algarve7","article_author":"https:\/\/www.facebook.com\/algarve7","article_published_time":"2021-07-20T12:11:00+00:00","og_image":[{"width":1920,"height":1440,"url":"https:\/\/algarve7.pt\/wp-content\/uploads\/2021\/07\/2.jpg","type":"image\/jpeg"}],"author":"Algarve 7","twitter_card":"summary_large_image","twitter_creator":"@Algarvesete","twitter_site":"@Algarvesete","twitter_misc":{"Escrito por":"Algarve 7","Tempo estimado de leitura":"3 minutos"},"schema":{"@context":"https:\/\/schema.org","@graph":[{"@type":"Article","@id":"https:\/\/algarve7.pt\/index.php\/2021\/07\/campanha-arqueologica-de-2021-a-realizar-no-sitio-arqueologico-do-cerro-do-castelo-de-alferce\/cultura\/13\/11\/#article","isPartOf":{"@id":"https:\/\/algarve7.pt\/index.php\/2021\/07\/campanha-arqueologica-de-2021-a-realizar-no-sitio-arqueologico-do-cerro-do-castelo-de-alferce\/cultura\/13\/11\/"},"author":{"name":"Algarve 7","@id":"https:\/\/algarve7.pt\/#\/schema\/person\/23fa70681308e7b319a3204bcea45e0c"},"headline":"Campanha arqueol\u00f3gica de 2021 a realizar no S\u00edtio Arqueol\u00f3gico do Cerro do Castelo de Alferce","datePublished":"2021-07-20T12:11:00+00:00","mainEntityOfPage":{"@id":"https:\/\/algarve7.pt\/index.php\/2021\/07\/campanha-arqueologica-de-2021-a-realizar-no-sitio-arqueologico-do-cerro-do-castelo-de-alferce\/cultura\/13\/11\/"},"wordCount":613,"publisher":{"@id":"https:\/\/algarve7.pt\/#organization"},"image":{"@id":"https:\/\/algarve7.pt\/index.php\/2021\/07\/campanha-arqueologica-de-2021-a-realizar-no-sitio-arqueologico-do-cerro-do-castelo-de-alferce\/cultura\/13\/11\/#primaryimage"},"thumbnailUrl":"https:\/\/algarve7.pt\/wp-content\/uploads\/2021\/07\/2.jpg","keywords":["Algarve","Arqueologia","Cultura","Monchique"],"articleSection":["Cultura"],"inLanguage":"pt-PT"},{"@type":"WebPage","@id":"https:\/\/algarve7.pt\/index.php\/2021\/07\/campanha-arqueologica-de-2021-a-realizar-no-sitio-arqueologico-do-cerro-do-castelo-de-alferce\/cultura\/13\/11\/","url":"https:\/\/algarve7.pt\/index.php\/2021\/07\/campanha-arqueologica-de-2021-a-realizar-no-sitio-arqueologico-do-cerro-do-castelo-de-alferce\/cultura\/13\/11\/","name":"Campanha arqueol\u00f3gica de 2021 a realizar no S\u00edtio Arqueol\u00f3gico do Cerro do Castelo de Alferce - Algarve 7","isPartOf":{"@id":"https:\/\/algarve7.pt\/#website"},"primaryImageOfPage":{"@id":"https:\/\/algarve7.pt\/index.php\/2021\/07\/campanha-arqueologica-de-2021-a-realizar-no-sitio-arqueologico-do-cerro-do-castelo-de-alferce\/cultura\/13\/11\/#primaryimage"},"image":{"@id":"https:\/\/algarve7.pt\/index.php\/2021\/07\/campanha-arqueologica-de-2021-a-realizar-no-sitio-arqueologico-do-cerro-do-castelo-de-alferce\/cultura\/13\/11\/#primaryimage"},"thumbnailUrl":"https:\/\/algarve7.pt\/wp-content\/uploads\/2021\/07\/2.jpg","datePublished":"2021-07-20T12:11:00+00:00","description":"Campanha arqueol\u00f3gica de 2021 a realizar no S\u00edtio Arqueol\u00f3gico do Cerro do Castelo de Alferce Cultura","breadcrumb":{"@id":"https:\/\/algarve7.pt\/index.php\/2021\/07\/campanha-arqueologica-de-2021-a-realizar-no-sitio-arqueologico-do-cerro-do-castelo-de-alferce\/cultura\/13\/11\/#breadcrumb"},"inLanguage":"pt-PT","potentialAction":[{"@type":"ReadAction","target":["https:\/\/algarve7.pt\/index.php\/2021\/07\/campanha-arqueologica-de-2021-a-realizar-no-sitio-arqueologico-do-cerro-do-castelo-de-alferce\/cultura\/13\/11\/"]}]},{"@type":"ImageObject","inLanguage":"pt-PT","@id":"https:\/\/algarve7.pt\/index.php\/2021\/07\/campanha-arqueologica-de-2021-a-realizar-no-sitio-arqueologico-do-cerro-do-castelo-de-alferce\/cultura\/13\/11\/#primaryimage","url":"https:\/\/algarve7.pt\/wp-content\/uploads\/2021\/07\/2.jpg","contentUrl":"https:\/\/algarve7.pt\/wp-content\/uploads\/2021\/07\/2.jpg","width":1920,"height":1440},{"@type":"BreadcrumbList","@id":"https:\/\/algarve7.pt\/index.php\/2021\/07\/campanha-arqueologica-de-2021-a-realizar-no-sitio-arqueologico-do-cerro-do-castelo-de-alferce\/cultura\/13\/11\/#breadcrumb","itemListElement":[{"@type":"ListItem","position":1,"name":"In\u00edcio","item":"https:\/\/algarve7.pt\/"},{"@type":"ListItem","position":2,"name":"Campanha arqueol\u00f3gica de 2021 a realizar no S\u00edtio Arqueol\u00f3gico do Cerro do Castelo de Alferce"}]},{"@type":"WebSite","@id":"https:\/\/algarve7.pt\/#website","url":"https:\/\/algarve7.pt\/","name":"Algarve 7","description":"Informa\u00e7\u00e3o sobre o Algarve","publisher":{"@id":"https:\/\/algarve7.pt\/#organization"},"potentialAction":[{"@type":"SearchAction","target":{"@type":"EntryPoint","urlTemplate":"https:\/\/algarve7.pt\/?s={search_term_string}"},"query-input":{"@type":"PropertyValueSpecification","valueRequired":true,"valueName":"search_term_string"}}],"inLanguage":"pt-PT"},{"@type":"Organization","@id":"https:\/\/algarve7.pt\/#organization","name":"Algarve 7","url":"https:\/\/algarve7.pt\/","logo":{"@type":"ImageObject","inLanguage":"pt-PT","@id":"https:\/\/algarve7.pt\/#\/schema\/logo\/image\/","url":"https:\/\/algarve7.pt\/wp-content\/uploads\/2020\/10\/Logo-8.jpg","contentUrl":"https:\/\/algarve7.pt\/wp-content\/uploads\/2020\/10\/Logo-8.jpg","width":1680,"height":1186,"caption":"Algarve 7"},"image":{"@id":"https:\/\/algarve7.pt\/#\/schema\/logo\/image\/"},"sameAs":["https:\/\/www.facebook.com\/algarve7","https:\/\/x.com\/Algarvesete","https:\/\/www.instagram.com\/jornalalgarve7\/","https:\/\/www.linkedin.com\/company\/algarve7","https:\/\/www.pinterest.pt\/geral0939\/_created\/"]},{"@type":"Person","@id":"https:\/\/algarve7.pt\/#\/schema\/person\/23fa70681308e7b319a3204bcea45e0c","name":"Algarve 7","sameAs":["https:\/\/algarve7.pt","https:\/\/www.facebook.com\/algarve7"],"url":"https:\/\/algarve7.pt\/index.php\/author\/geralalgarve7-pt\/"}]}},"jetpack_publicize_connections":[],"jetpack_featured_media_url":"https:\/\/algarve7.pt\/wp-content\/uploads\/2021\/07\/2.jpg","jetpack_shortlink":"https:\/\/wp.me\/pcezmW-2Fi","jetpack_sharing_enabled":true,"_links":{"self":[{"href":"https:\/\/algarve7.pt\/index.php\/wp-json\/wp\/v2\/posts\/10248","targetHints":{"allow":["GET"]}}],"collection":[{"href":"https:\/\/algarve7.pt\/index.php\/wp-json\/wp\/v2\/posts"}],"about":[{"href":"https:\/\/algarve7.pt\/index.php\/wp-json\/wp\/v2\/types\/post"}],"author":[{"embeddable":true,"href":"https:\/\/algarve7.pt\/index.php\/wp-json\/wp\/v2\/users\/1"}],"replies":[{"embeddable":true,"href":"https:\/\/algarve7.pt\/index.php\/wp-json\/wp\/v2\/comments?post=10248"}],"version-history":[{"count":0,"href":"https:\/\/algarve7.pt\/index.php\/wp-json\/wp\/v2\/posts\/10248\/revisions"}],"wp:featuredmedia":[{"embeddable":true,"href":"https:\/\/algarve7.pt\/index.php\/wp-json\/wp\/v2\/media\/10249"}],"wp:attachment":[{"href":"https:\/\/algarve7.pt\/index.php\/wp-json\/wp\/v2\/media?parent=10248"}],"wp:term":[{"taxonomy":"category","embeddable":true,"href":"https:\/\/algarve7.pt\/index.php\/wp-json\/wp\/v2\/categories?post=10248"},{"taxonomy":"post_tag","embeddable":true,"href":"https:\/\/algarve7.pt\/index.php\/wp-json\/wp\/v2\/tags?post=10248"}],"curies":[{"name":"wp","href":"https:\/\/api.w.org\/{rel}","templated":true}]}}