{"id":10109,"date":"2021-07-14T11:46:00","date_gmt":"2021-07-14T10:46:00","guid":{"rendered":"https:\/\/algarve7.pt\/?p=10109"},"modified":"2021-07-13T20:46:54","modified_gmt":"2021-07-13T19:46:54","slug":"servico-de-psicologia-da-ualg-vence-premio-de-boas-praticas-da-ordem-dos-psicologos","status":"publish","type":"post","link":"https:\/\/algarve7.pt\/index.php\/2021\/07\/servico-de-psicologia-da-ualg-vence-premio-de-boas-praticas-da-ordem-dos-psicologos\/saude\/11\/46\/","title":{"rendered":"Servi\u00e7o de Psicologia da UAlg vence Pr\u00e9mio de Boas Pr\u00e1ticas da Ordem dos Psic\u00f3logos"},"content":{"rendered":"\n<p>O Servi\u00e7o de Psicologia da Universidade do Algarve (UAlg) venceu na passada\u00a0sexta-feira, 9 de Julho, uma men\u00e7\u00e3o honrosa no Pr\u00e9mio de Boas Pr\u00e1ticas, atribu\u00eddo pela Dire\u00e7\u00e3o Regional do Sul da Ordem dos Psic\u00f3logos Portugueses.<\/p>\n\n\n\n<p>O Servi\u00e7o de Psicologia da Universidade do Algarve (UAlg) foi agraciado&nbsp;na passada&nbsp;sexta-feira, dia&nbsp;9 de Julho, no \u00e2mbito das&nbsp;I Jornadas de Psicologia do Algarve, com uma men\u00e7\u00e3o honrosa no Pr\u00e9mio de Boas Pr\u00e1ticas, atribu\u00eddo pela Dire\u00e7\u00e3o Regional do Sul da Ordem dos Psic\u00f3logos Portugueses.<\/p>\n\n\n\n<p>O j\u00fari real\u00e7ou, pela voz de Ver\u00f3nica Ferreira, os aspetos que justificam a atribui\u00e7\u00e3o do pr\u00e9mio ao Servi\u00e7o de Psicologia da UAlg: &#8220;a resposta \u00e0 necessidade da comunidade, o leque abrangente de servi\u00e7os e popula\u00e7\u00f5es-alvo, a diversidade e parcerias com entidades regionais e, ainda, a preocupa\u00e7\u00e3o com a demonstra\u00e7\u00e3o da avalia\u00e7\u00e3o da efic\u00e1cia das suas interven\u00e7\u00f5es&#8221;. Sara Bahia, presidente do painel de avalia\u00e7\u00e3o,&nbsp;real\u00e7ou ainda a diversidade e o elevado n\u00edvel qualitativo das v\u00e1rias candidaturas.<\/p>\n\n\n\n<p>O Servi\u00e7o de Psicologia da UAlg, que funciona na Faculdade de Ci\u00eancias Humanas e Sociais, \u00e9 coordenado pelo professor S\u00e9rgio Vieira e tem a particularidade de n\u00e3o s\u00f3 receber alunos universit\u00e1rios, como o p\u00fablico em geral a pre\u00e7os mais acess\u00edveis.<\/p>\n","protected":false},"excerpt":{"rendered":"<p>O Servi\u00e7o de Psicologia da Universidade do Algarve (UAlg) venceu na passada\u00a0sexta-feira, 9 de Julho, uma men\u00e7\u00e3o honrosa no Pr\u00e9mio<\/p>\n","protected":false},"author":1,"featured_media":10110,"comment_status":"closed","ping_status":"open","sticky":false,"template":"","format":"standard","meta":{"colormag_page_container_layout":"default_layout","colormag_page_sidebar_layout":"default_layout","_monsterinsights_skip_tracking":false,"_monsterinsights_sitenote_active":false,"_monsterinsights_sitenote_note":"","_monsterinsights_sitenote_category":0,"jetpack_post_was_ever_published":false,"_jetpack_newsletter_access":"","_jetpack_dont_email_post_to_subs":false,"_jetpack_newsletter_tier_id":0,"_jetpack_memberships_contains_paywalled_content":false,"_jetpack_memberships_contains_paid_content":false,"footnotes":"","jetpack_publicize_message":"","jetpack_publicize_feature_enabled":true,"jetpack_social_post_already_shared":true,"jetpack_social_options":{"image_generator_settings":{"template":"highway","default_image_id":0,"font":"","enabled":false},"version":2}},"categories":[59],"tags":[36,58,182],"class_list":["post-10109","post","type-post","status-publish","format-standard","has-post-thumbnail","hentry","category-saude","tag-algarve","tag-saude","tag-ualg"],"yoast_head":"<!-- This site is optimized with the Yoast SEO plugin v27.5 - https:\/\/yoast.com\/product\/yoast-seo-wordpress\/ -->\n<title>Servi\u00e7o de Psicologia da UAlg vence Pr\u00e9mio de Boas Pr\u00e1ticas da Ordem dos Psic\u00f3logos - Algarve 7<\/title>\n<meta name=\"description\" content=\"Servi\u00e7o de Psicologia da UAlg vence Pr\u00e9mio de Boas Pr\u00e1ticas da Ordem dos Psic\u00f3logos Sa\u00fade\" \/>\n<meta name=\"robots\" content=\"index, follow, max-snippet:-1, max-image-preview:large, max-video-preview:-1\" \/>\n<link rel=\"canonical\" href=\"https:\/\/algarve7.pt\/index.php\/2021\/07\/servico-de-psicologia-da-ualg-vence-premio-de-boas-praticas-da-ordem-dos-psicologos\/saude\/11\/46\/\" \/>\n<meta property=\"og:locale\" content=\"pt_PT\" \/>\n<meta property=\"og:type\" content=\"article\" \/>\n<meta property=\"og:title\" content=\"Servi\u00e7o de Psicologia da UAlg vence Pr\u00e9mio de Boas Pr\u00e1ticas da Ordem dos Psic\u00f3logos - Algarve 7\" \/>\n<meta property=\"og:description\" content=\"Servi\u00e7o de Psicologia da UAlg vence Pr\u00e9mio de Boas Pr\u00e1ticas da Ordem dos Psic\u00f3logos Sa\u00fade\" \/>\n<meta property=\"og:url\" content=\"https:\/\/algarve7.pt\/index.php\/2021\/07\/servico-de-psicologia-da-ualg-vence-premio-de-boas-praticas-da-ordem-dos-psicologos\/saude\/11\/46\/\" \/>\n<meta property=\"og:site_name\" content=\"Algarve 7\" \/>\n<meta property=\"article:publisher\" content=\"https:\/\/www.facebook.com\/algarve7\" \/>\n<meta property=\"article:author\" content=\"https:\/\/www.facebook.com\/algarve7\" \/>\n<meta property=\"article:published_time\" content=\"2021-07-14T10:46:00+00:00\" \/>\n<meta property=\"og:image\" content=\"https:\/\/algarve7.pt\/wp-content\/uploads\/2021\/07\/Captura-de-ecra-2021-07-13-as-20.43.02.png\" \/>\n\t<meta property=\"og:image:width\" content=\"748\" \/>\n\t<meta property=\"og:image:height\" content=\"544\" \/>\n\t<meta property=\"og:image:type\" content=\"image\/png\" \/>\n<meta name=\"author\" content=\"Algarve 7\" \/>\n<meta name=\"twitter:card\" content=\"summary_large_image\" \/>\n<meta name=\"twitter:creator\" content=\"@Algarvesete\" \/>\n<meta name=\"twitter:site\" content=\"@Algarvesete\" \/>\n<meta name=\"twitter:label1\" content=\"Escrito por\" \/>\n\t<meta name=\"twitter:data1\" content=\"Algarve 7\" \/>\n\t<meta name=\"twitter:label2\" content=\"Tempo estimado de leitura\" \/>\n\t<meta name=\"twitter:data2\" content=\"1 minuto\" \/>\n<script type=\"application\/ld+json\" class=\"yoast-schema-graph\">{\"@context\":\"https:\\\/\\\/schema.org\",\"@graph\":[{\"@type\":\"Article\",\"@id\":\"https:\\\/\\\/algarve7.pt\\\/index.php\\\/2021\\\/07\\\/servico-de-psicologia-da-ualg-vence-premio-de-boas-praticas-da-ordem-dos-psicologos\\\/saude\\\/11\\\/46\\\/#article\",\"isPartOf\":{\"@id\":\"https:\\\/\\\/algarve7.pt\\\/index.php\\\/2021\\\/07\\\/servico-de-psicologia-da-ualg-vence-premio-de-boas-praticas-da-ordem-dos-psicologos\\\/saude\\\/11\\\/46\\\/\"},\"author\":{\"name\":\"Algarve 7\",\"@id\":\"https:\\\/\\\/algarve7.pt\\\/#\\\/schema\\\/person\\\/23fa70681308e7b319a3204bcea45e0c\"},\"headline\":\"Servi\u00e7o de Psicologia da UAlg vence Pr\u00e9mio de Boas Pr\u00e1ticas da Ordem dos Psic\u00f3logos\",\"datePublished\":\"2021-07-14T10:46:00+00:00\",\"mainEntityOfPage\":{\"@id\":\"https:\\\/\\\/algarve7.pt\\\/index.php\\\/2021\\\/07\\\/servico-de-psicologia-da-ualg-vence-premio-de-boas-praticas-da-ordem-dos-psicologos\\\/saude\\\/11\\\/46\\\/\"},\"wordCount\":255,\"publisher\":{\"@id\":\"https:\\\/\\\/algarve7.pt\\\/#organization\"},\"image\":{\"@id\":\"https:\\\/\\\/algarve7.pt\\\/index.php\\\/2021\\\/07\\\/servico-de-psicologia-da-ualg-vence-premio-de-boas-praticas-da-ordem-dos-psicologos\\\/saude\\\/11\\\/46\\\/#primaryimage\"},\"thumbnailUrl\":\"https:\\\/\\\/algarve7.pt\\\/wp-content\\\/uploads\\\/2021\\\/07\\\/Captura-de-ecra-2021-07-13-as-20.43.02.png\",\"keywords\":[\"Algarve\",\"Sa\u00fade\",\"UALG\"],\"articleSection\":[\"Sa\u00fade\"],\"inLanguage\":\"pt-PT\"},{\"@type\":\"WebPage\",\"@id\":\"https:\\\/\\\/algarve7.pt\\\/index.php\\\/2021\\\/07\\\/servico-de-psicologia-da-ualg-vence-premio-de-boas-praticas-da-ordem-dos-psicologos\\\/saude\\\/11\\\/46\\\/\",\"url\":\"https:\\\/\\\/algarve7.pt\\\/index.php\\\/2021\\\/07\\\/servico-de-psicologia-da-ualg-vence-premio-de-boas-praticas-da-ordem-dos-psicologos\\\/saude\\\/11\\\/46\\\/\",\"name\":\"Servi\u00e7o de Psicologia da UAlg vence Pr\u00e9mio de Boas Pr\u00e1ticas da Ordem dos Psic\u00f3logos - Algarve 7\",\"isPartOf\":{\"@id\":\"https:\\\/\\\/algarve7.pt\\\/#website\"},\"primaryImageOfPage\":{\"@id\":\"https:\\\/\\\/algarve7.pt\\\/index.php\\\/2021\\\/07\\\/servico-de-psicologia-da-ualg-vence-premio-de-boas-praticas-da-ordem-dos-psicologos\\\/saude\\\/11\\\/46\\\/#primaryimage\"},\"image\":{\"@id\":\"https:\\\/\\\/algarve7.pt\\\/index.php\\\/2021\\\/07\\\/servico-de-psicologia-da-ualg-vence-premio-de-boas-praticas-da-ordem-dos-psicologos\\\/saude\\\/11\\\/46\\\/#primaryimage\"},\"thumbnailUrl\":\"https:\\\/\\\/algarve7.pt\\\/wp-content\\\/uploads\\\/2021\\\/07\\\/Captura-de-ecra-2021-07-13-as-20.43.02.png\",\"datePublished\":\"2021-07-14T10:46:00+00:00\",\"description\":\"Servi\u00e7o de Psicologia da UAlg vence Pr\u00e9mio de Boas Pr\u00e1ticas da Ordem dos Psic\u00f3logos Sa\u00fade\",\"breadcrumb\":{\"@id\":\"https:\\\/\\\/algarve7.pt\\\/index.php\\\/2021\\\/07\\\/servico-de-psicologia-da-ualg-vence-premio-de-boas-praticas-da-ordem-dos-psicologos\\\/saude\\\/11\\\/46\\\/#breadcrumb\"},\"inLanguage\":\"pt-PT\",\"potentialAction\":[{\"@type\":\"ReadAction\",\"target\":[\"https:\\\/\\\/algarve7.pt\\\/index.php\\\/2021\\\/07\\\/servico-de-psicologia-da-ualg-vence-premio-de-boas-praticas-da-ordem-dos-psicologos\\\/saude\\\/11\\\/46\\\/\"]}]},{\"@type\":\"ImageObject\",\"inLanguage\":\"pt-PT\",\"@id\":\"https:\\\/\\\/algarve7.pt\\\/index.php\\\/2021\\\/07\\\/servico-de-psicologia-da-ualg-vence-premio-de-boas-praticas-da-ordem-dos-psicologos\\\/saude\\\/11\\\/46\\\/#primaryimage\",\"url\":\"https:\\\/\\\/algarve7.pt\\\/wp-content\\\/uploads\\\/2021\\\/07\\\/Captura-de-ecra-2021-07-13-as-20.43.02.png\",\"contentUrl\":\"https:\\\/\\\/algarve7.pt\\\/wp-content\\\/uploads\\\/2021\\\/07\\\/Captura-de-ecra-2021-07-13-as-20.43.02.png\",\"width\":748,\"height\":544},{\"@type\":\"BreadcrumbList\",\"@id\":\"https:\\\/\\\/algarve7.pt\\\/index.php\\\/2021\\\/07\\\/servico-de-psicologia-da-ualg-vence-premio-de-boas-praticas-da-ordem-dos-psicologos\\\/saude\\\/11\\\/46\\\/#breadcrumb\",\"itemListElement\":[{\"@type\":\"ListItem\",\"position\":1,\"name\":\"In\u00edcio\",\"item\":\"https:\\\/\\\/algarve7.pt\\\/\"},{\"@type\":\"ListItem\",\"position\":2,\"name\":\"Servi\u00e7o de Psicologia da UAlg vence Pr\u00e9mio de Boas Pr\u00e1ticas da Ordem dos Psic\u00f3logos\"}]},{\"@type\":\"WebSite\",\"@id\":\"https:\\\/\\\/algarve7.pt\\\/#website\",\"url\":\"https:\\\/\\\/algarve7.pt\\\/\",\"name\":\"Algarve 7\",\"description\":\"Informa\u00e7\u00e3o sobre o Algarve\",\"publisher\":{\"@id\":\"https:\\\/\\\/algarve7.pt\\\/#organization\"},\"potentialAction\":[{\"@type\":\"SearchAction\",\"target\":{\"@type\":\"EntryPoint\",\"urlTemplate\":\"https:\\\/\\\/algarve7.pt\\\/?s={search_term_string}\"},\"query-input\":{\"@type\":\"PropertyValueSpecification\",\"valueRequired\":true,\"valueName\":\"search_term_string\"}}],\"inLanguage\":\"pt-PT\"},{\"@type\":\"Organization\",\"@id\":\"https:\\\/\\\/algarve7.pt\\\/#organization\",\"name\":\"Algarve 7\",\"url\":\"https:\\\/\\\/algarve7.pt\\\/\",\"logo\":{\"@type\":\"ImageObject\",\"inLanguage\":\"pt-PT\",\"@id\":\"https:\\\/\\\/algarve7.pt\\\/#\\\/schema\\\/logo\\\/image\\\/\",\"url\":\"https:\\\/\\\/algarve7.pt\\\/wp-content\\\/uploads\\\/2020\\\/10\\\/Logo-8.jpg\",\"contentUrl\":\"https:\\\/\\\/algarve7.pt\\\/wp-content\\\/uploads\\\/2020\\\/10\\\/Logo-8.jpg\",\"width\":1680,\"height\":1186,\"caption\":\"Algarve 7\"},\"image\":{\"@id\":\"https:\\\/\\\/algarve7.pt\\\/#\\\/schema\\\/logo\\\/image\\\/\"},\"sameAs\":[\"https:\\\/\\\/www.facebook.com\\\/algarve7\",\"https:\\\/\\\/x.com\\\/Algarvesete\",\"https:\\\/\\\/www.instagram.com\\\/jornalalgarve7\\\/\",\"https:\\\/\\\/www.linkedin.com\\\/company\\\/algarve7\",\"https:\\\/\\\/www.pinterest.pt\\\/geral0939\\\/_created\\\/\"]},{\"@type\":\"Person\",\"@id\":\"https:\\\/\\\/algarve7.pt\\\/#\\\/schema\\\/person\\\/23fa70681308e7b319a3204bcea45e0c\",\"name\":\"Algarve 7\",\"sameAs\":[\"https:\\\/\\\/algarve7.pt\",\"https:\\\/\\\/www.facebook.com\\\/algarve7\"],\"url\":\"https:\\\/\\\/algarve7.pt\\\/index.php\\\/author\\\/geralalgarve7-pt\\\/\"}]}<\/script>\n<!-- \/ Yoast SEO plugin. -->","yoast_head_json":{"title":"Servi\u00e7o de Psicologia da UAlg vence Pr\u00e9mio de Boas Pr\u00e1ticas da Ordem dos Psic\u00f3logos - Algarve 7","description":"Servi\u00e7o de Psicologia da UAlg vence Pr\u00e9mio de Boas Pr\u00e1ticas da Ordem dos Psic\u00f3logos Sa\u00fade","robots":{"index":"index","follow":"follow","max-snippet":"max-snippet:-1","max-image-preview":"max-image-preview:large","max-video-preview":"max-video-preview:-1"},"canonical":"https:\/\/algarve7.pt\/index.php\/2021\/07\/servico-de-psicologia-da-ualg-vence-premio-de-boas-praticas-da-ordem-dos-psicologos\/saude\/11\/46\/","og_locale":"pt_PT","og_type":"article","og_title":"Servi\u00e7o de Psicologia da UAlg vence Pr\u00e9mio de Boas Pr\u00e1ticas da Ordem dos Psic\u00f3logos - Algarve 7","og_description":"Servi\u00e7o de Psicologia da UAlg vence Pr\u00e9mio de Boas Pr\u00e1ticas da Ordem dos Psic\u00f3logos Sa\u00fade","og_url":"https:\/\/algarve7.pt\/index.php\/2021\/07\/servico-de-psicologia-da-ualg-vence-premio-de-boas-praticas-da-ordem-dos-psicologos\/saude\/11\/46\/","og_site_name":"Algarve 7","article_publisher":"https:\/\/www.facebook.com\/algarve7","article_author":"https:\/\/www.facebook.com\/algarve7","article_published_time":"2021-07-14T10:46:00+00:00","og_image":[{"width":748,"height":544,"url":"https:\/\/algarve7.pt\/wp-content\/uploads\/2021\/07\/Captura-de-ecra-2021-07-13-as-20.43.02.png","type":"image\/png"}],"author":"Algarve 7","twitter_card":"summary_large_image","twitter_creator":"@Algarvesete","twitter_site":"@Algarvesete","twitter_misc":{"Escrito por":"Algarve 7","Tempo estimado de leitura":"1 minuto"},"schema":{"@context":"https:\/\/schema.org","@graph":[{"@type":"Article","@id":"https:\/\/algarve7.pt\/index.php\/2021\/07\/servico-de-psicologia-da-ualg-vence-premio-de-boas-praticas-da-ordem-dos-psicologos\/saude\/11\/46\/#article","isPartOf":{"@id":"https:\/\/algarve7.pt\/index.php\/2021\/07\/servico-de-psicologia-da-ualg-vence-premio-de-boas-praticas-da-ordem-dos-psicologos\/saude\/11\/46\/"},"author":{"name":"Algarve 7","@id":"https:\/\/algarve7.pt\/#\/schema\/person\/23fa70681308e7b319a3204bcea45e0c"},"headline":"Servi\u00e7o de Psicologia da UAlg vence Pr\u00e9mio de Boas Pr\u00e1ticas da Ordem dos Psic\u00f3logos","datePublished":"2021-07-14T10:46:00+00:00","mainEntityOfPage":{"@id":"https:\/\/algarve7.pt\/index.php\/2021\/07\/servico-de-psicologia-da-ualg-vence-premio-de-boas-praticas-da-ordem-dos-psicologos\/saude\/11\/46\/"},"wordCount":255,"publisher":{"@id":"https:\/\/algarve7.pt\/#organization"},"image":{"@id":"https:\/\/algarve7.pt\/index.php\/2021\/07\/servico-de-psicologia-da-ualg-vence-premio-de-boas-praticas-da-ordem-dos-psicologos\/saude\/11\/46\/#primaryimage"},"thumbnailUrl":"https:\/\/algarve7.pt\/wp-content\/uploads\/2021\/07\/Captura-de-ecra-2021-07-13-as-20.43.02.png","keywords":["Algarve","Sa\u00fade","UALG"],"articleSection":["Sa\u00fade"],"inLanguage":"pt-PT"},{"@type":"WebPage","@id":"https:\/\/algarve7.pt\/index.php\/2021\/07\/servico-de-psicologia-da-ualg-vence-premio-de-boas-praticas-da-ordem-dos-psicologos\/saude\/11\/46\/","url":"https:\/\/algarve7.pt\/index.php\/2021\/07\/servico-de-psicologia-da-ualg-vence-premio-de-boas-praticas-da-ordem-dos-psicologos\/saude\/11\/46\/","name":"Servi\u00e7o de Psicologia da UAlg vence Pr\u00e9mio de Boas Pr\u00e1ticas da Ordem dos Psic\u00f3logos - Algarve 7","isPartOf":{"@id":"https:\/\/algarve7.pt\/#website"},"primaryImageOfPage":{"@id":"https:\/\/algarve7.pt\/index.php\/2021\/07\/servico-de-psicologia-da-ualg-vence-premio-de-boas-praticas-da-ordem-dos-psicologos\/saude\/11\/46\/#primaryimage"},"image":{"@id":"https:\/\/algarve7.pt\/index.php\/2021\/07\/servico-de-psicologia-da-ualg-vence-premio-de-boas-praticas-da-ordem-dos-psicologos\/saude\/11\/46\/#primaryimage"},"thumbnailUrl":"https:\/\/algarve7.pt\/wp-content\/uploads\/2021\/07\/Captura-de-ecra-2021-07-13-as-20.43.02.png","datePublished":"2021-07-14T10:46:00+00:00","description":"Servi\u00e7o de Psicologia da UAlg vence Pr\u00e9mio de Boas Pr\u00e1ticas da Ordem dos Psic\u00f3logos Sa\u00fade","breadcrumb":{"@id":"https:\/\/algarve7.pt\/index.php\/2021\/07\/servico-de-psicologia-da-ualg-vence-premio-de-boas-praticas-da-ordem-dos-psicologos\/saude\/11\/46\/#breadcrumb"},"inLanguage":"pt-PT","potentialAction":[{"@type":"ReadAction","target":["https:\/\/algarve7.pt\/index.php\/2021\/07\/servico-de-psicologia-da-ualg-vence-premio-de-boas-praticas-da-ordem-dos-psicologos\/saude\/11\/46\/"]}]},{"@type":"ImageObject","inLanguage":"pt-PT","@id":"https:\/\/algarve7.pt\/index.php\/2021\/07\/servico-de-psicologia-da-ualg-vence-premio-de-boas-praticas-da-ordem-dos-psicologos\/saude\/11\/46\/#primaryimage","url":"https:\/\/algarve7.pt\/wp-content\/uploads\/2021\/07\/Captura-de-ecra-2021-07-13-as-20.43.02.png","contentUrl":"https:\/\/algarve7.pt\/wp-content\/uploads\/2021\/07\/Captura-de-ecra-2021-07-13-as-20.43.02.png","width":748,"height":544},{"@type":"BreadcrumbList","@id":"https:\/\/algarve7.pt\/index.php\/2021\/07\/servico-de-psicologia-da-ualg-vence-premio-de-boas-praticas-da-ordem-dos-psicologos\/saude\/11\/46\/#breadcrumb","itemListElement":[{"@type":"ListItem","position":1,"name":"In\u00edcio","item":"https:\/\/algarve7.pt\/"},{"@type":"ListItem","position":2,"name":"Servi\u00e7o de Psicologia da UAlg vence Pr\u00e9mio de Boas Pr\u00e1ticas da Ordem dos Psic\u00f3logos"}]},{"@type":"WebSite","@id":"https:\/\/algarve7.pt\/#website","url":"https:\/\/algarve7.pt\/","name":"Algarve 7","description":"Informa\u00e7\u00e3o sobre o Algarve","publisher":{"@id":"https:\/\/algarve7.pt\/#organization"},"potentialAction":[{"@type":"SearchAction","target":{"@type":"EntryPoint","urlTemplate":"https:\/\/algarve7.pt\/?s={search_term_string}"},"query-input":{"@type":"PropertyValueSpecification","valueRequired":true,"valueName":"search_term_string"}}],"inLanguage":"pt-PT"},{"@type":"Organization","@id":"https:\/\/algarve7.pt\/#organization","name":"Algarve 7","url":"https:\/\/algarve7.pt\/","logo":{"@type":"ImageObject","inLanguage":"pt-PT","@id":"https:\/\/algarve7.pt\/#\/schema\/logo\/image\/","url":"https:\/\/algarve7.pt\/wp-content\/uploads\/2020\/10\/Logo-8.jpg","contentUrl":"https:\/\/algarve7.pt\/wp-content\/uploads\/2020\/10\/Logo-8.jpg","width":1680,"height":1186,"caption":"Algarve 7"},"image":{"@id":"https:\/\/algarve7.pt\/#\/schema\/logo\/image\/"},"sameAs":["https:\/\/www.facebook.com\/algarve7","https:\/\/x.com\/Algarvesete","https:\/\/www.instagram.com\/jornalalgarve7\/","https:\/\/www.linkedin.com\/company\/algarve7","https:\/\/www.pinterest.pt\/geral0939\/_created\/"]},{"@type":"Person","@id":"https:\/\/algarve7.pt\/#\/schema\/person\/23fa70681308e7b319a3204bcea45e0c","name":"Algarve 7","sameAs":["https:\/\/algarve7.pt","https:\/\/www.facebook.com\/algarve7"],"url":"https:\/\/algarve7.pt\/index.php\/author\/geralalgarve7-pt\/"}]}},"jetpack_publicize_connections":[],"jetpack_featured_media_url":"https:\/\/algarve7.pt\/wp-content\/uploads\/2021\/07\/Captura-de-ecra-2021-07-13-as-20.43.02.png","jetpack_shortlink":"https:\/\/wp.me\/pcezmW-2D3","jetpack_sharing_enabled":true,"_links":{"self":[{"href":"https:\/\/algarve7.pt\/index.php\/wp-json\/wp\/v2\/posts\/10109","targetHints":{"allow":["GET"]}}],"collection":[{"href":"https:\/\/algarve7.pt\/index.php\/wp-json\/wp\/v2\/posts"}],"about":[{"href":"https:\/\/algarve7.pt\/index.php\/wp-json\/wp\/v2\/types\/post"}],"author":[{"embeddable":true,"href":"https:\/\/algarve7.pt\/index.php\/wp-json\/wp\/v2\/users\/1"}],"replies":[{"embeddable":true,"href":"https:\/\/algarve7.pt\/index.php\/wp-json\/wp\/v2\/comments?post=10109"}],"version-history":[{"count":0,"href":"https:\/\/algarve7.pt\/index.php\/wp-json\/wp\/v2\/posts\/10109\/revisions"}],"wp:featuredmedia":[{"embeddable":true,"href":"https:\/\/algarve7.pt\/index.php\/wp-json\/wp\/v2\/media\/10110"}],"wp:attachment":[{"href":"https:\/\/algarve7.pt\/index.php\/wp-json\/wp\/v2\/media?parent=10109"}],"wp:term":[{"taxonomy":"category","embeddable":true,"href":"https:\/\/algarve7.pt\/index.php\/wp-json\/wp\/v2\/categories?post=10109"},{"taxonomy":"post_tag","embeddable":true,"href":"https:\/\/algarve7.pt\/index.php\/wp-json\/wp\/v2\/tags?post=10109"}],"curies":[{"name":"wp","href":"https:\/\/api.w.org\/{rel}","templated":true}]}}