{"id":10048,"date":"2021-07-12T12:55:19","date_gmt":"2021-07-12T11:55:19","guid":{"rendered":"https:\/\/algarve7.pt\/?p=10048"},"modified":"2021-07-12T12:55:24","modified_gmt":"2021-07-12T11:55:24","slug":"qualificacao-de-infraestruturas-escolares-no-algarve-ja-executados-42-dos-fundos-europeus-aprovados","status":"publish","type":"post","link":"https:\/\/algarve7.pt\/index.php\/2021\/07\/qualificacao-de-infraestruturas-escolares-no-algarve-ja-executados-42-dos-fundos-europeus-aprovados\/economia\/12\/55\/","title":{"rendered":"Qualifica\u00e7\u00e3o de infraestruturas escolares no Algarve: j\u00e1 executados 42% dos fundos europeus aprovados"},"content":{"rendered":"\n<p>As candidaturas aprovadas pelo Programa Operacional Regional do Algarve, para melhoria de infraestruturas escolares, permitir\u00e3o aos munic\u00edpios da Regi\u00e3o executar 34 milh\u00f5es de euros de investimento em 63 escolas.<\/p>\n\n\n\n<p>O Programa Operacional Regional do Algarve \u2013 CRESC ALGARVE 2020 aprovou at\u00e9 \u00e0 data candidaturas no montante de 27 milh\u00f5es de euros de investimento eleg\u00edvel na requalifica\u00e7\u00e3o e constru\u00e7\u00e3o de escolas, com um apoio de 18,6 milh\u00f5es de euros em fundos europeus geridos na Regi\u00e3o, provenientes do Fundo Europeu de Desenvolvimento Regional (FEDER), em execu\u00e7\u00e3o nos anos de 2021 e 2022.<\/p>\n\n\n\n<p>A 30 de Junho, a taxa de execu\u00e7\u00e3o destas candidaturas atingiu os 41,51 por cento.&nbsp;<\/p>\n\n\n\n<p>A requalifica\u00e7\u00e3o de escolas insere-se na Prioridade de Investimento 10.5 &#8211; Investimento no ensino, na forma\u00e7\u00e3o, na forma\u00e7\u00e3o profissional e nas compet\u00eancias e na aprendizagem ao longo da vida atrav\u00e9s do desenvolvimento das infraestruturas de forma\u00e7\u00e3o e ensino do Eixo 7 &#8211; Refor\u00e7ar as compet\u00eancias.<\/p>\n\n\n\n<p>Na regi\u00e3o do Algarve enquadra investimentos de remo\u00e7\u00e3o do fibrocimento em 30 escolas e de requalifica\u00e7\u00e3o, reconstru\u00e7\u00e3o e&nbsp;&nbsp;apetrechamento dos estabelecimentos de Ensino B\u00e1sico do 1\u00ba, 2\u00ba, 3\u00ba ciclos e secund\u00e1rio, redimensionando-os e modernizando-os, criando condi\u00e7\u00f5es para a utiliza\u00e7\u00e3o inform\u00e1tica e atividades experimentais e melhorando as respetivas condi\u00e7\u00f5es funcionais, ambientais e de conforto t\u00e9rmico\/ac\u00fastico.<\/p>\n\n\n\n<p>Esta melhoria da qualidade dos equipamentos educativos e as val\u00eancias colocadas \u00e0 disposi\u00e7\u00e3o da comunidade escolar, de alunos e professores pretendem contribuir para o sucesso do percurso educativo, qualificando a aprendizagem com impacto relevante na redu\u00e7\u00e3o do abandono escolar e no combate das desigualdades sociais e territoriais.<\/p>\n\n\n\n<p>Consulte&nbsp;<a href=\"https:\/\/algarve2020.pt\/info\/projetos-aprovados\">AQUI<\/a>&nbsp;este e outros projetos aprovados no \u00e2mbito do Programa Operacional do Algarve, com o apoio dos fundos da Uni\u00e3o Europeia.<\/p>\n","protected":false},"excerpt":{"rendered":"<p>As candidaturas aprovadas pelo Programa Operacional Regional do Algarve, para melhoria de infraestruturas escolares, permitir\u00e3o aos munic\u00edpios da Regi\u00e3o executar<\/p>\n","protected":false},"author":1,"featured_media":10049,"comment_status":"closed","ping_status":"open","sticky":false,"template":"","format":"standard","meta":{"colormag_page_container_layout":"default_layout","colormag_page_sidebar_layout":"default_layout","_monsterinsights_skip_tracking":false,"_monsterinsights_sitenote_active":false,"_monsterinsights_sitenote_note":"","_monsterinsights_sitenote_category":0,"jetpack_post_was_ever_published":false,"_jetpack_newsletter_access":"","_jetpack_dont_email_post_to_subs":false,"_jetpack_newsletter_tier_id":0,"_jetpack_memberships_contains_paywalled_content":false,"_jetpack_memberships_contains_paid_content":false,"footnotes":"","jetpack_publicize_message":"","jetpack_publicize_feature_enabled":true,"jetpack_social_post_already_shared":true,"jetpack_social_options":{"image_generator_settings":{"template":"highway","default_image_id":0,"font":"","enabled":false},"version":2}},"categories":[151],"tags":[36,143,153],"class_list":["post-10048","post","type-post","status-publish","format-standard","has-post-thumbnail","hentry","category-economia","tag-algarve","tag-ccdr-algarve","tag-economia"],"yoast_head":"<!-- This site is optimized with the Yoast SEO plugin v27.5 - https:\/\/yoast.com\/product\/yoast-seo-wordpress\/ -->\n<title>Qualifica\u00e7\u00e3o de infraestruturas escolares no Algarve: j\u00e1 executados 42% dos fundos europeus aprovados - Algarve 7<\/title>\n<meta name=\"description\" content=\"Qualifica\u00e7\u00e3o de infraestruturas escolares no Algarve: j\u00e1 executados 42% dos fundos europeus aprovados Economia\" \/>\n<meta name=\"robots\" content=\"index, follow, max-snippet:-1, max-image-preview:large, max-video-preview:-1\" \/>\n<link rel=\"canonical\" href=\"https:\/\/algarve7.pt\/index.php\/2021\/07\/qualificacao-de-infraestruturas-escolares-no-algarve-ja-executados-42-dos-fundos-europeus-aprovados\/economia\/12\/55\/\" \/>\n<meta property=\"og:locale\" content=\"pt_PT\" \/>\n<meta property=\"og:type\" content=\"article\" \/>\n<meta property=\"og:title\" content=\"Qualifica\u00e7\u00e3o de infraestruturas escolares no Algarve: j\u00e1 executados 42% dos fundos europeus aprovados - Algarve 7\" \/>\n<meta property=\"og:description\" content=\"Qualifica\u00e7\u00e3o de infraestruturas escolares no Algarve: j\u00e1 executados 42% dos fundos europeus aprovados Economia\" \/>\n<meta property=\"og:url\" content=\"https:\/\/algarve7.pt\/index.php\/2021\/07\/qualificacao-de-infraestruturas-escolares-no-algarve-ja-executados-42-dos-fundos-europeus-aprovados\/economia\/12\/55\/\" \/>\n<meta property=\"og:site_name\" content=\"Algarve 7\" \/>\n<meta property=\"article:publisher\" content=\"https:\/\/www.facebook.com\/algarve7\" \/>\n<meta property=\"article:author\" content=\"https:\/\/www.facebook.com\/algarve7\" \/>\n<meta property=\"article:published_time\" content=\"2021-07-12T11:55:19+00:00\" \/>\n<meta property=\"article:modified_time\" content=\"2021-07-12T11:55:24+00:00\" \/>\n<meta property=\"og:image\" content=\"https:\/\/algarve7.pt\/wp-content\/uploads\/2021\/07\/CCDRAlgarve_EscolaSBAlportel.jpg\" \/>\n\t<meta property=\"og:image:width\" content=\"1920\" \/>\n\t<meta property=\"og:image:height\" content=\"1080\" \/>\n\t<meta property=\"og:image:type\" content=\"image\/jpeg\" \/>\n<meta name=\"author\" content=\"Algarve 7\" \/>\n<meta name=\"twitter:card\" content=\"summary_large_image\" \/>\n<meta name=\"twitter:creator\" content=\"@Algarvesete\" \/>\n<meta name=\"twitter:site\" content=\"@Algarvesete\" \/>\n<meta name=\"twitter:label1\" content=\"Escrito por\" \/>\n\t<meta name=\"twitter:data1\" content=\"Algarve 7\" \/>\n\t<meta name=\"twitter:label2\" content=\"Tempo estimado de leitura\" \/>\n\t<meta name=\"twitter:data2\" content=\"2 minutos\" \/>\n<script type=\"application\/ld+json\" class=\"yoast-schema-graph\">{\"@context\":\"https:\\\/\\\/schema.org\",\"@graph\":[{\"@type\":\"Article\",\"@id\":\"https:\\\/\\\/algarve7.pt\\\/index.php\\\/2021\\\/07\\\/qualificacao-de-infraestruturas-escolares-no-algarve-ja-executados-42-dos-fundos-europeus-aprovados\\\/economia\\\/12\\\/55\\\/#article\",\"isPartOf\":{\"@id\":\"https:\\\/\\\/algarve7.pt\\\/index.php\\\/2021\\\/07\\\/qualificacao-de-infraestruturas-escolares-no-algarve-ja-executados-42-dos-fundos-europeus-aprovados\\\/economia\\\/12\\\/55\\\/\"},\"author\":{\"name\":\"Algarve 7\",\"@id\":\"https:\\\/\\\/algarve7.pt\\\/#\\\/schema\\\/person\\\/23fa70681308e7b319a3204bcea45e0c\"},\"headline\":\"Qualifica\u00e7\u00e3o de infraestruturas escolares no Algarve: j\u00e1 executados 42% dos fundos europeus aprovados\",\"datePublished\":\"2021-07-12T11:55:19+00:00\",\"dateModified\":\"2021-07-12T11:55:24+00:00\",\"mainEntityOfPage\":{\"@id\":\"https:\\\/\\\/algarve7.pt\\\/index.php\\\/2021\\\/07\\\/qualificacao-de-infraestruturas-escolares-no-algarve-ja-executados-42-dos-fundos-europeus-aprovados\\\/economia\\\/12\\\/55\\\/\"},\"wordCount\":310,\"publisher\":{\"@id\":\"https:\\\/\\\/algarve7.pt\\\/#organization\"},\"image\":{\"@id\":\"https:\\\/\\\/algarve7.pt\\\/index.php\\\/2021\\\/07\\\/qualificacao-de-infraestruturas-escolares-no-algarve-ja-executados-42-dos-fundos-europeus-aprovados\\\/economia\\\/12\\\/55\\\/#primaryimage\"},\"thumbnailUrl\":\"https:\\\/\\\/algarve7.pt\\\/wp-content\\\/uploads\\\/2021\\\/07\\\/CCDRAlgarve_EscolaSBAlportel.jpg\",\"keywords\":[\"Algarve\",\"CCDR Algarve\",\"Economia\"],\"articleSection\":[\"Economia\"],\"inLanguage\":\"pt-PT\"},{\"@type\":\"WebPage\",\"@id\":\"https:\\\/\\\/algarve7.pt\\\/index.php\\\/2021\\\/07\\\/qualificacao-de-infraestruturas-escolares-no-algarve-ja-executados-42-dos-fundos-europeus-aprovados\\\/economia\\\/12\\\/55\\\/\",\"url\":\"https:\\\/\\\/algarve7.pt\\\/index.php\\\/2021\\\/07\\\/qualificacao-de-infraestruturas-escolares-no-algarve-ja-executados-42-dos-fundos-europeus-aprovados\\\/economia\\\/12\\\/55\\\/\",\"name\":\"Qualifica\u00e7\u00e3o de infraestruturas escolares no Algarve: j\u00e1 executados 42% dos fundos europeus aprovados - Algarve 7\",\"isPartOf\":{\"@id\":\"https:\\\/\\\/algarve7.pt\\\/#website\"},\"primaryImageOfPage\":{\"@id\":\"https:\\\/\\\/algarve7.pt\\\/index.php\\\/2021\\\/07\\\/qualificacao-de-infraestruturas-escolares-no-algarve-ja-executados-42-dos-fundos-europeus-aprovados\\\/economia\\\/12\\\/55\\\/#primaryimage\"},\"image\":{\"@id\":\"https:\\\/\\\/algarve7.pt\\\/index.php\\\/2021\\\/07\\\/qualificacao-de-infraestruturas-escolares-no-algarve-ja-executados-42-dos-fundos-europeus-aprovados\\\/economia\\\/12\\\/55\\\/#primaryimage\"},\"thumbnailUrl\":\"https:\\\/\\\/algarve7.pt\\\/wp-content\\\/uploads\\\/2021\\\/07\\\/CCDRAlgarve_EscolaSBAlportel.jpg\",\"datePublished\":\"2021-07-12T11:55:19+00:00\",\"dateModified\":\"2021-07-12T11:55:24+00:00\",\"description\":\"Qualifica\u00e7\u00e3o de infraestruturas escolares no Algarve: j\u00e1 executados 42% dos fundos europeus aprovados Economia\",\"breadcrumb\":{\"@id\":\"https:\\\/\\\/algarve7.pt\\\/index.php\\\/2021\\\/07\\\/qualificacao-de-infraestruturas-escolares-no-algarve-ja-executados-42-dos-fundos-europeus-aprovados\\\/economia\\\/12\\\/55\\\/#breadcrumb\"},\"inLanguage\":\"pt-PT\",\"potentialAction\":[{\"@type\":\"ReadAction\",\"target\":[\"https:\\\/\\\/algarve7.pt\\\/index.php\\\/2021\\\/07\\\/qualificacao-de-infraestruturas-escolares-no-algarve-ja-executados-42-dos-fundos-europeus-aprovados\\\/economia\\\/12\\\/55\\\/\"]}]},{\"@type\":\"ImageObject\",\"inLanguage\":\"pt-PT\",\"@id\":\"https:\\\/\\\/algarve7.pt\\\/index.php\\\/2021\\\/07\\\/qualificacao-de-infraestruturas-escolares-no-algarve-ja-executados-42-dos-fundos-europeus-aprovados\\\/economia\\\/12\\\/55\\\/#primaryimage\",\"url\":\"https:\\\/\\\/algarve7.pt\\\/wp-content\\\/uploads\\\/2021\\\/07\\\/CCDRAlgarve_EscolaSBAlportel.jpg\",\"contentUrl\":\"https:\\\/\\\/algarve7.pt\\\/wp-content\\\/uploads\\\/2021\\\/07\\\/CCDRAlgarve_EscolaSBAlportel.jpg\",\"width\":1920,\"height\":1080},{\"@type\":\"BreadcrumbList\",\"@id\":\"https:\\\/\\\/algarve7.pt\\\/index.php\\\/2021\\\/07\\\/qualificacao-de-infraestruturas-escolares-no-algarve-ja-executados-42-dos-fundos-europeus-aprovados\\\/economia\\\/12\\\/55\\\/#breadcrumb\",\"itemListElement\":[{\"@type\":\"ListItem\",\"position\":1,\"name\":\"In\u00edcio\",\"item\":\"https:\\\/\\\/algarve7.pt\\\/\"},{\"@type\":\"ListItem\",\"position\":2,\"name\":\"Qualifica\u00e7\u00e3o de infraestruturas escolares no Algarve: j\u00e1 executados 42% dos fundos europeus aprovados\"}]},{\"@type\":\"WebSite\",\"@id\":\"https:\\\/\\\/algarve7.pt\\\/#website\",\"url\":\"https:\\\/\\\/algarve7.pt\\\/\",\"name\":\"Algarve 7\",\"description\":\"Informa\u00e7\u00e3o sobre o Algarve\",\"publisher\":{\"@id\":\"https:\\\/\\\/algarve7.pt\\\/#organization\"},\"potentialAction\":[{\"@type\":\"SearchAction\",\"target\":{\"@type\":\"EntryPoint\",\"urlTemplate\":\"https:\\\/\\\/algarve7.pt\\\/?s={search_term_string}\"},\"query-input\":{\"@type\":\"PropertyValueSpecification\",\"valueRequired\":true,\"valueName\":\"search_term_string\"}}],\"inLanguage\":\"pt-PT\"},{\"@type\":\"Organization\",\"@id\":\"https:\\\/\\\/algarve7.pt\\\/#organization\",\"name\":\"Algarve 7\",\"url\":\"https:\\\/\\\/algarve7.pt\\\/\",\"logo\":{\"@type\":\"ImageObject\",\"inLanguage\":\"pt-PT\",\"@id\":\"https:\\\/\\\/algarve7.pt\\\/#\\\/schema\\\/logo\\\/image\\\/\",\"url\":\"https:\\\/\\\/algarve7.pt\\\/wp-content\\\/uploads\\\/2020\\\/10\\\/Logo-8.jpg\",\"contentUrl\":\"https:\\\/\\\/algarve7.pt\\\/wp-content\\\/uploads\\\/2020\\\/10\\\/Logo-8.jpg\",\"width\":1680,\"height\":1186,\"caption\":\"Algarve 7\"},\"image\":{\"@id\":\"https:\\\/\\\/algarve7.pt\\\/#\\\/schema\\\/logo\\\/image\\\/\"},\"sameAs\":[\"https:\\\/\\\/www.facebook.com\\\/algarve7\",\"https:\\\/\\\/x.com\\\/Algarvesete\",\"https:\\\/\\\/www.instagram.com\\\/jornalalgarve7\\\/\",\"https:\\\/\\\/www.linkedin.com\\\/company\\\/algarve7\",\"https:\\\/\\\/www.pinterest.pt\\\/geral0939\\\/_created\\\/\"]},{\"@type\":\"Person\",\"@id\":\"https:\\\/\\\/algarve7.pt\\\/#\\\/schema\\\/person\\\/23fa70681308e7b319a3204bcea45e0c\",\"name\":\"Algarve 7\",\"sameAs\":[\"https:\\\/\\\/algarve7.pt\",\"https:\\\/\\\/www.facebook.com\\\/algarve7\"],\"url\":\"https:\\\/\\\/algarve7.pt\\\/index.php\\\/author\\\/geralalgarve7-pt\\\/\"}]}<\/script>\n<!-- \/ Yoast SEO plugin. -->","yoast_head_json":{"title":"Qualifica\u00e7\u00e3o de infraestruturas escolares no Algarve: j\u00e1 executados 42% dos fundos europeus aprovados - Algarve 7","description":"Qualifica\u00e7\u00e3o de infraestruturas escolares no Algarve: j\u00e1 executados 42% dos fundos europeus aprovados Economia","robots":{"index":"index","follow":"follow","max-snippet":"max-snippet:-1","max-image-preview":"max-image-preview:large","max-video-preview":"max-video-preview:-1"},"canonical":"https:\/\/algarve7.pt\/index.php\/2021\/07\/qualificacao-de-infraestruturas-escolares-no-algarve-ja-executados-42-dos-fundos-europeus-aprovados\/economia\/12\/55\/","og_locale":"pt_PT","og_type":"article","og_title":"Qualifica\u00e7\u00e3o de infraestruturas escolares no Algarve: j\u00e1 executados 42% dos fundos europeus aprovados - Algarve 7","og_description":"Qualifica\u00e7\u00e3o de infraestruturas escolares no Algarve: j\u00e1 executados 42% dos fundos europeus aprovados Economia","og_url":"https:\/\/algarve7.pt\/index.php\/2021\/07\/qualificacao-de-infraestruturas-escolares-no-algarve-ja-executados-42-dos-fundos-europeus-aprovados\/economia\/12\/55\/","og_site_name":"Algarve 7","article_publisher":"https:\/\/www.facebook.com\/algarve7","article_author":"https:\/\/www.facebook.com\/algarve7","article_published_time":"2021-07-12T11:55:19+00:00","article_modified_time":"2021-07-12T11:55:24+00:00","og_image":[{"width":1920,"height":1080,"url":"https:\/\/algarve7.pt\/wp-content\/uploads\/2021\/07\/CCDRAlgarve_EscolaSBAlportel.jpg","type":"image\/jpeg"}],"author":"Algarve 7","twitter_card":"summary_large_image","twitter_creator":"@Algarvesete","twitter_site":"@Algarvesete","twitter_misc":{"Escrito por":"Algarve 7","Tempo estimado de leitura":"2 minutos"},"schema":{"@context":"https:\/\/schema.org","@graph":[{"@type":"Article","@id":"https:\/\/algarve7.pt\/index.php\/2021\/07\/qualificacao-de-infraestruturas-escolares-no-algarve-ja-executados-42-dos-fundos-europeus-aprovados\/economia\/12\/55\/#article","isPartOf":{"@id":"https:\/\/algarve7.pt\/index.php\/2021\/07\/qualificacao-de-infraestruturas-escolares-no-algarve-ja-executados-42-dos-fundos-europeus-aprovados\/economia\/12\/55\/"},"author":{"name":"Algarve 7","@id":"https:\/\/algarve7.pt\/#\/schema\/person\/23fa70681308e7b319a3204bcea45e0c"},"headline":"Qualifica\u00e7\u00e3o de infraestruturas escolares no Algarve: j\u00e1 executados 42% dos fundos europeus aprovados","datePublished":"2021-07-12T11:55:19+00:00","dateModified":"2021-07-12T11:55:24+00:00","mainEntityOfPage":{"@id":"https:\/\/algarve7.pt\/index.php\/2021\/07\/qualificacao-de-infraestruturas-escolares-no-algarve-ja-executados-42-dos-fundos-europeus-aprovados\/economia\/12\/55\/"},"wordCount":310,"publisher":{"@id":"https:\/\/algarve7.pt\/#organization"},"image":{"@id":"https:\/\/algarve7.pt\/index.php\/2021\/07\/qualificacao-de-infraestruturas-escolares-no-algarve-ja-executados-42-dos-fundos-europeus-aprovados\/economia\/12\/55\/#primaryimage"},"thumbnailUrl":"https:\/\/algarve7.pt\/wp-content\/uploads\/2021\/07\/CCDRAlgarve_EscolaSBAlportel.jpg","keywords":["Algarve","CCDR Algarve","Economia"],"articleSection":["Economia"],"inLanguage":"pt-PT"},{"@type":"WebPage","@id":"https:\/\/algarve7.pt\/index.php\/2021\/07\/qualificacao-de-infraestruturas-escolares-no-algarve-ja-executados-42-dos-fundos-europeus-aprovados\/economia\/12\/55\/","url":"https:\/\/algarve7.pt\/index.php\/2021\/07\/qualificacao-de-infraestruturas-escolares-no-algarve-ja-executados-42-dos-fundos-europeus-aprovados\/economia\/12\/55\/","name":"Qualifica\u00e7\u00e3o de infraestruturas escolares no Algarve: j\u00e1 executados 42% dos fundos europeus aprovados - Algarve 7","isPartOf":{"@id":"https:\/\/algarve7.pt\/#website"},"primaryImageOfPage":{"@id":"https:\/\/algarve7.pt\/index.php\/2021\/07\/qualificacao-de-infraestruturas-escolares-no-algarve-ja-executados-42-dos-fundos-europeus-aprovados\/economia\/12\/55\/#primaryimage"},"image":{"@id":"https:\/\/algarve7.pt\/index.php\/2021\/07\/qualificacao-de-infraestruturas-escolares-no-algarve-ja-executados-42-dos-fundos-europeus-aprovados\/economia\/12\/55\/#primaryimage"},"thumbnailUrl":"https:\/\/algarve7.pt\/wp-content\/uploads\/2021\/07\/CCDRAlgarve_EscolaSBAlportel.jpg","datePublished":"2021-07-12T11:55:19+00:00","dateModified":"2021-07-12T11:55:24+00:00","description":"Qualifica\u00e7\u00e3o de infraestruturas escolares no Algarve: j\u00e1 executados 42% dos fundos europeus aprovados Economia","breadcrumb":{"@id":"https:\/\/algarve7.pt\/index.php\/2021\/07\/qualificacao-de-infraestruturas-escolares-no-algarve-ja-executados-42-dos-fundos-europeus-aprovados\/economia\/12\/55\/#breadcrumb"},"inLanguage":"pt-PT","potentialAction":[{"@type":"ReadAction","target":["https:\/\/algarve7.pt\/index.php\/2021\/07\/qualificacao-de-infraestruturas-escolares-no-algarve-ja-executados-42-dos-fundos-europeus-aprovados\/economia\/12\/55\/"]}]},{"@type":"ImageObject","inLanguage":"pt-PT","@id":"https:\/\/algarve7.pt\/index.php\/2021\/07\/qualificacao-de-infraestruturas-escolares-no-algarve-ja-executados-42-dos-fundos-europeus-aprovados\/economia\/12\/55\/#primaryimage","url":"https:\/\/algarve7.pt\/wp-content\/uploads\/2021\/07\/CCDRAlgarve_EscolaSBAlportel.jpg","contentUrl":"https:\/\/algarve7.pt\/wp-content\/uploads\/2021\/07\/CCDRAlgarve_EscolaSBAlportel.jpg","width":1920,"height":1080},{"@type":"BreadcrumbList","@id":"https:\/\/algarve7.pt\/index.php\/2021\/07\/qualificacao-de-infraestruturas-escolares-no-algarve-ja-executados-42-dos-fundos-europeus-aprovados\/economia\/12\/55\/#breadcrumb","itemListElement":[{"@type":"ListItem","position":1,"name":"In\u00edcio","item":"https:\/\/algarve7.pt\/"},{"@type":"ListItem","position":2,"name":"Qualifica\u00e7\u00e3o de infraestruturas escolares no Algarve: j\u00e1 executados 42% dos fundos europeus aprovados"}]},{"@type":"WebSite","@id":"https:\/\/algarve7.pt\/#website","url":"https:\/\/algarve7.pt\/","name":"Algarve 7","description":"Informa\u00e7\u00e3o sobre o Algarve","publisher":{"@id":"https:\/\/algarve7.pt\/#organization"},"potentialAction":[{"@type":"SearchAction","target":{"@type":"EntryPoint","urlTemplate":"https:\/\/algarve7.pt\/?s={search_term_string}"},"query-input":{"@type":"PropertyValueSpecification","valueRequired":true,"valueName":"search_term_string"}}],"inLanguage":"pt-PT"},{"@type":"Organization","@id":"https:\/\/algarve7.pt\/#organization","name":"Algarve 7","url":"https:\/\/algarve7.pt\/","logo":{"@type":"ImageObject","inLanguage":"pt-PT","@id":"https:\/\/algarve7.pt\/#\/schema\/logo\/image\/","url":"https:\/\/algarve7.pt\/wp-content\/uploads\/2020\/10\/Logo-8.jpg","contentUrl":"https:\/\/algarve7.pt\/wp-content\/uploads\/2020\/10\/Logo-8.jpg","width":1680,"height":1186,"caption":"Algarve 7"},"image":{"@id":"https:\/\/algarve7.pt\/#\/schema\/logo\/image\/"},"sameAs":["https:\/\/www.facebook.com\/algarve7","https:\/\/x.com\/Algarvesete","https:\/\/www.instagram.com\/jornalalgarve7\/","https:\/\/www.linkedin.com\/company\/algarve7","https:\/\/www.pinterest.pt\/geral0939\/_created\/"]},{"@type":"Person","@id":"https:\/\/algarve7.pt\/#\/schema\/person\/23fa70681308e7b319a3204bcea45e0c","name":"Algarve 7","sameAs":["https:\/\/algarve7.pt","https:\/\/www.facebook.com\/algarve7"],"url":"https:\/\/algarve7.pt\/index.php\/author\/geralalgarve7-pt\/"}]}},"jetpack_publicize_connections":[],"jetpack_featured_media_url":"https:\/\/algarve7.pt\/wp-content\/uploads\/2021\/07\/CCDRAlgarve_EscolaSBAlportel.jpg","jetpack_shortlink":"https:\/\/wp.me\/pcezmW-2C4","jetpack_sharing_enabled":true,"_links":{"self":[{"href":"https:\/\/algarve7.pt\/index.php\/wp-json\/wp\/v2\/posts\/10048","targetHints":{"allow":["GET"]}}],"collection":[{"href":"https:\/\/algarve7.pt\/index.php\/wp-json\/wp\/v2\/posts"}],"about":[{"href":"https:\/\/algarve7.pt\/index.php\/wp-json\/wp\/v2\/types\/post"}],"author":[{"embeddable":true,"href":"https:\/\/algarve7.pt\/index.php\/wp-json\/wp\/v2\/users\/1"}],"replies":[{"embeddable":true,"href":"https:\/\/algarve7.pt\/index.php\/wp-json\/wp\/v2\/comments?post=10048"}],"version-history":[{"count":0,"href":"https:\/\/algarve7.pt\/index.php\/wp-json\/wp\/v2\/posts\/10048\/revisions"}],"wp:featuredmedia":[{"embeddable":true,"href":"https:\/\/algarve7.pt\/index.php\/wp-json\/wp\/v2\/media\/10049"}],"wp:attachment":[{"href":"https:\/\/algarve7.pt\/index.php\/wp-json\/wp\/v2\/media?parent=10048"}],"wp:term":[{"taxonomy":"category","embeddable":true,"href":"https:\/\/algarve7.pt\/index.php\/wp-json\/wp\/v2\/categories?post=10048"},{"taxonomy":"post_tag","embeddable":true,"href":"https:\/\/algarve7.pt\/index.php\/wp-json\/wp\/v2\/tags?post=10048"}],"curies":[{"name":"wp","href":"https:\/\/api.w.org\/{rel}","templated":true}]}}