{"id":10006,"date":"2021-07-10T15:47:00","date_gmt":"2021-07-10T14:47:00","guid":{"rendered":"https:\/\/algarve7.pt\/?p=10006"},"modified":"2021-07-09T18:47:40","modified_gmt":"2021-07-09T17:47:40","slug":"pista-de-bmx-em-quarteira-quer-atrair-eventos-internacionais","status":"publish","type":"post","link":"https:\/\/algarve7.pt\/index.php\/2021\/07\/pista-de-bmx-em-quarteira-quer-atrair-eventos-internacionais\/desporto\/15\/47\/","title":{"rendered":"Pista de BMX em Quarteira quer atrair eventos internacionais"},"content":{"rendered":"\n<p>Na passada quarta-feira, dia 7 de julho, a C\u00e2mara Municipal de Loul\u00e9 inaugurou a pista de BMX de Quarteira, um investimento que vem fortalecer o papel desta modalidade num concelho marcado pelo ecletismo desportivo. As condi\u00e7\u00f5es de excel\u00eancia da nova infraestrutura poder\u00e3o atrair treinos e est\u00e1gios de atletas estrangeiros, assim como eventos internacionais.\u00a0<\/p>\n\n\n\n<p>Em conjunto com Portim\u00e3o, que viu recentemente remodelada a sua Pista de BMX, Quarteira poder\u00e1 passar a ser o destino para muitos atletas do centro da Europa. \u201cO Algarve tem duas pistas de topo, o que \u00e9 importante para trazer atletas internacionais para treinar e estagiar. Os franceses, holandeses e alem\u00e3es est\u00e3o todos a ir para o sul de Espanha (Alicante) e n\u00f3s estamos a tentar criar aqui um n\u00facleo para trazer esses atletas para c\u00e1\u201d, explicou D\u00e1rio Piedade, presidente do Clube \u201cAsas da Cidade\u201d \u2013 BMX Team que marcou presen\u00e7a na inaugura\u00e7\u00e3o do equipamento.&nbsp;<\/p>\n\n\n\n<p>Por sua vez, V\u00edtor Aleixo, presidente da C\u00e2mara de Loul\u00e9 relembra o compromisso de Loul\u00e9 com o desporto, que teve o reconhecimento com a chancela de \u2018Cidade Europeia do Desporto\u2019 em 2015: \u201cTemos um movimento desportivo massificado e somos um concelho democr\u00e1tico do ponto de vista do acesso a quem quer praticar desporto, em quase todas as modalidades. O BMX fica a ser mais uma delas porque as condi\u00e7\u00f5es existentes agora s\u00e3o excecionais\u201d.<\/p>\n\n\n\n<p>Para j\u00e1, est\u00e1 prevista a realiza\u00e7\u00e3o em Quarteira do campeonato regional, ta\u00e7as regionais e a possibilidade da pista receber a final da Ta\u00e7a de Portugal, nos dias 3 e 4 de outubro. Caso a situa\u00e7\u00e3o pand\u00e9mica o permita, at\u00e9 ao final do ano, no inverno, o clube de Quarteira pretende realizar uma prova internacional e convidar atletas estrangeiros para conhecerem esta infraestrutura.<\/p>\n\n\n\n<p>Quarteira \u00e9 desde h\u00e1 v\u00e1rias d\u00e9cadas uma terra com forte tradi\u00e7\u00e3o no BMX, que teve a sua g\u00e9nese nos idos anos 90, com a cria\u00e7\u00e3o do ent\u00e3o Radical Juventude de Quarteira. Entretanto, o clube foi reestruturado em 2007, passando a formar muitos talentos, contando j\u00e1 com diversos campe\u00f5es nacionais em todas as categorias, vice-campe\u00f5es do mundo e campe\u00f5es da Europa. Atualmente tem o maior n\u00famero de atletas de BMX a n\u00edvel nacional &#8211; uma m\u00e9dia de 55 por ano.<\/p>\n\n\n\n<p>No entanto, desde 2015 que a pista existente, localizada junto ao Est\u00e1dio Municipal de Quarteira, n\u00e3o satisfaz os atletas e praticantes de BMX, uma vez que, devido \u00e0s suas dimens\u00f5es&nbsp;que n\u00e3o re\u00fanem todas as condi\u00e7\u00f5es de seguran\u00e7a para os praticantes, deixou de poder receber algumas provas. J\u00e1 esta nova pista, marcada pela inova\u00e7\u00e3o, vai ao encontro das atuais exig\u00eancias das entidades oficiais da modalidade.<\/p>\n\n\n\n<p>O tra\u00e7ado radical e competitivo que se prolonga por 420 metros foi certificado pela Federa\u00e7\u00e3o Portuguesa de Ciclismo, podendo assim acolher provas de \u00e2mbito nacional e internacional de BMX nas diversas categorias.<\/p>\n\n\n\n<p>Localizado ao lado de dois bairros sociais \u2013 a Abelheira e a Amendoeira \u2013 o equipamento agora inaugurado ser\u00e1 tamb\u00e9m um fator de inclus\u00e3o social para os jovens que a\u00ed vivem. O \u201cAsas da Cidade\u201d tem vindo a realizar um importante trabalho ao n\u00edvel da a\u00e7\u00e3o social, disponibilizando bicicletas a todas as crian\u00e7as e jovens que queiram iniciar-se no BMX e integrar a forma\u00e7\u00e3o do clube. \u201cEra uma coisa que encheria o nosso cora\u00e7\u00e3o de alegria, at\u00e9 porque o desporto \u00e9 importante para a boa forma\u00e7\u00e3o dos jovens\u201d, disse o presidente V\u00edtor Aleixo relativamente a esta aproxima\u00e7\u00e3o dos moradores dos bairros \u00e0 modalidade.&nbsp;<\/p>\n","protected":false},"excerpt":{"rendered":"<p>Na passada quarta-feira, dia 7 de julho, a C\u00e2mara Municipal de Loul\u00e9 inaugurou a pista de BMX de Quarteira, um<\/p>\n","protected":false},"author":1,"featured_media":10007,"comment_status":"closed","ping_status":"open","sticky":false,"template":"","format":"standard","meta":{"colormag_page_container_layout":"default_layout","colormag_page_sidebar_layout":"default_layout","_monsterinsights_skip_tracking":false,"_monsterinsights_sitenote_active":false,"_monsterinsights_sitenote_note":"","_monsterinsights_sitenote_category":0,"jetpack_post_was_ever_published":false,"_jetpack_newsletter_access":"","_jetpack_dont_email_post_to_subs":false,"_jetpack_newsletter_tier_id":0,"_jetpack_memberships_contains_paywalled_content":false,"_jetpack_memberships_contains_paid_content":false,"footnotes":"","jetpack_publicize_message":"","jetpack_publicize_feature_enabled":true,"jetpack_social_post_already_shared":true,"jetpack_social_options":{"image_generator_settings":{"template":"highway","default_image_id":0,"font":"","enabled":false},"version":2}},"categories":[15],"tags":[36,114,40,112],"class_list":["post-10006","post","type-post","status-publish","format-standard","has-post-thumbnail","hentry","category-desporto","tag-algarve","tag-bmx","tag-desporto","tag-quarteira"],"yoast_head":"<!-- This site is optimized with the Yoast SEO plugin v27.5 - https:\/\/yoast.com\/product\/yoast-seo-wordpress\/ -->\n<title>Pista de BMX em Quarteira quer atrair eventos internacionais - Algarve 7<\/title>\n<meta name=\"description\" content=\"Pista de BMX em Quarteira quer atrair eventos internacionais Desporto\" \/>\n<meta name=\"robots\" content=\"index, follow, max-snippet:-1, max-image-preview:large, max-video-preview:-1\" \/>\n<link rel=\"canonical\" href=\"https:\/\/algarve7.pt\/index.php\/2021\/07\/pista-de-bmx-em-quarteira-quer-atrair-eventos-internacionais\/desporto\/15\/47\/\" \/>\n<meta property=\"og:locale\" content=\"pt_PT\" \/>\n<meta property=\"og:type\" content=\"article\" \/>\n<meta property=\"og:title\" content=\"Pista de BMX em Quarteira quer atrair eventos internacionais - Algarve 7\" \/>\n<meta property=\"og:description\" content=\"Pista de BMX em Quarteira quer atrair eventos internacionais Desporto\" \/>\n<meta property=\"og:url\" content=\"https:\/\/algarve7.pt\/index.php\/2021\/07\/pista-de-bmx-em-quarteira-quer-atrair-eventos-internacionais\/desporto\/15\/47\/\" \/>\n<meta property=\"og:site_name\" content=\"Algarve 7\" \/>\n<meta property=\"article:publisher\" content=\"https:\/\/www.facebook.com\/algarve7\" \/>\n<meta property=\"article:author\" content=\"https:\/\/www.facebook.com\/algarve7\" \/>\n<meta property=\"article:published_time\" content=\"2021-07-10T14:47:00+00:00\" \/>\n<meta property=\"og:image\" content=\"https:\/\/algarve7.pt\/wp-content\/uploads\/2021\/07\/Inauguracao-Pista-BMX-Quarteira-07-07-2021-29.jpg\" \/>\n\t<meta property=\"og:image:width\" content=\"1920\" \/>\n\t<meta property=\"og:image:height\" content=\"1280\" \/>\n\t<meta property=\"og:image:type\" content=\"image\/jpeg\" \/>\n<meta name=\"author\" content=\"Algarve 7\" \/>\n<meta name=\"twitter:card\" content=\"summary_large_image\" \/>\n<meta name=\"twitter:creator\" content=\"@Algarvesete\" \/>\n<meta name=\"twitter:site\" content=\"@Algarvesete\" \/>\n<meta name=\"twitter:label1\" content=\"Escrito por\" \/>\n\t<meta name=\"twitter:data1\" content=\"Algarve 7\" \/>\n\t<meta name=\"twitter:label2\" content=\"Tempo estimado de leitura\" \/>\n\t<meta name=\"twitter:data2\" content=\"3 minutos\" \/>\n<script type=\"application\/ld+json\" class=\"yoast-schema-graph\">{\"@context\":\"https:\\\/\\\/schema.org\",\"@graph\":[{\"@type\":\"Article\",\"@id\":\"https:\\\/\\\/algarve7.pt\\\/index.php\\\/2021\\\/07\\\/pista-de-bmx-em-quarteira-quer-atrair-eventos-internacionais\\\/desporto\\\/15\\\/47\\\/#article\",\"isPartOf\":{\"@id\":\"https:\\\/\\\/algarve7.pt\\\/index.php\\\/2021\\\/07\\\/pista-de-bmx-em-quarteira-quer-atrair-eventos-internacionais\\\/desporto\\\/15\\\/47\\\/\"},\"author\":{\"name\":\"Algarve 7\",\"@id\":\"https:\\\/\\\/algarve7.pt\\\/#\\\/schema\\\/person\\\/23fa70681308e7b319a3204bcea45e0c\"},\"headline\":\"Pista de BMX em Quarteira quer atrair eventos internacionais\",\"datePublished\":\"2021-07-10T14:47:00+00:00\",\"mainEntityOfPage\":{\"@id\":\"https:\\\/\\\/algarve7.pt\\\/index.php\\\/2021\\\/07\\\/pista-de-bmx-em-quarteira-quer-atrair-eventos-internacionais\\\/desporto\\\/15\\\/47\\\/\"},\"wordCount\":614,\"publisher\":{\"@id\":\"https:\\\/\\\/algarve7.pt\\\/#organization\"},\"image\":{\"@id\":\"https:\\\/\\\/algarve7.pt\\\/index.php\\\/2021\\\/07\\\/pista-de-bmx-em-quarteira-quer-atrair-eventos-internacionais\\\/desporto\\\/15\\\/47\\\/#primaryimage\"},\"thumbnailUrl\":\"https:\\\/\\\/algarve7.pt\\\/wp-content\\\/uploads\\\/2021\\\/07\\\/Inauguracao-Pista-BMX-Quarteira-07-07-2021-29.jpg\",\"keywords\":[\"Algarve\",\"BMX\",\"Desporto\",\"Quarteira\"],\"articleSection\":[\"Desporto\"],\"inLanguage\":\"pt-PT\"},{\"@type\":\"WebPage\",\"@id\":\"https:\\\/\\\/algarve7.pt\\\/index.php\\\/2021\\\/07\\\/pista-de-bmx-em-quarteira-quer-atrair-eventos-internacionais\\\/desporto\\\/15\\\/47\\\/\",\"url\":\"https:\\\/\\\/algarve7.pt\\\/index.php\\\/2021\\\/07\\\/pista-de-bmx-em-quarteira-quer-atrair-eventos-internacionais\\\/desporto\\\/15\\\/47\\\/\",\"name\":\"Pista de BMX em Quarteira quer atrair eventos internacionais - Algarve 7\",\"isPartOf\":{\"@id\":\"https:\\\/\\\/algarve7.pt\\\/#website\"},\"primaryImageOfPage\":{\"@id\":\"https:\\\/\\\/algarve7.pt\\\/index.php\\\/2021\\\/07\\\/pista-de-bmx-em-quarteira-quer-atrair-eventos-internacionais\\\/desporto\\\/15\\\/47\\\/#primaryimage\"},\"image\":{\"@id\":\"https:\\\/\\\/algarve7.pt\\\/index.php\\\/2021\\\/07\\\/pista-de-bmx-em-quarteira-quer-atrair-eventos-internacionais\\\/desporto\\\/15\\\/47\\\/#primaryimage\"},\"thumbnailUrl\":\"https:\\\/\\\/algarve7.pt\\\/wp-content\\\/uploads\\\/2021\\\/07\\\/Inauguracao-Pista-BMX-Quarteira-07-07-2021-29.jpg\",\"datePublished\":\"2021-07-10T14:47:00+00:00\",\"description\":\"Pista de BMX em Quarteira quer atrair eventos internacionais Desporto\",\"breadcrumb\":{\"@id\":\"https:\\\/\\\/algarve7.pt\\\/index.php\\\/2021\\\/07\\\/pista-de-bmx-em-quarteira-quer-atrair-eventos-internacionais\\\/desporto\\\/15\\\/47\\\/#breadcrumb\"},\"inLanguage\":\"pt-PT\",\"potentialAction\":[{\"@type\":\"ReadAction\",\"target\":[\"https:\\\/\\\/algarve7.pt\\\/index.php\\\/2021\\\/07\\\/pista-de-bmx-em-quarteira-quer-atrair-eventos-internacionais\\\/desporto\\\/15\\\/47\\\/\"]}]},{\"@type\":\"ImageObject\",\"inLanguage\":\"pt-PT\",\"@id\":\"https:\\\/\\\/algarve7.pt\\\/index.php\\\/2021\\\/07\\\/pista-de-bmx-em-quarteira-quer-atrair-eventos-internacionais\\\/desporto\\\/15\\\/47\\\/#primaryimage\",\"url\":\"https:\\\/\\\/algarve7.pt\\\/wp-content\\\/uploads\\\/2021\\\/07\\\/Inauguracao-Pista-BMX-Quarteira-07-07-2021-29.jpg\",\"contentUrl\":\"https:\\\/\\\/algarve7.pt\\\/wp-content\\\/uploads\\\/2021\\\/07\\\/Inauguracao-Pista-BMX-Quarteira-07-07-2021-29.jpg\",\"width\":1920,\"height\":1280},{\"@type\":\"BreadcrumbList\",\"@id\":\"https:\\\/\\\/algarve7.pt\\\/index.php\\\/2021\\\/07\\\/pista-de-bmx-em-quarteira-quer-atrair-eventos-internacionais\\\/desporto\\\/15\\\/47\\\/#breadcrumb\",\"itemListElement\":[{\"@type\":\"ListItem\",\"position\":1,\"name\":\"In\u00edcio\",\"item\":\"https:\\\/\\\/algarve7.pt\\\/\"},{\"@type\":\"ListItem\",\"position\":2,\"name\":\"Pista de BMX em Quarteira quer atrair eventos internacionais\"}]},{\"@type\":\"WebSite\",\"@id\":\"https:\\\/\\\/algarve7.pt\\\/#website\",\"url\":\"https:\\\/\\\/algarve7.pt\\\/\",\"name\":\"Algarve 7\",\"description\":\"Informa\u00e7\u00e3o sobre o Algarve\",\"publisher\":{\"@id\":\"https:\\\/\\\/algarve7.pt\\\/#organization\"},\"potentialAction\":[{\"@type\":\"SearchAction\",\"target\":{\"@type\":\"EntryPoint\",\"urlTemplate\":\"https:\\\/\\\/algarve7.pt\\\/?s={search_term_string}\"},\"query-input\":{\"@type\":\"PropertyValueSpecification\",\"valueRequired\":true,\"valueName\":\"search_term_string\"}}],\"inLanguage\":\"pt-PT\"},{\"@type\":\"Organization\",\"@id\":\"https:\\\/\\\/algarve7.pt\\\/#organization\",\"name\":\"Algarve 7\",\"url\":\"https:\\\/\\\/algarve7.pt\\\/\",\"logo\":{\"@type\":\"ImageObject\",\"inLanguage\":\"pt-PT\",\"@id\":\"https:\\\/\\\/algarve7.pt\\\/#\\\/schema\\\/logo\\\/image\\\/\",\"url\":\"https:\\\/\\\/algarve7.pt\\\/wp-content\\\/uploads\\\/2020\\\/10\\\/Logo-8.jpg\",\"contentUrl\":\"https:\\\/\\\/algarve7.pt\\\/wp-content\\\/uploads\\\/2020\\\/10\\\/Logo-8.jpg\",\"width\":1680,\"height\":1186,\"caption\":\"Algarve 7\"},\"image\":{\"@id\":\"https:\\\/\\\/algarve7.pt\\\/#\\\/schema\\\/logo\\\/image\\\/\"},\"sameAs\":[\"https:\\\/\\\/www.facebook.com\\\/algarve7\",\"https:\\\/\\\/x.com\\\/Algarvesete\",\"https:\\\/\\\/www.instagram.com\\\/jornalalgarve7\\\/\",\"https:\\\/\\\/www.linkedin.com\\\/company\\\/algarve7\",\"https:\\\/\\\/www.pinterest.pt\\\/geral0939\\\/_created\\\/\"]},{\"@type\":\"Person\",\"@id\":\"https:\\\/\\\/algarve7.pt\\\/#\\\/schema\\\/person\\\/23fa70681308e7b319a3204bcea45e0c\",\"name\":\"Algarve 7\",\"sameAs\":[\"https:\\\/\\\/algarve7.pt\",\"https:\\\/\\\/www.facebook.com\\\/algarve7\"],\"url\":\"https:\\\/\\\/algarve7.pt\\\/index.php\\\/author\\\/geralalgarve7-pt\\\/\"}]}<\/script>\n<!-- \/ Yoast SEO plugin. -->","yoast_head_json":{"title":"Pista de BMX em Quarteira quer atrair eventos internacionais - Algarve 7","description":"Pista de BMX em Quarteira quer atrair eventos internacionais Desporto","robots":{"index":"index","follow":"follow","max-snippet":"max-snippet:-1","max-image-preview":"max-image-preview:large","max-video-preview":"max-video-preview:-1"},"canonical":"https:\/\/algarve7.pt\/index.php\/2021\/07\/pista-de-bmx-em-quarteira-quer-atrair-eventos-internacionais\/desporto\/15\/47\/","og_locale":"pt_PT","og_type":"article","og_title":"Pista de BMX em Quarteira quer atrair eventos internacionais - Algarve 7","og_description":"Pista de BMX em Quarteira quer atrair eventos internacionais Desporto","og_url":"https:\/\/algarve7.pt\/index.php\/2021\/07\/pista-de-bmx-em-quarteira-quer-atrair-eventos-internacionais\/desporto\/15\/47\/","og_site_name":"Algarve 7","article_publisher":"https:\/\/www.facebook.com\/algarve7","article_author":"https:\/\/www.facebook.com\/algarve7","article_published_time":"2021-07-10T14:47:00+00:00","og_image":[{"width":1920,"height":1280,"url":"https:\/\/algarve7.pt\/wp-content\/uploads\/2021\/07\/Inauguracao-Pista-BMX-Quarteira-07-07-2021-29.jpg","type":"image\/jpeg"}],"author":"Algarve 7","twitter_card":"summary_large_image","twitter_creator":"@Algarvesete","twitter_site":"@Algarvesete","twitter_misc":{"Escrito por":"Algarve 7","Tempo estimado de leitura":"3 minutos"},"schema":{"@context":"https:\/\/schema.org","@graph":[{"@type":"Article","@id":"https:\/\/algarve7.pt\/index.php\/2021\/07\/pista-de-bmx-em-quarteira-quer-atrair-eventos-internacionais\/desporto\/15\/47\/#article","isPartOf":{"@id":"https:\/\/algarve7.pt\/index.php\/2021\/07\/pista-de-bmx-em-quarteira-quer-atrair-eventos-internacionais\/desporto\/15\/47\/"},"author":{"name":"Algarve 7","@id":"https:\/\/algarve7.pt\/#\/schema\/person\/23fa70681308e7b319a3204bcea45e0c"},"headline":"Pista de BMX em Quarteira quer atrair eventos internacionais","datePublished":"2021-07-10T14:47:00+00:00","mainEntityOfPage":{"@id":"https:\/\/algarve7.pt\/index.php\/2021\/07\/pista-de-bmx-em-quarteira-quer-atrair-eventos-internacionais\/desporto\/15\/47\/"},"wordCount":614,"publisher":{"@id":"https:\/\/algarve7.pt\/#organization"},"image":{"@id":"https:\/\/algarve7.pt\/index.php\/2021\/07\/pista-de-bmx-em-quarteira-quer-atrair-eventos-internacionais\/desporto\/15\/47\/#primaryimage"},"thumbnailUrl":"https:\/\/algarve7.pt\/wp-content\/uploads\/2021\/07\/Inauguracao-Pista-BMX-Quarteira-07-07-2021-29.jpg","keywords":["Algarve","BMX","Desporto","Quarteira"],"articleSection":["Desporto"],"inLanguage":"pt-PT"},{"@type":"WebPage","@id":"https:\/\/algarve7.pt\/index.php\/2021\/07\/pista-de-bmx-em-quarteira-quer-atrair-eventos-internacionais\/desporto\/15\/47\/","url":"https:\/\/algarve7.pt\/index.php\/2021\/07\/pista-de-bmx-em-quarteira-quer-atrair-eventos-internacionais\/desporto\/15\/47\/","name":"Pista de BMX em Quarteira quer atrair eventos internacionais - Algarve 7","isPartOf":{"@id":"https:\/\/algarve7.pt\/#website"},"primaryImageOfPage":{"@id":"https:\/\/algarve7.pt\/index.php\/2021\/07\/pista-de-bmx-em-quarteira-quer-atrair-eventos-internacionais\/desporto\/15\/47\/#primaryimage"},"image":{"@id":"https:\/\/algarve7.pt\/index.php\/2021\/07\/pista-de-bmx-em-quarteira-quer-atrair-eventos-internacionais\/desporto\/15\/47\/#primaryimage"},"thumbnailUrl":"https:\/\/algarve7.pt\/wp-content\/uploads\/2021\/07\/Inauguracao-Pista-BMX-Quarteira-07-07-2021-29.jpg","datePublished":"2021-07-10T14:47:00+00:00","description":"Pista de BMX em Quarteira quer atrair eventos internacionais Desporto","breadcrumb":{"@id":"https:\/\/algarve7.pt\/index.php\/2021\/07\/pista-de-bmx-em-quarteira-quer-atrair-eventos-internacionais\/desporto\/15\/47\/#breadcrumb"},"inLanguage":"pt-PT","potentialAction":[{"@type":"ReadAction","target":["https:\/\/algarve7.pt\/index.php\/2021\/07\/pista-de-bmx-em-quarteira-quer-atrair-eventos-internacionais\/desporto\/15\/47\/"]}]},{"@type":"ImageObject","inLanguage":"pt-PT","@id":"https:\/\/algarve7.pt\/index.php\/2021\/07\/pista-de-bmx-em-quarteira-quer-atrair-eventos-internacionais\/desporto\/15\/47\/#primaryimage","url":"https:\/\/algarve7.pt\/wp-content\/uploads\/2021\/07\/Inauguracao-Pista-BMX-Quarteira-07-07-2021-29.jpg","contentUrl":"https:\/\/algarve7.pt\/wp-content\/uploads\/2021\/07\/Inauguracao-Pista-BMX-Quarteira-07-07-2021-29.jpg","width":1920,"height":1280},{"@type":"BreadcrumbList","@id":"https:\/\/algarve7.pt\/index.php\/2021\/07\/pista-de-bmx-em-quarteira-quer-atrair-eventos-internacionais\/desporto\/15\/47\/#breadcrumb","itemListElement":[{"@type":"ListItem","position":1,"name":"In\u00edcio","item":"https:\/\/algarve7.pt\/"},{"@type":"ListItem","position":2,"name":"Pista de BMX em Quarteira quer atrair eventos internacionais"}]},{"@type":"WebSite","@id":"https:\/\/algarve7.pt\/#website","url":"https:\/\/algarve7.pt\/","name":"Algarve 7","description":"Informa\u00e7\u00e3o sobre o Algarve","publisher":{"@id":"https:\/\/algarve7.pt\/#organization"},"potentialAction":[{"@type":"SearchAction","target":{"@type":"EntryPoint","urlTemplate":"https:\/\/algarve7.pt\/?s={search_term_string}"},"query-input":{"@type":"PropertyValueSpecification","valueRequired":true,"valueName":"search_term_string"}}],"inLanguage":"pt-PT"},{"@type":"Organization","@id":"https:\/\/algarve7.pt\/#organization","name":"Algarve 7","url":"https:\/\/algarve7.pt\/","logo":{"@type":"ImageObject","inLanguage":"pt-PT","@id":"https:\/\/algarve7.pt\/#\/schema\/logo\/image\/","url":"https:\/\/algarve7.pt\/wp-content\/uploads\/2020\/10\/Logo-8.jpg","contentUrl":"https:\/\/algarve7.pt\/wp-content\/uploads\/2020\/10\/Logo-8.jpg","width":1680,"height":1186,"caption":"Algarve 7"},"image":{"@id":"https:\/\/algarve7.pt\/#\/schema\/logo\/image\/"},"sameAs":["https:\/\/www.facebook.com\/algarve7","https:\/\/x.com\/Algarvesete","https:\/\/www.instagram.com\/jornalalgarve7\/","https:\/\/www.linkedin.com\/company\/algarve7","https:\/\/www.pinterest.pt\/geral0939\/_created\/"]},{"@type":"Person","@id":"https:\/\/algarve7.pt\/#\/schema\/person\/23fa70681308e7b319a3204bcea45e0c","name":"Algarve 7","sameAs":["https:\/\/algarve7.pt","https:\/\/www.facebook.com\/algarve7"],"url":"https:\/\/algarve7.pt\/index.php\/author\/geralalgarve7-pt\/"}]}},"jetpack_publicize_connections":[],"jetpack_featured_media_url":"https:\/\/algarve7.pt\/wp-content\/uploads\/2021\/07\/Inauguracao-Pista-BMX-Quarteira-07-07-2021-29.jpg","jetpack_shortlink":"https:\/\/wp.me\/pcezmW-2Bo","jetpack_sharing_enabled":true,"_links":{"self":[{"href":"https:\/\/algarve7.pt\/index.php\/wp-json\/wp\/v2\/posts\/10006","targetHints":{"allow":["GET"]}}],"collection":[{"href":"https:\/\/algarve7.pt\/index.php\/wp-json\/wp\/v2\/posts"}],"about":[{"href":"https:\/\/algarve7.pt\/index.php\/wp-json\/wp\/v2\/types\/post"}],"author":[{"embeddable":true,"href":"https:\/\/algarve7.pt\/index.php\/wp-json\/wp\/v2\/users\/1"}],"replies":[{"embeddable":true,"href":"https:\/\/algarve7.pt\/index.php\/wp-json\/wp\/v2\/comments?post=10006"}],"version-history":[{"count":0,"href":"https:\/\/algarve7.pt\/index.php\/wp-json\/wp\/v2\/posts\/10006\/revisions"}],"wp:featuredmedia":[{"embeddable":true,"href":"https:\/\/algarve7.pt\/index.php\/wp-json\/wp\/v2\/media\/10007"}],"wp:attachment":[{"href":"https:\/\/algarve7.pt\/index.php\/wp-json\/wp\/v2\/media?parent=10006"}],"wp:term":[{"taxonomy":"category","embeddable":true,"href":"https:\/\/algarve7.pt\/index.php\/wp-json\/wp\/v2\/categories?post=10006"},{"taxonomy":"post_tag","embeddable":true,"href":"https:\/\/algarve7.pt\/index.php\/wp-json\/wp\/v2\/tags?post=10006"}],"curies":[{"name":"wp","href":"https:\/\/api.w.org\/{rel}","templated":true}]}}